{"id":107618,"date":"2025-08-09T15:48:40","date_gmt":"2025-08-09T21:48:40","guid":{"rendered":"https:\/\/www.aliadospuebla.com\/?p=107618"},"modified":"2025-08-09T15:48:40","modified_gmt":"2025-08-09T21:48:40","slug":"h-ayuntamiento-de-tepeaca-inicia-la-construccion-de-red-de-agua-potable-en-san-mateo-parra","status":"publish","type":"post","link":"https:\/\/www.aliadospuebla.com\/?p=107618","title":{"rendered":"H. Ayuntamiento de Tepeaca inicia la construcci\u00f3n de red de agua potable en San Mateo Parra"},"content":{"rendered":"<h4>Escuchar a las comunidades, reconocer sus necesidades y traducirlas en acciones concretas\u00a0 ha sido una constante en la administraci\u00f3n que encabeza el presidente Alfredo Vel\u00e1zquez Romero.<\/h4>\n<p>Bajo esta visi\u00f3n que prioriza la cercan\u00eda con la gente y la colaboraci\u00f3n con las autoridades auxiliares,<\/p>\n<p>se dio el banderazo de inicio para la construcci\u00f3n de la red de agua potable en Calle 3 Norte y Avenida Reforma,<\/p>\n<p>una acci\u00f3n que representa no solo una mejora en infraestructura, sino un paso firme hacia el bienestar<\/p>\n<p>y la dignidad de las familias que habitan esta zona.<br \/>\nLa red de agua potable que se construir\u00e1 en esta zona representa un paso significativo<\/p>\n<p>para mejorar las condiciones de vida y promover un entorno m\u00e1s digno para las y los habitantes de San Mateo Parra.<br \/>\nDurante el evento, el presidente municipal Alfredo Vel\u00e1zquez Romero destac\u00f3 que escuchar a la ciudadan\u00eda<\/p>\n<p>y responder con hechos es parte fundamental de un gobierno que busca servir con responsabilidad.<\/p>\n<p>En ese sentido, reconoci\u00f3 tambi\u00e9n la colaboraci\u00f3n del presidente auxiliar de San Mateo Parra y<\/p>\n<p>la participaci\u00f3n activa de las y los vecinos.<br \/>\n\u201cTodas las obras las deciden la comunidad, y esta obra est\u00e1 bien decidida porque el agua es indispensable,<\/p>\n<p>es fundamental\u201d, afirm\u00f3 el alcalde.<br \/>\nDurante el acto, las autoridades auxiliares expresaron su agradecimiento al Gobierno Municipal por mantener<\/p>\n<p>una escucha activa y cercana a las necesidades reales de la comunidad. Reconocieron que esta obra responde<\/p>\n<p>a una demanda importante por parte de la poblaci\u00f3n, y reafirmaron su disposici\u00f3n para seguir colaborando<\/p>\n<p>de manera coordinada en beneficio del bienestar y desarrollo de San Mateo Parra.<\/p>\n<h4>\nLa obra de construcci\u00f3n de la red de agua potable contempla trabajos en Calle 3 Norte, en el tramo comprendido entre Calle 3 Poniente y el l\u00edmite de calle, as\u00ed como en Avenida Reforma, entre Calle 3 Poniente y el l\u00edmite de propiedad.<\/h4>\n<p>Entre las metas de esta intervenci\u00f3n se encuentra la instalaci\u00f3n de m\u00e1s de 700 metros lineales de tuber\u00eda de PVC hidr\u00e1ulico, la colocaci\u00f3n de tomas domiciliarias y la instalaci\u00f3n complementaria de drenaje sanitario, lo cual permitir\u00e1 mejorar de manera integral el acceso a servicios b\u00e1sicos en la zona.<br \/>\nCon esta obra, el H. Ayuntamiento de Tepeaca reitera su compromiso con el desarrollo equitativo de todas sus comunidades, priorizando acciones que impacten directamente en la calidad de vida de las familias.<br \/>\nHacer equipo, servir a Tepeaca.<\/p>\n","protected":false},"excerpt":{"rendered":"<p>Escuchar a las comunidades, reconocer sus necesidades y traducirlas en acciones concretas\u00a0 ha sido una constante en la administraci\u00f3n que encabeza el presidente Alfredo Vel\u00e1zquez Romero. Bajo esta visi\u00f3n que prioriza la cercan\u00eda con la gente y la colaboraci\u00f3n con las autoridades auxiliares, se dio el banderazo de inicio para la construcci\u00f3n de la red de agua potable en Calle 3 Norte y Avenida Reforma, una acci\u00f3n que representa no solo una mejora en infraestructura, sino un paso firme hacia el bienestar y la dignidad de las familias que habitan esta zona. La red de agua potable que se construir\u00e1 en esta zona representa un paso significativo para mejorar las condiciones de vida y promover un entorno m\u00e1s digno para las y los habitantes de&hellip;<\/p>\n<p class=\"excerpt-more\"><a class=\"blog-excerpt button\" href=\"https:\/\/www.aliadospuebla.com\/?p=107618\">Leer m\u00e1s&#8230;<\/a><\/p>\n","protected":false},"author":2,"featured_media":107619,"comment_status":"open","ping_status":"open","sticky":false,"template":"","format":"standard","meta":{"_monsterinsights_skip_tracking":false,"footnotes":""},"categories":[4],"tags":[28605,337,676,30479,1565],"class_list":["post-107618","post","type-post","status-publish","format-standard","has-post-thumbnail","hentry","category-municipios","tag-alfredo-velazquez-romero","tag-infraestructura","tag-red-de-agua-potable","tag-san-mateo-parra","tag-tepeaca"],"yoast_head":"<!-- This site is optimized with the Yoast SEO plugin v28.4 - https:\/\/yoast.com\/product\/yoast-seo-wordpress\/ -->\n<title>H. Ayuntamiento de Tepeaca inicia la construcci\u00f3n de red de agua potable en San Mateo Parra - AliadosPuebla<\/title>\n<meta name=\"robots\" content=\"index, follow, max-snippet:-1, max-image-preview:large, max-video-preview:-1\" \/>\n<link rel=\"canonical\" href=\"https:\/\/www.aliadospuebla.com\/?p=107618\" \/>\n<meta property=\"og:locale\" content=\"es_ES\" \/>\n<meta property=\"og:type\" content=\"article\" \/>\n<meta property=\"og:title\" content=\"H. Ayuntamiento de Tepeaca inicia la construcci\u00f3n de red de agua potable en San Mateo Parra - AliadosPuebla\" \/>\n<meta property=\"og:description\" content=\"Escuchar a las comunidades, reconocer sus necesidades y traducirlas en acciones concretas\u00a0 ha sido una constante en la administraci\u00f3n que encabeza el presidente Alfredo Vel\u00e1zquez Romero. Bajo esta visi\u00f3n que prioriza la cercan\u00eda con la gente y la colaboraci\u00f3n con las autoridades auxiliares, se dio el banderazo de inicio para la construcci\u00f3n de la red de agua potable en Calle 3 Norte y Avenida Reforma, una acci\u00f3n que representa no solo una mejora en infraestructura, sino un paso firme hacia el bienestar y la dignidad de las familias que habitan esta zona. La red de agua potable que se construir\u00e1 en esta zona representa un paso significativo para mejorar las condiciones de vida y promover un entorno m\u00e1s digno para las y los habitantes de&hellip;Leer m\u00e1s...\" \/>\n<meta property=\"og:url\" content=\"https:\/\/www.aliadospuebla.com\/?p=107618\" \/>\n<meta property=\"og:site_name\" content=\"AliadosPuebla\" \/>\n<meta property=\"article:author\" content=\"https:\/\/www.facebook.com\/Aliados17Pue\" \/>\n<meta property=\"article:published_time\" content=\"2025-08-09T21:48:40+00:00\" \/>\n<meta property=\"og:image\" content=\"https:\/\/www.aliadospuebla.com\/web2017\/wp-content\/uploads\/2025\/08\/1122.jpg\" \/>\n\t<meta property=\"og:image:width\" content=\"600\" \/>\n\t<meta property=\"og:image:height\" content=\"450\" \/>\n\t<meta property=\"og:image:type\" content=\"image\/jpeg\" \/>\n<meta name=\"author\" content=\"Aliados17\" \/>\n<meta name=\"twitter:card\" content=\"summary_large_image\" \/>\n<meta name=\"twitter:creator\" content=\"@AliadosPuebla\" \/>\n<meta name=\"twitter:label1\" content=\"Escrito por\" \/>\n\t<meta name=\"twitter:data1\" content=\"Aliados17\" \/>\n\t<meta name=\"twitter:label2\" content=\"Tiempo de lectura\" \/>\n\t<meta name=\"twitter:data2\" content=\"2 minutos\" \/>\n<script type=\"application\/ld+json\" class=\"yoast-schema-graph\">{\"@context\":\"https:\\\/\\\/schema.org\",\"@graph\":[{\"@type\":\"Article\",\"@id\":\"https:\\\/\\\/www.aliadospuebla.com\\\/?p=107618#article\",\"isPartOf\":{\"@id\":\"https:\\\/\\\/www.aliadospuebla.com\\\/?p=107618\"},\"author\":{\"name\":\"Aliados17\",\"@id\":\"https:\\\/\\\/www.aliadospuebla.com\\\/#\\\/schema\\\/person\\\/5da7dd09320bd4f392b710017ed5f8ad\"},\"headline\":\"H. Ayuntamiento de Tepeaca inicia la construcci\u00f3n de red de agua potable en San Mateo Parra\",\"datePublished\":\"2025-08-09T21:48:40+00:00\",\"mainEntityOfPage\":{\"@id\":\"https:\\\/\\\/www.aliadospuebla.com\\\/?p=107618\"},\"wordCount\":430,\"commentCount\":0,\"image\":{\"@id\":\"https:\\\/\\\/www.aliadospuebla.com\\\/?p=107618#primaryimage\"},\"thumbnailUrl\":\"https:\\\/\\\/www.aliadospuebla.com\\\/web2017\\\/wp-content\\\/uploads\\\/2025\\\/08\\\/1122.jpg\",\"keywords\":[\"Alfredo V\u00e9lazquez Romero\",\"INFRAESTRUCTURA\",\"RED DE AGUA POTABLE\",\"San Mateo Parra\",\"TEPEACA\"],\"articleSection\":[\"Municipios\"],\"inLanguage\":\"es\",\"potentialAction\":[{\"@type\":\"CommentAction\",\"name\":\"Comment\",\"target\":[\"https:\\\/\\\/www.aliadospuebla.com\\\/?p=107618#respond\"]}]},{\"@type\":\"WebPage\",\"@id\":\"https:\\\/\\\/www.aliadospuebla.com\\\/?p=107618\",\"url\":\"https:\\\/\\\/www.aliadospuebla.com\\\/?p=107618\",\"name\":\"H. Ayuntamiento de Tepeaca inicia la construcci\u00f3n de red de agua potable en San Mateo Parra - AliadosPuebla\",\"isPartOf\":{\"@id\":\"https:\\\/\\\/www.aliadospuebla.com\\\/#website\"},\"primaryImageOfPage\":{\"@id\":\"https:\\\/\\\/www.aliadospuebla.com\\\/?p=107618#primaryimage\"},\"image\":{\"@id\":\"https:\\\/\\\/www.aliadospuebla.com\\\/?p=107618#primaryimage\"},\"thumbnailUrl\":\"https:\\\/\\\/www.aliadospuebla.com\\\/web2017\\\/wp-content\\\/uploads\\\/2025\\\/08\\\/1122.jpg\",\"datePublished\":\"2025-08-09T21:48:40+00:00\",\"author\":{\"@id\":\"https:\\\/\\\/www.aliadospuebla.com\\\/#\\\/schema\\\/person\\\/5da7dd09320bd4f392b710017ed5f8ad\"},\"breadcrumb\":{\"@id\":\"https:\\\/\\\/www.aliadospuebla.com\\\/?p=107618#breadcrumb\"},\"inLanguage\":\"es\",\"potentialAction\":[{\"@type\":\"ReadAction\",\"target\":[\"https:\\\/\\\/www.aliadospuebla.com\\\/?p=107618\"]}]},{\"@type\":\"ImageObject\",\"inLanguage\":\"es\",\"@id\":\"https:\\\/\\\/www.aliadospuebla.com\\\/?p=107618#primaryimage\",\"url\":\"https:\\\/\\\/www.aliadospuebla.com\\\/web2017\\\/wp-content\\\/uploads\\\/2025\\\/08\\\/1122.jpg\",\"contentUrl\":\"https:\\\/\\\/www.aliadospuebla.com\\\/web2017\\\/wp-content\\\/uploads\\\/2025\\\/08\\\/1122.jpg\",\"width\":600,\"height\":450},{\"@type\":\"BreadcrumbList\",\"@id\":\"https:\\\/\\\/www.aliadospuebla.com\\\/?p=107618#breadcrumb\",\"itemListElement\":[{\"@type\":\"ListItem\",\"position\":1,\"name\":\"Portada\",\"item\":\"https:\\\/\\\/www.aliadospuebla.com\\\/\"},{\"@type\":\"ListItem\",\"position\":2,\"name\":\"H. Ayuntamiento de Tepeaca inicia la construcci\u00f3n de red de agua potable en San Mateo Parra\"}]},{\"@type\":\"WebSite\",\"@id\":\"https:\\\/\\\/www.aliadospuebla.com\\\/#website\",\"url\":\"https:\\\/\\\/www.aliadospuebla.com\\\/\",\"name\":\"AliadosPuebla\",\"description\":\"La informaci\u00f3n en tus manos\",\"potentialAction\":[{\"@type\":\"SearchAction\",\"target\":{\"@type\":\"EntryPoint\",\"urlTemplate\":\"https:\\\/\\\/www.aliadospuebla.com\\\/?s={search_term_string}\"},\"query-input\":{\"@type\":\"PropertyValueSpecification\",\"valueRequired\":true,\"valueName\":\"search_term_string\"}}],\"inLanguage\":\"es\"},{\"@type\":\"Person\",\"@id\":\"https:\\\/\\\/www.aliadospuebla.com\\\/#\\\/schema\\\/person\\\/5da7dd09320bd4f392b710017ed5f8ad\",\"name\":\"Aliados17\",\"image\":{\"@type\":\"ImageObject\",\"inLanguage\":\"es\",\"@id\":\"https:\\\/\\\/www.aliadospuebla.com\\\/web2017\\\/wp-content\\\/uploads\\\/2025\\\/03\\\/cropped-para-perfil-8-anos-1-96x96.jpg\",\"url\":\"https:\\\/\\\/www.aliadospuebla.com\\\/web2017\\\/wp-content\\\/uploads\\\/2025\\\/03\\\/cropped-para-perfil-8-anos-1-96x96.jpg\",\"contentUrl\":\"https:\\\/\\\/www.aliadospuebla.com\\\/web2017\\\/wp-content\\\/uploads\\\/2025\\\/03\\\/cropped-para-perfil-8-anos-1-96x96.jpg\",\"caption\":\"Aliados17\"},\"sameAs\":[\"https:\\\/\\\/www.aliados17.com\",\"https:\\\/\\\/www.facebook.com\\\/Aliados17Pue\",\"https:\\\/\\\/x.com\\\/AliadosPuebla\"],\"url\":\"https:\\\/\\\/www.aliadospuebla.com\\\/?author=2\"}]}<\/script>\n<!-- \/ Yoast SEO plugin. -->","yoast_head_json":{"title":"H. Ayuntamiento de Tepeaca inicia la construcci\u00f3n de red de agua potable en San Mateo Parra - AliadosPuebla","robots":{"index":"index","follow":"follow","max-snippet":"max-snippet:-1","max-image-preview":"max-image-preview:large","max-video-preview":"max-video-preview:-1"},"canonical":"https:\/\/www.aliadospuebla.com\/?p=107618","og_locale":"es_ES","og_type":"article","og_title":"H. Ayuntamiento de Tepeaca inicia la construcci\u00f3n de red de agua potable en San Mateo Parra - AliadosPuebla","og_description":"Escuchar a las comunidades, reconocer sus necesidades y traducirlas en acciones concretas\u00a0 ha sido una constante en la administraci\u00f3n que encabeza el presidente Alfredo Vel\u00e1zquez Romero. Bajo esta visi\u00f3n que prioriza la cercan\u00eda con la gente y la colaboraci\u00f3n con las autoridades auxiliares, se dio el banderazo de inicio para la construcci\u00f3n de la red de agua potable en Calle 3 Norte y Avenida Reforma, una acci\u00f3n que representa no solo una mejora en infraestructura, sino un paso firme hacia el bienestar y la dignidad de las familias que habitan esta zona. La red de agua potable que se construir\u00e1 en esta zona representa un paso significativo para mejorar las condiciones de vida y promover un entorno m\u00e1s digno para las y los habitantes de&hellip;Leer m\u00e1s...","og_url":"https:\/\/www.aliadospuebla.com\/?p=107618","og_site_name":"AliadosPuebla","article_author":"https:\/\/www.facebook.com\/Aliados17Pue","article_published_time":"2025-08-09T21:48:40+00:00","og_image":[{"width":600,"height":450,"url":"https:\/\/www.aliadospuebla.com\/web2017\/wp-content\/uploads\/2025\/08\/1122.jpg","type":"image\/jpeg"}],"author":"Aliados17","twitter_card":"summary_large_image","twitter_creator":"@AliadosPuebla","twitter_misc":{"Escrito por":"Aliados17","Tiempo de lectura":"2 minutos"},"schema":{"@context":"https:\/\/schema.org","@graph":[{"@type":"Article","@id":"https:\/\/www.aliadospuebla.com\/?p=107618#article","isPartOf":{"@id":"https:\/\/www.aliadospuebla.com\/?p=107618"},"author":{"name":"Aliados17","@id":"https:\/\/www.aliadospuebla.com\/#\/schema\/person\/5da7dd09320bd4f392b710017ed5f8ad"},"headline":"H. Ayuntamiento de Tepeaca inicia la construcci\u00f3n de red de agua potable en San Mateo Parra","datePublished":"2025-08-09T21:48:40+00:00","mainEntityOfPage":{"@id":"https:\/\/www.aliadospuebla.com\/?p=107618"},"wordCount":430,"commentCount":0,"image":{"@id":"https:\/\/www.aliadospuebla.com\/?p=107618#primaryimage"},"thumbnailUrl":"https:\/\/www.aliadospuebla.com\/web2017\/wp-content\/uploads\/2025\/08\/1122.jpg","keywords":["Alfredo V\u00e9lazquez Romero","INFRAESTRUCTURA","RED DE AGUA POTABLE","San Mateo Parra","TEPEACA"],"articleSection":["Municipios"],"inLanguage":"es","potentialAction":[{"@type":"CommentAction","name":"Comment","target":["https:\/\/www.aliadospuebla.com\/?p=107618#respond"]}]},{"@type":"WebPage","@id":"https:\/\/www.aliadospuebla.com\/?p=107618","url":"https:\/\/www.aliadospuebla.com\/?p=107618","name":"H. Ayuntamiento de Tepeaca inicia la construcci\u00f3n de red de agua potable en San Mateo Parra - AliadosPuebla","isPartOf":{"@id":"https:\/\/www.aliadospuebla.com\/#website"},"primaryImageOfPage":{"@id":"https:\/\/www.aliadospuebla.com\/?p=107618#primaryimage"},"image":{"@id":"https:\/\/www.aliadospuebla.com\/?p=107618#primaryimage"},"thumbnailUrl":"https:\/\/www.aliadospuebla.com\/web2017\/wp-content\/uploads\/2025\/08\/1122.jpg","datePublished":"2025-08-09T21:48:40+00:00","author":{"@id":"https:\/\/www.aliadospuebla.com\/#\/schema\/person\/5da7dd09320bd4f392b710017ed5f8ad"},"breadcrumb":{"@id":"https:\/\/www.aliadospuebla.com\/?p=107618#breadcrumb"},"inLanguage":"es","potentialAction":[{"@type":"ReadAction","target":["https:\/\/www.aliadospuebla.com\/?p=107618"]}]},{"@type":"ImageObject","inLanguage":"es","@id":"https:\/\/www.aliadospuebla.com\/?p=107618#primaryimage","url":"https:\/\/www.aliadospuebla.com\/web2017\/wp-content\/uploads\/2025\/08\/1122.jpg","contentUrl":"https:\/\/www.aliadospuebla.com\/web2017\/wp-content\/uploads\/2025\/08\/1122.jpg","width":600,"height":450},{"@type":"BreadcrumbList","@id":"https:\/\/www.aliadospuebla.com\/?p=107618#breadcrumb","itemListElement":[{"@type":"ListItem","position":1,"name":"Portada","item":"https:\/\/www.aliadospuebla.com\/"},{"@type":"ListItem","position":2,"name":"H. Ayuntamiento de Tepeaca inicia la construcci\u00f3n de red de agua potable en San Mateo Parra"}]},{"@type":"WebSite","@id":"https:\/\/www.aliadospuebla.com\/#website","url":"https:\/\/www.aliadospuebla.com\/","name":"AliadosPuebla","description":"La informaci\u00f3n en tus manos","potentialAction":[{"@type":"SearchAction","target":{"@type":"EntryPoint","urlTemplate":"https:\/\/www.aliadospuebla.com\/?s={search_term_string}"},"query-input":{"@type":"PropertyValueSpecification","valueRequired":true,"valueName":"search_term_string"}}],"inLanguage":"es"},{"@type":"Person","@id":"https:\/\/www.aliadospuebla.com\/#\/schema\/person\/5da7dd09320bd4f392b710017ed5f8ad","name":"Aliados17","image":{"@type":"ImageObject","inLanguage":"es","@id":"https:\/\/www.aliadospuebla.com\/web2017\/wp-content\/uploads\/2025\/03\/cropped-para-perfil-8-anos-1-96x96.jpg","url":"https:\/\/www.aliadospuebla.com\/web2017\/wp-content\/uploads\/2025\/03\/cropped-para-perfil-8-anos-1-96x96.jpg","contentUrl":"https:\/\/www.aliadospuebla.com\/web2017\/wp-content\/uploads\/2025\/03\/cropped-para-perfil-8-anos-1-96x96.jpg","caption":"Aliados17"},"sameAs":["https:\/\/www.aliados17.com","https:\/\/www.facebook.com\/Aliados17Pue","https:\/\/x.com\/AliadosPuebla"],"url":"https:\/\/www.aliadospuebla.com\/?author=2"}]}},"views":44,"_links":{"self":[{"href":"https:\/\/www.aliadospuebla.com\/index.php?rest_route=\/wp\/v2\/posts\/107618","targetHints":{"allow":["GET"]}}],"collection":[{"href":"https:\/\/www.aliadospuebla.com\/index.php?rest_route=\/wp\/v2\/posts"}],"about":[{"href":"https:\/\/www.aliadospuebla.com\/index.php?rest_route=\/wp\/v2\/types\/post"}],"author":[{"embeddable":true,"href":"https:\/\/www.aliadospuebla.com\/index.php?rest_route=\/wp\/v2\/users\/2"}],"replies":[{"embeddable":true,"href":"https:\/\/www.aliadospuebla.com\/index.php?rest_route=%2Fwp%2Fv2%2Fcomments&post=107618"}],"version-history":[{"count":1,"href":"https:\/\/www.aliadospuebla.com\/index.php?rest_route=\/wp\/v2\/posts\/107618\/revisions"}],"predecessor-version":[{"id":107620,"href":"https:\/\/www.aliadospuebla.com\/index.php?rest_route=\/wp\/v2\/posts\/107618\/revisions\/107620"}],"wp:featuredmedia":[{"embeddable":true,"href":"https:\/\/www.aliadospuebla.com\/index.php?rest_route=\/wp\/v2\/media\/107619"}],"wp:attachment":[{"href":"https:\/\/www.aliadospuebla.com\/index.php?rest_route=%2Fwp%2Fv2%2Fmedia&parent=107618"}],"wp:term":[{"taxonomy":"category","embeddable":true,"href":"https:\/\/www.aliadospuebla.com\/index.php?rest_route=%2Fwp%2Fv2%2Fcategories&post=107618"},{"taxonomy":"post_tag","embeddable":true,"href":"https:\/\/www.aliadospuebla.com\/index.php?rest_route=%2Fwp%2Fv2%2Ftags&post=107618"}],"curies":[{"name":"wp","href":"https:\/\/api.w.org\/{rel}","templated":true}]}}