{"id":107463,"date":"2025-08-04T12:25:51","date_gmt":"2025-08-04T18:25:51","guid":{"rendered":"https:\/\/www.aliadospuebla.com\/?p=107463"},"modified":"2025-08-04T12:25:51","modified_gmt":"2025-08-04T18:25:51","slug":"rehabilitaran-ocho-casas-de-salud-en-tecamachalco-con-apoyo-del-gobernador-alejandro-armenta","status":"publish","type":"post","link":"https:\/\/www.aliadospuebla.com\/?p=107463","title":{"rendered":"Rehabilitar\u00e1n ocho Casas de Salud en Tecamachalco con apoyo del gobernador Alejandro Armenta"},"content":{"rendered":"<h4>El presidente municipal de Tecamachalco, Mateo Hern\u00e1ndez, acompa\u00f1\u00f3 al gobernador del estado, Alejandro Armenta, en la ceremonia de Entrega de Apoyos del Programa de Obra Comunitaria \u00abPor Amor a Puebla\u00bb dirigida a Casas de Salud y en el reconocimiento al personal auxiliar con a\u00f1os de servicio en el sistema de salud estatal.<\/h4>\n<p>Durante el acto, se anunci\u00f3 que ocho Casas de Salud de Tecamachalco ser\u00e1n rehabilitadas y dignificadas gracias a los recursos del programa estatal. Este esfuerzo no solo mejora la infraestructura, sino que tambi\u00e9n fortalece la participaci\u00f3n comunitaria al permitir que las y los habitantes elijan c\u00f3mo y d\u00f3nde ejecutar las obras.<\/p>\n<p>El edil Mateo Hern\u00e1ndez expres\u00f3 su agradecimiento al gobernador Armenta por el respaldo a Tecamachalco y destac\u00f3 que estas acciones son clave para avanzar en la transformaci\u00f3n del municipio y en el fortalecimiento del sistema de salud local.<\/p>\n<p>Una de las homenajeadas fue Clara Avelino Romero, auxiliar de salud originaria de Tecamachalco, quien recibi\u00f3 un reconocimiento por m\u00e1s de 40 a\u00f1os de servicio comprometido a la comunidad.<\/p>\n<p>Por su parte, el gobernador Alejandro Armenta reiter\u00f3 que su gobierno impulsa obras que garantizan derechos sociales fundamentales como la salud, y subray\u00f3 que la paz y la seguridad comienzan desde lo local.<\/p>\n<p>\u00abQueremos que las Casas de Salud en Puebla sean las mejores del pa\u00eds. Una madre de familia necesita esperanza, y nosotros tenemos la responsabilidad de brind\u00e1rsela\u00bb, afirm\u00f3.<\/p>\n<p>Adem\u00e1s, anunci\u00f3 que en coordinaci\u00f3n con el Gobierno de M\u00e9xico, encabezado por la presidenta Claudia Sheinbaum, se fortalecer\u00e1 el sistema de salud con la creaci\u00f3n de nuevas sedes de la Universidad de la Salud, as\u00ed como con la pr\u00f3xima apertura del Hospital de San Alejandro y otro m\u00e1s en Amozoc.<\/p>\n<p>El secretario de Gobernaci\u00f3n estatal, Samuel Aguilar Pala, agreg\u00f3 que muchas Casas de Salud son la \u00fanica alternativa en zonas rurales, por lo que su rehabilitaci\u00f3n es vital para garantizar atenci\u00f3n m\u00e9dica oportuna.<\/p>\n<p>Con estas acciones, el Gobierno del Estado reafirma su compromiso con la salud comunitaria, reconociendo al personal que ha entregado su vida al servicio y acercando servicios dignos y eficientes a todas las regiones de Puebla.<\/p>\n","protected":false},"excerpt":{"rendered":"<p>El presidente municipal de Tecamachalco, Mateo Hern\u00e1ndez, acompa\u00f1\u00f3 al gobernador del estado, Alejandro Armenta, en la ceremonia de Entrega de Apoyos del Programa de Obra Comunitaria \u00abPor Amor a Puebla\u00bb dirigida a Casas de Salud y en el reconocimiento al personal auxiliar con a\u00f1os de servicio en el sistema de salud estatal. Durante el acto, se anunci\u00f3 que ocho Casas de Salud de Tecamachalco ser\u00e1n rehabilitadas y dignificadas gracias a los recursos del programa estatal. Este esfuerzo no solo mejora la infraestructura, sino que tambi\u00e9n fortalece la participaci\u00f3n comunitaria al permitir que las y los habitantes elijan c\u00f3mo y d\u00f3nde ejecutar las obras. El edil Mateo Hern\u00e1ndez expres\u00f3 su agradecimiento al gobernador Armenta por el respaldo a Tecamachalco y destac\u00f3 que estas acciones son clave&hellip;<\/p>\n<p class=\"excerpt-more\"><a class=\"blog-excerpt button\" href=\"https:\/\/www.aliadospuebla.com\/?p=107463\">Leer m\u00e1s&#8230;<\/a><\/p>\n","protected":false},"author":2,"featured_media":107464,"comment_status":"open","ping_status":"open","sticky":false,"template":"","format":"standard","meta":{"_monsterinsights_skip_tracking":false,"footnotes":""},"categories":[4],"tags":[4780,30399,9864,30400,25975,27541,24369,129],"class_list":["post-107463","post","type-post","status-publish","format-standard","has-post-thumbnail","hentry","category-municipios","tag-alejandro-armenta","tag-apoyos-del-programa-de-obra-comunitaria","tag-casas-de-salud","tag-derechos-sociales-fundamentales","tag-mateo-hernandez","tag-participacion-comunitaria","tag-samuel-aguilar-pala","tag-tecamachalco"],"yoast_head":"<!-- This site is optimized with the Yoast SEO plugin v28.4 - https:\/\/yoast.com\/product\/yoast-seo-wordpress\/ -->\n<title>Rehabilitar\u00e1n ocho Casas de Salud en Tecamachalco con apoyo del gobernador Alejandro Armenta - AliadosPuebla<\/title>\n<meta name=\"robots\" content=\"index, follow, max-snippet:-1, max-image-preview:large, max-video-preview:-1\" \/>\n<link rel=\"canonical\" href=\"https:\/\/www.aliadospuebla.com\/?p=107463\" \/>\n<meta property=\"og:locale\" content=\"es_ES\" \/>\n<meta property=\"og:type\" content=\"article\" \/>\n<meta property=\"og:title\" content=\"Rehabilitar\u00e1n ocho Casas de Salud en Tecamachalco con apoyo del gobernador Alejandro Armenta - AliadosPuebla\" \/>\n<meta property=\"og:description\" content=\"El presidente municipal de Tecamachalco, Mateo Hern\u00e1ndez, acompa\u00f1\u00f3 al gobernador del estado, Alejandro Armenta, en la ceremonia de Entrega de Apoyos del Programa de Obra Comunitaria \u00abPor Amor a Puebla\u00bb dirigida a Casas de Salud y en el reconocimiento al personal auxiliar con a\u00f1os de servicio en el sistema de salud estatal. Durante el acto, se anunci\u00f3 que ocho Casas de Salud de Tecamachalco ser\u00e1n rehabilitadas y dignificadas gracias a los recursos del programa estatal. Este esfuerzo no solo mejora la infraestructura, sino que tambi\u00e9n fortalece la participaci\u00f3n comunitaria al permitir que las y los habitantes elijan c\u00f3mo y d\u00f3nde ejecutar las obras. El edil Mateo Hern\u00e1ndez expres\u00f3 su agradecimiento al gobernador Armenta por el respaldo a Tecamachalco y destac\u00f3 que estas acciones son clave&hellip;Leer m\u00e1s...\" \/>\n<meta property=\"og:url\" content=\"https:\/\/www.aliadospuebla.com\/?p=107463\" \/>\n<meta property=\"og:site_name\" content=\"AliadosPuebla\" \/>\n<meta property=\"article:author\" content=\"https:\/\/www.facebook.com\/Aliados17Pue\" \/>\n<meta property=\"article:published_time\" content=\"2025-08-04T18:25:51+00:00\" \/>\n<meta property=\"og:image\" content=\"https:\/\/www.aliadospuebla.com\/web2017\/wp-content\/uploads\/2025\/08\/1072.jpg\" \/>\n\t<meta property=\"og:image:width\" content=\"600\" \/>\n\t<meta property=\"og:image:height\" content=\"450\" \/>\n\t<meta property=\"og:image:type\" content=\"image\/jpeg\" \/>\n<meta name=\"author\" content=\"Aliados17\" \/>\n<meta name=\"twitter:card\" content=\"summary_large_image\" \/>\n<meta name=\"twitter:creator\" content=\"@AliadosPuebla\" \/>\n<meta name=\"twitter:label1\" content=\"Escrito por\" \/>\n\t<meta name=\"twitter:data1\" content=\"Aliados17\" \/>\n\t<meta name=\"twitter:label2\" content=\"Tiempo de lectura\" \/>\n\t<meta name=\"twitter:data2\" content=\"2 minutos\" \/>\n<script type=\"application\/ld+json\" class=\"yoast-schema-graph\">{\"@context\":\"https:\\\/\\\/schema.org\",\"@graph\":[{\"@type\":\"Article\",\"@id\":\"https:\\\/\\\/www.aliadospuebla.com\\\/?p=107463#article\",\"isPartOf\":{\"@id\":\"https:\\\/\\\/www.aliadospuebla.com\\\/?p=107463\"},\"author\":{\"name\":\"Aliados17\",\"@id\":\"https:\\\/\\\/www.aliadospuebla.com\\\/#\\\/schema\\\/person\\\/5da7dd09320bd4f392b710017ed5f8ad\"},\"headline\":\"Rehabilitar\u00e1n ocho Casas de Salud en Tecamachalco con apoyo del gobernador Alejandro Armenta\",\"datePublished\":\"2025-08-04T18:25:51+00:00\",\"mainEntityOfPage\":{\"@id\":\"https:\\\/\\\/www.aliadospuebla.com\\\/?p=107463\"},\"wordCount\":385,\"commentCount\":0,\"image\":{\"@id\":\"https:\\\/\\\/www.aliadospuebla.com\\\/?p=107463#primaryimage\"},\"thumbnailUrl\":\"https:\\\/\\\/www.aliadospuebla.com\\\/web2017\\\/wp-content\\\/uploads\\\/2025\\\/08\\\/1072.jpg\",\"keywords\":[\"ALEJANDRO ARMENTA\",\"Apoyos del Programa de Obra Comunitaria\",\"casas de salud\",\"derechos sociales fundamentales\",\"Mateo Hern\u00e1ndez\",\"participaci\u00f3n comunitaria\",\"Samuel Aguilar Pala\",\"Tecamachalco\"],\"articleSection\":[\"Municipios\"],\"inLanguage\":\"es\",\"potentialAction\":[{\"@type\":\"CommentAction\",\"name\":\"Comment\",\"target\":[\"https:\\\/\\\/www.aliadospuebla.com\\\/?p=107463#respond\"]}]},{\"@type\":\"WebPage\",\"@id\":\"https:\\\/\\\/www.aliadospuebla.com\\\/?p=107463\",\"url\":\"https:\\\/\\\/www.aliadospuebla.com\\\/?p=107463\",\"name\":\"Rehabilitar\u00e1n ocho Casas de Salud en Tecamachalco con apoyo del gobernador Alejandro Armenta - AliadosPuebla\",\"isPartOf\":{\"@id\":\"https:\\\/\\\/www.aliadospuebla.com\\\/#website\"},\"primaryImageOfPage\":{\"@id\":\"https:\\\/\\\/www.aliadospuebla.com\\\/?p=107463#primaryimage\"},\"image\":{\"@id\":\"https:\\\/\\\/www.aliadospuebla.com\\\/?p=107463#primaryimage\"},\"thumbnailUrl\":\"https:\\\/\\\/www.aliadospuebla.com\\\/web2017\\\/wp-content\\\/uploads\\\/2025\\\/08\\\/1072.jpg\",\"datePublished\":\"2025-08-04T18:25:51+00:00\",\"author\":{\"@id\":\"https:\\\/\\\/www.aliadospuebla.com\\\/#\\\/schema\\\/person\\\/5da7dd09320bd4f392b710017ed5f8ad\"},\"breadcrumb\":{\"@id\":\"https:\\\/\\\/www.aliadospuebla.com\\\/?p=107463#breadcrumb\"},\"inLanguage\":\"es\",\"potentialAction\":[{\"@type\":\"ReadAction\",\"target\":[\"https:\\\/\\\/www.aliadospuebla.com\\\/?p=107463\"]}]},{\"@type\":\"ImageObject\",\"inLanguage\":\"es\",\"@id\":\"https:\\\/\\\/www.aliadospuebla.com\\\/?p=107463#primaryimage\",\"url\":\"https:\\\/\\\/www.aliadospuebla.com\\\/web2017\\\/wp-content\\\/uploads\\\/2025\\\/08\\\/1072.jpg\",\"contentUrl\":\"https:\\\/\\\/www.aliadospuebla.com\\\/web2017\\\/wp-content\\\/uploads\\\/2025\\\/08\\\/1072.jpg\",\"width\":600,\"height\":450},{\"@type\":\"BreadcrumbList\",\"@id\":\"https:\\\/\\\/www.aliadospuebla.com\\\/?p=107463#breadcrumb\",\"itemListElement\":[{\"@type\":\"ListItem\",\"position\":1,\"name\":\"Portada\",\"item\":\"https:\\\/\\\/www.aliadospuebla.com\\\/\"},{\"@type\":\"ListItem\",\"position\":2,\"name\":\"Rehabilitar\u00e1n ocho Casas de Salud en Tecamachalco con apoyo del gobernador Alejandro Armenta\"}]},{\"@type\":\"WebSite\",\"@id\":\"https:\\\/\\\/www.aliadospuebla.com\\\/#website\",\"url\":\"https:\\\/\\\/www.aliadospuebla.com\\\/\",\"name\":\"AliadosPuebla\",\"description\":\"La informaci\u00f3n en tus manos\",\"potentialAction\":[{\"@type\":\"SearchAction\",\"target\":{\"@type\":\"EntryPoint\",\"urlTemplate\":\"https:\\\/\\\/www.aliadospuebla.com\\\/?s={search_term_string}\"},\"query-input\":{\"@type\":\"PropertyValueSpecification\",\"valueRequired\":true,\"valueName\":\"search_term_string\"}}],\"inLanguage\":\"es\"},{\"@type\":\"Person\",\"@id\":\"https:\\\/\\\/www.aliadospuebla.com\\\/#\\\/schema\\\/person\\\/5da7dd09320bd4f392b710017ed5f8ad\",\"name\":\"Aliados17\",\"image\":{\"@type\":\"ImageObject\",\"inLanguage\":\"es\",\"@id\":\"https:\\\/\\\/www.aliadospuebla.com\\\/web2017\\\/wp-content\\\/uploads\\\/2025\\\/03\\\/cropped-para-perfil-8-anos-1-96x96.jpg\",\"url\":\"https:\\\/\\\/www.aliadospuebla.com\\\/web2017\\\/wp-content\\\/uploads\\\/2025\\\/03\\\/cropped-para-perfil-8-anos-1-96x96.jpg\",\"contentUrl\":\"https:\\\/\\\/www.aliadospuebla.com\\\/web2017\\\/wp-content\\\/uploads\\\/2025\\\/03\\\/cropped-para-perfil-8-anos-1-96x96.jpg\",\"caption\":\"Aliados17\"},\"sameAs\":[\"https:\\\/\\\/www.aliados17.com\",\"https:\\\/\\\/www.facebook.com\\\/Aliados17Pue\",\"https:\\\/\\\/x.com\\\/AliadosPuebla\"],\"url\":\"https:\\\/\\\/www.aliadospuebla.com\\\/?author=2\"}]}<\/script>\n<!-- \/ Yoast SEO plugin. -->","yoast_head_json":{"title":"Rehabilitar\u00e1n ocho Casas de Salud en Tecamachalco con apoyo del gobernador Alejandro Armenta - AliadosPuebla","robots":{"index":"index","follow":"follow","max-snippet":"max-snippet:-1","max-image-preview":"max-image-preview:large","max-video-preview":"max-video-preview:-1"},"canonical":"https:\/\/www.aliadospuebla.com\/?p=107463","og_locale":"es_ES","og_type":"article","og_title":"Rehabilitar\u00e1n ocho Casas de Salud en Tecamachalco con apoyo del gobernador Alejandro Armenta - AliadosPuebla","og_description":"El presidente municipal de Tecamachalco, Mateo Hern\u00e1ndez, acompa\u00f1\u00f3 al gobernador del estado, Alejandro Armenta, en la ceremonia de Entrega de Apoyos del Programa de Obra Comunitaria \u00abPor Amor a Puebla\u00bb dirigida a Casas de Salud y en el reconocimiento al personal auxiliar con a\u00f1os de servicio en el sistema de salud estatal. Durante el acto, se anunci\u00f3 que ocho Casas de Salud de Tecamachalco ser\u00e1n rehabilitadas y dignificadas gracias a los recursos del programa estatal. Este esfuerzo no solo mejora la infraestructura, sino que tambi\u00e9n fortalece la participaci\u00f3n comunitaria al permitir que las y los habitantes elijan c\u00f3mo y d\u00f3nde ejecutar las obras. El edil Mateo Hern\u00e1ndez expres\u00f3 su agradecimiento al gobernador Armenta por el respaldo a Tecamachalco y destac\u00f3 que estas acciones son clave&hellip;Leer m\u00e1s...","og_url":"https:\/\/www.aliadospuebla.com\/?p=107463","og_site_name":"AliadosPuebla","article_author":"https:\/\/www.facebook.com\/Aliados17Pue","article_published_time":"2025-08-04T18:25:51+00:00","og_image":[{"width":600,"height":450,"url":"https:\/\/www.aliadospuebla.com\/web2017\/wp-content\/uploads\/2025\/08\/1072.jpg","type":"image\/jpeg"}],"author":"Aliados17","twitter_card":"summary_large_image","twitter_creator":"@AliadosPuebla","twitter_misc":{"Escrito por":"Aliados17","Tiempo de lectura":"2 minutos"},"schema":{"@context":"https:\/\/schema.org","@graph":[{"@type":"Article","@id":"https:\/\/www.aliadospuebla.com\/?p=107463#article","isPartOf":{"@id":"https:\/\/www.aliadospuebla.com\/?p=107463"},"author":{"name":"Aliados17","@id":"https:\/\/www.aliadospuebla.com\/#\/schema\/person\/5da7dd09320bd4f392b710017ed5f8ad"},"headline":"Rehabilitar\u00e1n ocho Casas de Salud en Tecamachalco con apoyo del gobernador Alejandro Armenta","datePublished":"2025-08-04T18:25:51+00:00","mainEntityOfPage":{"@id":"https:\/\/www.aliadospuebla.com\/?p=107463"},"wordCount":385,"commentCount":0,"image":{"@id":"https:\/\/www.aliadospuebla.com\/?p=107463#primaryimage"},"thumbnailUrl":"https:\/\/www.aliadospuebla.com\/web2017\/wp-content\/uploads\/2025\/08\/1072.jpg","keywords":["ALEJANDRO ARMENTA","Apoyos del Programa de Obra Comunitaria","casas de salud","derechos sociales fundamentales","Mateo Hern\u00e1ndez","participaci\u00f3n comunitaria","Samuel Aguilar Pala","Tecamachalco"],"articleSection":["Municipios"],"inLanguage":"es","potentialAction":[{"@type":"CommentAction","name":"Comment","target":["https:\/\/www.aliadospuebla.com\/?p=107463#respond"]}]},{"@type":"WebPage","@id":"https:\/\/www.aliadospuebla.com\/?p=107463","url":"https:\/\/www.aliadospuebla.com\/?p=107463","name":"Rehabilitar\u00e1n ocho Casas de Salud en Tecamachalco con apoyo del gobernador Alejandro Armenta - AliadosPuebla","isPartOf":{"@id":"https:\/\/www.aliadospuebla.com\/#website"},"primaryImageOfPage":{"@id":"https:\/\/www.aliadospuebla.com\/?p=107463#primaryimage"},"image":{"@id":"https:\/\/www.aliadospuebla.com\/?p=107463#primaryimage"},"thumbnailUrl":"https:\/\/www.aliadospuebla.com\/web2017\/wp-content\/uploads\/2025\/08\/1072.jpg","datePublished":"2025-08-04T18:25:51+00:00","author":{"@id":"https:\/\/www.aliadospuebla.com\/#\/schema\/person\/5da7dd09320bd4f392b710017ed5f8ad"},"breadcrumb":{"@id":"https:\/\/www.aliadospuebla.com\/?p=107463#breadcrumb"},"inLanguage":"es","potentialAction":[{"@type":"ReadAction","target":["https:\/\/www.aliadospuebla.com\/?p=107463"]}]},{"@type":"ImageObject","inLanguage":"es","@id":"https:\/\/www.aliadospuebla.com\/?p=107463#primaryimage","url":"https:\/\/www.aliadospuebla.com\/web2017\/wp-content\/uploads\/2025\/08\/1072.jpg","contentUrl":"https:\/\/www.aliadospuebla.com\/web2017\/wp-content\/uploads\/2025\/08\/1072.jpg","width":600,"height":450},{"@type":"BreadcrumbList","@id":"https:\/\/www.aliadospuebla.com\/?p=107463#breadcrumb","itemListElement":[{"@type":"ListItem","position":1,"name":"Portada","item":"https:\/\/www.aliadospuebla.com\/"},{"@type":"ListItem","position":2,"name":"Rehabilitar\u00e1n ocho Casas de Salud en Tecamachalco con apoyo del gobernador Alejandro Armenta"}]},{"@type":"WebSite","@id":"https:\/\/www.aliadospuebla.com\/#website","url":"https:\/\/www.aliadospuebla.com\/","name":"AliadosPuebla","description":"La informaci\u00f3n en tus manos","potentialAction":[{"@type":"SearchAction","target":{"@type":"EntryPoint","urlTemplate":"https:\/\/www.aliadospuebla.com\/?s={search_term_string}"},"query-input":{"@type":"PropertyValueSpecification","valueRequired":true,"valueName":"search_term_string"}}],"inLanguage":"es"},{"@type":"Person","@id":"https:\/\/www.aliadospuebla.com\/#\/schema\/person\/5da7dd09320bd4f392b710017ed5f8ad","name":"Aliados17","image":{"@type":"ImageObject","inLanguage":"es","@id":"https:\/\/www.aliadospuebla.com\/web2017\/wp-content\/uploads\/2025\/03\/cropped-para-perfil-8-anos-1-96x96.jpg","url":"https:\/\/www.aliadospuebla.com\/web2017\/wp-content\/uploads\/2025\/03\/cropped-para-perfil-8-anos-1-96x96.jpg","contentUrl":"https:\/\/www.aliadospuebla.com\/web2017\/wp-content\/uploads\/2025\/03\/cropped-para-perfil-8-anos-1-96x96.jpg","caption":"Aliados17"},"sameAs":["https:\/\/www.aliados17.com","https:\/\/www.facebook.com\/Aliados17Pue","https:\/\/x.com\/AliadosPuebla"],"url":"https:\/\/www.aliadospuebla.com\/?author=2"}]}},"views":21,"_links":{"self":[{"href":"https:\/\/www.aliadospuebla.com\/index.php?rest_route=\/wp\/v2\/posts\/107463","targetHints":{"allow":["GET"]}}],"collection":[{"href":"https:\/\/www.aliadospuebla.com\/index.php?rest_route=\/wp\/v2\/posts"}],"about":[{"href":"https:\/\/www.aliadospuebla.com\/index.php?rest_route=\/wp\/v2\/types\/post"}],"author":[{"embeddable":true,"href":"https:\/\/www.aliadospuebla.com\/index.php?rest_route=\/wp\/v2\/users\/2"}],"replies":[{"embeddable":true,"href":"https:\/\/www.aliadospuebla.com\/index.php?rest_route=%2Fwp%2Fv2%2Fcomments&post=107463"}],"version-history":[{"count":1,"href":"https:\/\/www.aliadospuebla.com\/index.php?rest_route=\/wp\/v2\/posts\/107463\/revisions"}],"predecessor-version":[{"id":107465,"href":"https:\/\/www.aliadospuebla.com\/index.php?rest_route=\/wp\/v2\/posts\/107463\/revisions\/107465"}],"wp:featuredmedia":[{"embeddable":true,"href":"https:\/\/www.aliadospuebla.com\/index.php?rest_route=\/wp\/v2\/media\/107464"}],"wp:attachment":[{"href":"https:\/\/www.aliadospuebla.com\/index.php?rest_route=%2Fwp%2Fv2%2Fmedia&parent=107463"}],"wp:term":[{"taxonomy":"category","embeddable":true,"href":"https:\/\/www.aliadospuebla.com\/index.php?rest_route=%2Fwp%2Fv2%2Fcategories&post=107463"},{"taxonomy":"post_tag","embeddable":true,"href":"https:\/\/www.aliadospuebla.com\/index.php?rest_route=%2Fwp%2Fv2%2Ftags&post=107463"}],"curies":[{"name":"wp","href":"https:\/\/api.w.org\/{rel}","templated":true}]}}