{"id":107451,"date":"2025-08-04T11:43:54","date_gmt":"2025-08-04T17:43:54","guid":{"rendered":"https:\/\/www.aliadospuebla.com\/?p=107451"},"modified":"2025-08-04T11:43:54","modified_gmt":"2025-08-04T17:43:54","slug":"congreso-del-estado-avala-donacion-de-predios-para-beneficio-de-las-y-los-poblanos","status":"publish","type":"post","link":"https:\/\/www.aliadospuebla.com\/?p=107451","title":{"rendered":"Congreso del Estado avala donaci\u00f3n de predios para beneficio de las y los poblanos"},"content":{"rendered":"<h4>\u00a0&#8211; <em>Con estas acciones legislativas se fortalecen proyectos de salud, asistencia social y vivienda<\/em><\/h4>\n<p><em>\u00a0<\/em>Con la finalidad de coadyuvar en acciones que beneficien a la poblaci\u00f3n en materia de salud,<\/p>\n<p>vivienda y asistencia social, el Congreso del Estado aprob\u00f3 la donaci\u00f3n de predios a favor del Sistema Municipal DIF<\/p>\n<p>del Ayuntamiento de Puebla, el Gobierno del Estado, el Instituto Mexicano del Seguro Social (IMSS)<\/p>\n<p>y el Instituto del Fondo Nacional de la Vivienda para los Trabajadores (Infonavit).<\/p>\n<p>&nbsp;<\/p>\n<p>De esta manera, el Congreso del Estado aval\u00f3 el dictamen para autorizar la enajenaci\u00f3n,<\/p>\n<p>bajo la figura de donaci\u00f3n a t\u00edtulo gratuito, de un predio ubicado en el conjunto habitacional<\/p>\n<p>Torres Mayorazgo de la capital, a favor del Gobierno del Estado de Puebla con destino a la construcci\u00f3n<\/p>\n<p>y funcionamiento de un Centro de Gerontolog\u00eda denominado \u201cCasa del Abue\u201d en el municipio de Puebla,<\/p>\n<p>con el prop\u00f3sito de mejorar la calidad de vida de las personas adultas mayores.<\/p>\n<p>&nbsp;<\/p>\n<p>El predio cuenta con una superficie de 2,353.69 metros cuadrados y est\u00e1 marcado<\/p>\n<p>con el n\u00famero oficial 1559 de la calle 103 Poniente del conjunto habitacional Torres Mayorazgo de la ciudad de Puebla.<\/p>\n<p>&nbsp;<\/p>\n<p>En materia de salud, el Pleno del Congreso local autoriz\u00f3 la donaci\u00f3n de un predio por parte<\/p>\n<p>del Ayuntamiento del Municipio de Amozoc a favor del Instituto Mexicano del Seguro Social (IMSS),<\/p>\n<p>a fin de que el inmueble identificado como el lote de terreno marcado con el n\u00famero 302 de la calle R\u00edo Azul,<\/p>\n<p>Colonia Ex Hacienda las \u00c1nimas, con una superficie total de 35,513.36 metros cuadrados,<\/p>\n<p>se destine para la construcci\u00f3n de un Hospital General Regional de ese Instituto,<\/p>\n<p>en lugar de la construcci\u00f3n de un Hospital General de Zona.<\/p>\n<p>&nbsp;<\/p>\n<h4>En su momento, el diputado Jos\u00e9 Miguel Trujillo de Ita se\u00f1al\u00f3 que esta modificaci\u00f3n es una decisi\u00f3n que eleva el alcance del proyecto e implica una mayor capacidad para atender a las personas que habitan en esa regi\u00f3n de la entidad.<\/h4>\n<p>&nbsp;<\/p>\n<p>Asimismo, las y los diputados tambi\u00e9n avalaron el dictamen por el que se autoriz\u00f3 al Gobierno del Estado de Puebla<\/p>\n<p>la enajenaci\u00f3n, bajo la figura de donaci\u00f3n a t\u00edtulo gratuito, respecto de tres inmuebles propiedad del Gobierno del Estado,<\/p>\n<p>que conforman uno solo y se identifican con el n\u00famero oficial 12110 de la calle 11 Sur del Infonavit<\/p>\n<p>Agua Santa de la ciudad de Puebla, con una superficie total de 7,597.87 metros cuadrados,<\/p>\n<p>a favor del Sistema Municipal DIF del Ayuntamiento de Puebla para el funcionamiento<\/p>\n<p>y operaci\u00f3n del Centro Municipal de Equinoterapia y Rehabilitaci\u00f3n Integral.<\/p>\n<p>&nbsp;<\/p>\n<p>De la misma manera, se aprob\u00f3 el dictamen para autorizar al Gobierno del Estado de Puebla la enajenaci\u00f3n,<\/p>\n<p>bajo la figura de donaci\u00f3n a t\u00edtulo gratuito, de una superficie a favor del Instituto del Fondo Nacional<\/p>\n<p>de la Vivienda para los Trabajadores (Infonavit), para la construcci\u00f3n de un estimado de 800 viviendas en beneficio de las y los trabajadores, como parte del fortalecimiento y apoyo del Programa de Vivienda para el Bienestar impulsado por el Gobierno Federal.<\/p>\n","protected":false},"excerpt":{"rendered":"<p>\u00a0&#8211; Con estas acciones legislativas se fortalecen proyectos de salud, asistencia social y vivienda \u00a0Con la finalidad de coadyuvar en acciones que beneficien a la poblaci\u00f3n en materia de salud, vivienda y asistencia social, el Congreso del Estado aprob\u00f3 la donaci\u00f3n de predios a favor del Sistema Municipal DIF del Ayuntamiento de Puebla, el Gobierno del Estado, el Instituto Mexicano del Seguro Social (IMSS) y el Instituto del Fondo Nacional de la Vivienda para los Trabajadores (Infonavit). &nbsp; De esta manera, el Congreso del Estado aval\u00f3 el dictamen para autorizar la enajenaci\u00f3n, bajo la figura de donaci\u00f3n a t\u00edtulo gratuito, de un predio ubicado en el conjunto habitacional Torres Mayorazgo de la capital, a favor del Gobierno del Estado de Puebla con destino a la&hellip;<\/p>\n<p class=\"excerpt-more\"><a class=\"blog-excerpt button\" href=\"https:\/\/www.aliadospuebla.com\/?p=107451\">Leer m\u00e1s&#8230;<\/a><\/p>\n","protected":false},"author":2,"featured_media":107452,"comment_status":"open","ping_status":"open","sticky":false,"template":"","format":"standard","meta":{"_monsterinsights_skip_tracking":false,"footnotes":""},"categories":[6],"tags":[1988,30396,88,30394,765,394,30395],"class_list":["post-107451","post","type-post","status-publish","format-standard","has-post-thumbnail","hentry","category-politica","tag-asistencia-social","tag-centro-de-gerontologia","tag-congreso-del-estado","tag-donacion-de-predios","tag-imss","tag-infonavit","tag-proyectos-de-salud"],"yoast_head":"<!-- This site is optimized with the Yoast SEO plugin v28.4 - https:\/\/yoast.com\/product\/yoast-seo-wordpress\/ -->\n<title>Congreso del Estado avala donaci\u00f3n de predios para beneficio de las y los poblanos - AliadosPuebla<\/title>\n<meta name=\"robots\" content=\"index, follow, max-snippet:-1, max-image-preview:large, max-video-preview:-1\" \/>\n<link rel=\"canonical\" href=\"https:\/\/www.aliadospuebla.com\/?p=107451\" \/>\n<meta property=\"og:locale\" content=\"es_ES\" \/>\n<meta property=\"og:type\" content=\"article\" \/>\n<meta property=\"og:title\" content=\"Congreso del Estado avala donaci\u00f3n de predios para beneficio de las y los poblanos - AliadosPuebla\" \/>\n<meta property=\"og:description\" content=\"\u00a0&#8211; Con estas acciones legislativas se fortalecen proyectos de salud, asistencia social y vivienda \u00a0Con la finalidad de coadyuvar en acciones que beneficien a la poblaci\u00f3n en materia de salud, vivienda y asistencia social, el Congreso del Estado aprob\u00f3 la donaci\u00f3n de predios a favor del Sistema Municipal DIF del Ayuntamiento de Puebla, el Gobierno del Estado, el Instituto Mexicano del Seguro Social (IMSS) y el Instituto del Fondo Nacional de la Vivienda para los Trabajadores (Infonavit). &nbsp; De esta manera, el Congreso del Estado aval\u00f3 el dictamen para autorizar la enajenaci\u00f3n, bajo la figura de donaci\u00f3n a t\u00edtulo gratuito, de un predio ubicado en el conjunto habitacional Torres Mayorazgo de la capital, a favor del Gobierno del Estado de Puebla con destino a la&hellip;Leer m\u00e1s...\" \/>\n<meta property=\"og:url\" content=\"https:\/\/www.aliadospuebla.com\/?p=107451\" \/>\n<meta property=\"og:site_name\" content=\"AliadosPuebla\" \/>\n<meta property=\"article:author\" content=\"https:\/\/www.facebook.com\/Aliados17Pue\" \/>\n<meta property=\"article:published_time\" content=\"2025-08-04T17:43:54+00:00\" \/>\n<meta property=\"og:image\" content=\"https:\/\/www.aliadospuebla.com\/web2017\/wp-content\/uploads\/2025\/08\/1068.jpg\" \/>\n\t<meta property=\"og:image:width\" content=\"600\" \/>\n\t<meta property=\"og:image:height\" content=\"450\" \/>\n\t<meta property=\"og:image:type\" content=\"image\/jpeg\" \/>\n<meta name=\"author\" content=\"Aliados17\" \/>\n<meta name=\"twitter:card\" content=\"summary_large_image\" \/>\n<meta name=\"twitter:creator\" content=\"@AliadosPuebla\" \/>\n<meta name=\"twitter:label1\" content=\"Escrito por\" \/>\n\t<meta name=\"twitter:data1\" content=\"Aliados17\" \/>\n\t<meta name=\"twitter:label2\" content=\"Tiempo de lectura\" \/>\n\t<meta name=\"twitter:data2\" content=\"3 minutos\" \/>\n<script type=\"application\/ld+json\" class=\"yoast-schema-graph\">{\"@context\":\"https:\\\/\\\/schema.org\",\"@graph\":[{\"@type\":\"Article\",\"@id\":\"https:\\\/\\\/www.aliadospuebla.com\\\/?p=107451#article\",\"isPartOf\":{\"@id\":\"https:\\\/\\\/www.aliadospuebla.com\\\/?p=107451\"},\"author\":{\"name\":\"Aliados17\",\"@id\":\"https:\\\/\\\/www.aliadospuebla.com\\\/#\\\/schema\\\/person\\\/5da7dd09320bd4f392b710017ed5f8ad\"},\"headline\":\"Congreso del Estado avala donaci\u00f3n de predios para beneficio de las y los poblanos\",\"datePublished\":\"2025-08-04T17:43:54+00:00\",\"mainEntityOfPage\":{\"@id\":\"https:\\\/\\\/www.aliadospuebla.com\\\/?p=107451\"},\"wordCount\":534,\"commentCount\":0,\"image\":{\"@id\":\"https:\\\/\\\/www.aliadospuebla.com\\\/?p=107451#primaryimage\"},\"thumbnailUrl\":\"https:\\\/\\\/www.aliadospuebla.com\\\/web2017\\\/wp-content\\\/uploads\\\/2025\\\/08\\\/1068.jpg\",\"keywords\":[\"ASISTENCIA SOCIAL\",\"Centro de Gerontolog\u00eda\",\"Congreso del Estado\",\"donaci\u00f3n de predios\",\"IMSS\",\"INFONAVIT\",\"proyectos de salud\"],\"articleSection\":[\"Pol\u00edtica\"],\"inLanguage\":\"es\",\"potentialAction\":[{\"@type\":\"CommentAction\",\"name\":\"Comment\",\"target\":[\"https:\\\/\\\/www.aliadospuebla.com\\\/?p=107451#respond\"]}]},{\"@type\":\"WebPage\",\"@id\":\"https:\\\/\\\/www.aliadospuebla.com\\\/?p=107451\",\"url\":\"https:\\\/\\\/www.aliadospuebla.com\\\/?p=107451\",\"name\":\"Congreso del Estado avala donaci\u00f3n de predios para beneficio de las y los poblanos - AliadosPuebla\",\"isPartOf\":{\"@id\":\"https:\\\/\\\/www.aliadospuebla.com\\\/#website\"},\"primaryImageOfPage\":{\"@id\":\"https:\\\/\\\/www.aliadospuebla.com\\\/?p=107451#primaryimage\"},\"image\":{\"@id\":\"https:\\\/\\\/www.aliadospuebla.com\\\/?p=107451#primaryimage\"},\"thumbnailUrl\":\"https:\\\/\\\/www.aliadospuebla.com\\\/web2017\\\/wp-content\\\/uploads\\\/2025\\\/08\\\/1068.jpg\",\"datePublished\":\"2025-08-04T17:43:54+00:00\",\"author\":{\"@id\":\"https:\\\/\\\/www.aliadospuebla.com\\\/#\\\/schema\\\/person\\\/5da7dd09320bd4f392b710017ed5f8ad\"},\"breadcrumb\":{\"@id\":\"https:\\\/\\\/www.aliadospuebla.com\\\/?p=107451#breadcrumb\"},\"inLanguage\":\"es\",\"potentialAction\":[{\"@type\":\"ReadAction\",\"target\":[\"https:\\\/\\\/www.aliadospuebla.com\\\/?p=107451\"]}]},{\"@type\":\"ImageObject\",\"inLanguage\":\"es\",\"@id\":\"https:\\\/\\\/www.aliadospuebla.com\\\/?p=107451#primaryimage\",\"url\":\"https:\\\/\\\/www.aliadospuebla.com\\\/web2017\\\/wp-content\\\/uploads\\\/2025\\\/08\\\/1068.jpg\",\"contentUrl\":\"https:\\\/\\\/www.aliadospuebla.com\\\/web2017\\\/wp-content\\\/uploads\\\/2025\\\/08\\\/1068.jpg\",\"width\":600,\"height\":450},{\"@type\":\"BreadcrumbList\",\"@id\":\"https:\\\/\\\/www.aliadospuebla.com\\\/?p=107451#breadcrumb\",\"itemListElement\":[{\"@type\":\"ListItem\",\"position\":1,\"name\":\"Portada\",\"item\":\"https:\\\/\\\/www.aliadospuebla.com\\\/\"},{\"@type\":\"ListItem\",\"position\":2,\"name\":\"Congreso del Estado avala donaci\u00f3n de predios para beneficio de las y los poblanos\"}]},{\"@type\":\"WebSite\",\"@id\":\"https:\\\/\\\/www.aliadospuebla.com\\\/#website\",\"url\":\"https:\\\/\\\/www.aliadospuebla.com\\\/\",\"name\":\"AliadosPuebla\",\"description\":\"La informaci\u00f3n en tus manos\",\"potentialAction\":[{\"@type\":\"SearchAction\",\"target\":{\"@type\":\"EntryPoint\",\"urlTemplate\":\"https:\\\/\\\/www.aliadospuebla.com\\\/?s={search_term_string}\"},\"query-input\":{\"@type\":\"PropertyValueSpecification\",\"valueRequired\":true,\"valueName\":\"search_term_string\"}}],\"inLanguage\":\"es\"},{\"@type\":\"Person\",\"@id\":\"https:\\\/\\\/www.aliadospuebla.com\\\/#\\\/schema\\\/person\\\/5da7dd09320bd4f392b710017ed5f8ad\",\"name\":\"Aliados17\",\"image\":{\"@type\":\"ImageObject\",\"inLanguage\":\"es\",\"@id\":\"https:\\\/\\\/www.aliadospuebla.com\\\/web2017\\\/wp-content\\\/uploads\\\/2025\\\/03\\\/cropped-para-perfil-8-anos-1-96x96.jpg\",\"url\":\"https:\\\/\\\/www.aliadospuebla.com\\\/web2017\\\/wp-content\\\/uploads\\\/2025\\\/03\\\/cropped-para-perfil-8-anos-1-96x96.jpg\",\"contentUrl\":\"https:\\\/\\\/www.aliadospuebla.com\\\/web2017\\\/wp-content\\\/uploads\\\/2025\\\/03\\\/cropped-para-perfil-8-anos-1-96x96.jpg\",\"caption\":\"Aliados17\"},\"sameAs\":[\"https:\\\/\\\/www.aliados17.com\",\"https:\\\/\\\/www.facebook.com\\\/Aliados17Pue\",\"https:\\\/\\\/x.com\\\/AliadosPuebla\"],\"url\":\"https:\\\/\\\/www.aliadospuebla.com\\\/?author=2\"}]}<\/script>\n<!-- \/ Yoast SEO plugin. -->","yoast_head_json":{"title":"Congreso del Estado avala donaci\u00f3n de predios para beneficio de las y los poblanos - AliadosPuebla","robots":{"index":"index","follow":"follow","max-snippet":"max-snippet:-1","max-image-preview":"max-image-preview:large","max-video-preview":"max-video-preview:-1"},"canonical":"https:\/\/www.aliadospuebla.com\/?p=107451","og_locale":"es_ES","og_type":"article","og_title":"Congreso del Estado avala donaci\u00f3n de predios para beneficio de las y los poblanos - AliadosPuebla","og_description":"\u00a0&#8211; Con estas acciones legislativas se fortalecen proyectos de salud, asistencia social y vivienda \u00a0Con la finalidad de coadyuvar en acciones que beneficien a la poblaci\u00f3n en materia de salud, vivienda y asistencia social, el Congreso del Estado aprob\u00f3 la donaci\u00f3n de predios a favor del Sistema Municipal DIF del Ayuntamiento de Puebla, el Gobierno del Estado, el Instituto Mexicano del Seguro Social (IMSS) y el Instituto del Fondo Nacional de la Vivienda para los Trabajadores (Infonavit). &nbsp; De esta manera, el Congreso del Estado aval\u00f3 el dictamen para autorizar la enajenaci\u00f3n, bajo la figura de donaci\u00f3n a t\u00edtulo gratuito, de un predio ubicado en el conjunto habitacional Torres Mayorazgo de la capital, a favor del Gobierno del Estado de Puebla con destino a la&hellip;Leer m\u00e1s...","og_url":"https:\/\/www.aliadospuebla.com\/?p=107451","og_site_name":"AliadosPuebla","article_author":"https:\/\/www.facebook.com\/Aliados17Pue","article_published_time":"2025-08-04T17:43:54+00:00","og_image":[{"width":600,"height":450,"url":"https:\/\/www.aliadospuebla.com\/web2017\/wp-content\/uploads\/2025\/08\/1068.jpg","type":"image\/jpeg"}],"author":"Aliados17","twitter_card":"summary_large_image","twitter_creator":"@AliadosPuebla","twitter_misc":{"Escrito por":"Aliados17","Tiempo de lectura":"3 minutos"},"schema":{"@context":"https:\/\/schema.org","@graph":[{"@type":"Article","@id":"https:\/\/www.aliadospuebla.com\/?p=107451#article","isPartOf":{"@id":"https:\/\/www.aliadospuebla.com\/?p=107451"},"author":{"name":"Aliados17","@id":"https:\/\/www.aliadospuebla.com\/#\/schema\/person\/5da7dd09320bd4f392b710017ed5f8ad"},"headline":"Congreso del Estado avala donaci\u00f3n de predios para beneficio de las y los poblanos","datePublished":"2025-08-04T17:43:54+00:00","mainEntityOfPage":{"@id":"https:\/\/www.aliadospuebla.com\/?p=107451"},"wordCount":534,"commentCount":0,"image":{"@id":"https:\/\/www.aliadospuebla.com\/?p=107451#primaryimage"},"thumbnailUrl":"https:\/\/www.aliadospuebla.com\/web2017\/wp-content\/uploads\/2025\/08\/1068.jpg","keywords":["ASISTENCIA SOCIAL","Centro de Gerontolog\u00eda","Congreso del Estado","donaci\u00f3n de predios","IMSS","INFONAVIT","proyectos de salud"],"articleSection":["Pol\u00edtica"],"inLanguage":"es","potentialAction":[{"@type":"CommentAction","name":"Comment","target":["https:\/\/www.aliadospuebla.com\/?p=107451#respond"]}]},{"@type":"WebPage","@id":"https:\/\/www.aliadospuebla.com\/?p=107451","url":"https:\/\/www.aliadospuebla.com\/?p=107451","name":"Congreso del Estado avala donaci\u00f3n de predios para beneficio de las y los poblanos - AliadosPuebla","isPartOf":{"@id":"https:\/\/www.aliadospuebla.com\/#website"},"primaryImageOfPage":{"@id":"https:\/\/www.aliadospuebla.com\/?p=107451#primaryimage"},"image":{"@id":"https:\/\/www.aliadospuebla.com\/?p=107451#primaryimage"},"thumbnailUrl":"https:\/\/www.aliadospuebla.com\/web2017\/wp-content\/uploads\/2025\/08\/1068.jpg","datePublished":"2025-08-04T17:43:54+00:00","author":{"@id":"https:\/\/www.aliadospuebla.com\/#\/schema\/person\/5da7dd09320bd4f392b710017ed5f8ad"},"breadcrumb":{"@id":"https:\/\/www.aliadospuebla.com\/?p=107451#breadcrumb"},"inLanguage":"es","potentialAction":[{"@type":"ReadAction","target":["https:\/\/www.aliadospuebla.com\/?p=107451"]}]},{"@type":"ImageObject","inLanguage":"es","@id":"https:\/\/www.aliadospuebla.com\/?p=107451#primaryimage","url":"https:\/\/www.aliadospuebla.com\/web2017\/wp-content\/uploads\/2025\/08\/1068.jpg","contentUrl":"https:\/\/www.aliadospuebla.com\/web2017\/wp-content\/uploads\/2025\/08\/1068.jpg","width":600,"height":450},{"@type":"BreadcrumbList","@id":"https:\/\/www.aliadospuebla.com\/?p=107451#breadcrumb","itemListElement":[{"@type":"ListItem","position":1,"name":"Portada","item":"https:\/\/www.aliadospuebla.com\/"},{"@type":"ListItem","position":2,"name":"Congreso del Estado avala donaci\u00f3n de predios para beneficio de las y los poblanos"}]},{"@type":"WebSite","@id":"https:\/\/www.aliadospuebla.com\/#website","url":"https:\/\/www.aliadospuebla.com\/","name":"AliadosPuebla","description":"La informaci\u00f3n en tus manos","potentialAction":[{"@type":"SearchAction","target":{"@type":"EntryPoint","urlTemplate":"https:\/\/www.aliadospuebla.com\/?s={search_term_string}"},"query-input":{"@type":"PropertyValueSpecification","valueRequired":true,"valueName":"search_term_string"}}],"inLanguage":"es"},{"@type":"Person","@id":"https:\/\/www.aliadospuebla.com\/#\/schema\/person\/5da7dd09320bd4f392b710017ed5f8ad","name":"Aliados17","image":{"@type":"ImageObject","inLanguage":"es","@id":"https:\/\/www.aliadospuebla.com\/web2017\/wp-content\/uploads\/2025\/03\/cropped-para-perfil-8-anos-1-96x96.jpg","url":"https:\/\/www.aliadospuebla.com\/web2017\/wp-content\/uploads\/2025\/03\/cropped-para-perfil-8-anos-1-96x96.jpg","contentUrl":"https:\/\/www.aliadospuebla.com\/web2017\/wp-content\/uploads\/2025\/03\/cropped-para-perfil-8-anos-1-96x96.jpg","caption":"Aliados17"},"sameAs":["https:\/\/www.aliados17.com","https:\/\/www.facebook.com\/Aliados17Pue","https:\/\/x.com\/AliadosPuebla"],"url":"https:\/\/www.aliadospuebla.com\/?author=2"}]}},"views":18,"_links":{"self":[{"href":"https:\/\/www.aliadospuebla.com\/index.php?rest_route=\/wp\/v2\/posts\/107451","targetHints":{"allow":["GET"]}}],"collection":[{"href":"https:\/\/www.aliadospuebla.com\/index.php?rest_route=\/wp\/v2\/posts"}],"about":[{"href":"https:\/\/www.aliadospuebla.com\/index.php?rest_route=\/wp\/v2\/types\/post"}],"author":[{"embeddable":true,"href":"https:\/\/www.aliadospuebla.com\/index.php?rest_route=\/wp\/v2\/users\/2"}],"replies":[{"embeddable":true,"href":"https:\/\/www.aliadospuebla.com\/index.php?rest_route=%2Fwp%2Fv2%2Fcomments&post=107451"}],"version-history":[{"count":1,"href":"https:\/\/www.aliadospuebla.com\/index.php?rest_route=\/wp\/v2\/posts\/107451\/revisions"}],"predecessor-version":[{"id":107453,"href":"https:\/\/www.aliadospuebla.com\/index.php?rest_route=\/wp\/v2\/posts\/107451\/revisions\/107453"}],"wp:featuredmedia":[{"embeddable":true,"href":"https:\/\/www.aliadospuebla.com\/index.php?rest_route=\/wp\/v2\/media\/107452"}],"wp:attachment":[{"href":"https:\/\/www.aliadospuebla.com\/index.php?rest_route=%2Fwp%2Fv2%2Fmedia&parent=107451"}],"wp:term":[{"taxonomy":"category","embeddable":true,"href":"https:\/\/www.aliadospuebla.com\/index.php?rest_route=%2Fwp%2Fv2%2Fcategories&post=107451"},{"taxonomy":"post_tag","embeddable":true,"href":"https:\/\/www.aliadospuebla.com\/index.php?rest_route=%2Fwp%2Fv2%2Ftags&post=107451"}],"curies":[{"name":"wp","href":"https:\/\/api.w.org\/{rel}","templated":true}]}}