{"id":107108,"date":"2025-07-19T13:26:56","date_gmt":"2025-07-19T19:26:56","guid":{"rendered":"https:\/\/www.aliadospuebla.com\/?p=107108"},"modified":"2025-07-19T13:26:56","modified_gmt":"2025-07-19T19:26:56","slug":"genera-dif-puebla-capital-alianzas-en-favor-de-la-salud-de-colaboradores-de-veana","status":"publish","type":"post","link":"https:\/\/www.aliadospuebla.com\/?p=107108","title":{"rendered":"Genera DIF Puebla Capital alianzas en favor de la salud de colaboradores de Veana"},"content":{"rendered":"<h4>&#8211; Se ofrecieron m\u00e1s de 300 servicios m\u00e9dicos a trabajadores y familiares, a trav\u00e9s de los Servicios M\u00e9dicos Itinerantes<\/h4>\n<p>Puebla, Pue. \u2013 El DIF Puebla Capital contin\u00faa estrechando su colaboraci\u00f3n con la sociedad civil luego de llevar sus jornadas de salud a la empresa Veana, ofreciendo sus servicios a las y los colaboradores del organismo y a sus familiares, con lo que reafirma el sentido social y humano que la presidenta del Patronato, MariElise Budib, ha buscado implementar desde el inicio de la administraci\u00f3n municipal.<\/p>\n<p>El objetivo de esta jornada fue brindar atenci\u00f3n preventiva, orientaci\u00f3n m\u00e9dica y servicios b\u00e1sicos de salud al personal de Veana que, a trav\u00e9s de su Departamento de Seguridad e Higiene, solicit\u00f3 al Sistema Municipal DIF (SMDIF) para fomentar el bienestar integral de su comunidad laboral.<\/p>\n<p>\u201cEs importante esta vinculaci\u00f3n porque no solamente llegamos a los colaboradores de la empresa, sino que tambi\u00e9n vamos m\u00e1s all\u00e1 porque tambi\u00e9n absorbemos a los familiares. Estamos seguros que los colaboradores son lo m\u00e1s importante\u201d, expres\u00f3 Valeria Huerta, del Departamento de Seguridad e Higiene.<\/p>\n<p>En total, acudieron m\u00e1s de 150 personas entre trabajadores y familiares, y se ofrecieron m\u00e1s de 300 servicios m\u00e9dicos a la familia de Veana, de los que destacan mastograf\u00edas, ultrasonidos y estudios de laboratorio, que se realizaron a trav\u00e9s de las unidades m\u00f3viles especializadas del DIF Puebla Capital. De igual forma, se llevaron servicios m\u00e9dicos generales, atenci\u00f3n psicol\u00f3gica, nutricional y jur\u00eddica, y la afiliaci\u00f3n al programa \u201cM\u00e9dico Imparable\u201d.<\/p>\n<p>\u201cNosotros como empresa socialmente responsable buscamos la vinculaci\u00f3n con organismos que le permitan a nuestros colaboradores su bienestar y adem\u00e1s la promoci\u00f3n de la salud\u201d, coment\u00f3 Roc\u00edo D\u00edaz, del Departamento de Cultura Organizacional y Capacitaci\u00f3n.<\/p>\n<p>De esta forma, el Gobierno de la Ciudad y el DIF Puebla Capital contin\u00faan acercando servicios de salud de calidad a las y los poblanos, que les permitan procurar su bienestar f\u00edsico y emocional mediante una atenci\u00f3n gratuita y de calidad.<\/p>\n","protected":false},"excerpt":{"rendered":"<p>&#8211; Se ofrecieron m\u00e1s de 300 servicios m\u00e9dicos a trabajadores y familiares, a trav\u00e9s de los Servicios M\u00e9dicos Itinerantes Puebla, Pue. \u2013 El DIF Puebla Capital contin\u00faa estrechando su colaboraci\u00f3n con la sociedad civil luego de llevar sus jornadas de salud a la empresa Veana, ofreciendo sus servicios a las y los colaboradores del organismo y a sus familiares, con lo que reafirma el sentido social y humano que la presidenta del Patronato, MariElise Budib, ha buscado implementar desde el inicio de la administraci\u00f3n municipal. El objetivo de esta jornada fue brindar atenci\u00f3n preventiva, orientaci\u00f3n m\u00e9dica y servicios b\u00e1sicos de salud al personal de Veana que, a trav\u00e9s de su Departamento de Seguridad e Higiene, solicit\u00f3 al Sistema Municipal DIF (SMDIF) para fomentar el bienestar&hellip;<\/p>\n<p class=\"excerpt-more\"><a class=\"blog-excerpt button\" href=\"https:\/\/www.aliadospuebla.com\/?p=107108\">Leer m\u00e1s&#8230;<\/a><\/p>\n","protected":false},"author":2,"featured_media":107109,"comment_status":"open","ping_status":"open","sticky":false,"template":"","format":"standard","meta":{"_monsterinsights_skip_tracking":false,"footnotes":""},"categories":[62],"tags":[27831,23849,12301,24949,30183,30182],"class_list":["post-107108","post","type-post","status-publish","format-standard","has-post-thumbnail","hentry","category-capital","tag-dif-puebla-capital","tag-empresa-socialmente-responsable","tag-jornadas-de-salud","tag-marielise-budib","tag-servicios-basicos-de-salud","tag-veana"],"yoast_head":"<!-- This site is optimized with the Yoast SEO plugin v28.4 - https:\/\/yoast.com\/product\/yoast-seo-wordpress\/ -->\n<title>Genera DIF Puebla Capital alianzas en favor de la salud de colaboradores de Veana - AliadosPuebla<\/title>\n<meta name=\"robots\" content=\"index, follow, max-snippet:-1, max-image-preview:large, max-video-preview:-1\" \/>\n<link rel=\"canonical\" href=\"https:\/\/www.aliadospuebla.com\/?p=107108\" \/>\n<meta property=\"og:locale\" content=\"es_ES\" \/>\n<meta property=\"og:type\" content=\"article\" \/>\n<meta property=\"og:title\" content=\"Genera DIF Puebla Capital alianzas en favor de la salud de colaboradores de Veana - AliadosPuebla\" \/>\n<meta property=\"og:description\" content=\"&#8211; Se ofrecieron m\u00e1s de 300 servicios m\u00e9dicos a trabajadores y familiares, a trav\u00e9s de los Servicios M\u00e9dicos Itinerantes Puebla, Pue. \u2013 El DIF Puebla Capital contin\u00faa estrechando su colaboraci\u00f3n con la sociedad civil luego de llevar sus jornadas de salud a la empresa Veana, ofreciendo sus servicios a las y los colaboradores del organismo y a sus familiares, con lo que reafirma el sentido social y humano que la presidenta del Patronato, MariElise Budib, ha buscado implementar desde el inicio de la administraci\u00f3n municipal. El objetivo de esta jornada fue brindar atenci\u00f3n preventiva, orientaci\u00f3n m\u00e9dica y servicios b\u00e1sicos de salud al personal de Veana que, a trav\u00e9s de su Departamento de Seguridad e Higiene, solicit\u00f3 al Sistema Municipal DIF (SMDIF) para fomentar el bienestar&hellip;Leer m\u00e1s...\" \/>\n<meta property=\"og:url\" content=\"https:\/\/www.aliadospuebla.com\/?p=107108\" \/>\n<meta property=\"og:site_name\" content=\"AliadosPuebla\" \/>\n<meta property=\"article:author\" content=\"https:\/\/www.facebook.com\/Aliados17Pue\" \/>\n<meta property=\"article:published_time\" content=\"2025-07-19T19:26:56+00:00\" \/>\n<meta property=\"og:image\" content=\"https:\/\/www.aliadospuebla.com\/web2017\/wp-content\/uploads\/2025\/07\/959.jpg\" \/>\n\t<meta property=\"og:image:width\" content=\"600\" \/>\n\t<meta property=\"og:image:height\" content=\"450\" \/>\n\t<meta property=\"og:image:type\" content=\"image\/jpeg\" \/>\n<meta name=\"author\" content=\"Aliados17\" \/>\n<meta name=\"twitter:card\" content=\"summary_large_image\" \/>\n<meta name=\"twitter:creator\" content=\"@AliadosPuebla\" \/>\n<meta name=\"twitter:label1\" content=\"Escrito por\" \/>\n\t<meta name=\"twitter:data1\" content=\"Aliados17\" \/>\n\t<meta name=\"twitter:label2\" content=\"Tiempo de lectura\" \/>\n\t<meta name=\"twitter:data2\" content=\"2 minutos\" \/>\n<script type=\"application\/ld+json\" class=\"yoast-schema-graph\">{\"@context\":\"https:\\\/\\\/schema.org\",\"@graph\":[{\"@type\":\"Article\",\"@id\":\"https:\\\/\\\/www.aliadospuebla.com\\\/?p=107108#article\",\"isPartOf\":{\"@id\":\"https:\\\/\\\/www.aliadospuebla.com\\\/?p=107108\"},\"author\":{\"name\":\"Aliados17\",\"@id\":\"https:\\\/\\\/www.aliadospuebla.com\\\/#\\\/schema\\\/person\\\/5da7dd09320bd4f392b710017ed5f8ad\"},\"headline\":\"Genera DIF Puebla Capital alianzas en favor de la salud de colaboradores de Veana\",\"datePublished\":\"2025-07-19T19:26:56+00:00\",\"mainEntityOfPage\":{\"@id\":\"https:\\\/\\\/www.aliadospuebla.com\\\/?p=107108\"},\"wordCount\":366,\"commentCount\":0,\"image\":{\"@id\":\"https:\\\/\\\/www.aliadospuebla.com\\\/?p=107108#primaryimage\"},\"thumbnailUrl\":\"https:\\\/\\\/www.aliadospuebla.com\\\/web2017\\\/wp-content\\\/uploads\\\/2025\\\/07\\\/959.jpg\",\"keywords\":[\"DIF Puebla Capital\",\"Empresa Socialmente Responsable\",\"jornadas de salud\",\"MARIELISE BUDIB\",\"servicios b\u00e1sicos de salud\",\"Veana\"],\"articleSection\":[\"Capital\"],\"inLanguage\":\"es\",\"potentialAction\":[{\"@type\":\"CommentAction\",\"name\":\"Comment\",\"target\":[\"https:\\\/\\\/www.aliadospuebla.com\\\/?p=107108#respond\"]}]},{\"@type\":\"WebPage\",\"@id\":\"https:\\\/\\\/www.aliadospuebla.com\\\/?p=107108\",\"url\":\"https:\\\/\\\/www.aliadospuebla.com\\\/?p=107108\",\"name\":\"Genera DIF Puebla Capital alianzas en favor de la salud de colaboradores de Veana - AliadosPuebla\",\"isPartOf\":{\"@id\":\"https:\\\/\\\/www.aliadospuebla.com\\\/#website\"},\"primaryImageOfPage\":{\"@id\":\"https:\\\/\\\/www.aliadospuebla.com\\\/?p=107108#primaryimage\"},\"image\":{\"@id\":\"https:\\\/\\\/www.aliadospuebla.com\\\/?p=107108#primaryimage\"},\"thumbnailUrl\":\"https:\\\/\\\/www.aliadospuebla.com\\\/web2017\\\/wp-content\\\/uploads\\\/2025\\\/07\\\/959.jpg\",\"datePublished\":\"2025-07-19T19:26:56+00:00\",\"author\":{\"@id\":\"https:\\\/\\\/www.aliadospuebla.com\\\/#\\\/schema\\\/person\\\/5da7dd09320bd4f392b710017ed5f8ad\"},\"breadcrumb\":{\"@id\":\"https:\\\/\\\/www.aliadospuebla.com\\\/?p=107108#breadcrumb\"},\"inLanguage\":\"es\",\"potentialAction\":[{\"@type\":\"ReadAction\",\"target\":[\"https:\\\/\\\/www.aliadospuebla.com\\\/?p=107108\"]}]},{\"@type\":\"ImageObject\",\"inLanguage\":\"es\",\"@id\":\"https:\\\/\\\/www.aliadospuebla.com\\\/?p=107108#primaryimage\",\"url\":\"https:\\\/\\\/www.aliadospuebla.com\\\/web2017\\\/wp-content\\\/uploads\\\/2025\\\/07\\\/959.jpg\",\"contentUrl\":\"https:\\\/\\\/www.aliadospuebla.com\\\/web2017\\\/wp-content\\\/uploads\\\/2025\\\/07\\\/959.jpg\",\"width\":600,\"height\":450},{\"@type\":\"BreadcrumbList\",\"@id\":\"https:\\\/\\\/www.aliadospuebla.com\\\/?p=107108#breadcrumb\",\"itemListElement\":[{\"@type\":\"ListItem\",\"position\":1,\"name\":\"Portada\",\"item\":\"https:\\\/\\\/www.aliadospuebla.com\\\/\"},{\"@type\":\"ListItem\",\"position\":2,\"name\":\"Genera DIF Puebla Capital alianzas en favor de la salud de colaboradores de Veana\"}]},{\"@type\":\"WebSite\",\"@id\":\"https:\\\/\\\/www.aliadospuebla.com\\\/#website\",\"url\":\"https:\\\/\\\/www.aliadospuebla.com\\\/\",\"name\":\"AliadosPuebla\",\"description\":\"La informaci\u00f3n en tus manos\",\"potentialAction\":[{\"@type\":\"SearchAction\",\"target\":{\"@type\":\"EntryPoint\",\"urlTemplate\":\"https:\\\/\\\/www.aliadospuebla.com\\\/?s={search_term_string}\"},\"query-input\":{\"@type\":\"PropertyValueSpecification\",\"valueRequired\":true,\"valueName\":\"search_term_string\"}}],\"inLanguage\":\"es\"},{\"@type\":\"Person\",\"@id\":\"https:\\\/\\\/www.aliadospuebla.com\\\/#\\\/schema\\\/person\\\/5da7dd09320bd4f392b710017ed5f8ad\",\"name\":\"Aliados17\",\"image\":{\"@type\":\"ImageObject\",\"inLanguage\":\"es\",\"@id\":\"https:\\\/\\\/www.aliadospuebla.com\\\/web2017\\\/wp-content\\\/uploads\\\/2025\\\/03\\\/cropped-para-perfil-8-anos-1-96x96.jpg\",\"url\":\"https:\\\/\\\/www.aliadospuebla.com\\\/web2017\\\/wp-content\\\/uploads\\\/2025\\\/03\\\/cropped-para-perfil-8-anos-1-96x96.jpg\",\"contentUrl\":\"https:\\\/\\\/www.aliadospuebla.com\\\/web2017\\\/wp-content\\\/uploads\\\/2025\\\/03\\\/cropped-para-perfil-8-anos-1-96x96.jpg\",\"caption\":\"Aliados17\"},\"sameAs\":[\"https:\\\/\\\/www.aliados17.com\",\"https:\\\/\\\/www.facebook.com\\\/Aliados17Pue\",\"https:\\\/\\\/x.com\\\/AliadosPuebla\"],\"url\":\"https:\\\/\\\/www.aliadospuebla.com\\\/?author=2\"}]}<\/script>\n<!-- \/ Yoast SEO plugin. -->","yoast_head_json":{"title":"Genera DIF Puebla Capital alianzas en favor de la salud de colaboradores de Veana - AliadosPuebla","robots":{"index":"index","follow":"follow","max-snippet":"max-snippet:-1","max-image-preview":"max-image-preview:large","max-video-preview":"max-video-preview:-1"},"canonical":"https:\/\/www.aliadospuebla.com\/?p=107108","og_locale":"es_ES","og_type":"article","og_title":"Genera DIF Puebla Capital alianzas en favor de la salud de colaboradores de Veana - AliadosPuebla","og_description":"&#8211; Se ofrecieron m\u00e1s de 300 servicios m\u00e9dicos a trabajadores y familiares, a trav\u00e9s de los Servicios M\u00e9dicos Itinerantes Puebla, Pue. \u2013 El DIF Puebla Capital contin\u00faa estrechando su colaboraci\u00f3n con la sociedad civil luego de llevar sus jornadas de salud a la empresa Veana, ofreciendo sus servicios a las y los colaboradores del organismo y a sus familiares, con lo que reafirma el sentido social y humano que la presidenta del Patronato, MariElise Budib, ha buscado implementar desde el inicio de la administraci\u00f3n municipal. El objetivo de esta jornada fue brindar atenci\u00f3n preventiva, orientaci\u00f3n m\u00e9dica y servicios b\u00e1sicos de salud al personal de Veana que, a trav\u00e9s de su Departamento de Seguridad e Higiene, solicit\u00f3 al Sistema Municipal DIF (SMDIF) para fomentar el bienestar&hellip;Leer m\u00e1s...","og_url":"https:\/\/www.aliadospuebla.com\/?p=107108","og_site_name":"AliadosPuebla","article_author":"https:\/\/www.facebook.com\/Aliados17Pue","article_published_time":"2025-07-19T19:26:56+00:00","og_image":[{"width":600,"height":450,"url":"https:\/\/www.aliadospuebla.com\/web2017\/wp-content\/uploads\/2025\/07\/959.jpg","type":"image\/jpeg"}],"author":"Aliados17","twitter_card":"summary_large_image","twitter_creator":"@AliadosPuebla","twitter_misc":{"Escrito por":"Aliados17","Tiempo de lectura":"2 minutos"},"schema":{"@context":"https:\/\/schema.org","@graph":[{"@type":"Article","@id":"https:\/\/www.aliadospuebla.com\/?p=107108#article","isPartOf":{"@id":"https:\/\/www.aliadospuebla.com\/?p=107108"},"author":{"name":"Aliados17","@id":"https:\/\/www.aliadospuebla.com\/#\/schema\/person\/5da7dd09320bd4f392b710017ed5f8ad"},"headline":"Genera DIF Puebla Capital alianzas en favor de la salud de colaboradores de Veana","datePublished":"2025-07-19T19:26:56+00:00","mainEntityOfPage":{"@id":"https:\/\/www.aliadospuebla.com\/?p=107108"},"wordCount":366,"commentCount":0,"image":{"@id":"https:\/\/www.aliadospuebla.com\/?p=107108#primaryimage"},"thumbnailUrl":"https:\/\/www.aliadospuebla.com\/web2017\/wp-content\/uploads\/2025\/07\/959.jpg","keywords":["DIF Puebla Capital","Empresa Socialmente Responsable","jornadas de salud","MARIELISE BUDIB","servicios b\u00e1sicos de salud","Veana"],"articleSection":["Capital"],"inLanguage":"es","potentialAction":[{"@type":"CommentAction","name":"Comment","target":["https:\/\/www.aliadospuebla.com\/?p=107108#respond"]}]},{"@type":"WebPage","@id":"https:\/\/www.aliadospuebla.com\/?p=107108","url":"https:\/\/www.aliadospuebla.com\/?p=107108","name":"Genera DIF Puebla Capital alianzas en favor de la salud de colaboradores de Veana - AliadosPuebla","isPartOf":{"@id":"https:\/\/www.aliadospuebla.com\/#website"},"primaryImageOfPage":{"@id":"https:\/\/www.aliadospuebla.com\/?p=107108#primaryimage"},"image":{"@id":"https:\/\/www.aliadospuebla.com\/?p=107108#primaryimage"},"thumbnailUrl":"https:\/\/www.aliadospuebla.com\/web2017\/wp-content\/uploads\/2025\/07\/959.jpg","datePublished":"2025-07-19T19:26:56+00:00","author":{"@id":"https:\/\/www.aliadospuebla.com\/#\/schema\/person\/5da7dd09320bd4f392b710017ed5f8ad"},"breadcrumb":{"@id":"https:\/\/www.aliadospuebla.com\/?p=107108#breadcrumb"},"inLanguage":"es","potentialAction":[{"@type":"ReadAction","target":["https:\/\/www.aliadospuebla.com\/?p=107108"]}]},{"@type":"ImageObject","inLanguage":"es","@id":"https:\/\/www.aliadospuebla.com\/?p=107108#primaryimage","url":"https:\/\/www.aliadospuebla.com\/web2017\/wp-content\/uploads\/2025\/07\/959.jpg","contentUrl":"https:\/\/www.aliadospuebla.com\/web2017\/wp-content\/uploads\/2025\/07\/959.jpg","width":600,"height":450},{"@type":"BreadcrumbList","@id":"https:\/\/www.aliadospuebla.com\/?p=107108#breadcrumb","itemListElement":[{"@type":"ListItem","position":1,"name":"Portada","item":"https:\/\/www.aliadospuebla.com\/"},{"@type":"ListItem","position":2,"name":"Genera DIF Puebla Capital alianzas en favor de la salud de colaboradores de Veana"}]},{"@type":"WebSite","@id":"https:\/\/www.aliadospuebla.com\/#website","url":"https:\/\/www.aliadospuebla.com\/","name":"AliadosPuebla","description":"La informaci\u00f3n en tus manos","potentialAction":[{"@type":"SearchAction","target":{"@type":"EntryPoint","urlTemplate":"https:\/\/www.aliadospuebla.com\/?s={search_term_string}"},"query-input":{"@type":"PropertyValueSpecification","valueRequired":true,"valueName":"search_term_string"}}],"inLanguage":"es"},{"@type":"Person","@id":"https:\/\/www.aliadospuebla.com\/#\/schema\/person\/5da7dd09320bd4f392b710017ed5f8ad","name":"Aliados17","image":{"@type":"ImageObject","inLanguage":"es","@id":"https:\/\/www.aliadospuebla.com\/web2017\/wp-content\/uploads\/2025\/03\/cropped-para-perfil-8-anos-1-96x96.jpg","url":"https:\/\/www.aliadospuebla.com\/web2017\/wp-content\/uploads\/2025\/03\/cropped-para-perfil-8-anos-1-96x96.jpg","contentUrl":"https:\/\/www.aliadospuebla.com\/web2017\/wp-content\/uploads\/2025\/03\/cropped-para-perfil-8-anos-1-96x96.jpg","caption":"Aliados17"},"sameAs":["https:\/\/www.aliados17.com","https:\/\/www.facebook.com\/Aliados17Pue","https:\/\/x.com\/AliadosPuebla"],"url":"https:\/\/www.aliadospuebla.com\/?author=2"}]}},"views":15,"_links":{"self":[{"href":"https:\/\/www.aliadospuebla.com\/index.php?rest_route=\/wp\/v2\/posts\/107108","targetHints":{"allow":["GET"]}}],"collection":[{"href":"https:\/\/www.aliadospuebla.com\/index.php?rest_route=\/wp\/v2\/posts"}],"about":[{"href":"https:\/\/www.aliadospuebla.com\/index.php?rest_route=\/wp\/v2\/types\/post"}],"author":[{"embeddable":true,"href":"https:\/\/www.aliadospuebla.com\/index.php?rest_route=\/wp\/v2\/users\/2"}],"replies":[{"embeddable":true,"href":"https:\/\/www.aliadospuebla.com\/index.php?rest_route=%2Fwp%2Fv2%2Fcomments&post=107108"}],"version-history":[{"count":1,"href":"https:\/\/www.aliadospuebla.com\/index.php?rest_route=\/wp\/v2\/posts\/107108\/revisions"}],"predecessor-version":[{"id":107110,"href":"https:\/\/www.aliadospuebla.com\/index.php?rest_route=\/wp\/v2\/posts\/107108\/revisions\/107110"}],"wp:featuredmedia":[{"embeddable":true,"href":"https:\/\/www.aliadospuebla.com\/index.php?rest_route=\/wp\/v2\/media\/107109"}],"wp:attachment":[{"href":"https:\/\/www.aliadospuebla.com\/index.php?rest_route=%2Fwp%2Fv2%2Fmedia&parent=107108"}],"wp:term":[{"taxonomy":"category","embeddable":true,"href":"https:\/\/www.aliadospuebla.com\/index.php?rest_route=%2Fwp%2Fv2%2Fcategories&post=107108"},{"taxonomy":"post_tag","embeddable":true,"href":"https:\/\/www.aliadospuebla.com\/index.php?rest_route=%2Fwp%2Fv2%2Ftags&post=107108"}],"curies":[{"name":"wp","href":"https:\/\/api.w.org\/{rel}","templated":true}]}}