{"id":106941,"date":"2025-07-13T13:30:55","date_gmt":"2025-07-13T19:30:55","guid":{"rendered":"https:\/\/www.aliadospuebla.com\/?p=106941"},"modified":"2025-07-13T13:30:55","modified_gmt":"2025-07-13T19:30:55","slug":"el-ayuntamiento-de-amozoc-refuerza-trabajos-de-mantenimiento-y-colocacion-de-luminarias","status":"publish","type":"post","link":"https:\/\/www.aliadospuebla.com\/?p=106941","title":{"rendered":"El Ayuntamiento de Amozoc refuerza trabajos de mantenimiento y colocaci\u00f3n de luminarias"},"content":{"rendered":"<p>Amozoc de Mota, Puebla.- El Ayuntamiento de Amozoc 2024 &#8211; 2027 a cargo del presidente municipal Severiano de la Rosa Romero, en cumplimiento de sus funciones en materia de servicios p\u00fablicos, conforme al Art\u00edculo 115 constitucional, y en seguimiento a la directriz del gobernador del Estado de Puebla Alejandro Armenta, contin\u00faa fortaleciendo las acciones para mejorar el alumbrado p\u00fablico en todo el municipio.<\/p>\n<p>Todos los d\u00edas, bajo la supervisi\u00f3n del presidente, las cuadrillas de Alumbrado P\u00fablico e Infraestructura recorren distintos puntos del municipio \u2014incluyendo calles de la cabecera municipal, juntas auxiliares e inspector\u00edas\u2014 realizando trabajos de colocaci\u00f3n, rehabilitaci\u00f3n y mantenimiento de luminarias.<\/p>\n<p>Cabe destacar que durante esta temporada de lluvias, es com\u00fan que algunas l\u00e1mparas se fundan o presenten fallas, por lo que, con el uso de gr\u00faas y escaleras, personal de Infraestructura y Alumbrado trabajan de forma permanente para garantizar espacios bien iluminados y seguros para la ciudadan\u00eda.<\/p>\n<p>Adem\u00e1s, el Ayuntamiento realiz\u00f3 recientemente una importante ampliaci\u00f3n del sistema de alumbrado en la colonia La Venta, lo que representa un avance significativo en materia de seguridad y bienestar para sus habitantes.<\/p>\n<p>Por su parte, vecinas y vecinos de la zona expresaron su agradecimiento por esta mejora, reconociendo el compromiso del presidente con el bienestar y la seguridad de las familias.<\/p>\n","protected":false},"excerpt":{"rendered":"<p>Amozoc de Mota, Puebla.- El Ayuntamiento de Amozoc 2024 &#8211; 2027 a cargo del presidente municipal Severiano de la Rosa Romero, en cumplimiento de sus funciones en materia de servicios p\u00fablicos, conforme al Art\u00edculo 115 constitucional, y en seguimiento a la directriz del gobernador del Estado de Puebla Alejandro Armenta, contin\u00faa fortaleciendo las acciones para mejorar el alumbrado p\u00fablico en todo el municipio. Todos los d\u00edas, bajo la supervisi\u00f3n del presidente, las cuadrillas de Alumbrado P\u00fablico e Infraestructura recorren distintos puntos del municipio \u2014incluyendo calles de la cabecera municipal, juntas auxiliares e inspector\u00edas\u2014 realizando trabajos de colocaci\u00f3n, rehabilitaci\u00f3n y mantenimiento de luminarias. Cabe destacar que durante esta temporada de lluvias, es com\u00fan que algunas l\u00e1mparas se fundan o presenten fallas, por lo que, con el&hellip;<\/p>\n<p class=\"excerpt-more\"><a class=\"blog-excerpt button\" href=\"https:\/\/www.aliadospuebla.com\/?p=106941\">Leer m\u00e1s&#8230;<\/a><\/p>\n","protected":false},"author":2,"featured_media":106486,"comment_status":"open","ping_status":"open","sticky":false,"template":"","format":"standard","meta":{"_monsterinsights_skip_tracking":false,"footnotes":""},"categories":[4],"tags":[1054,1667,30086,1107,24696],"class_list":["post-106941","post","type-post","status-publish","format-standard","has-post-thumbnail","hentry","category-municipios","tag-alumbrado-publico","tag-amozoc","tag-mantenimiento-de-luminarias","tag-servicios-publicos","tag-severiano-de-la-rosa-romero"],"yoast_head":"<!-- This site is optimized with the Yoast SEO plugin v28.4 - https:\/\/yoast.com\/product\/yoast-seo-wordpress\/ -->\n<title>El Ayuntamiento de Amozoc refuerza trabajos de mantenimiento y colocaci\u00f3n de luminarias - AliadosPuebla<\/title>\n<meta name=\"robots\" content=\"index, follow, max-snippet:-1, max-image-preview:large, max-video-preview:-1\" \/>\n<link rel=\"canonical\" href=\"https:\/\/www.aliadospuebla.com\/?p=106941\" \/>\n<meta property=\"og:locale\" content=\"es_ES\" \/>\n<meta property=\"og:type\" content=\"article\" \/>\n<meta property=\"og:title\" content=\"El Ayuntamiento de Amozoc refuerza trabajos de mantenimiento y colocaci\u00f3n de luminarias - AliadosPuebla\" \/>\n<meta property=\"og:description\" content=\"Amozoc de Mota, Puebla.- El Ayuntamiento de Amozoc 2024 &#8211; 2027 a cargo del presidente municipal Severiano de la Rosa Romero, en cumplimiento de sus funciones en materia de servicios p\u00fablicos, conforme al Art\u00edculo 115 constitucional, y en seguimiento a la directriz del gobernador del Estado de Puebla Alejandro Armenta, contin\u00faa fortaleciendo las acciones para mejorar el alumbrado p\u00fablico en todo el municipio. Todos los d\u00edas, bajo la supervisi\u00f3n del presidente, las cuadrillas de Alumbrado P\u00fablico e Infraestructura recorren distintos puntos del municipio \u2014incluyendo calles de la cabecera municipal, juntas auxiliares e inspector\u00edas\u2014 realizando trabajos de colocaci\u00f3n, rehabilitaci\u00f3n y mantenimiento de luminarias. Cabe destacar que durante esta temporada de lluvias, es com\u00fan que algunas l\u00e1mparas se fundan o presenten fallas, por lo que, con el&hellip;Leer m\u00e1s...\" \/>\n<meta property=\"og:url\" content=\"https:\/\/www.aliadospuebla.com\/?p=106941\" \/>\n<meta property=\"og:site_name\" content=\"AliadosPuebla\" \/>\n<meta property=\"article:author\" content=\"https:\/\/www.facebook.com\/Aliados17Pue\" \/>\n<meta property=\"article:published_time\" content=\"2025-07-13T19:30:55+00:00\" \/>\n<meta property=\"og:image\" content=\"https:\/\/www.aliadospuebla.com\/web2017\/wp-content\/uploads\/2025\/06\/763.jpg\" \/>\n\t<meta property=\"og:image:width\" content=\"600\" \/>\n\t<meta property=\"og:image:height\" content=\"450\" \/>\n\t<meta property=\"og:image:type\" content=\"image\/jpeg\" \/>\n<meta name=\"author\" content=\"Aliados17\" \/>\n<meta name=\"twitter:card\" content=\"summary_large_image\" \/>\n<meta name=\"twitter:creator\" content=\"@AliadosPuebla\" \/>\n<meta name=\"twitter:label1\" content=\"Escrito por\" \/>\n\t<meta name=\"twitter:data1\" content=\"Aliados17\" \/>\n\t<meta name=\"twitter:label2\" content=\"Tiempo de lectura\" \/>\n\t<meta name=\"twitter:data2\" content=\"2 minutos\" \/>\n<script type=\"application\/ld+json\" class=\"yoast-schema-graph\">{\"@context\":\"https:\\\/\\\/schema.org\",\"@graph\":[{\"@type\":\"Article\",\"@id\":\"https:\\\/\\\/www.aliadospuebla.com\\\/?p=106941#article\",\"isPartOf\":{\"@id\":\"https:\\\/\\\/www.aliadospuebla.com\\\/?p=106941\"},\"author\":{\"name\":\"Aliados17\",\"@id\":\"https:\\\/\\\/www.aliadospuebla.com\\\/#\\\/schema\\\/person\\\/5da7dd09320bd4f392b710017ed5f8ad\"},\"headline\":\"El Ayuntamiento de Amozoc refuerza trabajos de mantenimiento y colocaci\u00f3n de luminarias\",\"datePublished\":\"2025-07-13T19:30:55+00:00\",\"mainEntityOfPage\":{\"@id\":\"https:\\\/\\\/www.aliadospuebla.com\\\/?p=106941\"},\"wordCount\":237,\"commentCount\":0,\"image\":{\"@id\":\"https:\\\/\\\/www.aliadospuebla.com\\\/?p=106941#primaryimage\"},\"thumbnailUrl\":\"https:\\\/\\\/www.aliadospuebla.com\\\/web2017\\\/wp-content\\\/uploads\\\/2025\\\/06\\\/763.jpg\",\"keywords\":[\"ALUMBRADO P\u00daBLICO\",\"AMOZOC\",\"mantenimiento de luminarias\",\"SERVICIOS P\u00daBLICOS\",\"Severiano de la Rosa Romero\"],\"articleSection\":[\"Municipios\"],\"inLanguage\":\"es\",\"potentialAction\":[{\"@type\":\"CommentAction\",\"name\":\"Comment\",\"target\":[\"https:\\\/\\\/www.aliadospuebla.com\\\/?p=106941#respond\"]}]},{\"@type\":\"WebPage\",\"@id\":\"https:\\\/\\\/www.aliadospuebla.com\\\/?p=106941\",\"url\":\"https:\\\/\\\/www.aliadospuebla.com\\\/?p=106941\",\"name\":\"El Ayuntamiento de Amozoc refuerza trabajos de mantenimiento y colocaci\u00f3n de luminarias - AliadosPuebla\",\"isPartOf\":{\"@id\":\"https:\\\/\\\/www.aliadospuebla.com\\\/#website\"},\"primaryImageOfPage\":{\"@id\":\"https:\\\/\\\/www.aliadospuebla.com\\\/?p=106941#primaryimage\"},\"image\":{\"@id\":\"https:\\\/\\\/www.aliadospuebla.com\\\/?p=106941#primaryimage\"},\"thumbnailUrl\":\"https:\\\/\\\/www.aliadospuebla.com\\\/web2017\\\/wp-content\\\/uploads\\\/2025\\\/06\\\/763.jpg\",\"datePublished\":\"2025-07-13T19:30:55+00:00\",\"author\":{\"@id\":\"https:\\\/\\\/www.aliadospuebla.com\\\/#\\\/schema\\\/person\\\/5da7dd09320bd4f392b710017ed5f8ad\"},\"breadcrumb\":{\"@id\":\"https:\\\/\\\/www.aliadospuebla.com\\\/?p=106941#breadcrumb\"},\"inLanguage\":\"es\",\"potentialAction\":[{\"@type\":\"ReadAction\",\"target\":[\"https:\\\/\\\/www.aliadospuebla.com\\\/?p=106941\"]}]},{\"@type\":\"ImageObject\",\"inLanguage\":\"es\",\"@id\":\"https:\\\/\\\/www.aliadospuebla.com\\\/?p=106941#primaryimage\",\"url\":\"https:\\\/\\\/www.aliadospuebla.com\\\/web2017\\\/wp-content\\\/uploads\\\/2025\\\/06\\\/763.jpg\",\"contentUrl\":\"https:\\\/\\\/www.aliadospuebla.com\\\/web2017\\\/wp-content\\\/uploads\\\/2025\\\/06\\\/763.jpg\",\"width\":600,\"height\":450},{\"@type\":\"BreadcrumbList\",\"@id\":\"https:\\\/\\\/www.aliadospuebla.com\\\/?p=106941#breadcrumb\",\"itemListElement\":[{\"@type\":\"ListItem\",\"position\":1,\"name\":\"Portada\",\"item\":\"https:\\\/\\\/www.aliadospuebla.com\\\/\"},{\"@type\":\"ListItem\",\"position\":2,\"name\":\"El Ayuntamiento de Amozoc refuerza trabajos de mantenimiento y colocaci\u00f3n de luminarias\"}]},{\"@type\":\"WebSite\",\"@id\":\"https:\\\/\\\/www.aliadospuebla.com\\\/#website\",\"url\":\"https:\\\/\\\/www.aliadospuebla.com\\\/\",\"name\":\"AliadosPuebla\",\"description\":\"La informaci\u00f3n en tus manos\",\"potentialAction\":[{\"@type\":\"SearchAction\",\"target\":{\"@type\":\"EntryPoint\",\"urlTemplate\":\"https:\\\/\\\/www.aliadospuebla.com\\\/?s={search_term_string}\"},\"query-input\":{\"@type\":\"PropertyValueSpecification\",\"valueRequired\":true,\"valueName\":\"search_term_string\"}}],\"inLanguage\":\"es\"},{\"@type\":\"Person\",\"@id\":\"https:\\\/\\\/www.aliadospuebla.com\\\/#\\\/schema\\\/person\\\/5da7dd09320bd4f392b710017ed5f8ad\",\"name\":\"Aliados17\",\"image\":{\"@type\":\"ImageObject\",\"inLanguage\":\"es\",\"@id\":\"https:\\\/\\\/www.aliadospuebla.com\\\/web2017\\\/wp-content\\\/uploads\\\/2025\\\/03\\\/cropped-para-perfil-8-anos-1-96x96.jpg\",\"url\":\"https:\\\/\\\/www.aliadospuebla.com\\\/web2017\\\/wp-content\\\/uploads\\\/2025\\\/03\\\/cropped-para-perfil-8-anos-1-96x96.jpg\",\"contentUrl\":\"https:\\\/\\\/www.aliadospuebla.com\\\/web2017\\\/wp-content\\\/uploads\\\/2025\\\/03\\\/cropped-para-perfil-8-anos-1-96x96.jpg\",\"caption\":\"Aliados17\"},\"sameAs\":[\"https:\\\/\\\/www.aliados17.com\",\"https:\\\/\\\/www.facebook.com\\\/Aliados17Pue\",\"https:\\\/\\\/x.com\\\/AliadosPuebla\"],\"url\":\"https:\\\/\\\/www.aliadospuebla.com\\\/?author=2\"}]}<\/script>\n<!-- \/ Yoast SEO plugin. -->","yoast_head_json":{"title":"El Ayuntamiento de Amozoc refuerza trabajos de mantenimiento y colocaci\u00f3n de luminarias - AliadosPuebla","robots":{"index":"index","follow":"follow","max-snippet":"max-snippet:-1","max-image-preview":"max-image-preview:large","max-video-preview":"max-video-preview:-1"},"canonical":"https:\/\/www.aliadospuebla.com\/?p=106941","og_locale":"es_ES","og_type":"article","og_title":"El Ayuntamiento de Amozoc refuerza trabajos de mantenimiento y colocaci\u00f3n de luminarias - AliadosPuebla","og_description":"Amozoc de Mota, Puebla.- El Ayuntamiento de Amozoc 2024 &#8211; 2027 a cargo del presidente municipal Severiano de la Rosa Romero, en cumplimiento de sus funciones en materia de servicios p\u00fablicos, conforme al Art\u00edculo 115 constitucional, y en seguimiento a la directriz del gobernador del Estado de Puebla Alejandro Armenta, contin\u00faa fortaleciendo las acciones para mejorar el alumbrado p\u00fablico en todo el municipio. Todos los d\u00edas, bajo la supervisi\u00f3n del presidente, las cuadrillas de Alumbrado P\u00fablico e Infraestructura recorren distintos puntos del municipio \u2014incluyendo calles de la cabecera municipal, juntas auxiliares e inspector\u00edas\u2014 realizando trabajos de colocaci\u00f3n, rehabilitaci\u00f3n y mantenimiento de luminarias. Cabe destacar que durante esta temporada de lluvias, es com\u00fan que algunas l\u00e1mparas se fundan o presenten fallas, por lo que, con el&hellip;Leer m\u00e1s...","og_url":"https:\/\/www.aliadospuebla.com\/?p=106941","og_site_name":"AliadosPuebla","article_author":"https:\/\/www.facebook.com\/Aliados17Pue","article_published_time":"2025-07-13T19:30:55+00:00","og_image":[{"width":600,"height":450,"url":"https:\/\/www.aliadospuebla.com\/web2017\/wp-content\/uploads\/2025\/06\/763.jpg","type":"image\/jpeg"}],"author":"Aliados17","twitter_card":"summary_large_image","twitter_creator":"@AliadosPuebla","twitter_misc":{"Escrito por":"Aliados17","Tiempo de lectura":"2 minutos"},"schema":{"@context":"https:\/\/schema.org","@graph":[{"@type":"Article","@id":"https:\/\/www.aliadospuebla.com\/?p=106941#article","isPartOf":{"@id":"https:\/\/www.aliadospuebla.com\/?p=106941"},"author":{"name":"Aliados17","@id":"https:\/\/www.aliadospuebla.com\/#\/schema\/person\/5da7dd09320bd4f392b710017ed5f8ad"},"headline":"El Ayuntamiento de Amozoc refuerza trabajos de mantenimiento y colocaci\u00f3n de luminarias","datePublished":"2025-07-13T19:30:55+00:00","mainEntityOfPage":{"@id":"https:\/\/www.aliadospuebla.com\/?p=106941"},"wordCount":237,"commentCount":0,"image":{"@id":"https:\/\/www.aliadospuebla.com\/?p=106941#primaryimage"},"thumbnailUrl":"https:\/\/www.aliadospuebla.com\/web2017\/wp-content\/uploads\/2025\/06\/763.jpg","keywords":["ALUMBRADO P\u00daBLICO","AMOZOC","mantenimiento de luminarias","SERVICIOS P\u00daBLICOS","Severiano de la Rosa Romero"],"articleSection":["Municipios"],"inLanguage":"es","potentialAction":[{"@type":"CommentAction","name":"Comment","target":["https:\/\/www.aliadospuebla.com\/?p=106941#respond"]}]},{"@type":"WebPage","@id":"https:\/\/www.aliadospuebla.com\/?p=106941","url":"https:\/\/www.aliadospuebla.com\/?p=106941","name":"El Ayuntamiento de Amozoc refuerza trabajos de mantenimiento y colocaci\u00f3n de luminarias - AliadosPuebla","isPartOf":{"@id":"https:\/\/www.aliadospuebla.com\/#website"},"primaryImageOfPage":{"@id":"https:\/\/www.aliadospuebla.com\/?p=106941#primaryimage"},"image":{"@id":"https:\/\/www.aliadospuebla.com\/?p=106941#primaryimage"},"thumbnailUrl":"https:\/\/www.aliadospuebla.com\/web2017\/wp-content\/uploads\/2025\/06\/763.jpg","datePublished":"2025-07-13T19:30:55+00:00","author":{"@id":"https:\/\/www.aliadospuebla.com\/#\/schema\/person\/5da7dd09320bd4f392b710017ed5f8ad"},"breadcrumb":{"@id":"https:\/\/www.aliadospuebla.com\/?p=106941#breadcrumb"},"inLanguage":"es","potentialAction":[{"@type":"ReadAction","target":["https:\/\/www.aliadospuebla.com\/?p=106941"]}]},{"@type":"ImageObject","inLanguage":"es","@id":"https:\/\/www.aliadospuebla.com\/?p=106941#primaryimage","url":"https:\/\/www.aliadospuebla.com\/web2017\/wp-content\/uploads\/2025\/06\/763.jpg","contentUrl":"https:\/\/www.aliadospuebla.com\/web2017\/wp-content\/uploads\/2025\/06\/763.jpg","width":600,"height":450},{"@type":"BreadcrumbList","@id":"https:\/\/www.aliadospuebla.com\/?p=106941#breadcrumb","itemListElement":[{"@type":"ListItem","position":1,"name":"Portada","item":"https:\/\/www.aliadospuebla.com\/"},{"@type":"ListItem","position":2,"name":"El Ayuntamiento de Amozoc refuerza trabajos de mantenimiento y colocaci\u00f3n de luminarias"}]},{"@type":"WebSite","@id":"https:\/\/www.aliadospuebla.com\/#website","url":"https:\/\/www.aliadospuebla.com\/","name":"AliadosPuebla","description":"La informaci\u00f3n en tus manos","potentialAction":[{"@type":"SearchAction","target":{"@type":"EntryPoint","urlTemplate":"https:\/\/www.aliadospuebla.com\/?s={search_term_string}"},"query-input":{"@type":"PropertyValueSpecification","valueRequired":true,"valueName":"search_term_string"}}],"inLanguage":"es"},{"@type":"Person","@id":"https:\/\/www.aliadospuebla.com\/#\/schema\/person\/5da7dd09320bd4f392b710017ed5f8ad","name":"Aliados17","image":{"@type":"ImageObject","inLanguage":"es","@id":"https:\/\/www.aliadospuebla.com\/web2017\/wp-content\/uploads\/2025\/03\/cropped-para-perfil-8-anos-1-96x96.jpg","url":"https:\/\/www.aliadospuebla.com\/web2017\/wp-content\/uploads\/2025\/03\/cropped-para-perfil-8-anos-1-96x96.jpg","contentUrl":"https:\/\/www.aliadospuebla.com\/web2017\/wp-content\/uploads\/2025\/03\/cropped-para-perfil-8-anos-1-96x96.jpg","caption":"Aliados17"},"sameAs":["https:\/\/www.aliados17.com","https:\/\/www.facebook.com\/Aliados17Pue","https:\/\/x.com\/AliadosPuebla"],"url":"https:\/\/www.aliadospuebla.com\/?author=2"}]}},"views":9,"_links":{"self":[{"href":"https:\/\/www.aliadospuebla.com\/index.php?rest_route=\/wp\/v2\/posts\/106941","targetHints":{"allow":["GET"]}}],"collection":[{"href":"https:\/\/www.aliadospuebla.com\/index.php?rest_route=\/wp\/v2\/posts"}],"about":[{"href":"https:\/\/www.aliadospuebla.com\/index.php?rest_route=\/wp\/v2\/types\/post"}],"author":[{"embeddable":true,"href":"https:\/\/www.aliadospuebla.com\/index.php?rest_route=\/wp\/v2\/users\/2"}],"replies":[{"embeddable":true,"href":"https:\/\/www.aliadospuebla.com\/index.php?rest_route=%2Fwp%2Fv2%2Fcomments&post=106941"}],"version-history":[{"count":2,"href":"https:\/\/www.aliadospuebla.com\/index.php?rest_route=\/wp\/v2\/posts\/106941\/revisions"}],"predecessor-version":[{"id":106943,"href":"https:\/\/www.aliadospuebla.com\/index.php?rest_route=\/wp\/v2\/posts\/106941\/revisions\/106943"}],"wp:featuredmedia":[{"embeddable":true,"href":"https:\/\/www.aliadospuebla.com\/index.php?rest_route=\/wp\/v2\/media\/106486"}],"wp:attachment":[{"href":"https:\/\/www.aliadospuebla.com\/index.php?rest_route=%2Fwp%2Fv2%2Fmedia&parent=106941"}],"wp:term":[{"taxonomy":"category","embeddable":true,"href":"https:\/\/www.aliadospuebla.com\/index.php?rest_route=%2Fwp%2Fv2%2Fcategories&post=106941"},{"taxonomy":"post_tag","embeddable":true,"href":"https:\/\/www.aliadospuebla.com\/index.php?rest_route=%2Fwp%2Fv2%2Ftags&post=106941"}],"curies":[{"name":"wp","href":"https:\/\/api.w.org\/{rel}","templated":true}]}}