{"id":106926,"date":"2025-07-13T11:01:59","date_gmt":"2025-07-13T17:01:59","guid":{"rendered":"https:\/\/www.aliadospuebla.com\/?p=106926"},"modified":"2025-07-13T11:01:59","modified_gmt":"2025-07-13T17:01:59","slug":"fedrha-suriano-presenta-iniciativa-para-reducir-la-jornada-laboral-a-40-horas-semanales-en-puebla","status":"publish","type":"post","link":"https:\/\/www.aliadospuebla.com\/?p=106926","title":{"rendered":"FEDRHA SURIANO PRESENTA INICIATIVA PARA REDUCIR LA JORNADA LABORAL A 40 HORAS SEMANALES EN PUEBLA"},"content":{"rendered":"<h4><strong>MOVIMIENTO CIUDADANO IMPULSA UN CAMBIO HIST\u00d3RICO EN FAVOR DE LAS Y LOS TRABAJADORES DEL ESTADO Y DEL MUNICIPIO DE PUEBLA<\/strong><\/h4>\n<p>Puebla, Pue.\u2013 En una acci\u00f3n legislativa hist\u00f3rica y en consonancia con una de las principales banderas<\/p>\n<p>de Movimiento Ciudadano, la diputada Fedrha Isabel Suriano Corrales present\u00f3 ante el Pleno del Congreso del Estado<\/p>\n<p>y medios de comunicaci\u00f3n, una iniciativa de reforma para reducir la jornada laboral de 48 a 40 horas semanales,<\/p>\n<p>la cual modifica el art\u00edculo 25 de la Ley de los Trabajadores al Servicio del Estado, as\u00ed como los art\u00edculos<\/p>\n<p>25 y 37 de la Ley de los Trabajadores al Servicio del Ayuntamiento del Municipio de Puebla.<\/p>\n<p>&nbsp;<\/p>\n<p>Esta propuesta legislativa responde a una necesidad evidente en el sector laboral,<\/p>\n<p>y representa un paso firme hacia la dignificaci\u00f3n del trabajo p\u00fablico en Puebla.<\/p>\n<p>De ser aprobada, beneficiar\u00eda a miles de trabajadoras y trabajadores que actualmente enfrentan extensas jornadas,<\/p>\n<p>muchas veces sin el debido reconocimiento a su esfuerzo ni condiciones laborales que favorezcan<\/p>\n<p>el equilibrio entre la vida laboral y personal.<\/p>\n<p>&nbsp;<\/p>\n<p>\u201cMovimiento Ciudadano est\u00e1 comprometido con el bienestar de las personas trabajadoras.<\/p>\n<p>Esta iniciativa no solo busca mejorar la calidad de vida, sino tambi\u00e9n aumentar la productividad,<\/p>\n<p>reducir el estr\u00e9s laboral y fomentar un entorno m\u00e1s justo y saludable\u201d,<\/p>\n<p>se\u00f1al\u00f3 la diputada Fedrha Suriano en su intervenci\u00f3n desde tribuna.<\/p>\n<p>&nbsp;<\/p>\n<p>Se trata de una propuesta prioritaria para Movimiento Ciudadano, y forma parte de una agenda nacional que ha sido impulsada con fuerza tanto en la pasada legislatura federal como en la actual, donde ha sido retomada y defendida como un tema central, incluso en los debates presidenciales durante el proceso electoral de 2024.<\/p>\n<p>&nbsp;<\/p>\n<p>Con esta acci\u00f3n legislativa, Fedrha Suriano se convierte en la primera legisladora en presentar formalmente ante el Congreso local esta iniciativa, aline\u00e1ndose con los esfuerzos federales y estableciendo a Puebla como referente en la lucha por condiciones laborales m\u00e1s justas y humanas.<\/p>\n<p>&nbsp;<\/p>\n<p>Durante su participaci\u00f3n, el diputado federal Juan Ignacio Zavala Guti\u00e9rrez, tambi\u00e9n integrante de Movimiento Ciudadano, expres\u00f3 su respaldo a la iniciativa y destac\u00f3 que esta propuesta promueve el trabajo decente como un componente esencial para el desarrollo sostenible.<\/p>\n<p>&nbsp;<\/p>\n<p>\u201cEl trabajo decente se refiere a oportunidades laborales que sean productivas, seguras, que generen un ingreso justo y que garanticen protecci\u00f3n social para las familias. Esa es la visi\u00f3n de Movimiento Ciudadano y estamos dando pasos firmes para que sea una realidad en todo el pa\u00eds\u201d, afirm\u00f3.<\/p>\n<p>La reducci\u00f3n de la jornada laboral es una demanda ampliamente respaldada por trabajadores, especialistas y organismos internacionales. Diversos estudios han demostrado que jornadas laborales m\u00e1s cortas se traducen en una mayor productividad, mejor salud mental y f\u00edsica, y un entorno laboral\u00a0m\u00e1s\u00a0equitativo.<\/p>\n<p>&nbsp;<\/p>\n<p>Con esta iniciativa de la diputada Fedrha Suriano, Movimiento Ciudadano reafirma su compromiso con las causas ciudadanas y con una agenda legislativa que pone al centro a las personas, el bienestar colectivo y el desarrollo con justicia\u00a0social.<\/p>\n","protected":false},"excerpt":{"rendered":"<p>MOVIMIENTO CIUDADANO IMPULSA UN CAMBIO HIST\u00d3RICO EN FAVOR DE LAS Y LOS TRABAJADORES DEL ESTADO Y DEL MUNICIPIO DE PUEBLA Puebla, Pue.\u2013 En una acci\u00f3n legislativa hist\u00f3rica y en consonancia con una de las principales banderas de Movimiento Ciudadano, la diputada Fedrha Isabel Suriano Corrales present\u00f3 ante el Pleno del Congreso del Estado y medios de comunicaci\u00f3n, una iniciativa de reforma para reducir la jornada laboral de 48 a 40 horas semanales, la cual modifica el art\u00edculo 25 de la Ley de los Trabajadores al Servicio del Estado, as\u00ed como los art\u00edculos 25 y 37 de la Ley de los Trabajadores al Servicio del Ayuntamiento del Municipio de Puebla. &nbsp; Esta propuesta legislativa responde a una necesidad evidente en el sector laboral, y representa un&hellip;<\/p>\n<p class=\"excerpt-more\"><a class=\"blog-excerpt button\" href=\"https:\/\/www.aliadospuebla.com\/?p=106926\">Leer m\u00e1s&#8230;<\/a><\/p>\n","protected":false},"author":2,"featured_media":106927,"comment_status":"open","ping_status":"open","sticky":false,"template":"","format":"standard","meta":{"_monsterinsights_skip_tracking":false,"footnotes":""},"categories":[6],"tags":[88,30076,24481,3834,5334,30075],"class_list":["post-106926","post","type-post","status-publish","format-standard","has-post-thumbnail","hentry","category-politica","tag-congreso-del-estado","tag-dignificacion-del-trabajo-publico","tag-fedrha-isabel-suriano-corrales","tag-justicia-social","tag-movimiento-ciudadano","tag-reducir-la-jornada-laboral"],"yoast_head":"<!-- This site is optimized with the Yoast SEO plugin v28.4 - https:\/\/yoast.com\/product\/yoast-seo-wordpress\/ -->\n<title>FEDRHA SURIANO PRESENTA INICIATIVA PARA REDUCIR LA JORNADA LABORAL A 40 HORAS SEMANALES EN PUEBLA - AliadosPuebla<\/title>\n<meta name=\"robots\" content=\"index, follow, max-snippet:-1, max-image-preview:large, max-video-preview:-1\" \/>\n<link rel=\"canonical\" href=\"https:\/\/www.aliadospuebla.com\/?p=106926\" \/>\n<meta property=\"og:locale\" content=\"es_ES\" \/>\n<meta property=\"og:type\" content=\"article\" \/>\n<meta property=\"og:title\" content=\"FEDRHA SURIANO PRESENTA INICIATIVA PARA REDUCIR LA JORNADA LABORAL A 40 HORAS SEMANALES EN PUEBLA - AliadosPuebla\" \/>\n<meta property=\"og:description\" content=\"MOVIMIENTO CIUDADANO IMPULSA UN CAMBIO HIST\u00d3RICO EN FAVOR DE LAS Y LOS TRABAJADORES DEL ESTADO Y DEL MUNICIPIO DE PUEBLA Puebla, Pue.\u2013 En una acci\u00f3n legislativa hist\u00f3rica y en consonancia con una de las principales banderas de Movimiento Ciudadano, la diputada Fedrha Isabel Suriano Corrales present\u00f3 ante el Pleno del Congreso del Estado y medios de comunicaci\u00f3n, una iniciativa de reforma para reducir la jornada laboral de 48 a 40 horas semanales, la cual modifica el art\u00edculo 25 de la Ley de los Trabajadores al Servicio del Estado, as\u00ed como los art\u00edculos 25 y 37 de la Ley de los Trabajadores al Servicio del Ayuntamiento del Municipio de Puebla. &nbsp; Esta propuesta legislativa responde a una necesidad evidente en el sector laboral, y representa un&hellip;Leer m\u00e1s...\" \/>\n<meta property=\"og:url\" content=\"https:\/\/www.aliadospuebla.com\/?p=106926\" \/>\n<meta property=\"og:site_name\" content=\"AliadosPuebla\" \/>\n<meta property=\"article:author\" content=\"https:\/\/www.facebook.com\/Aliados17Pue\" \/>\n<meta property=\"article:published_time\" content=\"2025-07-13T17:01:59+00:00\" \/>\n<meta property=\"og:image\" content=\"https:\/\/www.aliadospuebla.com\/web2017\/wp-content\/uploads\/2025\/07\/899.jpg\" \/>\n\t<meta property=\"og:image:width\" content=\"600\" \/>\n\t<meta property=\"og:image:height\" content=\"450\" \/>\n\t<meta property=\"og:image:type\" content=\"image\/jpeg\" \/>\n<meta name=\"author\" content=\"Aliados17\" \/>\n<meta name=\"twitter:card\" content=\"summary_large_image\" \/>\n<meta name=\"twitter:creator\" content=\"@AliadosPuebla\" \/>\n<meta name=\"twitter:label1\" content=\"Escrito por\" \/>\n\t<meta name=\"twitter:data1\" content=\"Aliados17\" \/>\n\t<meta name=\"twitter:label2\" content=\"Tiempo de lectura\" \/>\n\t<meta name=\"twitter:data2\" content=\"3 minutos\" \/>\n<script type=\"application\/ld+json\" class=\"yoast-schema-graph\">{\"@context\":\"https:\\\/\\\/schema.org\",\"@graph\":[{\"@type\":\"Article\",\"@id\":\"https:\\\/\\\/www.aliadospuebla.com\\\/?p=106926#article\",\"isPartOf\":{\"@id\":\"https:\\\/\\\/www.aliadospuebla.com\\\/?p=106926\"},\"author\":{\"name\":\"Aliados17\",\"@id\":\"https:\\\/\\\/www.aliadospuebla.com\\\/#\\\/schema\\\/person\\\/5da7dd09320bd4f392b710017ed5f8ad\"},\"headline\":\"FEDRHA SURIANO PRESENTA INICIATIVA PARA REDUCIR LA JORNADA LABORAL A 40 HORAS SEMANALES EN PUEBLA\",\"datePublished\":\"2025-07-13T17:01:59+00:00\",\"mainEntityOfPage\":{\"@id\":\"https:\\\/\\\/www.aliadospuebla.com\\\/?p=106926\"},\"wordCount\":522,\"commentCount\":0,\"image\":{\"@id\":\"https:\\\/\\\/www.aliadospuebla.com\\\/?p=106926#primaryimage\"},\"thumbnailUrl\":\"https:\\\/\\\/www.aliadospuebla.com\\\/web2017\\\/wp-content\\\/uploads\\\/2025\\\/07\\\/899.jpg\",\"keywords\":[\"Congreso del Estado\",\"dignificaci\u00f3n del trabajo p\u00fablico\",\"Fedrha Isabel Suriano Corrales\",\"JUSTICIA SOCIAL\",\"MOVIMIENTO CIUDADANO\",\"reducir la jornada laboral\"],\"articleSection\":[\"Pol\u00edtica\"],\"inLanguage\":\"es\",\"potentialAction\":[{\"@type\":\"CommentAction\",\"name\":\"Comment\",\"target\":[\"https:\\\/\\\/www.aliadospuebla.com\\\/?p=106926#respond\"]}]},{\"@type\":\"WebPage\",\"@id\":\"https:\\\/\\\/www.aliadospuebla.com\\\/?p=106926\",\"url\":\"https:\\\/\\\/www.aliadospuebla.com\\\/?p=106926\",\"name\":\"FEDRHA SURIANO PRESENTA INICIATIVA PARA REDUCIR LA JORNADA LABORAL A 40 HORAS SEMANALES EN PUEBLA - AliadosPuebla\",\"isPartOf\":{\"@id\":\"https:\\\/\\\/www.aliadospuebla.com\\\/#website\"},\"primaryImageOfPage\":{\"@id\":\"https:\\\/\\\/www.aliadospuebla.com\\\/?p=106926#primaryimage\"},\"image\":{\"@id\":\"https:\\\/\\\/www.aliadospuebla.com\\\/?p=106926#primaryimage\"},\"thumbnailUrl\":\"https:\\\/\\\/www.aliadospuebla.com\\\/web2017\\\/wp-content\\\/uploads\\\/2025\\\/07\\\/899.jpg\",\"datePublished\":\"2025-07-13T17:01:59+00:00\",\"author\":{\"@id\":\"https:\\\/\\\/www.aliadospuebla.com\\\/#\\\/schema\\\/person\\\/5da7dd09320bd4f392b710017ed5f8ad\"},\"breadcrumb\":{\"@id\":\"https:\\\/\\\/www.aliadospuebla.com\\\/?p=106926#breadcrumb\"},\"inLanguage\":\"es\",\"potentialAction\":[{\"@type\":\"ReadAction\",\"target\":[\"https:\\\/\\\/www.aliadospuebla.com\\\/?p=106926\"]}]},{\"@type\":\"ImageObject\",\"inLanguage\":\"es\",\"@id\":\"https:\\\/\\\/www.aliadospuebla.com\\\/?p=106926#primaryimage\",\"url\":\"https:\\\/\\\/www.aliadospuebla.com\\\/web2017\\\/wp-content\\\/uploads\\\/2025\\\/07\\\/899.jpg\",\"contentUrl\":\"https:\\\/\\\/www.aliadospuebla.com\\\/web2017\\\/wp-content\\\/uploads\\\/2025\\\/07\\\/899.jpg\",\"width\":600,\"height\":450},{\"@type\":\"BreadcrumbList\",\"@id\":\"https:\\\/\\\/www.aliadospuebla.com\\\/?p=106926#breadcrumb\",\"itemListElement\":[{\"@type\":\"ListItem\",\"position\":1,\"name\":\"Portada\",\"item\":\"https:\\\/\\\/www.aliadospuebla.com\\\/\"},{\"@type\":\"ListItem\",\"position\":2,\"name\":\"FEDRHA SURIANO PRESENTA INICIATIVA PARA REDUCIR LA JORNADA LABORAL A 40 HORAS SEMANALES EN PUEBLA\"}]},{\"@type\":\"WebSite\",\"@id\":\"https:\\\/\\\/www.aliadospuebla.com\\\/#website\",\"url\":\"https:\\\/\\\/www.aliadospuebla.com\\\/\",\"name\":\"AliadosPuebla\",\"description\":\"La informaci\u00f3n en tus manos\",\"potentialAction\":[{\"@type\":\"SearchAction\",\"target\":{\"@type\":\"EntryPoint\",\"urlTemplate\":\"https:\\\/\\\/www.aliadospuebla.com\\\/?s={search_term_string}\"},\"query-input\":{\"@type\":\"PropertyValueSpecification\",\"valueRequired\":true,\"valueName\":\"search_term_string\"}}],\"inLanguage\":\"es\"},{\"@type\":\"Person\",\"@id\":\"https:\\\/\\\/www.aliadospuebla.com\\\/#\\\/schema\\\/person\\\/5da7dd09320bd4f392b710017ed5f8ad\",\"name\":\"Aliados17\",\"image\":{\"@type\":\"ImageObject\",\"inLanguage\":\"es\",\"@id\":\"https:\\\/\\\/www.aliadospuebla.com\\\/web2017\\\/wp-content\\\/uploads\\\/2025\\\/03\\\/cropped-para-perfil-8-anos-1-96x96.jpg\",\"url\":\"https:\\\/\\\/www.aliadospuebla.com\\\/web2017\\\/wp-content\\\/uploads\\\/2025\\\/03\\\/cropped-para-perfil-8-anos-1-96x96.jpg\",\"contentUrl\":\"https:\\\/\\\/www.aliadospuebla.com\\\/web2017\\\/wp-content\\\/uploads\\\/2025\\\/03\\\/cropped-para-perfil-8-anos-1-96x96.jpg\",\"caption\":\"Aliados17\"},\"sameAs\":[\"https:\\\/\\\/www.aliados17.com\",\"https:\\\/\\\/www.facebook.com\\\/Aliados17Pue\",\"https:\\\/\\\/x.com\\\/AliadosPuebla\"],\"url\":\"https:\\\/\\\/www.aliadospuebla.com\\\/?author=2\"}]}<\/script>\n<!-- \/ Yoast SEO plugin. -->","yoast_head_json":{"title":"FEDRHA SURIANO PRESENTA INICIATIVA PARA REDUCIR LA JORNADA LABORAL A 40 HORAS SEMANALES EN PUEBLA - AliadosPuebla","robots":{"index":"index","follow":"follow","max-snippet":"max-snippet:-1","max-image-preview":"max-image-preview:large","max-video-preview":"max-video-preview:-1"},"canonical":"https:\/\/www.aliadospuebla.com\/?p=106926","og_locale":"es_ES","og_type":"article","og_title":"FEDRHA SURIANO PRESENTA INICIATIVA PARA REDUCIR LA JORNADA LABORAL A 40 HORAS SEMANALES EN PUEBLA - AliadosPuebla","og_description":"MOVIMIENTO CIUDADANO IMPULSA UN CAMBIO HIST\u00d3RICO EN FAVOR DE LAS Y LOS TRABAJADORES DEL ESTADO Y DEL MUNICIPIO DE PUEBLA Puebla, Pue.\u2013 En una acci\u00f3n legislativa hist\u00f3rica y en consonancia con una de las principales banderas de Movimiento Ciudadano, la diputada Fedrha Isabel Suriano Corrales present\u00f3 ante el Pleno del Congreso del Estado y medios de comunicaci\u00f3n, una iniciativa de reforma para reducir la jornada laboral de 48 a 40 horas semanales, la cual modifica el art\u00edculo 25 de la Ley de los Trabajadores al Servicio del Estado, as\u00ed como los art\u00edculos 25 y 37 de la Ley de los Trabajadores al Servicio del Ayuntamiento del Municipio de Puebla. &nbsp; Esta propuesta legislativa responde a una necesidad evidente en el sector laboral, y representa un&hellip;Leer m\u00e1s...","og_url":"https:\/\/www.aliadospuebla.com\/?p=106926","og_site_name":"AliadosPuebla","article_author":"https:\/\/www.facebook.com\/Aliados17Pue","article_published_time":"2025-07-13T17:01:59+00:00","og_image":[{"width":600,"height":450,"url":"https:\/\/www.aliadospuebla.com\/web2017\/wp-content\/uploads\/2025\/07\/899.jpg","type":"image\/jpeg"}],"author":"Aliados17","twitter_card":"summary_large_image","twitter_creator":"@AliadosPuebla","twitter_misc":{"Escrito por":"Aliados17","Tiempo de lectura":"3 minutos"},"schema":{"@context":"https:\/\/schema.org","@graph":[{"@type":"Article","@id":"https:\/\/www.aliadospuebla.com\/?p=106926#article","isPartOf":{"@id":"https:\/\/www.aliadospuebla.com\/?p=106926"},"author":{"name":"Aliados17","@id":"https:\/\/www.aliadospuebla.com\/#\/schema\/person\/5da7dd09320bd4f392b710017ed5f8ad"},"headline":"FEDRHA SURIANO PRESENTA INICIATIVA PARA REDUCIR LA JORNADA LABORAL A 40 HORAS SEMANALES EN PUEBLA","datePublished":"2025-07-13T17:01:59+00:00","mainEntityOfPage":{"@id":"https:\/\/www.aliadospuebla.com\/?p=106926"},"wordCount":522,"commentCount":0,"image":{"@id":"https:\/\/www.aliadospuebla.com\/?p=106926#primaryimage"},"thumbnailUrl":"https:\/\/www.aliadospuebla.com\/web2017\/wp-content\/uploads\/2025\/07\/899.jpg","keywords":["Congreso del Estado","dignificaci\u00f3n del trabajo p\u00fablico","Fedrha Isabel Suriano Corrales","JUSTICIA SOCIAL","MOVIMIENTO CIUDADANO","reducir la jornada laboral"],"articleSection":["Pol\u00edtica"],"inLanguage":"es","potentialAction":[{"@type":"CommentAction","name":"Comment","target":["https:\/\/www.aliadospuebla.com\/?p=106926#respond"]}]},{"@type":"WebPage","@id":"https:\/\/www.aliadospuebla.com\/?p=106926","url":"https:\/\/www.aliadospuebla.com\/?p=106926","name":"FEDRHA SURIANO PRESENTA INICIATIVA PARA REDUCIR LA JORNADA LABORAL A 40 HORAS SEMANALES EN PUEBLA - AliadosPuebla","isPartOf":{"@id":"https:\/\/www.aliadospuebla.com\/#website"},"primaryImageOfPage":{"@id":"https:\/\/www.aliadospuebla.com\/?p=106926#primaryimage"},"image":{"@id":"https:\/\/www.aliadospuebla.com\/?p=106926#primaryimage"},"thumbnailUrl":"https:\/\/www.aliadospuebla.com\/web2017\/wp-content\/uploads\/2025\/07\/899.jpg","datePublished":"2025-07-13T17:01:59+00:00","author":{"@id":"https:\/\/www.aliadospuebla.com\/#\/schema\/person\/5da7dd09320bd4f392b710017ed5f8ad"},"breadcrumb":{"@id":"https:\/\/www.aliadospuebla.com\/?p=106926#breadcrumb"},"inLanguage":"es","potentialAction":[{"@type":"ReadAction","target":["https:\/\/www.aliadospuebla.com\/?p=106926"]}]},{"@type":"ImageObject","inLanguage":"es","@id":"https:\/\/www.aliadospuebla.com\/?p=106926#primaryimage","url":"https:\/\/www.aliadospuebla.com\/web2017\/wp-content\/uploads\/2025\/07\/899.jpg","contentUrl":"https:\/\/www.aliadospuebla.com\/web2017\/wp-content\/uploads\/2025\/07\/899.jpg","width":600,"height":450},{"@type":"BreadcrumbList","@id":"https:\/\/www.aliadospuebla.com\/?p=106926#breadcrumb","itemListElement":[{"@type":"ListItem","position":1,"name":"Portada","item":"https:\/\/www.aliadospuebla.com\/"},{"@type":"ListItem","position":2,"name":"FEDRHA SURIANO PRESENTA INICIATIVA PARA REDUCIR LA JORNADA LABORAL A 40 HORAS SEMANALES EN PUEBLA"}]},{"@type":"WebSite","@id":"https:\/\/www.aliadospuebla.com\/#website","url":"https:\/\/www.aliadospuebla.com\/","name":"AliadosPuebla","description":"La informaci\u00f3n en tus manos","potentialAction":[{"@type":"SearchAction","target":{"@type":"EntryPoint","urlTemplate":"https:\/\/www.aliadospuebla.com\/?s={search_term_string}"},"query-input":{"@type":"PropertyValueSpecification","valueRequired":true,"valueName":"search_term_string"}}],"inLanguage":"es"},{"@type":"Person","@id":"https:\/\/www.aliadospuebla.com\/#\/schema\/person\/5da7dd09320bd4f392b710017ed5f8ad","name":"Aliados17","image":{"@type":"ImageObject","inLanguage":"es","@id":"https:\/\/www.aliadospuebla.com\/web2017\/wp-content\/uploads\/2025\/03\/cropped-para-perfil-8-anos-1-96x96.jpg","url":"https:\/\/www.aliadospuebla.com\/web2017\/wp-content\/uploads\/2025\/03\/cropped-para-perfil-8-anos-1-96x96.jpg","contentUrl":"https:\/\/www.aliadospuebla.com\/web2017\/wp-content\/uploads\/2025\/03\/cropped-para-perfil-8-anos-1-96x96.jpg","caption":"Aliados17"},"sameAs":["https:\/\/www.aliados17.com","https:\/\/www.facebook.com\/Aliados17Pue","https:\/\/x.com\/AliadosPuebla"],"url":"https:\/\/www.aliadospuebla.com\/?author=2"}]}},"views":46,"_links":{"self":[{"href":"https:\/\/www.aliadospuebla.com\/index.php?rest_route=\/wp\/v2\/posts\/106926","targetHints":{"allow":["GET"]}}],"collection":[{"href":"https:\/\/www.aliadospuebla.com\/index.php?rest_route=\/wp\/v2\/posts"}],"about":[{"href":"https:\/\/www.aliadospuebla.com\/index.php?rest_route=\/wp\/v2\/types\/post"}],"author":[{"embeddable":true,"href":"https:\/\/www.aliadospuebla.com\/index.php?rest_route=\/wp\/v2\/users\/2"}],"replies":[{"embeddable":true,"href":"https:\/\/www.aliadospuebla.com\/index.php?rest_route=%2Fwp%2Fv2%2Fcomments&post=106926"}],"version-history":[{"count":1,"href":"https:\/\/www.aliadospuebla.com\/index.php?rest_route=\/wp\/v2\/posts\/106926\/revisions"}],"predecessor-version":[{"id":106928,"href":"https:\/\/www.aliadospuebla.com\/index.php?rest_route=\/wp\/v2\/posts\/106926\/revisions\/106928"}],"wp:featuredmedia":[{"embeddable":true,"href":"https:\/\/www.aliadospuebla.com\/index.php?rest_route=\/wp\/v2\/media\/106927"}],"wp:attachment":[{"href":"https:\/\/www.aliadospuebla.com\/index.php?rest_route=%2Fwp%2Fv2%2Fmedia&parent=106926"}],"wp:term":[{"taxonomy":"category","embeddable":true,"href":"https:\/\/www.aliadospuebla.com\/index.php?rest_route=%2Fwp%2Fv2%2Fcategories&post=106926"},{"taxonomy":"post_tag","embeddable":true,"href":"https:\/\/www.aliadospuebla.com\/index.php?rest_route=%2Fwp%2Fv2%2Ftags&post=106926"}],"curies":[{"name":"wp","href":"https:\/\/api.w.org\/{rel}","templated":true}]}}