{"id":106908,"date":"2025-07-12T13:59:44","date_gmt":"2025-07-12T19:59:44","guid":{"rendered":"https:\/\/www.aliadospuebla.com\/?p=106908"},"modified":"2025-07-12T13:59:44","modified_gmt":"2025-07-12T19:59:44","slug":"lanza-gobierno-de-la-ciudad-estacion-semilla-talleres-gratuitos-de-huertos-urbanos","status":"publish","type":"post","link":"https:\/\/www.aliadospuebla.com\/?p=106908","title":{"rendered":"Lanza Gobierno de la Ciudad \u201cEstaci\u00f3n Semilla\u201d, talleres gratuitos de huertos urbanos"},"content":{"rendered":"<h4>&#8211; Se realizar\u00e1n los d\u00edas 12, 19 y 26 de julio de forma gratuita y abierta a todo p\u00fablico<\/h4>\n<p>Puebla, Pue.- Con el objetivo de promover la autosuficiencia alimentaria, el aprendizaje colectivo y la vida en comunidad,<\/p>\n<p>el Gobierno de la Ciudad, a trav\u00e9s de la Secretar\u00eda de Medio Ambiente, puso en marcha el programa \u201cEstaci\u00f3n Semilla\u201d,<\/p>\n<p>que incluye una serie de talleres sabatinos que impulsan la creaci\u00f3n de huertos urbanos.<\/p>\n<p>Tendiendo como sede el Museo Nacional de los Ferrocarriles Mexicanos, el presidente municipal,<\/p>\n<p>Pepe Chedraui Budib, acudi\u00f3 al primero de estos talleres para ni\u00f1as y ni\u00f1os quienes, adem\u00e1s,<\/p>\n<p>pusieron su nombre a cada uno de los \u00e1rboles como un compromiso de que se har\u00e1n cargo de su cuidado.<\/p>\n<p>Dicha iniciativa forma parte de la estrategia orientada a fortalecer la econom\u00eda familiar desde la sostenibilidad y los saberes agr\u00edcolas. En este sentido, el presidente municipal, reconoci\u00f3 los beneficios de estas acciones a favor del medio ambiente, como la recuperaci\u00f3n de la composta, sembrar huertos urbanos y aumentar el autoconsumo de productos naturales.<\/p>\n<p>\u00abEsto s\u00ed es org\u00e1nico, es lo m\u00e1s limpio, sin qu\u00edmicos, sin cosas que afecten a nuestra naturaleza. Poderles ense\u00f1ar a nuestros hijos sobre los huertos urbanos que ya mucha gente los tiene en sus casas\u00bb, puntualiz\u00f3.<\/p>\n<p>Durante la inauguraci\u00f3n, el secretario de Medio Ambiente, Iv\u00e1n Herrera, expres\u00f3: \u201caqu\u00ed sembramos lechugas, cilantro, \u00e1rboles frutales (\u2026) pero tambi\u00e9n sembramos comunidad, salud y memoria viva. Sembrar tambi\u00e9n es una forma de gobernar: con las manos en la tierra y el coraz\u00f3n en lo com\u00fan.\u201d<\/p>\n<p>La titular de la Secretar\u00eda para la Igualdad Sustantiva de G\u00e9nero, Zaira Gonz\u00e1lez G\u00f3mez, afirm\u00f3 que es muy importante que las ni\u00f1as y los ni\u00f1os aprendan sobre el cuidado del medio ambiente, la importancia de los \u00e1rboles para la generaci\u00f3n de ox\u00edgeno y el uso de la composta, entre otras acciones, para que las nuevas generaciones tengan un mejor mundo.<\/p>\n<p>\u201cEstaci\u00f3n Semilla\u201d contempla tres sesiones pr\u00e1cticas los d\u00edas 12, 19 y 26 de julio, donde vecinas y vecinos aprender\u00e1n desde c\u00f3mo dise\u00f1ar un huerto, hacer composta, hasta sembrar \u00e1rboles frutales. La actividad es gratuita y abierta a todo p\u00fablico.<\/p>\n<p>Con acciones como esta, el Gobierno de la Ciudad reafirma su compromiso con el medio ambiente, la econom\u00eda social y la vida comunitaria.<\/p>\n","protected":false},"excerpt":{"rendered":"<p>&#8211; Se realizar\u00e1n los d\u00edas 12, 19 y 26 de julio de forma gratuita y abierta a todo p\u00fablico Puebla, Pue.- Con el objetivo de promover la autosuficiencia alimentaria, el aprendizaje colectivo y la vida en comunidad, el Gobierno de la Ciudad, a trav\u00e9s de la Secretar\u00eda de Medio Ambiente, puso en marcha el programa \u201cEstaci\u00f3n Semilla\u201d, que incluye una serie de talleres sabatinos que impulsan la creaci\u00f3n de huertos urbanos. Tendiendo como sede el Museo Nacional de los Ferrocarriles Mexicanos, el presidente municipal, Pepe Chedraui Budib, acudi\u00f3 al primero de estos talleres para ni\u00f1as y ni\u00f1os quienes, adem\u00e1s, pusieron su nombre a cada uno de los \u00e1rboles como un compromiso de que se har\u00e1n cargo de su cuidado. Dicha iniciativa forma parte de la&hellip;<\/p>\n<p class=\"excerpt-more\"><a class=\"blog-excerpt button\" href=\"https:\/\/www.aliadospuebla.com\/?p=106908\">Leer m\u00e1s&#8230;<\/a><\/p>\n","protected":false},"author":2,"featured_media":106909,"comment_status":"open","ping_status":"open","sticky":false,"template":"","format":"standard","meta":{"_monsterinsights_skip_tracking":false,"footnotes":""},"categories":[62],"tags":[12197,15625,30063,30062,30066,30065,30064],"class_list":["post-106908","post","type-post","status-publish","format-standard","has-post-thumbnail","hentry","category-capital","tag-autoconsumo","tag-autosuficiencia-alimentaria","tag-estacion-semilla","tag-huertos-urbanos","tag-productos-naturales","tag-saberes-agricolas","tag-talleres-gratuitos"],"yoast_head":"<!-- This site is optimized with the Yoast SEO plugin v28.3 - https:\/\/yoast.com\/product\/yoast-seo-wordpress\/ -->\n<title>Lanza Gobierno de la Ciudad \u201cEstaci\u00f3n Semilla\u201d, talleres gratuitos de huertos urbanos - AliadosPuebla<\/title>\n<meta name=\"robots\" content=\"index, follow, max-snippet:-1, max-image-preview:large, max-video-preview:-1\" \/>\n<link rel=\"canonical\" href=\"https:\/\/www.aliadospuebla.com\/?p=106908\" \/>\n<meta property=\"og:locale\" content=\"es_ES\" \/>\n<meta property=\"og:type\" content=\"article\" \/>\n<meta property=\"og:title\" content=\"Lanza Gobierno de la Ciudad \u201cEstaci\u00f3n Semilla\u201d, talleres gratuitos de huertos urbanos - AliadosPuebla\" \/>\n<meta property=\"og:description\" content=\"&#8211; Se realizar\u00e1n los d\u00edas 12, 19 y 26 de julio de forma gratuita y abierta a todo p\u00fablico Puebla, Pue.- Con el objetivo de promover la autosuficiencia alimentaria, el aprendizaje colectivo y la vida en comunidad, el Gobierno de la Ciudad, a trav\u00e9s de la Secretar\u00eda de Medio Ambiente, puso en marcha el programa \u201cEstaci\u00f3n Semilla\u201d, que incluye una serie de talleres sabatinos que impulsan la creaci\u00f3n de huertos urbanos. Tendiendo como sede el Museo Nacional de los Ferrocarriles Mexicanos, el presidente municipal, Pepe Chedraui Budib, acudi\u00f3 al primero de estos talleres para ni\u00f1as y ni\u00f1os quienes, adem\u00e1s, pusieron su nombre a cada uno de los \u00e1rboles como un compromiso de que se har\u00e1n cargo de su cuidado. Dicha iniciativa forma parte de la&hellip;Leer m\u00e1s...\" \/>\n<meta property=\"og:url\" content=\"https:\/\/www.aliadospuebla.com\/?p=106908\" \/>\n<meta property=\"og:site_name\" content=\"AliadosPuebla\" \/>\n<meta property=\"article:author\" content=\"https:\/\/www.facebook.com\/Aliados17Pue\" \/>\n<meta property=\"article:published_time\" content=\"2025-07-12T19:59:44+00:00\" \/>\n<meta property=\"og:image\" content=\"https:\/\/www.aliadospuebla.com\/web2017\/wp-content\/uploads\/2025\/07\/893.jpg\" \/>\n\t<meta property=\"og:image:width\" content=\"600\" \/>\n\t<meta property=\"og:image:height\" content=\"450\" \/>\n\t<meta property=\"og:image:type\" content=\"image\/jpeg\" \/>\n<meta name=\"author\" content=\"Aliados17\" \/>\n<meta name=\"twitter:card\" content=\"summary_large_image\" \/>\n<meta name=\"twitter:creator\" content=\"@AliadosPuebla\" \/>\n<meta name=\"twitter:label1\" content=\"Escrito por\" \/>\n\t<meta name=\"twitter:data1\" content=\"Aliados17\" \/>\n\t<meta name=\"twitter:label2\" content=\"Tiempo de lectura\" \/>\n\t<meta name=\"twitter:data2\" content=\"2 minutos\" \/>\n<script type=\"application\/ld+json\" class=\"yoast-schema-graph\">{\"@context\":\"https:\\\/\\\/schema.org\",\"@graph\":[{\"@type\":\"Article\",\"@id\":\"https:\\\/\\\/www.aliadospuebla.com\\\/?p=106908#article\",\"isPartOf\":{\"@id\":\"https:\\\/\\\/www.aliadospuebla.com\\\/?p=106908\"},\"author\":{\"name\":\"Aliados17\",\"@id\":\"https:\\\/\\\/www.aliadospuebla.com\\\/#\\\/schema\\\/person\\\/5da7dd09320bd4f392b710017ed5f8ad\"},\"headline\":\"Lanza Gobierno de la Ciudad \u201cEstaci\u00f3n Semilla\u201d, talleres gratuitos de huertos urbanos\",\"datePublished\":\"2025-07-12T19:59:44+00:00\",\"mainEntityOfPage\":{\"@id\":\"https:\\\/\\\/www.aliadospuebla.com\\\/?p=106908\"},\"wordCount\":422,\"commentCount\":0,\"image\":{\"@id\":\"https:\\\/\\\/www.aliadospuebla.com\\\/?p=106908#primaryimage\"},\"thumbnailUrl\":\"https:\\\/\\\/www.aliadospuebla.com\\\/web2017\\\/wp-content\\\/uploads\\\/2025\\\/07\\\/893.jpg\",\"keywords\":[\"autoconsumo\",\"autosuficiencia alimentaria\",\"Estaci\u00f3n Semilla\",\"huertos urbanos\",\"productos naturales\",\"saberes agr\u00edcolas\",\"talleres gratuitos\"],\"articleSection\":[\"Capital\"],\"inLanguage\":\"es\",\"potentialAction\":[{\"@type\":\"CommentAction\",\"name\":\"Comment\",\"target\":[\"https:\\\/\\\/www.aliadospuebla.com\\\/?p=106908#respond\"]}]},{\"@type\":\"WebPage\",\"@id\":\"https:\\\/\\\/www.aliadospuebla.com\\\/?p=106908\",\"url\":\"https:\\\/\\\/www.aliadospuebla.com\\\/?p=106908\",\"name\":\"Lanza Gobierno de la Ciudad \u201cEstaci\u00f3n Semilla\u201d, talleres gratuitos de huertos urbanos - AliadosPuebla\",\"isPartOf\":{\"@id\":\"https:\\\/\\\/www.aliadospuebla.com\\\/#website\"},\"primaryImageOfPage\":{\"@id\":\"https:\\\/\\\/www.aliadospuebla.com\\\/?p=106908#primaryimage\"},\"image\":{\"@id\":\"https:\\\/\\\/www.aliadospuebla.com\\\/?p=106908#primaryimage\"},\"thumbnailUrl\":\"https:\\\/\\\/www.aliadospuebla.com\\\/web2017\\\/wp-content\\\/uploads\\\/2025\\\/07\\\/893.jpg\",\"datePublished\":\"2025-07-12T19:59:44+00:00\",\"author\":{\"@id\":\"https:\\\/\\\/www.aliadospuebla.com\\\/#\\\/schema\\\/person\\\/5da7dd09320bd4f392b710017ed5f8ad\"},\"breadcrumb\":{\"@id\":\"https:\\\/\\\/www.aliadospuebla.com\\\/?p=106908#breadcrumb\"},\"inLanguage\":\"es\",\"potentialAction\":[{\"@type\":\"ReadAction\",\"target\":[\"https:\\\/\\\/www.aliadospuebla.com\\\/?p=106908\"]}]},{\"@type\":\"ImageObject\",\"inLanguage\":\"es\",\"@id\":\"https:\\\/\\\/www.aliadospuebla.com\\\/?p=106908#primaryimage\",\"url\":\"https:\\\/\\\/www.aliadospuebla.com\\\/web2017\\\/wp-content\\\/uploads\\\/2025\\\/07\\\/893.jpg\",\"contentUrl\":\"https:\\\/\\\/www.aliadospuebla.com\\\/web2017\\\/wp-content\\\/uploads\\\/2025\\\/07\\\/893.jpg\",\"width\":600,\"height\":450},{\"@type\":\"BreadcrumbList\",\"@id\":\"https:\\\/\\\/www.aliadospuebla.com\\\/?p=106908#breadcrumb\",\"itemListElement\":[{\"@type\":\"ListItem\",\"position\":1,\"name\":\"Portada\",\"item\":\"https:\\\/\\\/www.aliadospuebla.com\\\/\"},{\"@type\":\"ListItem\",\"position\":2,\"name\":\"Lanza Gobierno de la Ciudad \u201cEstaci\u00f3n Semilla\u201d, talleres gratuitos de huertos urbanos\"}]},{\"@type\":\"WebSite\",\"@id\":\"https:\\\/\\\/www.aliadospuebla.com\\\/#website\",\"url\":\"https:\\\/\\\/www.aliadospuebla.com\\\/\",\"name\":\"AliadosPuebla\",\"description\":\"La informaci\u00f3n en tus manos\",\"potentialAction\":[{\"@type\":\"SearchAction\",\"target\":{\"@type\":\"EntryPoint\",\"urlTemplate\":\"https:\\\/\\\/www.aliadospuebla.com\\\/?s={search_term_string}\"},\"query-input\":{\"@type\":\"PropertyValueSpecification\",\"valueRequired\":true,\"valueName\":\"search_term_string\"}}],\"inLanguage\":\"es\"},{\"@type\":\"Person\",\"@id\":\"https:\\\/\\\/www.aliadospuebla.com\\\/#\\\/schema\\\/person\\\/5da7dd09320bd4f392b710017ed5f8ad\",\"name\":\"Aliados17\",\"image\":{\"@type\":\"ImageObject\",\"inLanguage\":\"es\",\"@id\":\"https:\\\/\\\/www.aliadospuebla.com\\\/web2017\\\/wp-content\\\/uploads\\\/2025\\\/03\\\/cropped-para-perfil-8-anos-1-96x96.jpg\",\"url\":\"https:\\\/\\\/www.aliadospuebla.com\\\/web2017\\\/wp-content\\\/uploads\\\/2025\\\/03\\\/cropped-para-perfil-8-anos-1-96x96.jpg\",\"contentUrl\":\"https:\\\/\\\/www.aliadospuebla.com\\\/web2017\\\/wp-content\\\/uploads\\\/2025\\\/03\\\/cropped-para-perfil-8-anos-1-96x96.jpg\",\"caption\":\"Aliados17\"},\"sameAs\":[\"https:\\\/\\\/www.aliados17.com\",\"https:\\\/\\\/www.facebook.com\\\/Aliados17Pue\",\"https:\\\/\\\/x.com\\\/AliadosPuebla\"],\"url\":\"https:\\\/\\\/www.aliadospuebla.com\\\/?author=2\"}]}<\/script>\n<!-- \/ Yoast SEO plugin. -->","yoast_head_json":{"title":"Lanza Gobierno de la Ciudad \u201cEstaci\u00f3n Semilla\u201d, talleres gratuitos de huertos urbanos - AliadosPuebla","robots":{"index":"index","follow":"follow","max-snippet":"max-snippet:-1","max-image-preview":"max-image-preview:large","max-video-preview":"max-video-preview:-1"},"canonical":"https:\/\/www.aliadospuebla.com\/?p=106908","og_locale":"es_ES","og_type":"article","og_title":"Lanza Gobierno de la Ciudad \u201cEstaci\u00f3n Semilla\u201d, talleres gratuitos de huertos urbanos - AliadosPuebla","og_description":"&#8211; Se realizar\u00e1n los d\u00edas 12, 19 y 26 de julio de forma gratuita y abierta a todo p\u00fablico Puebla, Pue.- Con el objetivo de promover la autosuficiencia alimentaria, el aprendizaje colectivo y la vida en comunidad, el Gobierno de la Ciudad, a trav\u00e9s de la Secretar\u00eda de Medio Ambiente, puso en marcha el programa \u201cEstaci\u00f3n Semilla\u201d, que incluye una serie de talleres sabatinos que impulsan la creaci\u00f3n de huertos urbanos. Tendiendo como sede el Museo Nacional de los Ferrocarriles Mexicanos, el presidente municipal, Pepe Chedraui Budib, acudi\u00f3 al primero de estos talleres para ni\u00f1as y ni\u00f1os quienes, adem\u00e1s, pusieron su nombre a cada uno de los \u00e1rboles como un compromiso de que se har\u00e1n cargo de su cuidado. Dicha iniciativa forma parte de la&hellip;Leer m\u00e1s...","og_url":"https:\/\/www.aliadospuebla.com\/?p=106908","og_site_name":"AliadosPuebla","article_author":"https:\/\/www.facebook.com\/Aliados17Pue","article_published_time":"2025-07-12T19:59:44+00:00","og_image":[{"width":600,"height":450,"url":"https:\/\/www.aliadospuebla.com\/web2017\/wp-content\/uploads\/2025\/07\/893.jpg","type":"image\/jpeg"}],"author":"Aliados17","twitter_card":"summary_large_image","twitter_creator":"@AliadosPuebla","twitter_misc":{"Escrito por":"Aliados17","Tiempo de lectura":"2 minutos"},"schema":{"@context":"https:\/\/schema.org","@graph":[{"@type":"Article","@id":"https:\/\/www.aliadospuebla.com\/?p=106908#article","isPartOf":{"@id":"https:\/\/www.aliadospuebla.com\/?p=106908"},"author":{"name":"Aliados17","@id":"https:\/\/www.aliadospuebla.com\/#\/schema\/person\/5da7dd09320bd4f392b710017ed5f8ad"},"headline":"Lanza Gobierno de la Ciudad \u201cEstaci\u00f3n Semilla\u201d, talleres gratuitos de huertos urbanos","datePublished":"2025-07-12T19:59:44+00:00","mainEntityOfPage":{"@id":"https:\/\/www.aliadospuebla.com\/?p=106908"},"wordCount":422,"commentCount":0,"image":{"@id":"https:\/\/www.aliadospuebla.com\/?p=106908#primaryimage"},"thumbnailUrl":"https:\/\/www.aliadospuebla.com\/web2017\/wp-content\/uploads\/2025\/07\/893.jpg","keywords":["autoconsumo","autosuficiencia alimentaria","Estaci\u00f3n Semilla","huertos urbanos","productos naturales","saberes agr\u00edcolas","talleres gratuitos"],"articleSection":["Capital"],"inLanguage":"es","potentialAction":[{"@type":"CommentAction","name":"Comment","target":["https:\/\/www.aliadospuebla.com\/?p=106908#respond"]}]},{"@type":"WebPage","@id":"https:\/\/www.aliadospuebla.com\/?p=106908","url":"https:\/\/www.aliadospuebla.com\/?p=106908","name":"Lanza Gobierno de la Ciudad \u201cEstaci\u00f3n Semilla\u201d, talleres gratuitos de huertos urbanos - AliadosPuebla","isPartOf":{"@id":"https:\/\/www.aliadospuebla.com\/#website"},"primaryImageOfPage":{"@id":"https:\/\/www.aliadospuebla.com\/?p=106908#primaryimage"},"image":{"@id":"https:\/\/www.aliadospuebla.com\/?p=106908#primaryimage"},"thumbnailUrl":"https:\/\/www.aliadospuebla.com\/web2017\/wp-content\/uploads\/2025\/07\/893.jpg","datePublished":"2025-07-12T19:59:44+00:00","author":{"@id":"https:\/\/www.aliadospuebla.com\/#\/schema\/person\/5da7dd09320bd4f392b710017ed5f8ad"},"breadcrumb":{"@id":"https:\/\/www.aliadospuebla.com\/?p=106908#breadcrumb"},"inLanguage":"es","potentialAction":[{"@type":"ReadAction","target":["https:\/\/www.aliadospuebla.com\/?p=106908"]}]},{"@type":"ImageObject","inLanguage":"es","@id":"https:\/\/www.aliadospuebla.com\/?p=106908#primaryimage","url":"https:\/\/www.aliadospuebla.com\/web2017\/wp-content\/uploads\/2025\/07\/893.jpg","contentUrl":"https:\/\/www.aliadospuebla.com\/web2017\/wp-content\/uploads\/2025\/07\/893.jpg","width":600,"height":450},{"@type":"BreadcrumbList","@id":"https:\/\/www.aliadospuebla.com\/?p=106908#breadcrumb","itemListElement":[{"@type":"ListItem","position":1,"name":"Portada","item":"https:\/\/www.aliadospuebla.com\/"},{"@type":"ListItem","position":2,"name":"Lanza Gobierno de la Ciudad \u201cEstaci\u00f3n Semilla\u201d, talleres gratuitos de huertos urbanos"}]},{"@type":"WebSite","@id":"https:\/\/www.aliadospuebla.com\/#website","url":"https:\/\/www.aliadospuebla.com\/","name":"AliadosPuebla","description":"La informaci\u00f3n en tus manos","potentialAction":[{"@type":"SearchAction","target":{"@type":"EntryPoint","urlTemplate":"https:\/\/www.aliadospuebla.com\/?s={search_term_string}"},"query-input":{"@type":"PropertyValueSpecification","valueRequired":true,"valueName":"search_term_string"}}],"inLanguage":"es"},{"@type":"Person","@id":"https:\/\/www.aliadospuebla.com\/#\/schema\/person\/5da7dd09320bd4f392b710017ed5f8ad","name":"Aliados17","image":{"@type":"ImageObject","inLanguage":"es","@id":"https:\/\/www.aliadospuebla.com\/web2017\/wp-content\/uploads\/2025\/03\/cropped-para-perfil-8-anos-1-96x96.jpg","url":"https:\/\/www.aliadospuebla.com\/web2017\/wp-content\/uploads\/2025\/03\/cropped-para-perfil-8-anos-1-96x96.jpg","contentUrl":"https:\/\/www.aliadospuebla.com\/web2017\/wp-content\/uploads\/2025\/03\/cropped-para-perfil-8-anos-1-96x96.jpg","caption":"Aliados17"},"sameAs":["https:\/\/www.aliados17.com","https:\/\/www.facebook.com\/Aliados17Pue","https:\/\/x.com\/AliadosPuebla"],"url":"https:\/\/www.aliadospuebla.com\/?author=2"}]}},"views":11,"_links":{"self":[{"href":"https:\/\/www.aliadospuebla.com\/index.php?rest_route=\/wp\/v2\/posts\/106908","targetHints":{"allow":["GET"]}}],"collection":[{"href":"https:\/\/www.aliadospuebla.com\/index.php?rest_route=\/wp\/v2\/posts"}],"about":[{"href":"https:\/\/www.aliadospuebla.com\/index.php?rest_route=\/wp\/v2\/types\/post"}],"author":[{"embeddable":true,"href":"https:\/\/www.aliadospuebla.com\/index.php?rest_route=\/wp\/v2\/users\/2"}],"replies":[{"embeddable":true,"href":"https:\/\/www.aliadospuebla.com\/index.php?rest_route=%2Fwp%2Fv2%2Fcomments&post=106908"}],"version-history":[{"count":1,"href":"https:\/\/www.aliadospuebla.com\/index.php?rest_route=\/wp\/v2\/posts\/106908\/revisions"}],"predecessor-version":[{"id":106910,"href":"https:\/\/www.aliadospuebla.com\/index.php?rest_route=\/wp\/v2\/posts\/106908\/revisions\/106910"}],"wp:featuredmedia":[{"embeddable":true,"href":"https:\/\/www.aliadospuebla.com\/index.php?rest_route=\/wp\/v2\/media\/106909"}],"wp:attachment":[{"href":"https:\/\/www.aliadospuebla.com\/index.php?rest_route=%2Fwp%2Fv2%2Fmedia&parent=106908"}],"wp:term":[{"taxonomy":"category","embeddable":true,"href":"https:\/\/www.aliadospuebla.com\/index.php?rest_route=%2Fwp%2Fv2%2Fcategories&post=106908"},{"taxonomy":"post_tag","embeddable":true,"href":"https:\/\/www.aliadospuebla.com\/index.php?rest_route=%2Fwp%2Fv2%2Ftags&post=106908"}],"curies":[{"name":"wp","href":"https:\/\/api.w.org\/{rel}","templated":true}]}}