{"id":106902,"date":"2025-07-12T13:44:29","date_gmt":"2025-07-12T19:44:29","guid":{"rendered":"https:\/\/www.aliadospuebla.com\/?p=106902"},"modified":"2025-07-12T13:44:29","modified_gmt":"2025-07-12T19:44:29","slug":"firma-gobierno-de-la-ciudad-y-conafor-convenio-de-colaboracion-para-fortalecer-el-cuidado-del-medio-ambiente","status":"publish","type":"post","link":"https:\/\/www.aliadospuebla.com\/?p=106902","title":{"rendered":"Firma Gobierno de la Ciudad y CONAFOR convenio de colaboraci\u00f3n para fortalecer el cuidado del\u00a0medio\u00a0ambiente"},"content":{"rendered":"<p>Puebla, Pue.- Con el objetivo de fortalecer la conservaci\u00f3n de los ecosistemas y promover acciones locales<\/p>\n<p>a favor del medio ambiente, el Gobierno de la Ciudad, encabezado por el presidente municipal Pepe Chedraui Budib,<\/p>\n<p>a trav\u00e9s de la Secretar\u00eda de Medio Ambiente, firm\u00f3 un Convenio de Colaboraci\u00f3n con la Comisi\u00f3n Nacional Forestal (CONAFOR) para impulsar mecanismos locales de Pago por Servicios Ambientales (PSA) mediante fondos concurrentes del programa Desarrollo Forestal Sustentable para el Bienestar 2025.<\/p>\n<p>Con la firma de este convenio, ambas instituciones reunir\u00e1n esfuerzos t\u00e9cnicos, administrativos y financieros para implementar estrategias que incentiven la conservaci\u00f3n de \u00e1reas forestales, el manejo sustentable de los recursos naturales y la protecci\u00f3n de servicios ecosist\u00e9micos clave, como la captaci\u00f3n de agua, la regulaci\u00f3n del clima y la conservaci\u00f3n de la biodiversidad.<\/p>\n<p>El mecanismo de Pago por Servicios Ambientales promueve la participaci\u00f3n activa de las comunidades y propietarios de terrenos forestales, reconociendo y apoyando econ\u00f3micamente su labor de conservaci\u00f3n. Los fondos concurrentes permiten combinar recursos federales y municipales, ampliando el alcance y el impacto de las acciones en territorio poblano.<\/p>\n<p>Este acuerdo fue signado por la Mtra. Carmen Rosana Estrada \u00c1vila, titular de la Oficina de Representaci\u00f3n de CONAFOR en el estado de Puebla, y por el titular de la dependencia Jos\u00e9 Iv\u00e1n Herrera Villag\u00f3mez. Este convenio se suma a una serie de esfuerzos con los que el Gobierno de Pepe Chedraui est\u00e1 poniendo orden en temas clave para la ciudad, mediante una gesti\u00f3n sustentable y responsable.<\/p>\n<p>Con estas acciones, el Gobierno de la Ciudad refrenda su compromiso con el orden ambiental, la transparencia en el uso de recursos y el fortalecimiento de pol\u00edticas p\u00fablicas que priorizan el bienestar ecol\u00f3gico\u00a0y\u00a0social.<\/p>\n","protected":false},"excerpt":{"rendered":"<p>Puebla, Pue.- Con el objetivo de fortalecer la conservaci\u00f3n de los ecosistemas y promover acciones locales a favor del medio ambiente, el Gobierno de la Ciudad, encabezado por el presidente municipal Pepe Chedraui Budib, a trav\u00e9s de la Secretar\u00eda de Medio Ambiente, firm\u00f3 un Convenio de Colaboraci\u00f3n con la Comisi\u00f3n Nacional Forestal (CONAFOR) para impulsar mecanismos locales de Pago por Servicios Ambientales (PSA) mediante fondos concurrentes del programa Desarrollo Forestal Sustentable para el Bienestar 2025. Con la firma de este convenio, ambas instituciones reunir\u00e1n esfuerzos t\u00e9cnicos, administrativos y financieros para implementar estrategias que incentiven la conservaci\u00f3n de \u00e1reas forestales, el manejo sustentable de los recursos naturales y la protecci\u00f3n de servicios ecosist\u00e9micos clave, como la captaci\u00f3n de agua, la regulaci\u00f3n del clima y la conservaci\u00f3n&hellip;<\/p>\n<p class=\"excerpt-more\"><a class=\"blog-excerpt button\" href=\"https:\/\/www.aliadospuebla.com\/?p=106902\">Leer m\u00e1s&#8230;<\/a><\/p>\n","protected":false},"author":2,"featured_media":106903,"comment_status":"open","ping_status":"open","sticky":false,"template":"","format":"standard","meta":{"_monsterinsights_skip_tracking":false,"footnotes":""},"categories":[62],"tags":[30061,6416,30060,10582,584,24702],"class_list":["post-106902","post","type-post","status-publish","format-standard","has-post-thumbnail","hentry","category-capital","tag-bienestar-ecologico","tag-conafor","tag-conservacion-de-la-biodiversidad","tag-gobierno-de-la-ciudad","tag-medio-ambiente","tag-pepe-chedraui-budib"],"yoast_head":"<!-- This site is optimized with the Yoast SEO plugin v28.4 - https:\/\/yoast.com\/product\/yoast-seo-wordpress\/ -->\n<title>Firma Gobierno de la Ciudad y CONAFOR convenio de colaboraci\u00f3n para fortalecer el cuidado del\u00a0medio\u00a0ambiente - AliadosPuebla<\/title>\n<meta name=\"robots\" content=\"index, follow, max-snippet:-1, max-image-preview:large, max-video-preview:-1\" \/>\n<link rel=\"canonical\" href=\"https:\/\/www.aliadospuebla.com\/?p=106902\" \/>\n<meta property=\"og:locale\" content=\"es_ES\" \/>\n<meta property=\"og:type\" content=\"article\" \/>\n<meta property=\"og:title\" content=\"Firma Gobierno de la Ciudad y CONAFOR convenio de colaboraci\u00f3n para fortalecer el cuidado del\u00a0medio\u00a0ambiente - AliadosPuebla\" \/>\n<meta property=\"og:description\" content=\"Puebla, Pue.- Con el objetivo de fortalecer la conservaci\u00f3n de los ecosistemas y promover acciones locales a favor del medio ambiente, el Gobierno de la Ciudad, encabezado por el presidente municipal Pepe Chedraui Budib, a trav\u00e9s de la Secretar\u00eda de Medio Ambiente, firm\u00f3 un Convenio de Colaboraci\u00f3n con la Comisi\u00f3n Nacional Forestal (CONAFOR) para impulsar mecanismos locales de Pago por Servicios Ambientales (PSA) mediante fondos concurrentes del programa Desarrollo Forestal Sustentable para el Bienestar 2025. Con la firma de este convenio, ambas instituciones reunir\u00e1n esfuerzos t\u00e9cnicos, administrativos y financieros para implementar estrategias que incentiven la conservaci\u00f3n de \u00e1reas forestales, el manejo sustentable de los recursos naturales y la protecci\u00f3n de servicios ecosist\u00e9micos clave, como la captaci\u00f3n de agua, la regulaci\u00f3n del clima y la conservaci\u00f3n&hellip;Leer m\u00e1s...\" \/>\n<meta property=\"og:url\" content=\"https:\/\/www.aliadospuebla.com\/?p=106902\" \/>\n<meta property=\"og:site_name\" content=\"AliadosPuebla\" \/>\n<meta property=\"article:author\" content=\"https:\/\/www.facebook.com\/Aliados17Pue\" \/>\n<meta property=\"article:published_time\" content=\"2025-07-12T19:44:29+00:00\" \/>\n<meta property=\"og:image\" content=\"https:\/\/www.aliadospuebla.com\/web2017\/wp-content\/uploads\/2025\/07\/891.jpg\" \/>\n\t<meta property=\"og:image:width\" content=\"600\" \/>\n\t<meta property=\"og:image:height\" content=\"450\" \/>\n\t<meta property=\"og:image:type\" content=\"image\/jpeg\" \/>\n<meta name=\"author\" content=\"Aliados17\" \/>\n<meta name=\"twitter:card\" content=\"summary_large_image\" \/>\n<meta name=\"twitter:creator\" content=\"@AliadosPuebla\" \/>\n<meta name=\"twitter:label1\" content=\"Escrito por\" \/>\n\t<meta name=\"twitter:data1\" content=\"Aliados17\" \/>\n\t<meta name=\"twitter:label2\" content=\"Tiempo de lectura\" \/>\n\t<meta name=\"twitter:data2\" content=\"2 minutos\" \/>\n<script type=\"application\/ld+json\" class=\"yoast-schema-graph\">{\"@context\":\"https:\\\/\\\/schema.org\",\"@graph\":[{\"@type\":\"Article\",\"@id\":\"https:\\\/\\\/www.aliadospuebla.com\\\/?p=106902#article\",\"isPartOf\":{\"@id\":\"https:\\\/\\\/www.aliadospuebla.com\\\/?p=106902\"},\"author\":{\"name\":\"Aliados17\",\"@id\":\"https:\\\/\\\/www.aliadospuebla.com\\\/#\\\/schema\\\/person\\\/5da7dd09320bd4f392b710017ed5f8ad\"},\"headline\":\"Firma Gobierno de la Ciudad y CONAFOR convenio de colaboraci\u00f3n para fortalecer el cuidado del\u00a0medio\u00a0ambiente\",\"datePublished\":\"2025-07-12T19:44:29+00:00\",\"mainEntityOfPage\":{\"@id\":\"https:\\\/\\\/www.aliadospuebla.com\\\/?p=106902\"},\"wordCount\":319,\"commentCount\":0,\"image\":{\"@id\":\"https:\\\/\\\/www.aliadospuebla.com\\\/?p=106902#primaryimage\"},\"thumbnailUrl\":\"https:\\\/\\\/www.aliadospuebla.com\\\/web2017\\\/wp-content\\\/uploads\\\/2025\\\/07\\\/891.jpg\",\"keywords\":[\"bienestar ecol\u00f3gico\",\"CONAFOR\",\"conservaci\u00f3n de la biodiversidad\",\"GOBIERNO DE LA CIUDAD\",\"MEDIO AMBIENTE\",\"Pepe Chedraui Budib\"],\"articleSection\":[\"Capital\"],\"inLanguage\":\"es\",\"potentialAction\":[{\"@type\":\"CommentAction\",\"name\":\"Comment\",\"target\":[\"https:\\\/\\\/www.aliadospuebla.com\\\/?p=106902#respond\"]}]},{\"@type\":\"WebPage\",\"@id\":\"https:\\\/\\\/www.aliadospuebla.com\\\/?p=106902\",\"url\":\"https:\\\/\\\/www.aliadospuebla.com\\\/?p=106902\",\"name\":\"Firma Gobierno de la Ciudad y CONAFOR convenio de colaboraci\u00f3n para fortalecer el cuidado del\u00a0medio\u00a0ambiente - AliadosPuebla\",\"isPartOf\":{\"@id\":\"https:\\\/\\\/www.aliadospuebla.com\\\/#website\"},\"primaryImageOfPage\":{\"@id\":\"https:\\\/\\\/www.aliadospuebla.com\\\/?p=106902#primaryimage\"},\"image\":{\"@id\":\"https:\\\/\\\/www.aliadospuebla.com\\\/?p=106902#primaryimage\"},\"thumbnailUrl\":\"https:\\\/\\\/www.aliadospuebla.com\\\/web2017\\\/wp-content\\\/uploads\\\/2025\\\/07\\\/891.jpg\",\"datePublished\":\"2025-07-12T19:44:29+00:00\",\"author\":{\"@id\":\"https:\\\/\\\/www.aliadospuebla.com\\\/#\\\/schema\\\/person\\\/5da7dd09320bd4f392b710017ed5f8ad\"},\"breadcrumb\":{\"@id\":\"https:\\\/\\\/www.aliadospuebla.com\\\/?p=106902#breadcrumb\"},\"inLanguage\":\"es\",\"potentialAction\":[{\"@type\":\"ReadAction\",\"target\":[\"https:\\\/\\\/www.aliadospuebla.com\\\/?p=106902\"]}]},{\"@type\":\"ImageObject\",\"inLanguage\":\"es\",\"@id\":\"https:\\\/\\\/www.aliadospuebla.com\\\/?p=106902#primaryimage\",\"url\":\"https:\\\/\\\/www.aliadospuebla.com\\\/web2017\\\/wp-content\\\/uploads\\\/2025\\\/07\\\/891.jpg\",\"contentUrl\":\"https:\\\/\\\/www.aliadospuebla.com\\\/web2017\\\/wp-content\\\/uploads\\\/2025\\\/07\\\/891.jpg\",\"width\":600,\"height\":450},{\"@type\":\"BreadcrumbList\",\"@id\":\"https:\\\/\\\/www.aliadospuebla.com\\\/?p=106902#breadcrumb\",\"itemListElement\":[{\"@type\":\"ListItem\",\"position\":1,\"name\":\"Portada\",\"item\":\"https:\\\/\\\/www.aliadospuebla.com\\\/\"},{\"@type\":\"ListItem\",\"position\":2,\"name\":\"Firma Gobierno de la Ciudad y CONAFOR convenio de colaboraci\u00f3n para fortalecer el cuidado del\u00a0medio\u00a0ambiente\"}]},{\"@type\":\"WebSite\",\"@id\":\"https:\\\/\\\/www.aliadospuebla.com\\\/#website\",\"url\":\"https:\\\/\\\/www.aliadospuebla.com\\\/\",\"name\":\"AliadosPuebla\",\"description\":\"La informaci\u00f3n en tus manos\",\"potentialAction\":[{\"@type\":\"SearchAction\",\"target\":{\"@type\":\"EntryPoint\",\"urlTemplate\":\"https:\\\/\\\/www.aliadospuebla.com\\\/?s={search_term_string}\"},\"query-input\":{\"@type\":\"PropertyValueSpecification\",\"valueRequired\":true,\"valueName\":\"search_term_string\"}}],\"inLanguage\":\"es\"},{\"@type\":\"Person\",\"@id\":\"https:\\\/\\\/www.aliadospuebla.com\\\/#\\\/schema\\\/person\\\/5da7dd09320bd4f392b710017ed5f8ad\",\"name\":\"Aliados17\",\"image\":{\"@type\":\"ImageObject\",\"inLanguage\":\"es\",\"@id\":\"https:\\\/\\\/www.aliadospuebla.com\\\/web2017\\\/wp-content\\\/uploads\\\/2025\\\/03\\\/cropped-para-perfil-8-anos-1-96x96.jpg\",\"url\":\"https:\\\/\\\/www.aliadospuebla.com\\\/web2017\\\/wp-content\\\/uploads\\\/2025\\\/03\\\/cropped-para-perfil-8-anos-1-96x96.jpg\",\"contentUrl\":\"https:\\\/\\\/www.aliadospuebla.com\\\/web2017\\\/wp-content\\\/uploads\\\/2025\\\/03\\\/cropped-para-perfil-8-anos-1-96x96.jpg\",\"caption\":\"Aliados17\"},\"sameAs\":[\"https:\\\/\\\/www.aliados17.com\",\"https:\\\/\\\/www.facebook.com\\\/Aliados17Pue\",\"https:\\\/\\\/x.com\\\/AliadosPuebla\"],\"url\":\"https:\\\/\\\/www.aliadospuebla.com\\\/?author=2\"}]}<\/script>\n<!-- \/ Yoast SEO plugin. -->","yoast_head_json":{"title":"Firma Gobierno de la Ciudad y CONAFOR convenio de colaboraci\u00f3n para fortalecer el cuidado del\u00a0medio\u00a0ambiente - AliadosPuebla","robots":{"index":"index","follow":"follow","max-snippet":"max-snippet:-1","max-image-preview":"max-image-preview:large","max-video-preview":"max-video-preview:-1"},"canonical":"https:\/\/www.aliadospuebla.com\/?p=106902","og_locale":"es_ES","og_type":"article","og_title":"Firma Gobierno de la Ciudad y CONAFOR convenio de colaboraci\u00f3n para fortalecer el cuidado del\u00a0medio\u00a0ambiente - AliadosPuebla","og_description":"Puebla, Pue.- Con el objetivo de fortalecer la conservaci\u00f3n de los ecosistemas y promover acciones locales a favor del medio ambiente, el Gobierno de la Ciudad, encabezado por el presidente municipal Pepe Chedraui Budib, a trav\u00e9s de la Secretar\u00eda de Medio Ambiente, firm\u00f3 un Convenio de Colaboraci\u00f3n con la Comisi\u00f3n Nacional Forestal (CONAFOR) para impulsar mecanismos locales de Pago por Servicios Ambientales (PSA) mediante fondos concurrentes del programa Desarrollo Forestal Sustentable para el Bienestar 2025. Con la firma de este convenio, ambas instituciones reunir\u00e1n esfuerzos t\u00e9cnicos, administrativos y financieros para implementar estrategias que incentiven la conservaci\u00f3n de \u00e1reas forestales, el manejo sustentable de los recursos naturales y la protecci\u00f3n de servicios ecosist\u00e9micos clave, como la captaci\u00f3n de agua, la regulaci\u00f3n del clima y la conservaci\u00f3n&hellip;Leer m\u00e1s...","og_url":"https:\/\/www.aliadospuebla.com\/?p=106902","og_site_name":"AliadosPuebla","article_author":"https:\/\/www.facebook.com\/Aliados17Pue","article_published_time":"2025-07-12T19:44:29+00:00","og_image":[{"width":600,"height":450,"url":"https:\/\/www.aliadospuebla.com\/web2017\/wp-content\/uploads\/2025\/07\/891.jpg","type":"image\/jpeg"}],"author":"Aliados17","twitter_card":"summary_large_image","twitter_creator":"@AliadosPuebla","twitter_misc":{"Escrito por":"Aliados17","Tiempo de lectura":"2 minutos"},"schema":{"@context":"https:\/\/schema.org","@graph":[{"@type":"Article","@id":"https:\/\/www.aliadospuebla.com\/?p=106902#article","isPartOf":{"@id":"https:\/\/www.aliadospuebla.com\/?p=106902"},"author":{"name":"Aliados17","@id":"https:\/\/www.aliadospuebla.com\/#\/schema\/person\/5da7dd09320bd4f392b710017ed5f8ad"},"headline":"Firma Gobierno de la Ciudad y CONAFOR convenio de colaboraci\u00f3n para fortalecer el cuidado del\u00a0medio\u00a0ambiente","datePublished":"2025-07-12T19:44:29+00:00","mainEntityOfPage":{"@id":"https:\/\/www.aliadospuebla.com\/?p=106902"},"wordCount":319,"commentCount":0,"image":{"@id":"https:\/\/www.aliadospuebla.com\/?p=106902#primaryimage"},"thumbnailUrl":"https:\/\/www.aliadospuebla.com\/web2017\/wp-content\/uploads\/2025\/07\/891.jpg","keywords":["bienestar ecol\u00f3gico","CONAFOR","conservaci\u00f3n de la biodiversidad","GOBIERNO DE LA CIUDAD","MEDIO AMBIENTE","Pepe Chedraui Budib"],"articleSection":["Capital"],"inLanguage":"es","potentialAction":[{"@type":"CommentAction","name":"Comment","target":["https:\/\/www.aliadospuebla.com\/?p=106902#respond"]}]},{"@type":"WebPage","@id":"https:\/\/www.aliadospuebla.com\/?p=106902","url":"https:\/\/www.aliadospuebla.com\/?p=106902","name":"Firma Gobierno de la Ciudad y CONAFOR convenio de colaboraci\u00f3n para fortalecer el cuidado del\u00a0medio\u00a0ambiente - AliadosPuebla","isPartOf":{"@id":"https:\/\/www.aliadospuebla.com\/#website"},"primaryImageOfPage":{"@id":"https:\/\/www.aliadospuebla.com\/?p=106902#primaryimage"},"image":{"@id":"https:\/\/www.aliadospuebla.com\/?p=106902#primaryimage"},"thumbnailUrl":"https:\/\/www.aliadospuebla.com\/web2017\/wp-content\/uploads\/2025\/07\/891.jpg","datePublished":"2025-07-12T19:44:29+00:00","author":{"@id":"https:\/\/www.aliadospuebla.com\/#\/schema\/person\/5da7dd09320bd4f392b710017ed5f8ad"},"breadcrumb":{"@id":"https:\/\/www.aliadospuebla.com\/?p=106902#breadcrumb"},"inLanguage":"es","potentialAction":[{"@type":"ReadAction","target":["https:\/\/www.aliadospuebla.com\/?p=106902"]}]},{"@type":"ImageObject","inLanguage":"es","@id":"https:\/\/www.aliadospuebla.com\/?p=106902#primaryimage","url":"https:\/\/www.aliadospuebla.com\/web2017\/wp-content\/uploads\/2025\/07\/891.jpg","contentUrl":"https:\/\/www.aliadospuebla.com\/web2017\/wp-content\/uploads\/2025\/07\/891.jpg","width":600,"height":450},{"@type":"BreadcrumbList","@id":"https:\/\/www.aliadospuebla.com\/?p=106902#breadcrumb","itemListElement":[{"@type":"ListItem","position":1,"name":"Portada","item":"https:\/\/www.aliadospuebla.com\/"},{"@type":"ListItem","position":2,"name":"Firma Gobierno de la Ciudad y CONAFOR convenio de colaboraci\u00f3n para fortalecer el cuidado del\u00a0medio\u00a0ambiente"}]},{"@type":"WebSite","@id":"https:\/\/www.aliadospuebla.com\/#website","url":"https:\/\/www.aliadospuebla.com\/","name":"AliadosPuebla","description":"La informaci\u00f3n en tus manos","potentialAction":[{"@type":"SearchAction","target":{"@type":"EntryPoint","urlTemplate":"https:\/\/www.aliadospuebla.com\/?s={search_term_string}"},"query-input":{"@type":"PropertyValueSpecification","valueRequired":true,"valueName":"search_term_string"}}],"inLanguage":"es"},{"@type":"Person","@id":"https:\/\/www.aliadospuebla.com\/#\/schema\/person\/5da7dd09320bd4f392b710017ed5f8ad","name":"Aliados17","image":{"@type":"ImageObject","inLanguage":"es","@id":"https:\/\/www.aliadospuebla.com\/web2017\/wp-content\/uploads\/2025\/03\/cropped-para-perfil-8-anos-1-96x96.jpg","url":"https:\/\/www.aliadospuebla.com\/web2017\/wp-content\/uploads\/2025\/03\/cropped-para-perfil-8-anos-1-96x96.jpg","contentUrl":"https:\/\/www.aliadospuebla.com\/web2017\/wp-content\/uploads\/2025\/03\/cropped-para-perfil-8-anos-1-96x96.jpg","caption":"Aliados17"},"sameAs":["https:\/\/www.aliados17.com","https:\/\/www.facebook.com\/Aliados17Pue","https:\/\/x.com\/AliadosPuebla"],"url":"https:\/\/www.aliadospuebla.com\/?author=2"}]}},"views":7,"_links":{"self":[{"href":"https:\/\/www.aliadospuebla.com\/index.php?rest_route=\/wp\/v2\/posts\/106902","targetHints":{"allow":["GET"]}}],"collection":[{"href":"https:\/\/www.aliadospuebla.com\/index.php?rest_route=\/wp\/v2\/posts"}],"about":[{"href":"https:\/\/www.aliadospuebla.com\/index.php?rest_route=\/wp\/v2\/types\/post"}],"author":[{"embeddable":true,"href":"https:\/\/www.aliadospuebla.com\/index.php?rest_route=\/wp\/v2\/users\/2"}],"replies":[{"embeddable":true,"href":"https:\/\/www.aliadospuebla.com\/index.php?rest_route=%2Fwp%2Fv2%2Fcomments&post=106902"}],"version-history":[{"count":1,"href":"https:\/\/www.aliadospuebla.com\/index.php?rest_route=\/wp\/v2\/posts\/106902\/revisions"}],"predecessor-version":[{"id":106904,"href":"https:\/\/www.aliadospuebla.com\/index.php?rest_route=\/wp\/v2\/posts\/106902\/revisions\/106904"}],"wp:featuredmedia":[{"embeddable":true,"href":"https:\/\/www.aliadospuebla.com\/index.php?rest_route=\/wp\/v2\/media\/106903"}],"wp:attachment":[{"href":"https:\/\/www.aliadospuebla.com\/index.php?rest_route=%2Fwp%2Fv2%2Fmedia&parent=106902"}],"wp:term":[{"taxonomy":"category","embeddable":true,"href":"https:\/\/www.aliadospuebla.com\/index.php?rest_route=%2Fwp%2Fv2%2Fcategories&post=106902"},{"taxonomy":"post_tag","embeddable":true,"href":"https:\/\/www.aliadospuebla.com\/index.php?rest_route=%2Fwp%2Fv2%2Ftags&post=106902"}],"curies":[{"name":"wp","href":"https:\/\/api.w.org\/{rel}","templated":true}]}}