{"id":106561,"date":"2025-06-29T15:47:50","date_gmt":"2025-06-29T21:47:50","guid":{"rendered":"https:\/\/www.aliadospuebla.com\/?p=106561"},"modified":"2025-06-29T15:47:50","modified_gmt":"2025-06-29T21:47:50","slug":"propone-andres-villegas-hasta-9-anos-de-carcel-a-quienes-recluten-menores-para-halconeo","status":"publish","type":"post","link":"https:\/\/www.aliadospuebla.com\/?p=106561","title":{"rendered":"Propone Andr\u00e9s Villegas hasta 9 a\u00f1os de c\u00e1rcel a quienes recluten menores para \u201chalconeo\u201d"},"content":{"rendered":"<h4>El diputado Andr\u00e9s Villegas present\u00f3 ante el Congreso del Estado una iniciativa para reformar el C\u00f3digo Penal de Puebla, con el objetivo de aumentar hasta 9 a\u00f1os la pena de prisi\u00f3n por el delito de halconeo, especialmente cuando se involucre el reclutamiento de menores de edad, adultos mayores o personas en situaci\u00f3n de vulnerabilidad.<\/h4>\n<p>La propuesta busca agregar un p\u00e1rrafo al Art\u00edculo 186, estableciendo una agravante que eleve la sanci\u00f3n cuando las v\u00edctimas del reclutamiento no comprendan el car\u00e1cter delictivo del acto o no puedan resistirse a participar.<\/p>\n<p>Villegas se\u00f1al\u00f3 que esta reforma busca frenar el uso de personas vulnerables por parte de grupos criminales,<\/p>\n<p>as\u00ed como romper con las din\u00e1micas de exclusi\u00f3n y violencia estructural que facilitan este fen\u00f3meno.<\/p>\n<p>Subray\u00f3 la urgencia de proteger a la infancia, cada vez m\u00e1s expuesta a ser utilizada como informante o incluso como sicario.<\/p>\n<p>De acuerdo con datos de la Secretar\u00eda de Gobernaci\u00f3n, las organizaciones delictivas reclutan a menores<\/p>\n<p>mediante redes sociales, amenazas o promesas enga\u00f1osas de empleo y dinero.<\/p>\n<p>En un operativo reciente en Puebla, se detect\u00f3 la participaci\u00f3n de ni\u00f1os en labores de vigilancia ilegal, adem\u00e1s del retiro de 17 c\u00e1maras de videovigilancia instaladas por presuntos delincuentes.<\/p>\n<p>El diputado puntualiz\u00f3 que, si bien endurecer las penas no es la \u00fanica soluci\u00f3n, s\u00ed representa un paso necesario para frenar esta pr\u00e1ctica criminal. En este sentido, reconoci\u00f3 el trabajo del gobierno estatal, encabezado por Alejandro Armenta, que impulsa estrategias integrales de prevenci\u00f3n, reinserci\u00f3n social y protecci\u00f3n de derechos humanos, evitando la criminalizaci\u00f3n de comunidades vulnerables.<\/p>\n","protected":false},"excerpt":{"rendered":"<p>El diputado Andr\u00e9s Villegas present\u00f3 ante el Congreso del Estado una iniciativa para reformar el C\u00f3digo Penal de Puebla, con el objetivo de aumentar hasta 9 a\u00f1os la pena de prisi\u00f3n por el delito de halconeo, especialmente cuando se involucre el reclutamiento de menores de edad, adultos mayores o personas en situaci\u00f3n de vulnerabilidad. La propuesta busca agregar un p\u00e1rrafo al Art\u00edculo 186, estableciendo una agravante que eleve la sanci\u00f3n cuando las v\u00edctimas del reclutamiento no comprendan el car\u00e1cter delictivo del acto o no puedan resistirse a participar. Villegas se\u00f1al\u00f3 que esta reforma busca frenar el uso de personas vulnerables por parte de grupos criminales, as\u00ed como romper con las din\u00e1micas de exclusi\u00f3n y violencia estructural que facilitan este fen\u00f3meno. Subray\u00f3 la urgencia de proteger&hellip;<\/p>\n<p class=\"excerpt-more\"><a class=\"blog-excerpt button\" href=\"https:\/\/www.aliadospuebla.com\/?p=106561\">Leer m\u00e1s&#8230;<\/a><\/p>\n","protected":false},"author":2,"featured_media":106562,"comment_status":"open","ping_status":"open","sticky":false,"template":"","format":"standard","meta":{"_monsterinsights_skip_tracking":false,"footnotes":""},"categories":[6],"tags":[25948,5028,27442,88,12248,29882,29883,7306],"class_list":["post-106561","post","type-post","status-publish","format-standard","has-post-thumbnail","hentry","category-politica","tag-andres-villegas","tag-camaras-de-videovigilancia","tag-codigo-penal","tag-congreso-del-estado","tag-grupos-criminales","tag-halconeo","tag-labores-de-vigilancia-ilegal","tag-menores-de-edad"],"yoast_head":"<!-- This site is optimized with the Yoast SEO plugin v28.4 - https:\/\/yoast.com\/product\/yoast-seo-wordpress\/ -->\n<title>Propone Andr\u00e9s Villegas hasta 9 a\u00f1os de c\u00e1rcel a quienes recluten menores para \u201chalconeo\u201d - AliadosPuebla<\/title>\n<meta name=\"robots\" content=\"index, follow, max-snippet:-1, max-image-preview:large, max-video-preview:-1\" \/>\n<link rel=\"canonical\" href=\"https:\/\/www.aliadospuebla.com\/?p=106561\" \/>\n<meta property=\"og:locale\" content=\"es_ES\" \/>\n<meta property=\"og:type\" content=\"article\" \/>\n<meta property=\"og:title\" content=\"Propone Andr\u00e9s Villegas hasta 9 a\u00f1os de c\u00e1rcel a quienes recluten menores para \u201chalconeo\u201d - AliadosPuebla\" \/>\n<meta property=\"og:description\" content=\"El diputado Andr\u00e9s Villegas present\u00f3 ante el Congreso del Estado una iniciativa para reformar el C\u00f3digo Penal de Puebla, con el objetivo de aumentar hasta 9 a\u00f1os la pena de prisi\u00f3n por el delito de halconeo, especialmente cuando se involucre el reclutamiento de menores de edad, adultos mayores o personas en situaci\u00f3n de vulnerabilidad. La propuesta busca agregar un p\u00e1rrafo al Art\u00edculo 186, estableciendo una agravante que eleve la sanci\u00f3n cuando las v\u00edctimas del reclutamiento no comprendan el car\u00e1cter delictivo del acto o no puedan resistirse a participar. Villegas se\u00f1al\u00f3 que esta reforma busca frenar el uso de personas vulnerables por parte de grupos criminales, as\u00ed como romper con las din\u00e1micas de exclusi\u00f3n y violencia estructural que facilitan este fen\u00f3meno. Subray\u00f3 la urgencia de proteger&hellip;Leer m\u00e1s...\" \/>\n<meta property=\"og:url\" content=\"https:\/\/www.aliadospuebla.com\/?p=106561\" \/>\n<meta property=\"og:site_name\" content=\"AliadosPuebla\" \/>\n<meta property=\"article:author\" content=\"https:\/\/www.facebook.com\/Aliados17Pue\" \/>\n<meta property=\"article:published_time\" content=\"2025-06-29T21:47:50+00:00\" \/>\n<meta property=\"og:image\" content=\"https:\/\/www.aliadospuebla.com\/web2017\/wp-content\/uploads\/2025\/06\/784.jpg\" \/>\n\t<meta property=\"og:image:width\" content=\"600\" \/>\n\t<meta property=\"og:image:height\" content=\"450\" \/>\n\t<meta property=\"og:image:type\" content=\"image\/jpeg\" \/>\n<meta name=\"author\" content=\"Aliados17\" \/>\n<meta name=\"twitter:card\" content=\"summary_large_image\" \/>\n<meta name=\"twitter:creator\" content=\"@AliadosPuebla\" \/>\n<meta name=\"twitter:label1\" content=\"Escrito por\" \/>\n\t<meta name=\"twitter:data1\" content=\"Aliados17\" \/>\n\t<meta name=\"twitter:label2\" content=\"Tiempo de lectura\" \/>\n\t<meta name=\"twitter:data2\" content=\"2 minutos\" \/>\n<script type=\"application\/ld+json\" class=\"yoast-schema-graph\">{\"@context\":\"https:\\\/\\\/schema.org\",\"@graph\":[{\"@type\":\"Article\",\"@id\":\"https:\\\/\\\/www.aliadospuebla.com\\\/?p=106561#article\",\"isPartOf\":{\"@id\":\"https:\\\/\\\/www.aliadospuebla.com\\\/?p=106561\"},\"author\":{\"name\":\"Aliados17\",\"@id\":\"https:\\\/\\\/www.aliadospuebla.com\\\/#\\\/schema\\\/person\\\/5da7dd09320bd4f392b710017ed5f8ad\"},\"headline\":\"Propone Andr\u00e9s Villegas hasta 9 a\u00f1os de c\u00e1rcel a quienes recluten menores para \u201chalconeo\u201d\",\"datePublished\":\"2025-06-29T21:47:50+00:00\",\"mainEntityOfPage\":{\"@id\":\"https:\\\/\\\/www.aliadospuebla.com\\\/?p=106561\"},\"wordCount\":293,\"commentCount\":0,\"image\":{\"@id\":\"https:\\\/\\\/www.aliadospuebla.com\\\/?p=106561#primaryimage\"},\"thumbnailUrl\":\"https:\\\/\\\/www.aliadospuebla.com\\\/web2017\\\/wp-content\\\/uploads\\\/2025\\\/06\\\/784.jpg\",\"keywords\":[\"Andr\u00e9s Villegas\",\"C\u00c1MARAS DE VIDEOVIGILANCIA\",\"C\u00f3digo Penal\",\"Congreso del Estado\",\"grupos criminales\",\"halconeo\",\"labores de vigilancia ilegal\",\"MENORES DE EDAD\"],\"articleSection\":[\"Pol\u00edtica\"],\"inLanguage\":\"es\",\"potentialAction\":[{\"@type\":\"CommentAction\",\"name\":\"Comment\",\"target\":[\"https:\\\/\\\/www.aliadospuebla.com\\\/?p=106561#respond\"]}]},{\"@type\":\"WebPage\",\"@id\":\"https:\\\/\\\/www.aliadospuebla.com\\\/?p=106561\",\"url\":\"https:\\\/\\\/www.aliadospuebla.com\\\/?p=106561\",\"name\":\"Propone Andr\u00e9s Villegas hasta 9 a\u00f1os de c\u00e1rcel a quienes recluten menores para \u201chalconeo\u201d - AliadosPuebla\",\"isPartOf\":{\"@id\":\"https:\\\/\\\/www.aliadospuebla.com\\\/#website\"},\"primaryImageOfPage\":{\"@id\":\"https:\\\/\\\/www.aliadospuebla.com\\\/?p=106561#primaryimage\"},\"image\":{\"@id\":\"https:\\\/\\\/www.aliadospuebla.com\\\/?p=106561#primaryimage\"},\"thumbnailUrl\":\"https:\\\/\\\/www.aliadospuebla.com\\\/web2017\\\/wp-content\\\/uploads\\\/2025\\\/06\\\/784.jpg\",\"datePublished\":\"2025-06-29T21:47:50+00:00\",\"author\":{\"@id\":\"https:\\\/\\\/www.aliadospuebla.com\\\/#\\\/schema\\\/person\\\/5da7dd09320bd4f392b710017ed5f8ad\"},\"breadcrumb\":{\"@id\":\"https:\\\/\\\/www.aliadospuebla.com\\\/?p=106561#breadcrumb\"},\"inLanguage\":\"es\",\"potentialAction\":[{\"@type\":\"ReadAction\",\"target\":[\"https:\\\/\\\/www.aliadospuebla.com\\\/?p=106561\"]}]},{\"@type\":\"ImageObject\",\"inLanguage\":\"es\",\"@id\":\"https:\\\/\\\/www.aliadospuebla.com\\\/?p=106561#primaryimage\",\"url\":\"https:\\\/\\\/www.aliadospuebla.com\\\/web2017\\\/wp-content\\\/uploads\\\/2025\\\/06\\\/784.jpg\",\"contentUrl\":\"https:\\\/\\\/www.aliadospuebla.com\\\/web2017\\\/wp-content\\\/uploads\\\/2025\\\/06\\\/784.jpg\",\"width\":600,\"height\":450},{\"@type\":\"BreadcrumbList\",\"@id\":\"https:\\\/\\\/www.aliadospuebla.com\\\/?p=106561#breadcrumb\",\"itemListElement\":[{\"@type\":\"ListItem\",\"position\":1,\"name\":\"Portada\",\"item\":\"https:\\\/\\\/www.aliadospuebla.com\\\/\"},{\"@type\":\"ListItem\",\"position\":2,\"name\":\"Propone Andr\u00e9s Villegas hasta 9 a\u00f1os de c\u00e1rcel a quienes recluten menores para \u201chalconeo\u201d\"}]},{\"@type\":\"WebSite\",\"@id\":\"https:\\\/\\\/www.aliadospuebla.com\\\/#website\",\"url\":\"https:\\\/\\\/www.aliadospuebla.com\\\/\",\"name\":\"AliadosPuebla\",\"description\":\"La informaci\u00f3n en tus manos\",\"potentialAction\":[{\"@type\":\"SearchAction\",\"target\":{\"@type\":\"EntryPoint\",\"urlTemplate\":\"https:\\\/\\\/www.aliadospuebla.com\\\/?s={search_term_string}\"},\"query-input\":{\"@type\":\"PropertyValueSpecification\",\"valueRequired\":true,\"valueName\":\"search_term_string\"}}],\"inLanguage\":\"es\"},{\"@type\":\"Person\",\"@id\":\"https:\\\/\\\/www.aliadospuebla.com\\\/#\\\/schema\\\/person\\\/5da7dd09320bd4f392b710017ed5f8ad\",\"name\":\"Aliados17\",\"image\":{\"@type\":\"ImageObject\",\"inLanguage\":\"es\",\"@id\":\"https:\\\/\\\/www.aliadospuebla.com\\\/web2017\\\/wp-content\\\/uploads\\\/2025\\\/03\\\/cropped-para-perfil-8-anos-1-96x96.jpg\",\"url\":\"https:\\\/\\\/www.aliadospuebla.com\\\/web2017\\\/wp-content\\\/uploads\\\/2025\\\/03\\\/cropped-para-perfil-8-anos-1-96x96.jpg\",\"contentUrl\":\"https:\\\/\\\/www.aliadospuebla.com\\\/web2017\\\/wp-content\\\/uploads\\\/2025\\\/03\\\/cropped-para-perfil-8-anos-1-96x96.jpg\",\"caption\":\"Aliados17\"},\"sameAs\":[\"https:\\\/\\\/www.aliados17.com\",\"https:\\\/\\\/www.facebook.com\\\/Aliados17Pue\",\"https:\\\/\\\/x.com\\\/AliadosPuebla\"],\"url\":\"https:\\\/\\\/www.aliadospuebla.com\\\/?author=2\"}]}<\/script>\n<!-- \/ Yoast SEO plugin. -->","yoast_head_json":{"title":"Propone Andr\u00e9s Villegas hasta 9 a\u00f1os de c\u00e1rcel a quienes recluten menores para \u201chalconeo\u201d - AliadosPuebla","robots":{"index":"index","follow":"follow","max-snippet":"max-snippet:-1","max-image-preview":"max-image-preview:large","max-video-preview":"max-video-preview:-1"},"canonical":"https:\/\/www.aliadospuebla.com\/?p=106561","og_locale":"es_ES","og_type":"article","og_title":"Propone Andr\u00e9s Villegas hasta 9 a\u00f1os de c\u00e1rcel a quienes recluten menores para \u201chalconeo\u201d - AliadosPuebla","og_description":"El diputado Andr\u00e9s Villegas present\u00f3 ante el Congreso del Estado una iniciativa para reformar el C\u00f3digo Penal de Puebla, con el objetivo de aumentar hasta 9 a\u00f1os la pena de prisi\u00f3n por el delito de halconeo, especialmente cuando se involucre el reclutamiento de menores de edad, adultos mayores o personas en situaci\u00f3n de vulnerabilidad. La propuesta busca agregar un p\u00e1rrafo al Art\u00edculo 186, estableciendo una agravante que eleve la sanci\u00f3n cuando las v\u00edctimas del reclutamiento no comprendan el car\u00e1cter delictivo del acto o no puedan resistirse a participar. Villegas se\u00f1al\u00f3 que esta reforma busca frenar el uso de personas vulnerables por parte de grupos criminales, as\u00ed como romper con las din\u00e1micas de exclusi\u00f3n y violencia estructural que facilitan este fen\u00f3meno. Subray\u00f3 la urgencia de proteger&hellip;Leer m\u00e1s...","og_url":"https:\/\/www.aliadospuebla.com\/?p=106561","og_site_name":"AliadosPuebla","article_author":"https:\/\/www.facebook.com\/Aliados17Pue","article_published_time":"2025-06-29T21:47:50+00:00","og_image":[{"width":600,"height":450,"url":"https:\/\/www.aliadospuebla.com\/web2017\/wp-content\/uploads\/2025\/06\/784.jpg","type":"image\/jpeg"}],"author":"Aliados17","twitter_card":"summary_large_image","twitter_creator":"@AliadosPuebla","twitter_misc":{"Escrito por":"Aliados17","Tiempo de lectura":"2 minutos"},"schema":{"@context":"https:\/\/schema.org","@graph":[{"@type":"Article","@id":"https:\/\/www.aliadospuebla.com\/?p=106561#article","isPartOf":{"@id":"https:\/\/www.aliadospuebla.com\/?p=106561"},"author":{"name":"Aliados17","@id":"https:\/\/www.aliadospuebla.com\/#\/schema\/person\/5da7dd09320bd4f392b710017ed5f8ad"},"headline":"Propone Andr\u00e9s Villegas hasta 9 a\u00f1os de c\u00e1rcel a quienes recluten menores para \u201chalconeo\u201d","datePublished":"2025-06-29T21:47:50+00:00","mainEntityOfPage":{"@id":"https:\/\/www.aliadospuebla.com\/?p=106561"},"wordCount":293,"commentCount":0,"image":{"@id":"https:\/\/www.aliadospuebla.com\/?p=106561#primaryimage"},"thumbnailUrl":"https:\/\/www.aliadospuebla.com\/web2017\/wp-content\/uploads\/2025\/06\/784.jpg","keywords":["Andr\u00e9s Villegas","C\u00c1MARAS DE VIDEOVIGILANCIA","C\u00f3digo Penal","Congreso del Estado","grupos criminales","halconeo","labores de vigilancia ilegal","MENORES DE EDAD"],"articleSection":["Pol\u00edtica"],"inLanguage":"es","potentialAction":[{"@type":"CommentAction","name":"Comment","target":["https:\/\/www.aliadospuebla.com\/?p=106561#respond"]}]},{"@type":"WebPage","@id":"https:\/\/www.aliadospuebla.com\/?p=106561","url":"https:\/\/www.aliadospuebla.com\/?p=106561","name":"Propone Andr\u00e9s Villegas hasta 9 a\u00f1os de c\u00e1rcel a quienes recluten menores para \u201chalconeo\u201d - AliadosPuebla","isPartOf":{"@id":"https:\/\/www.aliadospuebla.com\/#website"},"primaryImageOfPage":{"@id":"https:\/\/www.aliadospuebla.com\/?p=106561#primaryimage"},"image":{"@id":"https:\/\/www.aliadospuebla.com\/?p=106561#primaryimage"},"thumbnailUrl":"https:\/\/www.aliadospuebla.com\/web2017\/wp-content\/uploads\/2025\/06\/784.jpg","datePublished":"2025-06-29T21:47:50+00:00","author":{"@id":"https:\/\/www.aliadospuebla.com\/#\/schema\/person\/5da7dd09320bd4f392b710017ed5f8ad"},"breadcrumb":{"@id":"https:\/\/www.aliadospuebla.com\/?p=106561#breadcrumb"},"inLanguage":"es","potentialAction":[{"@type":"ReadAction","target":["https:\/\/www.aliadospuebla.com\/?p=106561"]}]},{"@type":"ImageObject","inLanguage":"es","@id":"https:\/\/www.aliadospuebla.com\/?p=106561#primaryimage","url":"https:\/\/www.aliadospuebla.com\/web2017\/wp-content\/uploads\/2025\/06\/784.jpg","contentUrl":"https:\/\/www.aliadospuebla.com\/web2017\/wp-content\/uploads\/2025\/06\/784.jpg","width":600,"height":450},{"@type":"BreadcrumbList","@id":"https:\/\/www.aliadospuebla.com\/?p=106561#breadcrumb","itemListElement":[{"@type":"ListItem","position":1,"name":"Portada","item":"https:\/\/www.aliadospuebla.com\/"},{"@type":"ListItem","position":2,"name":"Propone Andr\u00e9s Villegas hasta 9 a\u00f1os de c\u00e1rcel a quienes recluten menores para \u201chalconeo\u201d"}]},{"@type":"WebSite","@id":"https:\/\/www.aliadospuebla.com\/#website","url":"https:\/\/www.aliadospuebla.com\/","name":"AliadosPuebla","description":"La informaci\u00f3n en tus manos","potentialAction":[{"@type":"SearchAction","target":{"@type":"EntryPoint","urlTemplate":"https:\/\/www.aliadospuebla.com\/?s={search_term_string}"},"query-input":{"@type":"PropertyValueSpecification","valueRequired":true,"valueName":"search_term_string"}}],"inLanguage":"es"},{"@type":"Person","@id":"https:\/\/www.aliadospuebla.com\/#\/schema\/person\/5da7dd09320bd4f392b710017ed5f8ad","name":"Aliados17","image":{"@type":"ImageObject","inLanguage":"es","@id":"https:\/\/www.aliadospuebla.com\/web2017\/wp-content\/uploads\/2025\/03\/cropped-para-perfil-8-anos-1-96x96.jpg","url":"https:\/\/www.aliadospuebla.com\/web2017\/wp-content\/uploads\/2025\/03\/cropped-para-perfil-8-anos-1-96x96.jpg","contentUrl":"https:\/\/www.aliadospuebla.com\/web2017\/wp-content\/uploads\/2025\/03\/cropped-para-perfil-8-anos-1-96x96.jpg","caption":"Aliados17"},"sameAs":["https:\/\/www.aliados17.com","https:\/\/www.facebook.com\/Aliados17Pue","https:\/\/x.com\/AliadosPuebla"],"url":"https:\/\/www.aliadospuebla.com\/?author=2"}]}},"views":18,"_links":{"self":[{"href":"https:\/\/www.aliadospuebla.com\/index.php?rest_route=\/wp\/v2\/posts\/106561","targetHints":{"allow":["GET"]}}],"collection":[{"href":"https:\/\/www.aliadospuebla.com\/index.php?rest_route=\/wp\/v2\/posts"}],"about":[{"href":"https:\/\/www.aliadospuebla.com\/index.php?rest_route=\/wp\/v2\/types\/post"}],"author":[{"embeddable":true,"href":"https:\/\/www.aliadospuebla.com\/index.php?rest_route=\/wp\/v2\/users\/2"}],"replies":[{"embeddable":true,"href":"https:\/\/www.aliadospuebla.com\/index.php?rest_route=%2Fwp%2Fv2%2Fcomments&post=106561"}],"version-history":[{"count":1,"href":"https:\/\/www.aliadospuebla.com\/index.php?rest_route=\/wp\/v2\/posts\/106561\/revisions"}],"predecessor-version":[{"id":106563,"href":"https:\/\/www.aliadospuebla.com\/index.php?rest_route=\/wp\/v2\/posts\/106561\/revisions\/106563"}],"wp:featuredmedia":[{"embeddable":true,"href":"https:\/\/www.aliadospuebla.com\/index.php?rest_route=\/wp\/v2\/media\/106562"}],"wp:attachment":[{"href":"https:\/\/www.aliadospuebla.com\/index.php?rest_route=%2Fwp%2Fv2%2Fmedia&parent=106561"}],"wp:term":[{"taxonomy":"category","embeddable":true,"href":"https:\/\/www.aliadospuebla.com\/index.php?rest_route=%2Fwp%2Fv2%2Fcategories&post=106561"},{"taxonomy":"post_tag","embeddable":true,"href":"https:\/\/www.aliadospuebla.com\/index.php?rest_route=%2Fwp%2Fv2%2Ftags&post=106561"}],"curies":[{"name":"wp","href":"https:\/\/api.w.org\/{rel}","templated":true}]}}