{"id":106274,"date":"2025-06-17T16:25:20","date_gmt":"2025-06-17T22:25:20","guid":{"rendered":"https:\/\/www.aliadospuebla.com\/?p=106274"},"modified":"2025-06-17T16:25:20","modified_gmt":"2025-06-17T22:25:20","slug":"recibe-gobierno-de-la-ciudad-a-diputados-alemanes","status":"publish","type":"post","link":"https:\/\/www.aliadospuebla.com\/?p=106274","title":{"rendered":"Recibe Gobierno de la Ciudad a diputados alemanes"},"content":{"rendered":"<h4>&#8211; Abordaron temas relevantes sobre inversi\u00f3n, turismo y cooperaci\u00f3n entre Puebla y Alemania<\/h4>\n<p>Puebla, Pue.- Con el objetivo de fortalecer los v\u00ednculos internacionales de la capital, el secretario de Econom\u00eda y Turismo, Jaime Oropeza Casas, en representaci\u00f3n del alcalde, Pepe Chedraui Budib, recibi\u00f3 a los diputados alemanes Leif-Erik Holm, Peter Felser y Malte Kaufmann, quienes intercambiaron experiencias sobre la relaci\u00f3n que mantiene Puebla con el aquel pa\u00eds.<\/p>\n<p>Durante el encuentro, que forma parte de su gira de trabajo por M\u00e9xico, se resalt\u00f3 la relevancia de la inversi\u00f3n alemana en la ciudad y el creciente inter\u00e9s tur\u00edstico que recibe la capital poblana. Asimismo, tuvieron un recorrido por el Palacio Municipal.<\/p>\n<p>Tambi\u00e9n estuvieron presentes Marko Foitzik, c\u00f3nsul de Alemania en Puebla; Nader Salehi, secretario t\u00e9cnico; Immanuel Brand, agregado de Cooperaci\u00f3n (Coordinador de la visita) Cristina Mor\u00e1n, Asesora para Alimentaci\u00f3n y Agricultura de la Embajada de Alemania.<\/p>\n","protected":false},"excerpt":{"rendered":"<p>&#8211; Abordaron temas relevantes sobre inversi\u00f3n, turismo y cooperaci\u00f3n entre Puebla y Alemania Puebla, Pue.- Con el objetivo de fortalecer los v\u00ednculos internacionales de la capital, el secretario de Econom\u00eda y Turismo, Jaime Oropeza Casas, en representaci\u00f3n del alcalde, Pepe Chedraui Budib, recibi\u00f3 a los diputados alemanes Leif-Erik Holm, Peter Felser y Malte Kaufmann, quienes intercambiaron experiencias sobre la relaci\u00f3n que mantiene Puebla con el aquel pa\u00eds. Durante el encuentro, que forma parte de su gira de trabajo por M\u00e9xico, se resalt\u00f3 la relevancia de la inversi\u00f3n alemana en la ciudad y el creciente inter\u00e9s tur\u00edstico que recibe la capital poblana. Asimismo, tuvieron un recorrido por el Palacio Municipal. Tambi\u00e9n estuvieron presentes Marko Foitzik, c\u00f3nsul de Alemania en Puebla; Nader Salehi, secretario t\u00e9cnico; Immanuel Brand,&hellip;<\/p>\n<p class=\"excerpt-more\"><a class=\"blog-excerpt button\" href=\"https:\/\/www.aliadospuebla.com\/?p=106274\">Leer m\u00e1s&#8230;<\/a><\/p>\n","protected":false},"author":2,"featured_media":106275,"comment_status":"open","ping_status":"open","sticky":false,"template":"","format":"standard","meta":{"_monsterinsights_skip_tracking":false,"footnotes":""},"categories":[62],"tags":[29727,10582,240,4328,8694,29728,24702,29729,127],"class_list":["post-106274","post","type-post","status-publish","format-standard","has-post-thumbnail","hentry","category-capital","tag-diputados-alemanes","tag-gobierno-de-la-ciudad","tag-inversion","tag-inversion-alemana","tag-jaime-oropeza-casas","tag-leif-erik-holm","tag-pepe-chedraui-budib","tag-peter-felser","tag-turismo"],"yoast_head":"<!-- This site is optimized with the Yoast SEO plugin v28.4 - https:\/\/yoast.com\/product\/yoast-seo-wordpress\/ -->\n<title>Recibe Gobierno de la Ciudad a diputados alemanes - AliadosPuebla<\/title>\n<meta name=\"robots\" content=\"index, follow, max-snippet:-1, max-image-preview:large, max-video-preview:-1\" \/>\n<link rel=\"canonical\" href=\"https:\/\/www.aliadospuebla.com\/?p=106274\" \/>\n<meta property=\"og:locale\" content=\"es_ES\" \/>\n<meta property=\"og:type\" content=\"article\" \/>\n<meta property=\"og:title\" content=\"Recibe Gobierno de la Ciudad a diputados alemanes - AliadosPuebla\" \/>\n<meta property=\"og:description\" content=\"&#8211; Abordaron temas relevantes sobre inversi\u00f3n, turismo y cooperaci\u00f3n entre Puebla y Alemania Puebla, Pue.- Con el objetivo de fortalecer los v\u00ednculos internacionales de la capital, el secretario de Econom\u00eda y Turismo, Jaime Oropeza Casas, en representaci\u00f3n del alcalde, Pepe Chedraui Budib, recibi\u00f3 a los diputados alemanes Leif-Erik Holm, Peter Felser y Malte Kaufmann, quienes intercambiaron experiencias sobre la relaci\u00f3n que mantiene Puebla con el aquel pa\u00eds. Durante el encuentro, que forma parte de su gira de trabajo por M\u00e9xico, se resalt\u00f3 la relevancia de la inversi\u00f3n alemana en la ciudad y el creciente inter\u00e9s tur\u00edstico que recibe la capital poblana. Asimismo, tuvieron un recorrido por el Palacio Municipal. Tambi\u00e9n estuvieron presentes Marko Foitzik, c\u00f3nsul de Alemania en Puebla; Nader Salehi, secretario t\u00e9cnico; Immanuel Brand,&hellip;Leer m\u00e1s...\" \/>\n<meta property=\"og:url\" content=\"https:\/\/www.aliadospuebla.com\/?p=106274\" \/>\n<meta property=\"og:site_name\" content=\"AliadosPuebla\" \/>\n<meta property=\"article:author\" content=\"https:\/\/www.facebook.com\/Aliados17Pue\" \/>\n<meta property=\"article:published_time\" content=\"2025-06-17T22:25:20+00:00\" \/>\n<meta property=\"og:image\" content=\"https:\/\/www.aliadospuebla.com\/web2017\/wp-content\/uploads\/2025\/06\/696.jpg\" \/>\n\t<meta property=\"og:image:width\" content=\"600\" \/>\n\t<meta property=\"og:image:height\" content=\"450\" \/>\n\t<meta property=\"og:image:type\" content=\"image\/jpeg\" \/>\n<meta name=\"author\" content=\"Aliados17\" \/>\n<meta name=\"twitter:card\" content=\"summary_large_image\" \/>\n<meta name=\"twitter:creator\" content=\"@AliadosPuebla\" \/>\n<meta name=\"twitter:label1\" content=\"Escrito por\" \/>\n\t<meta name=\"twitter:data1\" content=\"Aliados17\" \/>\n\t<meta name=\"twitter:label2\" content=\"Tiempo de lectura\" \/>\n\t<meta name=\"twitter:data2\" content=\"1 minuto\" \/>\n<script type=\"application\/ld+json\" class=\"yoast-schema-graph\">{\"@context\":\"https:\\\/\\\/schema.org\",\"@graph\":[{\"@type\":\"Article\",\"@id\":\"https:\\\/\\\/www.aliadospuebla.com\\\/?p=106274#article\",\"isPartOf\":{\"@id\":\"https:\\\/\\\/www.aliadospuebla.com\\\/?p=106274\"},\"author\":{\"name\":\"Aliados17\",\"@id\":\"https:\\\/\\\/www.aliadospuebla.com\\\/#\\\/schema\\\/person\\\/5da7dd09320bd4f392b710017ed5f8ad\"},\"headline\":\"Recibe Gobierno de la Ciudad a diputados alemanes\",\"datePublished\":\"2025-06-17T22:25:20+00:00\",\"mainEntityOfPage\":{\"@id\":\"https:\\\/\\\/www.aliadospuebla.com\\\/?p=106274\"},\"wordCount\":170,\"commentCount\":0,\"image\":{\"@id\":\"https:\\\/\\\/www.aliadospuebla.com\\\/?p=106274#primaryimage\"},\"thumbnailUrl\":\"https:\\\/\\\/www.aliadospuebla.com\\\/web2017\\\/wp-content\\\/uploads\\\/2025\\\/06\\\/696.jpg\",\"keywords\":[\"diputados alemanes\",\"GOBIERNO DE LA CIUDAD\",\"inversi\u00f3n\",\"INVERSI\u00d3N ALEMANA\",\"Jaime Oropeza Casas\",\"Leif-Erik Holm\",\"Pepe Chedraui Budib\",\"Peter Felser\",\"turismo\"],\"articleSection\":[\"Capital\"],\"inLanguage\":\"es\",\"potentialAction\":[{\"@type\":\"CommentAction\",\"name\":\"Comment\",\"target\":[\"https:\\\/\\\/www.aliadospuebla.com\\\/?p=106274#respond\"]}]},{\"@type\":\"WebPage\",\"@id\":\"https:\\\/\\\/www.aliadospuebla.com\\\/?p=106274\",\"url\":\"https:\\\/\\\/www.aliadospuebla.com\\\/?p=106274\",\"name\":\"Recibe Gobierno de la Ciudad a diputados alemanes - AliadosPuebla\",\"isPartOf\":{\"@id\":\"https:\\\/\\\/www.aliadospuebla.com\\\/#website\"},\"primaryImageOfPage\":{\"@id\":\"https:\\\/\\\/www.aliadospuebla.com\\\/?p=106274#primaryimage\"},\"image\":{\"@id\":\"https:\\\/\\\/www.aliadospuebla.com\\\/?p=106274#primaryimage\"},\"thumbnailUrl\":\"https:\\\/\\\/www.aliadospuebla.com\\\/web2017\\\/wp-content\\\/uploads\\\/2025\\\/06\\\/696.jpg\",\"datePublished\":\"2025-06-17T22:25:20+00:00\",\"author\":{\"@id\":\"https:\\\/\\\/www.aliadospuebla.com\\\/#\\\/schema\\\/person\\\/5da7dd09320bd4f392b710017ed5f8ad\"},\"breadcrumb\":{\"@id\":\"https:\\\/\\\/www.aliadospuebla.com\\\/?p=106274#breadcrumb\"},\"inLanguage\":\"es\",\"potentialAction\":[{\"@type\":\"ReadAction\",\"target\":[\"https:\\\/\\\/www.aliadospuebla.com\\\/?p=106274\"]}]},{\"@type\":\"ImageObject\",\"inLanguage\":\"es\",\"@id\":\"https:\\\/\\\/www.aliadospuebla.com\\\/?p=106274#primaryimage\",\"url\":\"https:\\\/\\\/www.aliadospuebla.com\\\/web2017\\\/wp-content\\\/uploads\\\/2025\\\/06\\\/696.jpg\",\"contentUrl\":\"https:\\\/\\\/www.aliadospuebla.com\\\/web2017\\\/wp-content\\\/uploads\\\/2025\\\/06\\\/696.jpg\",\"width\":600,\"height\":450},{\"@type\":\"BreadcrumbList\",\"@id\":\"https:\\\/\\\/www.aliadospuebla.com\\\/?p=106274#breadcrumb\",\"itemListElement\":[{\"@type\":\"ListItem\",\"position\":1,\"name\":\"Portada\",\"item\":\"https:\\\/\\\/www.aliadospuebla.com\\\/\"},{\"@type\":\"ListItem\",\"position\":2,\"name\":\"Recibe Gobierno de la Ciudad a diputados alemanes\"}]},{\"@type\":\"WebSite\",\"@id\":\"https:\\\/\\\/www.aliadospuebla.com\\\/#website\",\"url\":\"https:\\\/\\\/www.aliadospuebla.com\\\/\",\"name\":\"AliadosPuebla\",\"description\":\"La informaci\u00f3n en tus manos\",\"potentialAction\":[{\"@type\":\"SearchAction\",\"target\":{\"@type\":\"EntryPoint\",\"urlTemplate\":\"https:\\\/\\\/www.aliadospuebla.com\\\/?s={search_term_string}\"},\"query-input\":{\"@type\":\"PropertyValueSpecification\",\"valueRequired\":true,\"valueName\":\"search_term_string\"}}],\"inLanguage\":\"es\"},{\"@type\":\"Person\",\"@id\":\"https:\\\/\\\/www.aliadospuebla.com\\\/#\\\/schema\\\/person\\\/5da7dd09320bd4f392b710017ed5f8ad\",\"name\":\"Aliados17\",\"image\":{\"@type\":\"ImageObject\",\"inLanguage\":\"es\",\"@id\":\"https:\\\/\\\/www.aliadospuebla.com\\\/web2017\\\/wp-content\\\/uploads\\\/2025\\\/03\\\/cropped-para-perfil-8-anos-1-96x96.jpg\",\"url\":\"https:\\\/\\\/www.aliadospuebla.com\\\/web2017\\\/wp-content\\\/uploads\\\/2025\\\/03\\\/cropped-para-perfil-8-anos-1-96x96.jpg\",\"contentUrl\":\"https:\\\/\\\/www.aliadospuebla.com\\\/web2017\\\/wp-content\\\/uploads\\\/2025\\\/03\\\/cropped-para-perfil-8-anos-1-96x96.jpg\",\"caption\":\"Aliados17\"},\"sameAs\":[\"https:\\\/\\\/www.aliados17.com\",\"https:\\\/\\\/www.facebook.com\\\/Aliados17Pue\",\"https:\\\/\\\/x.com\\\/AliadosPuebla\"],\"url\":\"https:\\\/\\\/www.aliadospuebla.com\\\/?author=2\"}]}<\/script>\n<!-- \/ Yoast SEO plugin. -->","yoast_head_json":{"title":"Recibe Gobierno de la Ciudad a diputados alemanes - AliadosPuebla","robots":{"index":"index","follow":"follow","max-snippet":"max-snippet:-1","max-image-preview":"max-image-preview:large","max-video-preview":"max-video-preview:-1"},"canonical":"https:\/\/www.aliadospuebla.com\/?p=106274","og_locale":"es_ES","og_type":"article","og_title":"Recibe Gobierno de la Ciudad a diputados alemanes - AliadosPuebla","og_description":"&#8211; Abordaron temas relevantes sobre inversi\u00f3n, turismo y cooperaci\u00f3n entre Puebla y Alemania Puebla, Pue.- Con el objetivo de fortalecer los v\u00ednculos internacionales de la capital, el secretario de Econom\u00eda y Turismo, Jaime Oropeza Casas, en representaci\u00f3n del alcalde, Pepe Chedraui Budib, recibi\u00f3 a los diputados alemanes Leif-Erik Holm, Peter Felser y Malte Kaufmann, quienes intercambiaron experiencias sobre la relaci\u00f3n que mantiene Puebla con el aquel pa\u00eds. Durante el encuentro, que forma parte de su gira de trabajo por M\u00e9xico, se resalt\u00f3 la relevancia de la inversi\u00f3n alemana en la ciudad y el creciente inter\u00e9s tur\u00edstico que recibe la capital poblana. Asimismo, tuvieron un recorrido por el Palacio Municipal. Tambi\u00e9n estuvieron presentes Marko Foitzik, c\u00f3nsul de Alemania en Puebla; Nader Salehi, secretario t\u00e9cnico; Immanuel Brand,&hellip;Leer m\u00e1s...","og_url":"https:\/\/www.aliadospuebla.com\/?p=106274","og_site_name":"AliadosPuebla","article_author":"https:\/\/www.facebook.com\/Aliados17Pue","article_published_time":"2025-06-17T22:25:20+00:00","og_image":[{"width":600,"height":450,"url":"https:\/\/www.aliadospuebla.com\/web2017\/wp-content\/uploads\/2025\/06\/696.jpg","type":"image\/jpeg"}],"author":"Aliados17","twitter_card":"summary_large_image","twitter_creator":"@AliadosPuebla","twitter_misc":{"Escrito por":"Aliados17","Tiempo de lectura":"1 minuto"},"schema":{"@context":"https:\/\/schema.org","@graph":[{"@type":"Article","@id":"https:\/\/www.aliadospuebla.com\/?p=106274#article","isPartOf":{"@id":"https:\/\/www.aliadospuebla.com\/?p=106274"},"author":{"name":"Aliados17","@id":"https:\/\/www.aliadospuebla.com\/#\/schema\/person\/5da7dd09320bd4f392b710017ed5f8ad"},"headline":"Recibe Gobierno de la Ciudad a diputados alemanes","datePublished":"2025-06-17T22:25:20+00:00","mainEntityOfPage":{"@id":"https:\/\/www.aliadospuebla.com\/?p=106274"},"wordCount":170,"commentCount":0,"image":{"@id":"https:\/\/www.aliadospuebla.com\/?p=106274#primaryimage"},"thumbnailUrl":"https:\/\/www.aliadospuebla.com\/web2017\/wp-content\/uploads\/2025\/06\/696.jpg","keywords":["diputados alemanes","GOBIERNO DE LA CIUDAD","inversi\u00f3n","INVERSI\u00d3N ALEMANA","Jaime Oropeza Casas","Leif-Erik Holm","Pepe Chedraui Budib","Peter Felser","turismo"],"articleSection":["Capital"],"inLanguage":"es","potentialAction":[{"@type":"CommentAction","name":"Comment","target":["https:\/\/www.aliadospuebla.com\/?p=106274#respond"]}]},{"@type":"WebPage","@id":"https:\/\/www.aliadospuebla.com\/?p=106274","url":"https:\/\/www.aliadospuebla.com\/?p=106274","name":"Recibe Gobierno de la Ciudad a diputados alemanes - AliadosPuebla","isPartOf":{"@id":"https:\/\/www.aliadospuebla.com\/#website"},"primaryImageOfPage":{"@id":"https:\/\/www.aliadospuebla.com\/?p=106274#primaryimage"},"image":{"@id":"https:\/\/www.aliadospuebla.com\/?p=106274#primaryimage"},"thumbnailUrl":"https:\/\/www.aliadospuebla.com\/web2017\/wp-content\/uploads\/2025\/06\/696.jpg","datePublished":"2025-06-17T22:25:20+00:00","author":{"@id":"https:\/\/www.aliadospuebla.com\/#\/schema\/person\/5da7dd09320bd4f392b710017ed5f8ad"},"breadcrumb":{"@id":"https:\/\/www.aliadospuebla.com\/?p=106274#breadcrumb"},"inLanguage":"es","potentialAction":[{"@type":"ReadAction","target":["https:\/\/www.aliadospuebla.com\/?p=106274"]}]},{"@type":"ImageObject","inLanguage":"es","@id":"https:\/\/www.aliadospuebla.com\/?p=106274#primaryimage","url":"https:\/\/www.aliadospuebla.com\/web2017\/wp-content\/uploads\/2025\/06\/696.jpg","contentUrl":"https:\/\/www.aliadospuebla.com\/web2017\/wp-content\/uploads\/2025\/06\/696.jpg","width":600,"height":450},{"@type":"BreadcrumbList","@id":"https:\/\/www.aliadospuebla.com\/?p=106274#breadcrumb","itemListElement":[{"@type":"ListItem","position":1,"name":"Portada","item":"https:\/\/www.aliadospuebla.com\/"},{"@type":"ListItem","position":2,"name":"Recibe Gobierno de la Ciudad a diputados alemanes"}]},{"@type":"WebSite","@id":"https:\/\/www.aliadospuebla.com\/#website","url":"https:\/\/www.aliadospuebla.com\/","name":"AliadosPuebla","description":"La informaci\u00f3n en tus manos","potentialAction":[{"@type":"SearchAction","target":{"@type":"EntryPoint","urlTemplate":"https:\/\/www.aliadospuebla.com\/?s={search_term_string}"},"query-input":{"@type":"PropertyValueSpecification","valueRequired":true,"valueName":"search_term_string"}}],"inLanguage":"es"},{"@type":"Person","@id":"https:\/\/www.aliadospuebla.com\/#\/schema\/person\/5da7dd09320bd4f392b710017ed5f8ad","name":"Aliados17","image":{"@type":"ImageObject","inLanguage":"es","@id":"https:\/\/www.aliadospuebla.com\/web2017\/wp-content\/uploads\/2025\/03\/cropped-para-perfil-8-anos-1-96x96.jpg","url":"https:\/\/www.aliadospuebla.com\/web2017\/wp-content\/uploads\/2025\/03\/cropped-para-perfil-8-anos-1-96x96.jpg","contentUrl":"https:\/\/www.aliadospuebla.com\/web2017\/wp-content\/uploads\/2025\/03\/cropped-para-perfil-8-anos-1-96x96.jpg","caption":"Aliados17"},"sameAs":["https:\/\/www.aliados17.com","https:\/\/www.facebook.com\/Aliados17Pue","https:\/\/x.com\/AliadosPuebla"],"url":"https:\/\/www.aliadospuebla.com\/?author=2"}]}},"views":9,"_links":{"self":[{"href":"https:\/\/www.aliadospuebla.com\/index.php?rest_route=\/wp\/v2\/posts\/106274","targetHints":{"allow":["GET"]}}],"collection":[{"href":"https:\/\/www.aliadospuebla.com\/index.php?rest_route=\/wp\/v2\/posts"}],"about":[{"href":"https:\/\/www.aliadospuebla.com\/index.php?rest_route=\/wp\/v2\/types\/post"}],"author":[{"embeddable":true,"href":"https:\/\/www.aliadospuebla.com\/index.php?rest_route=\/wp\/v2\/users\/2"}],"replies":[{"embeddable":true,"href":"https:\/\/www.aliadospuebla.com\/index.php?rest_route=%2Fwp%2Fv2%2Fcomments&post=106274"}],"version-history":[{"count":1,"href":"https:\/\/www.aliadospuebla.com\/index.php?rest_route=\/wp\/v2\/posts\/106274\/revisions"}],"predecessor-version":[{"id":106276,"href":"https:\/\/www.aliadospuebla.com\/index.php?rest_route=\/wp\/v2\/posts\/106274\/revisions\/106276"}],"wp:featuredmedia":[{"embeddable":true,"href":"https:\/\/www.aliadospuebla.com\/index.php?rest_route=\/wp\/v2\/media\/106275"}],"wp:attachment":[{"href":"https:\/\/www.aliadospuebla.com\/index.php?rest_route=%2Fwp%2Fv2%2Fmedia&parent=106274"}],"wp:term":[{"taxonomy":"category","embeddable":true,"href":"https:\/\/www.aliadospuebla.com\/index.php?rest_route=%2Fwp%2Fv2%2Fcategories&post=106274"},{"taxonomy":"post_tag","embeddable":true,"href":"https:\/\/www.aliadospuebla.com\/index.php?rest_route=%2Fwp%2Fv2%2Ftags&post=106274"}],"curies":[{"name":"wp","href":"https:\/\/api.w.org\/{rel}","templated":true}]}}