{"id":106026,"date":"2025-06-06T22:18:31","date_gmt":"2025-06-07T04:18:31","guid":{"rendered":"https:\/\/www.aliadospuebla.com\/?p=106026"},"modified":"2025-06-06T22:18:31","modified_gmt":"2025-06-07T04:18:31","slug":"por-primera-vez-puebla-sera-sede-de-la-convencion-nacional-de-cafe-2025","status":"publish","type":"post","link":"https:\/\/www.aliadospuebla.com\/?p=106026","title":{"rendered":"Por primera vez Puebla ser\u00e1 sede de la Convenci\u00f3n Nacional de Caf\u00e9 2025"},"content":{"rendered":"<h4>&#8211; Participar\u00e1n 11 estados productores de caf\u00e9 y se llevar\u00e1 a cabo del 12 al 15 de junio en el Centro de Convenciones William O. Jenkins.<\/h4>\n<p>SAN ANDR\u00c9S CHOLULA, Pue.- En rueda de prensa desde la cafeter\u00eda Entre Sierras de productoras de la Sierra Norte,<\/p>\n<p>la secretaria de Agricultura y Desarrollo Rural del Gobierno del Estado, Ana Laura Altamirano P\u00e9rez,<\/p>\n<p>anunci\u00f3 la Convenci\u00f3n Nacional de Caf\u00e9 Puebla 2025, evento que por primera vez se realizar\u00e1 en territorio poblano,<\/p>\n<p>con la participaci\u00f3n de 11 estados productores de caf\u00e9: Puebla, Chiapas, Oaxaca, Veracruz, Nayarit, Jalisco,<\/p>\n<p>Colima, San Luis Potos\u00ed, Hidalgo, Estado de M\u00e9xico.<\/p>\n<p>La CONCAF\u00c9 2025 tiene como prop\u00f3sito identificar la importancia del sector cafetalero a nivel nacional<\/p>\n<p>y analizar las oportunidades actuales para fomentar una cafeticultura sustentable,<\/p>\n<p>rentable y con impacto social, que fortalezca la econom\u00eda de las familias productoras.<\/p>\n<p>\u201cCreemos en el poder del trabajo colectivo y la fuerza de las mujeres que d\u00eda a d\u00eda siembran, cosechan,<\/p>\n<p>procesan y transforman el caf\u00e9 en un producto de calidad con identidad y con origen\u201d<\/p>\n<p>mencion\u00f3 Zaira Le\u00f3n S\u00e1nchez representante de Caf\u00e9 Entre Sierras, marca que participar\u00e1 dentro del evento.<\/p>\n<p>La primera edici\u00f3n nacional de este encuentro se llevar\u00e1 a cabo del 12 al 15 de junio en el Centro de Convenciones William O. Jenkins, ubicado en el Bulevar 5 de Mayo, en la ciudad de Puebla. La entrada ser\u00e1 gratuita y estar\u00e1 abierta al p\u00fablico de 10:00 a 20:00 horas. Las y los asistentes podr\u00e1n recorrer los pabellones estatales, as\u00ed como los espacios dedicados a las tres regiones cafetaleras de Puebla: la Sierra Norte, la Sierra Nororiental y la Sierra Negra.<\/p>\n<p>Entre las actividades programadas destacan el Concurso Calidad en Taza, que premiar\u00e1 a los mejores caf\u00e9s de especialidad; el Campeonato Nacional de Barismo, que reunir\u00e1 a los baristas m\u00e1s destacados del pa\u00eds; y el Premio Sabor a M\u00e9xico, donde el p\u00fablico asistente tendr\u00e1 la oportunidad de evaluar los caf\u00e9s seleccionados. Tambi\u00e9n se realizar\u00e1 la tradicional Carrera del Caf\u00e9, adem\u00e1s de conferencias nacionales e internacionales, y talleres agroindustriales y artesanales con productos derivados del caf\u00e9.<\/p>\n<p>M\u00e9xico ocupa un lugar relevante en la producci\u00f3n de caf\u00e9 a nivel mundial, con una vocaci\u00f3n cafetalera arraigada en m\u00e1s de 14 entidades del pa\u00eds. M\u00e1s de medio mill\u00f3n de familias viven de esta actividad, la mayor\u00eda en comunidades rurales de alta marginaci\u00f3n. El impulso a una cafeticultura sustentable no solo representa una estrategia econ\u00f3mica, sino tambi\u00e9n un compromiso con la biodiversidad, la justicia social y el desarrollo regional.<\/p>\n<p>El gobernador de Puebla, Alejandro Armenta, ha referido que el caf\u00e9 de Puebla aporta el 20 por ciento de la producci\u00f3n cafetalera del pa\u00eds y el 70 por ciento del caf\u00e9 que se consume es soluble. Por lo que, en la entidad se ha hecho un gran trabajo y muy pronto Puebla contar\u00e1 con su marca 5 de Mayo de caf\u00e9 soluble. \u201cEn lugar de comprar caf\u00e9 de otros pa\u00edses, pues vamos a consumir el caf\u00e9 poblano\u201d.<\/p>\n<p>En este sentido, el Gobierno de Puebla refrenda su compromiso con toda la cadena de valor del caf\u00e9 al destinar recursos por 200 millones de pesos, con el objetivo de fortalecer las capacidades productivas, impulsar la innovaci\u00f3n y asegurar el bienestar de las familias cafetaleras del estado.<\/p>\n","protected":false},"excerpt":{"rendered":"<p>&#8211; Participar\u00e1n 11 estados productores de caf\u00e9 y se llevar\u00e1 a cabo del 12 al 15 de junio en el Centro de Convenciones William O. Jenkins. SAN ANDR\u00c9S CHOLULA, Pue.- En rueda de prensa desde la cafeter\u00eda Entre Sierras de productoras de la Sierra Norte, la secretaria de Agricultura y Desarrollo Rural del Gobierno del Estado, Ana Laura Altamirano P\u00e9rez, anunci\u00f3 la Convenci\u00f3n Nacional de Caf\u00e9 Puebla 2025, evento que por primera vez se realizar\u00e1 en territorio poblano, con la participaci\u00f3n de 11 estados productores de caf\u00e9: Puebla, Chiapas, Oaxaca, Veracruz, Nayarit, Jalisco, Colima, San Luis Potos\u00ed, Hidalgo, Estado de M\u00e9xico. La CONCAF\u00c9 2025 tiene como prop\u00f3sito identificar la importancia del sector cafetalero a nivel nacional y analizar las oportunidades actuales para fomentar una cafeticultura&hellip;<\/p>\n<p class=\"excerpt-more\"><a class=\"blog-excerpt button\" href=\"https:\/\/www.aliadospuebla.com\/?p=106026\">Leer m\u00e1s&#8230;<\/a><\/p>\n","protected":false},"author":2,"featured_media":106027,"comment_status":"open","ping_status":"open","sticky":false,"template":"","format":"standard","meta":{"_monsterinsights_skip_tracking":false,"footnotes":""},"categories":[61],"tags":[29596,29598,29599,29595,29597,5310,29600],"class_list":["post-106026","post","type-post","status-publish","format-standard","has-post-thumbnail","hentry","category-gobierno","tag-cafeticultura-sustentable","tag-concafe","tag-concurso-calidad-en-taza","tag-convencion-nacional-de-cafe-2025","tag-familias-productoras","tag-productores-de-cafe","tag-talleres-agroindustriales"],"yoast_head":"<!-- This site is optimized with the Yoast SEO plugin v28.4 - https:\/\/yoast.com\/product\/yoast-seo-wordpress\/ -->\n<title>Por primera vez Puebla ser\u00e1 sede de la Convenci\u00f3n Nacional de Caf\u00e9 2025 - AliadosPuebla<\/title>\n<meta name=\"robots\" content=\"index, follow, max-snippet:-1, max-image-preview:large, max-video-preview:-1\" \/>\n<link rel=\"canonical\" href=\"https:\/\/www.aliadospuebla.com\/?p=106026\" \/>\n<meta property=\"og:locale\" content=\"es_ES\" \/>\n<meta property=\"og:type\" content=\"article\" \/>\n<meta property=\"og:title\" content=\"Por primera vez Puebla ser\u00e1 sede de la Convenci\u00f3n Nacional de Caf\u00e9 2025 - AliadosPuebla\" \/>\n<meta property=\"og:description\" content=\"&#8211; Participar\u00e1n 11 estados productores de caf\u00e9 y se llevar\u00e1 a cabo del 12 al 15 de junio en el Centro de Convenciones William O. Jenkins. SAN ANDR\u00c9S CHOLULA, Pue.- En rueda de prensa desde la cafeter\u00eda Entre Sierras de productoras de la Sierra Norte, la secretaria de Agricultura y Desarrollo Rural del Gobierno del Estado, Ana Laura Altamirano P\u00e9rez, anunci\u00f3 la Convenci\u00f3n Nacional de Caf\u00e9 Puebla 2025, evento que por primera vez se realizar\u00e1 en territorio poblano, con la participaci\u00f3n de 11 estados productores de caf\u00e9: Puebla, Chiapas, Oaxaca, Veracruz, Nayarit, Jalisco, Colima, San Luis Potos\u00ed, Hidalgo, Estado de M\u00e9xico. La CONCAF\u00c9 2025 tiene como prop\u00f3sito identificar la importancia del sector cafetalero a nivel nacional y analizar las oportunidades actuales para fomentar una cafeticultura&hellip;Leer m\u00e1s...\" \/>\n<meta property=\"og:url\" content=\"https:\/\/www.aliadospuebla.com\/?p=106026\" \/>\n<meta property=\"og:site_name\" content=\"AliadosPuebla\" \/>\n<meta property=\"article:author\" content=\"https:\/\/www.facebook.com\/Aliados17Pue\" \/>\n<meta property=\"article:published_time\" content=\"2025-06-07T04:18:31+00:00\" \/>\n<meta property=\"og:image\" content=\"https:\/\/www.aliadospuebla.com\/web2017\/wp-content\/uploads\/2025\/06\/627.jpg\" \/>\n\t<meta property=\"og:image:width\" content=\"600\" \/>\n\t<meta property=\"og:image:height\" content=\"450\" \/>\n\t<meta property=\"og:image:type\" content=\"image\/jpeg\" \/>\n<meta name=\"author\" content=\"Aliados17\" \/>\n<meta name=\"twitter:card\" content=\"summary_large_image\" \/>\n<meta name=\"twitter:creator\" content=\"@AliadosPuebla\" \/>\n<meta name=\"twitter:label1\" content=\"Escrito por\" \/>\n\t<meta name=\"twitter:data1\" content=\"Aliados17\" \/>\n\t<meta name=\"twitter:label2\" content=\"Tiempo de lectura\" \/>\n\t<meta name=\"twitter:data2\" content=\"3 minutos\" \/>\n<script type=\"application\/ld+json\" class=\"yoast-schema-graph\">{\"@context\":\"https:\\\/\\\/schema.org\",\"@graph\":[{\"@type\":\"Article\",\"@id\":\"https:\\\/\\\/www.aliadospuebla.com\\\/?p=106026#article\",\"isPartOf\":{\"@id\":\"https:\\\/\\\/www.aliadospuebla.com\\\/?p=106026\"},\"author\":{\"name\":\"Aliados17\",\"@id\":\"https:\\\/\\\/www.aliadospuebla.com\\\/#\\\/schema\\\/person\\\/5da7dd09320bd4f392b710017ed5f8ad\"},\"headline\":\"Por primera vez Puebla ser\u00e1 sede de la Convenci\u00f3n Nacional de Caf\u00e9 2025\",\"datePublished\":\"2025-06-07T04:18:31+00:00\",\"mainEntityOfPage\":{\"@id\":\"https:\\\/\\\/www.aliadospuebla.com\\\/?p=106026\"},\"wordCount\":574,\"commentCount\":0,\"image\":{\"@id\":\"https:\\\/\\\/www.aliadospuebla.com\\\/?p=106026#primaryimage\"},\"thumbnailUrl\":\"https:\\\/\\\/www.aliadospuebla.com\\\/web2017\\\/wp-content\\\/uploads\\\/2025\\\/06\\\/627.jpg\",\"keywords\":[\"cafeticultura sustentable\",\"CONCAF\u00c9\",\"Concurso Calidad en Taza\",\"Convenci\u00f3n Nacional de Caf\u00e9 2025\",\"familias productoras\",\"PRODUCTORES DE CAF\u00c9\",\"talleres agroindustriales\"],\"articleSection\":[\"Gobierno\"],\"inLanguage\":\"es\",\"potentialAction\":[{\"@type\":\"CommentAction\",\"name\":\"Comment\",\"target\":[\"https:\\\/\\\/www.aliadospuebla.com\\\/?p=106026#respond\"]}]},{\"@type\":\"WebPage\",\"@id\":\"https:\\\/\\\/www.aliadospuebla.com\\\/?p=106026\",\"url\":\"https:\\\/\\\/www.aliadospuebla.com\\\/?p=106026\",\"name\":\"Por primera vez Puebla ser\u00e1 sede de la Convenci\u00f3n Nacional de Caf\u00e9 2025 - AliadosPuebla\",\"isPartOf\":{\"@id\":\"https:\\\/\\\/www.aliadospuebla.com\\\/#website\"},\"primaryImageOfPage\":{\"@id\":\"https:\\\/\\\/www.aliadospuebla.com\\\/?p=106026#primaryimage\"},\"image\":{\"@id\":\"https:\\\/\\\/www.aliadospuebla.com\\\/?p=106026#primaryimage\"},\"thumbnailUrl\":\"https:\\\/\\\/www.aliadospuebla.com\\\/web2017\\\/wp-content\\\/uploads\\\/2025\\\/06\\\/627.jpg\",\"datePublished\":\"2025-06-07T04:18:31+00:00\",\"author\":{\"@id\":\"https:\\\/\\\/www.aliadospuebla.com\\\/#\\\/schema\\\/person\\\/5da7dd09320bd4f392b710017ed5f8ad\"},\"breadcrumb\":{\"@id\":\"https:\\\/\\\/www.aliadospuebla.com\\\/?p=106026#breadcrumb\"},\"inLanguage\":\"es\",\"potentialAction\":[{\"@type\":\"ReadAction\",\"target\":[\"https:\\\/\\\/www.aliadospuebla.com\\\/?p=106026\"]}]},{\"@type\":\"ImageObject\",\"inLanguage\":\"es\",\"@id\":\"https:\\\/\\\/www.aliadospuebla.com\\\/?p=106026#primaryimage\",\"url\":\"https:\\\/\\\/www.aliadospuebla.com\\\/web2017\\\/wp-content\\\/uploads\\\/2025\\\/06\\\/627.jpg\",\"contentUrl\":\"https:\\\/\\\/www.aliadospuebla.com\\\/web2017\\\/wp-content\\\/uploads\\\/2025\\\/06\\\/627.jpg\",\"width\":600,\"height\":450},{\"@type\":\"BreadcrumbList\",\"@id\":\"https:\\\/\\\/www.aliadospuebla.com\\\/?p=106026#breadcrumb\",\"itemListElement\":[{\"@type\":\"ListItem\",\"position\":1,\"name\":\"Portada\",\"item\":\"https:\\\/\\\/www.aliadospuebla.com\\\/\"},{\"@type\":\"ListItem\",\"position\":2,\"name\":\"Por primera vez Puebla ser\u00e1 sede de la Convenci\u00f3n Nacional de Caf\u00e9 2025\"}]},{\"@type\":\"WebSite\",\"@id\":\"https:\\\/\\\/www.aliadospuebla.com\\\/#website\",\"url\":\"https:\\\/\\\/www.aliadospuebla.com\\\/\",\"name\":\"AliadosPuebla\",\"description\":\"La informaci\u00f3n en tus manos\",\"potentialAction\":[{\"@type\":\"SearchAction\",\"target\":{\"@type\":\"EntryPoint\",\"urlTemplate\":\"https:\\\/\\\/www.aliadospuebla.com\\\/?s={search_term_string}\"},\"query-input\":{\"@type\":\"PropertyValueSpecification\",\"valueRequired\":true,\"valueName\":\"search_term_string\"}}],\"inLanguage\":\"es\"},{\"@type\":\"Person\",\"@id\":\"https:\\\/\\\/www.aliadospuebla.com\\\/#\\\/schema\\\/person\\\/5da7dd09320bd4f392b710017ed5f8ad\",\"name\":\"Aliados17\",\"image\":{\"@type\":\"ImageObject\",\"inLanguage\":\"es\",\"@id\":\"https:\\\/\\\/www.aliadospuebla.com\\\/web2017\\\/wp-content\\\/uploads\\\/2025\\\/03\\\/cropped-para-perfil-8-anos-1-96x96.jpg\",\"url\":\"https:\\\/\\\/www.aliadospuebla.com\\\/web2017\\\/wp-content\\\/uploads\\\/2025\\\/03\\\/cropped-para-perfil-8-anos-1-96x96.jpg\",\"contentUrl\":\"https:\\\/\\\/www.aliadospuebla.com\\\/web2017\\\/wp-content\\\/uploads\\\/2025\\\/03\\\/cropped-para-perfil-8-anos-1-96x96.jpg\",\"caption\":\"Aliados17\"},\"sameAs\":[\"https:\\\/\\\/www.aliados17.com\",\"https:\\\/\\\/www.facebook.com\\\/Aliados17Pue\",\"https:\\\/\\\/x.com\\\/AliadosPuebla\"],\"url\":\"https:\\\/\\\/www.aliadospuebla.com\\\/?author=2\"}]}<\/script>\n<!-- \/ Yoast SEO plugin. -->","yoast_head_json":{"title":"Por primera vez Puebla ser\u00e1 sede de la Convenci\u00f3n Nacional de Caf\u00e9 2025 - AliadosPuebla","robots":{"index":"index","follow":"follow","max-snippet":"max-snippet:-1","max-image-preview":"max-image-preview:large","max-video-preview":"max-video-preview:-1"},"canonical":"https:\/\/www.aliadospuebla.com\/?p=106026","og_locale":"es_ES","og_type":"article","og_title":"Por primera vez Puebla ser\u00e1 sede de la Convenci\u00f3n Nacional de Caf\u00e9 2025 - AliadosPuebla","og_description":"&#8211; Participar\u00e1n 11 estados productores de caf\u00e9 y se llevar\u00e1 a cabo del 12 al 15 de junio en el Centro de Convenciones William O. Jenkins. SAN ANDR\u00c9S CHOLULA, Pue.- En rueda de prensa desde la cafeter\u00eda Entre Sierras de productoras de la Sierra Norte, la secretaria de Agricultura y Desarrollo Rural del Gobierno del Estado, Ana Laura Altamirano P\u00e9rez, anunci\u00f3 la Convenci\u00f3n Nacional de Caf\u00e9 Puebla 2025, evento que por primera vez se realizar\u00e1 en territorio poblano, con la participaci\u00f3n de 11 estados productores de caf\u00e9: Puebla, Chiapas, Oaxaca, Veracruz, Nayarit, Jalisco, Colima, San Luis Potos\u00ed, Hidalgo, Estado de M\u00e9xico. La CONCAF\u00c9 2025 tiene como prop\u00f3sito identificar la importancia del sector cafetalero a nivel nacional y analizar las oportunidades actuales para fomentar una cafeticultura&hellip;Leer m\u00e1s...","og_url":"https:\/\/www.aliadospuebla.com\/?p=106026","og_site_name":"AliadosPuebla","article_author":"https:\/\/www.facebook.com\/Aliados17Pue","article_published_time":"2025-06-07T04:18:31+00:00","og_image":[{"width":600,"height":450,"url":"https:\/\/www.aliadospuebla.com\/web2017\/wp-content\/uploads\/2025\/06\/627.jpg","type":"image\/jpeg"}],"author":"Aliados17","twitter_card":"summary_large_image","twitter_creator":"@AliadosPuebla","twitter_misc":{"Escrito por":"Aliados17","Tiempo de lectura":"3 minutos"},"schema":{"@context":"https:\/\/schema.org","@graph":[{"@type":"Article","@id":"https:\/\/www.aliadospuebla.com\/?p=106026#article","isPartOf":{"@id":"https:\/\/www.aliadospuebla.com\/?p=106026"},"author":{"name":"Aliados17","@id":"https:\/\/www.aliadospuebla.com\/#\/schema\/person\/5da7dd09320bd4f392b710017ed5f8ad"},"headline":"Por primera vez Puebla ser\u00e1 sede de la Convenci\u00f3n Nacional de Caf\u00e9 2025","datePublished":"2025-06-07T04:18:31+00:00","mainEntityOfPage":{"@id":"https:\/\/www.aliadospuebla.com\/?p=106026"},"wordCount":574,"commentCount":0,"image":{"@id":"https:\/\/www.aliadospuebla.com\/?p=106026#primaryimage"},"thumbnailUrl":"https:\/\/www.aliadospuebla.com\/web2017\/wp-content\/uploads\/2025\/06\/627.jpg","keywords":["cafeticultura sustentable","CONCAF\u00c9","Concurso Calidad en Taza","Convenci\u00f3n Nacional de Caf\u00e9 2025","familias productoras","PRODUCTORES DE CAF\u00c9","talleres agroindustriales"],"articleSection":["Gobierno"],"inLanguage":"es","potentialAction":[{"@type":"CommentAction","name":"Comment","target":["https:\/\/www.aliadospuebla.com\/?p=106026#respond"]}]},{"@type":"WebPage","@id":"https:\/\/www.aliadospuebla.com\/?p=106026","url":"https:\/\/www.aliadospuebla.com\/?p=106026","name":"Por primera vez Puebla ser\u00e1 sede de la Convenci\u00f3n Nacional de Caf\u00e9 2025 - AliadosPuebla","isPartOf":{"@id":"https:\/\/www.aliadospuebla.com\/#website"},"primaryImageOfPage":{"@id":"https:\/\/www.aliadospuebla.com\/?p=106026#primaryimage"},"image":{"@id":"https:\/\/www.aliadospuebla.com\/?p=106026#primaryimage"},"thumbnailUrl":"https:\/\/www.aliadospuebla.com\/web2017\/wp-content\/uploads\/2025\/06\/627.jpg","datePublished":"2025-06-07T04:18:31+00:00","author":{"@id":"https:\/\/www.aliadospuebla.com\/#\/schema\/person\/5da7dd09320bd4f392b710017ed5f8ad"},"breadcrumb":{"@id":"https:\/\/www.aliadospuebla.com\/?p=106026#breadcrumb"},"inLanguage":"es","potentialAction":[{"@type":"ReadAction","target":["https:\/\/www.aliadospuebla.com\/?p=106026"]}]},{"@type":"ImageObject","inLanguage":"es","@id":"https:\/\/www.aliadospuebla.com\/?p=106026#primaryimage","url":"https:\/\/www.aliadospuebla.com\/web2017\/wp-content\/uploads\/2025\/06\/627.jpg","contentUrl":"https:\/\/www.aliadospuebla.com\/web2017\/wp-content\/uploads\/2025\/06\/627.jpg","width":600,"height":450},{"@type":"BreadcrumbList","@id":"https:\/\/www.aliadospuebla.com\/?p=106026#breadcrumb","itemListElement":[{"@type":"ListItem","position":1,"name":"Portada","item":"https:\/\/www.aliadospuebla.com\/"},{"@type":"ListItem","position":2,"name":"Por primera vez Puebla ser\u00e1 sede de la Convenci\u00f3n Nacional de Caf\u00e9 2025"}]},{"@type":"WebSite","@id":"https:\/\/www.aliadospuebla.com\/#website","url":"https:\/\/www.aliadospuebla.com\/","name":"AliadosPuebla","description":"La informaci\u00f3n en tus manos","potentialAction":[{"@type":"SearchAction","target":{"@type":"EntryPoint","urlTemplate":"https:\/\/www.aliadospuebla.com\/?s={search_term_string}"},"query-input":{"@type":"PropertyValueSpecification","valueRequired":true,"valueName":"search_term_string"}}],"inLanguage":"es"},{"@type":"Person","@id":"https:\/\/www.aliadospuebla.com\/#\/schema\/person\/5da7dd09320bd4f392b710017ed5f8ad","name":"Aliados17","image":{"@type":"ImageObject","inLanguage":"es","@id":"https:\/\/www.aliadospuebla.com\/web2017\/wp-content\/uploads\/2025\/03\/cropped-para-perfil-8-anos-1-96x96.jpg","url":"https:\/\/www.aliadospuebla.com\/web2017\/wp-content\/uploads\/2025\/03\/cropped-para-perfil-8-anos-1-96x96.jpg","contentUrl":"https:\/\/www.aliadospuebla.com\/web2017\/wp-content\/uploads\/2025\/03\/cropped-para-perfil-8-anos-1-96x96.jpg","caption":"Aliados17"},"sameAs":["https:\/\/www.aliados17.com","https:\/\/www.facebook.com\/Aliados17Pue","https:\/\/x.com\/AliadosPuebla"],"url":"https:\/\/www.aliadospuebla.com\/?author=2"}]}},"views":8,"_links":{"self":[{"href":"https:\/\/www.aliadospuebla.com\/index.php?rest_route=\/wp\/v2\/posts\/106026","targetHints":{"allow":["GET"]}}],"collection":[{"href":"https:\/\/www.aliadospuebla.com\/index.php?rest_route=\/wp\/v2\/posts"}],"about":[{"href":"https:\/\/www.aliadospuebla.com\/index.php?rest_route=\/wp\/v2\/types\/post"}],"author":[{"embeddable":true,"href":"https:\/\/www.aliadospuebla.com\/index.php?rest_route=\/wp\/v2\/users\/2"}],"replies":[{"embeddable":true,"href":"https:\/\/www.aliadospuebla.com\/index.php?rest_route=%2Fwp%2Fv2%2Fcomments&post=106026"}],"version-history":[{"count":1,"href":"https:\/\/www.aliadospuebla.com\/index.php?rest_route=\/wp\/v2\/posts\/106026\/revisions"}],"predecessor-version":[{"id":106028,"href":"https:\/\/www.aliadospuebla.com\/index.php?rest_route=\/wp\/v2\/posts\/106026\/revisions\/106028"}],"wp:featuredmedia":[{"embeddable":true,"href":"https:\/\/www.aliadospuebla.com\/index.php?rest_route=\/wp\/v2\/media\/106027"}],"wp:attachment":[{"href":"https:\/\/www.aliadospuebla.com\/index.php?rest_route=%2Fwp%2Fv2%2Fmedia&parent=106026"}],"wp:term":[{"taxonomy":"category","embeddable":true,"href":"https:\/\/www.aliadospuebla.com\/index.php?rest_route=%2Fwp%2Fv2%2Fcategories&post=106026"},{"taxonomy":"post_tag","embeddable":true,"href":"https:\/\/www.aliadospuebla.com\/index.php?rest_route=%2Fwp%2Fv2%2Ftags&post=106026"}],"curies":[{"name":"wp","href":"https:\/\/api.w.org\/{rel}","templated":true}]}}