{"id":105955,"date":"2025-06-03T08:24:51","date_gmt":"2025-06-03T14:24:51","guid":{"rendered":"https:\/\/www.aliadospuebla.com\/?p=105955"},"modified":"2025-06-03T08:24:51","modified_gmt":"2025-06-03T14:24:51","slug":"reafirma-gobierno-de-san-andres-cholula-su-compromiso-de-hacer-comunidad-con-valores","status":"publish","type":"post","link":"https:\/\/www.aliadospuebla.com\/?p=105955","title":{"rendered":"Reafirma Gobierno de San Andr\u00e9s Cholula su compromiso de hacer comunidad con valores"},"content":{"rendered":"<p>San Andr\u00e9s Cholula, Puebla. \u2013 Con el objetivo de fomentar el respeto a los s\u00edmbolos patrios y promover el sentido de pertenencia comunitaria, la presidenta municipal,<\/p>\n<p>Lupita Cuautle Torres, encabez\u00f3<\/p>\n<p>la ceremonia c\u00edvica correspondiente<\/p>\n<p>al mes de junio.<\/p>\n<p>&nbsp;<\/p>\n<p>Durante su mensaje, la alcaldesa reiter\u00f3<\/p>\n<p>que este d\u00eda tiene un significado especial,<\/p>\n<p>al cumplirse un a\u00f1o desde que la ciudadan\u00eda deposit\u00f3 en ella la confianza para encabezar el gobierno municipal de San Andr\u00e9s Cholula, y bajo esa gran responsabilidad se ha trabajado como un gobierno de la sociedad plural, abierto y siempre cercano a su gente, trabajando en coordinaci\u00f3n con los otros \u00f3rdenes de gobierno para beneficio del municipio.<\/p>\n<p>&nbsp;<\/p>\n<p>Asimismo, asegur\u00f3 que es un administraci\u00f3n dispuesta a resolver los desacuerdos e inconformidades por medio del di\u00e1logo:<\/p>\n<p>\u201cEs a trav\u00e9s del consenso y la tolerancia<\/p>\n<p>que se forjan los pilares de una sociedad s\u00f3lida\u201d, por ello exhort\u00f3 a las y los servidores p\u00fablicos a servir con prudencia, empat\u00eda, gentileza y profesionalismo, resalt\u00f3 la mun\u00edcipe.<\/p>\n<p>&nbsp;<\/p>\n<p>La ceremonia estuvo a cargo de la Secretar\u00eda de Desarrollo Econ\u00f3mico y Sector Agropecuario. En ese sentido realiz\u00f3 la entrega simb\u00f3lica de apoyos econ\u00f3micos<\/p>\n<p>a personas beneficiarias de los programas para el fortalecimiento del campo y para<\/p>\n<p>la participaci\u00f3n de agentes econ\u00f3micos<\/p>\n<p>en espacios comerciales.<\/p>\n<p>&nbsp;<\/p>\n<p>El gobierno municipal reafirma su compromiso con la promoci\u00f3n de los valores c\u00edvicos y la implementaci\u00f3n de acciones que fomenten el respeto y la tolerancia de todas las ideolog\u00edas en San Andr\u00e9s Cholula.<\/p>\n","protected":false},"excerpt":{"rendered":"<p>San Andr\u00e9s Cholula, Puebla. \u2013 Con el objetivo de fomentar el respeto a los s\u00edmbolos patrios y promover el sentido de pertenencia comunitaria, la presidenta municipal, Lupita Cuautle Torres, encabez\u00f3 la ceremonia c\u00edvica correspondiente al mes de junio. &nbsp; Durante su mensaje, la alcaldesa reiter\u00f3 que este d\u00eda tiene un significado especial, al cumplirse un a\u00f1o desde que la ciudadan\u00eda deposit\u00f3 en ella la confianza para encabezar el gobierno municipal de San Andr\u00e9s Cholula, y bajo esa gran responsabilidad se ha trabajado como un gobierno de la sociedad plural, abierto y siempre cercano a su gente, trabajando en coordinaci\u00f3n con los otros \u00f3rdenes de gobierno para beneficio del municipio. &nbsp; Asimismo, asegur\u00f3 que es un administraci\u00f3n dispuesta a resolver los desacuerdos e inconformidades por medio&hellip;<\/p>\n<p class=\"excerpt-more\"><a class=\"blog-excerpt button\" href=\"https:\/\/www.aliadospuebla.com\/?p=105955\">Leer m\u00e1s&#8230;<\/a><\/p>\n","protected":false},"author":2,"featured_media":105960,"comment_status":"open","ping_status":"open","sticky":false,"template":"","format":"standard","meta":{"_monsterinsights_skip_tracking":false,"footnotes":""},"categories":[4],"tags":[860,3802,19062,1606,84,600],"class_list":["post-105955","post","type-post","status-publish","format-standard","has-post-thumbnail","hentry","category-municipios","tag-ceremonia-civica","tag-dialogo","tag-lupita-cuautle-torres","tag-responsabilidad","tag-san-andres-cholula","tag-valores"],"yoast_head":"<!-- This site is optimized with the Yoast SEO plugin v28.4 - https:\/\/yoast.com\/product\/yoast-seo-wordpress\/ -->\n<title>Reafirma Gobierno de San Andr\u00e9s Cholula su compromiso de hacer comunidad con valores - AliadosPuebla<\/title>\n<meta name=\"robots\" content=\"index, follow, max-snippet:-1, max-image-preview:large, max-video-preview:-1\" \/>\n<link rel=\"canonical\" href=\"https:\/\/www.aliadospuebla.com\/?p=105955\" \/>\n<meta property=\"og:locale\" content=\"es_ES\" \/>\n<meta property=\"og:type\" content=\"article\" \/>\n<meta property=\"og:title\" content=\"Reafirma Gobierno de San Andr\u00e9s Cholula su compromiso de hacer comunidad con valores - AliadosPuebla\" \/>\n<meta property=\"og:description\" content=\"San Andr\u00e9s Cholula, Puebla. \u2013 Con el objetivo de fomentar el respeto a los s\u00edmbolos patrios y promover el sentido de pertenencia comunitaria, la presidenta municipal, Lupita Cuautle Torres, encabez\u00f3 la ceremonia c\u00edvica correspondiente al mes de junio. &nbsp; Durante su mensaje, la alcaldesa reiter\u00f3 que este d\u00eda tiene un significado especial, al cumplirse un a\u00f1o desde que la ciudadan\u00eda deposit\u00f3 en ella la confianza para encabezar el gobierno municipal de San Andr\u00e9s Cholula, y bajo esa gran responsabilidad se ha trabajado como un gobierno de la sociedad plural, abierto y siempre cercano a su gente, trabajando en coordinaci\u00f3n con los otros \u00f3rdenes de gobierno para beneficio del municipio. &nbsp; Asimismo, asegur\u00f3 que es un administraci\u00f3n dispuesta a resolver los desacuerdos e inconformidades por medio&hellip;Leer m\u00e1s...\" \/>\n<meta property=\"og:url\" content=\"https:\/\/www.aliadospuebla.com\/?p=105955\" \/>\n<meta property=\"og:site_name\" content=\"AliadosPuebla\" \/>\n<meta property=\"article:author\" content=\"https:\/\/www.facebook.com\/Aliados17Pue\" \/>\n<meta property=\"article:published_time\" content=\"2025-06-03T14:24:51+00:00\" \/>\n<meta property=\"og:image\" content=\"https:\/\/www.aliadospuebla.com\/web2017\/wp-content\/uploads\/2025\/06\/PSX_20250603_074426.jpg\" \/>\n\t<meta property=\"og:image:width\" content=\"600\" \/>\n\t<meta property=\"og:image:height\" content=\"449\" \/>\n\t<meta property=\"og:image:type\" content=\"image\/jpeg\" \/>\n<meta name=\"author\" content=\"Aliados17\" \/>\n<meta name=\"twitter:card\" content=\"summary_large_image\" \/>\n<meta name=\"twitter:creator\" content=\"@AliadosPuebla\" \/>\n<meta name=\"twitter:label1\" content=\"Escrito por\" \/>\n\t<meta name=\"twitter:data1\" content=\"Aliados17\" \/>\n\t<meta name=\"twitter:label2\" content=\"Tiempo de lectura\" \/>\n\t<meta name=\"twitter:data2\" content=\"2 minutos\" \/>\n<script type=\"application\/ld+json\" class=\"yoast-schema-graph\">{\"@context\":\"https:\\\/\\\/schema.org\",\"@graph\":[{\"@type\":\"Article\",\"@id\":\"https:\\\/\\\/www.aliadospuebla.com\\\/?p=105955#article\",\"isPartOf\":{\"@id\":\"https:\\\/\\\/www.aliadospuebla.com\\\/?p=105955\"},\"author\":{\"name\":\"Aliados17\",\"@id\":\"https:\\\/\\\/www.aliadospuebla.com\\\/#\\\/schema\\\/person\\\/5da7dd09320bd4f392b710017ed5f8ad\"},\"headline\":\"Reafirma Gobierno de San Andr\u00e9s Cholula su compromiso de hacer comunidad con valores\",\"datePublished\":\"2025-06-03T14:24:51+00:00\",\"mainEntityOfPage\":{\"@id\":\"https:\\\/\\\/www.aliadospuebla.com\\\/?p=105955\"},\"wordCount\":283,\"commentCount\":0,\"image\":{\"@id\":\"https:\\\/\\\/www.aliadospuebla.com\\\/?p=105955#primaryimage\"},\"thumbnailUrl\":\"https:\\\/\\\/www.aliadospuebla.com\\\/web2017\\\/wp-content\\\/uploads\\\/2025\\\/06\\\/PSX_20250603_074426.jpg\",\"keywords\":[\"CEREMONIA C\u00cdVICA\",\"DI\u00c1LOGO\",\"Lupita Cuautle Torres\",\"RESPONSABILIDAD\",\"San Andr\u00e9s Cholula\",\"VALORES\"],\"articleSection\":[\"Municipios\"],\"inLanguage\":\"es\",\"potentialAction\":[{\"@type\":\"CommentAction\",\"name\":\"Comment\",\"target\":[\"https:\\\/\\\/www.aliadospuebla.com\\\/?p=105955#respond\"]}]},{\"@type\":\"WebPage\",\"@id\":\"https:\\\/\\\/www.aliadospuebla.com\\\/?p=105955\",\"url\":\"https:\\\/\\\/www.aliadospuebla.com\\\/?p=105955\",\"name\":\"Reafirma Gobierno de San Andr\u00e9s Cholula su compromiso de hacer comunidad con valores - AliadosPuebla\",\"isPartOf\":{\"@id\":\"https:\\\/\\\/www.aliadospuebla.com\\\/#website\"},\"primaryImageOfPage\":{\"@id\":\"https:\\\/\\\/www.aliadospuebla.com\\\/?p=105955#primaryimage\"},\"image\":{\"@id\":\"https:\\\/\\\/www.aliadospuebla.com\\\/?p=105955#primaryimage\"},\"thumbnailUrl\":\"https:\\\/\\\/www.aliadospuebla.com\\\/web2017\\\/wp-content\\\/uploads\\\/2025\\\/06\\\/PSX_20250603_074426.jpg\",\"datePublished\":\"2025-06-03T14:24:51+00:00\",\"author\":{\"@id\":\"https:\\\/\\\/www.aliadospuebla.com\\\/#\\\/schema\\\/person\\\/5da7dd09320bd4f392b710017ed5f8ad\"},\"breadcrumb\":{\"@id\":\"https:\\\/\\\/www.aliadospuebla.com\\\/?p=105955#breadcrumb\"},\"inLanguage\":\"es\",\"potentialAction\":[{\"@type\":\"ReadAction\",\"target\":[\"https:\\\/\\\/www.aliadospuebla.com\\\/?p=105955\"]}]},{\"@type\":\"ImageObject\",\"inLanguage\":\"es\",\"@id\":\"https:\\\/\\\/www.aliadospuebla.com\\\/?p=105955#primaryimage\",\"url\":\"https:\\\/\\\/www.aliadospuebla.com\\\/web2017\\\/wp-content\\\/uploads\\\/2025\\\/06\\\/PSX_20250603_074426.jpg\",\"contentUrl\":\"https:\\\/\\\/www.aliadospuebla.com\\\/web2017\\\/wp-content\\\/uploads\\\/2025\\\/06\\\/PSX_20250603_074426.jpg\",\"width\":600,\"height\":449},{\"@type\":\"BreadcrumbList\",\"@id\":\"https:\\\/\\\/www.aliadospuebla.com\\\/?p=105955#breadcrumb\",\"itemListElement\":[{\"@type\":\"ListItem\",\"position\":1,\"name\":\"Portada\",\"item\":\"https:\\\/\\\/www.aliadospuebla.com\\\/\"},{\"@type\":\"ListItem\",\"position\":2,\"name\":\"Reafirma Gobierno de San Andr\u00e9s Cholula su compromiso de hacer comunidad con valores\"}]},{\"@type\":\"WebSite\",\"@id\":\"https:\\\/\\\/www.aliadospuebla.com\\\/#website\",\"url\":\"https:\\\/\\\/www.aliadospuebla.com\\\/\",\"name\":\"AliadosPuebla\",\"description\":\"La informaci\u00f3n en tus manos\",\"potentialAction\":[{\"@type\":\"SearchAction\",\"target\":{\"@type\":\"EntryPoint\",\"urlTemplate\":\"https:\\\/\\\/www.aliadospuebla.com\\\/?s={search_term_string}\"},\"query-input\":{\"@type\":\"PropertyValueSpecification\",\"valueRequired\":true,\"valueName\":\"search_term_string\"}}],\"inLanguage\":\"es\"},{\"@type\":\"Person\",\"@id\":\"https:\\\/\\\/www.aliadospuebla.com\\\/#\\\/schema\\\/person\\\/5da7dd09320bd4f392b710017ed5f8ad\",\"name\":\"Aliados17\",\"image\":{\"@type\":\"ImageObject\",\"inLanguage\":\"es\",\"@id\":\"https:\\\/\\\/www.aliadospuebla.com\\\/web2017\\\/wp-content\\\/uploads\\\/2025\\\/03\\\/cropped-para-perfil-8-anos-1-96x96.jpg\",\"url\":\"https:\\\/\\\/www.aliadospuebla.com\\\/web2017\\\/wp-content\\\/uploads\\\/2025\\\/03\\\/cropped-para-perfil-8-anos-1-96x96.jpg\",\"contentUrl\":\"https:\\\/\\\/www.aliadospuebla.com\\\/web2017\\\/wp-content\\\/uploads\\\/2025\\\/03\\\/cropped-para-perfil-8-anos-1-96x96.jpg\",\"caption\":\"Aliados17\"},\"sameAs\":[\"https:\\\/\\\/www.aliados17.com\",\"https:\\\/\\\/www.facebook.com\\\/Aliados17Pue\",\"https:\\\/\\\/x.com\\\/AliadosPuebla\"],\"url\":\"https:\\\/\\\/www.aliadospuebla.com\\\/?author=2\"}]}<\/script>\n<!-- \/ Yoast SEO plugin. -->","yoast_head_json":{"title":"Reafirma Gobierno de San Andr\u00e9s Cholula su compromiso de hacer comunidad con valores - AliadosPuebla","robots":{"index":"index","follow":"follow","max-snippet":"max-snippet:-1","max-image-preview":"max-image-preview:large","max-video-preview":"max-video-preview:-1"},"canonical":"https:\/\/www.aliadospuebla.com\/?p=105955","og_locale":"es_ES","og_type":"article","og_title":"Reafirma Gobierno de San Andr\u00e9s Cholula su compromiso de hacer comunidad con valores - AliadosPuebla","og_description":"San Andr\u00e9s Cholula, Puebla. \u2013 Con el objetivo de fomentar el respeto a los s\u00edmbolos patrios y promover el sentido de pertenencia comunitaria, la presidenta municipal, Lupita Cuautle Torres, encabez\u00f3 la ceremonia c\u00edvica correspondiente al mes de junio. &nbsp; Durante su mensaje, la alcaldesa reiter\u00f3 que este d\u00eda tiene un significado especial, al cumplirse un a\u00f1o desde que la ciudadan\u00eda deposit\u00f3 en ella la confianza para encabezar el gobierno municipal de San Andr\u00e9s Cholula, y bajo esa gran responsabilidad se ha trabajado como un gobierno de la sociedad plural, abierto y siempre cercano a su gente, trabajando en coordinaci\u00f3n con los otros \u00f3rdenes de gobierno para beneficio del municipio. &nbsp; Asimismo, asegur\u00f3 que es un administraci\u00f3n dispuesta a resolver los desacuerdos e inconformidades por medio&hellip;Leer m\u00e1s...","og_url":"https:\/\/www.aliadospuebla.com\/?p=105955","og_site_name":"AliadosPuebla","article_author":"https:\/\/www.facebook.com\/Aliados17Pue","article_published_time":"2025-06-03T14:24:51+00:00","og_image":[{"width":600,"height":449,"url":"https:\/\/www.aliadospuebla.com\/web2017\/wp-content\/uploads\/2025\/06\/PSX_20250603_074426.jpg","type":"image\/jpeg"}],"author":"Aliados17","twitter_card":"summary_large_image","twitter_creator":"@AliadosPuebla","twitter_misc":{"Escrito por":"Aliados17","Tiempo de lectura":"2 minutos"},"schema":{"@context":"https:\/\/schema.org","@graph":[{"@type":"Article","@id":"https:\/\/www.aliadospuebla.com\/?p=105955#article","isPartOf":{"@id":"https:\/\/www.aliadospuebla.com\/?p=105955"},"author":{"name":"Aliados17","@id":"https:\/\/www.aliadospuebla.com\/#\/schema\/person\/5da7dd09320bd4f392b710017ed5f8ad"},"headline":"Reafirma Gobierno de San Andr\u00e9s Cholula su compromiso de hacer comunidad con valores","datePublished":"2025-06-03T14:24:51+00:00","mainEntityOfPage":{"@id":"https:\/\/www.aliadospuebla.com\/?p=105955"},"wordCount":283,"commentCount":0,"image":{"@id":"https:\/\/www.aliadospuebla.com\/?p=105955#primaryimage"},"thumbnailUrl":"https:\/\/www.aliadospuebla.com\/web2017\/wp-content\/uploads\/2025\/06\/PSX_20250603_074426.jpg","keywords":["CEREMONIA C\u00cdVICA","DI\u00c1LOGO","Lupita Cuautle Torres","RESPONSABILIDAD","San Andr\u00e9s Cholula","VALORES"],"articleSection":["Municipios"],"inLanguage":"es","potentialAction":[{"@type":"CommentAction","name":"Comment","target":["https:\/\/www.aliadospuebla.com\/?p=105955#respond"]}]},{"@type":"WebPage","@id":"https:\/\/www.aliadospuebla.com\/?p=105955","url":"https:\/\/www.aliadospuebla.com\/?p=105955","name":"Reafirma Gobierno de San Andr\u00e9s Cholula su compromiso de hacer comunidad con valores - AliadosPuebla","isPartOf":{"@id":"https:\/\/www.aliadospuebla.com\/#website"},"primaryImageOfPage":{"@id":"https:\/\/www.aliadospuebla.com\/?p=105955#primaryimage"},"image":{"@id":"https:\/\/www.aliadospuebla.com\/?p=105955#primaryimage"},"thumbnailUrl":"https:\/\/www.aliadospuebla.com\/web2017\/wp-content\/uploads\/2025\/06\/PSX_20250603_074426.jpg","datePublished":"2025-06-03T14:24:51+00:00","author":{"@id":"https:\/\/www.aliadospuebla.com\/#\/schema\/person\/5da7dd09320bd4f392b710017ed5f8ad"},"breadcrumb":{"@id":"https:\/\/www.aliadospuebla.com\/?p=105955#breadcrumb"},"inLanguage":"es","potentialAction":[{"@type":"ReadAction","target":["https:\/\/www.aliadospuebla.com\/?p=105955"]}]},{"@type":"ImageObject","inLanguage":"es","@id":"https:\/\/www.aliadospuebla.com\/?p=105955#primaryimage","url":"https:\/\/www.aliadospuebla.com\/web2017\/wp-content\/uploads\/2025\/06\/PSX_20250603_074426.jpg","contentUrl":"https:\/\/www.aliadospuebla.com\/web2017\/wp-content\/uploads\/2025\/06\/PSX_20250603_074426.jpg","width":600,"height":449},{"@type":"BreadcrumbList","@id":"https:\/\/www.aliadospuebla.com\/?p=105955#breadcrumb","itemListElement":[{"@type":"ListItem","position":1,"name":"Portada","item":"https:\/\/www.aliadospuebla.com\/"},{"@type":"ListItem","position":2,"name":"Reafirma Gobierno de San Andr\u00e9s Cholula su compromiso de hacer comunidad con valores"}]},{"@type":"WebSite","@id":"https:\/\/www.aliadospuebla.com\/#website","url":"https:\/\/www.aliadospuebla.com\/","name":"AliadosPuebla","description":"La informaci\u00f3n en tus manos","potentialAction":[{"@type":"SearchAction","target":{"@type":"EntryPoint","urlTemplate":"https:\/\/www.aliadospuebla.com\/?s={search_term_string}"},"query-input":{"@type":"PropertyValueSpecification","valueRequired":true,"valueName":"search_term_string"}}],"inLanguage":"es"},{"@type":"Person","@id":"https:\/\/www.aliadospuebla.com\/#\/schema\/person\/5da7dd09320bd4f392b710017ed5f8ad","name":"Aliados17","image":{"@type":"ImageObject","inLanguage":"es","@id":"https:\/\/www.aliadospuebla.com\/web2017\/wp-content\/uploads\/2025\/03\/cropped-para-perfil-8-anos-1-96x96.jpg","url":"https:\/\/www.aliadospuebla.com\/web2017\/wp-content\/uploads\/2025\/03\/cropped-para-perfil-8-anos-1-96x96.jpg","contentUrl":"https:\/\/www.aliadospuebla.com\/web2017\/wp-content\/uploads\/2025\/03\/cropped-para-perfil-8-anos-1-96x96.jpg","caption":"Aliados17"},"sameAs":["https:\/\/www.aliados17.com","https:\/\/www.facebook.com\/Aliados17Pue","https:\/\/x.com\/AliadosPuebla"],"url":"https:\/\/www.aliadospuebla.com\/?author=2"}]}},"views":6,"_links":{"self":[{"href":"https:\/\/www.aliadospuebla.com\/index.php?rest_route=\/wp\/v2\/posts\/105955","targetHints":{"allow":["GET"]}}],"collection":[{"href":"https:\/\/www.aliadospuebla.com\/index.php?rest_route=\/wp\/v2\/posts"}],"about":[{"href":"https:\/\/www.aliadospuebla.com\/index.php?rest_route=\/wp\/v2\/types\/post"}],"author":[{"embeddable":true,"href":"https:\/\/www.aliadospuebla.com\/index.php?rest_route=\/wp\/v2\/users\/2"}],"replies":[{"embeddable":true,"href":"https:\/\/www.aliadospuebla.com\/index.php?rest_route=%2Fwp%2Fv2%2Fcomments&post=105955"}],"version-history":[{"count":1,"href":"https:\/\/www.aliadospuebla.com\/index.php?rest_route=\/wp\/v2\/posts\/105955\/revisions"}],"predecessor-version":[{"id":105961,"href":"https:\/\/www.aliadospuebla.com\/index.php?rest_route=\/wp\/v2\/posts\/105955\/revisions\/105961"}],"wp:featuredmedia":[{"embeddable":true,"href":"https:\/\/www.aliadospuebla.com\/index.php?rest_route=\/wp\/v2\/media\/105960"}],"wp:attachment":[{"href":"https:\/\/www.aliadospuebla.com\/index.php?rest_route=%2Fwp%2Fv2%2Fmedia&parent=105955"}],"wp:term":[{"taxonomy":"category","embeddable":true,"href":"https:\/\/www.aliadospuebla.com\/index.php?rest_route=%2Fwp%2Fv2%2Fcategories&post=105955"},{"taxonomy":"post_tag","embeddable":true,"href":"https:\/\/www.aliadospuebla.com\/index.php?rest_route=%2Fwp%2Fv2%2Ftags&post=105955"}],"curies":[{"name":"wp","href":"https:\/\/api.w.org\/{rel}","templated":true}]}}