{"id":105894,"date":"2025-06-01T10:33:03","date_gmt":"2025-06-01T16:33:03","guid":{"rendered":"https:\/\/www.aliadospuebla.com\/?p=105894"},"modified":"2025-06-01T10:33:03","modified_gmt":"2025-06-01T16:33:03","slug":"faenas-comunitarias-herramienta-para-transformar-el-entorno-armando-aguirre","status":"publish","type":"post","link":"https:\/\/www.aliadospuebla.com\/?p=105894","title":{"rendered":"Faenas comunitarias, herramienta para transformar el entorno: Armando Aguirre"},"content":{"rendered":"<h4>El presidente municipal de Coronango asegur\u00f3 que el objetivo es fortalecer el tejido social.<\/h4>\n<p>La presidenta del DIF Municipal, Mar\u00eda del Pilar Tototzintle se\u00f1al\u00f3 que el cambio es posible cuando una comunidad se une.<\/p>\n<p>\u2022 Minerva Garc\u00eda Ch\u00e1vez, presidenta del Voluntariado del Congreso del Estado, reconoci\u00f3 el esfuerzo del gobierno de Coronango por mejorar los espacios p\u00fablicos<\/p>\n<p>31 de mayo de 2025.- Al se\u00f1alar que la uni\u00f3n entre autoridad y comunidad ayudar\u00e1 a transformar el entorno, el alcalde de Coronango, Armando Aguirre y la presidenta honoraria del DIF Municipal, Mar\u00eda del Pilar Tototzintle, encabezaron una faena comunitaria en Misiones de San Francisco.<\/p>\n<p>El presidente municipal se\u00f1al\u00f3 que la faena comunitaria realizada en Central San L\u00e1zaro y Avenida de Las Flores, va m\u00e1s all\u00e1 del trabajo f\u00edsico, ya que el objetivo es fortalecer el tejido social.<\/p>\n<p>Reconoci\u00f3 la colaboraci\u00f3n de los integrantes del Sistema DIF Municipal, de la Direcci\u00f3n de Deporte y Juventud, as\u00ed como de los vecinos que se sumaron a mejorar este espacio p\u00fablico.<\/p>\n<p>Adem\u00e1s, agradeci\u00f3 la presencia de Minerva Garc\u00eda Ch\u00e1vez, presidenta del voluntariado del Congreso del Estado, quien, en su momento, apunt\u00f3 que la participaci\u00f3n de los vecinos es fundamental para mejorar los espacios destinados a la convivencia.<\/p>\n<p>En su mensaje, la presidenta honoraria del Sistema Municipal DIF, Mar\u00eda del Pilar Tototzintle apunt\u00f3 que las faenas demuestran que cuando una comunidad se une el cambio es posible.<\/p>\n<p>Adem\u00e1s, indic\u00f3 que la actual administraci\u00f3n que encabeza Armando Aguirre promueve el trabajo colaborativo y act\u00faa bajo una visi\u00f3n y pol\u00edtica humanista.<\/p>\n<p>Por su parte, Roberto Ortega, director de Deporte y Juventud, se\u00f1al\u00f3 que la transformaci\u00f3n de los entornos continuar\u00e1 gracias a la participaci\u00f3n ciudadana.<\/p>\n<p>En la faena comunitaria participaron el secretario general del Ayuntamiento, Carlos Tula Guti\u00e9rrez; el comisario, \u00d3scar David Vargas, as\u00ed como titulares de diferentes direcciones.<\/p>\n","protected":false},"excerpt":{"rendered":"<p>El presidente municipal de Coronango asegur\u00f3 que el objetivo es fortalecer el tejido social. La presidenta del DIF Municipal, Mar\u00eda del Pilar Tototzintle se\u00f1al\u00f3 que el cambio es posible cuando una comunidad se une. \u2022 Minerva Garc\u00eda Ch\u00e1vez, presidenta del Voluntariado del Congreso del Estado, reconoci\u00f3 el esfuerzo del gobierno de Coronango por mejorar los espacios p\u00fablicos 31 de mayo de 2025.- Al se\u00f1alar que la uni\u00f3n entre autoridad y comunidad ayudar\u00e1 a transformar el entorno, el alcalde de Coronango, Armando Aguirre y la presidenta honoraria del DIF Municipal, Mar\u00eda del Pilar Tototzintle, encabezaron una faena comunitaria en Misiones de San Francisco. El presidente municipal se\u00f1al\u00f3 que la faena comunitaria realizada en Central San L\u00e1zaro y Avenida de Las Flores, va m\u00e1s all\u00e1 del trabajo&hellip;<\/p>\n<p class=\"excerpt-more\"><a class=\"blog-excerpt button\" href=\"https:\/\/www.aliadospuebla.com\/?p=105894\">Leer m\u00e1s&#8230;<\/a><\/p>\n","protected":false},"author":2,"featured_media":105895,"comment_status":"open","ping_status":"open","sticky":false,"template":"","format":"standard","meta":{"_monsterinsights_skip_tracking":false,"footnotes":""},"categories":[4],"tags":[23275,253,383,28107,26405],"class_list":["post-105894","post","type-post","status-publish","format-standard","has-post-thumbnail","hentry","category-municipios","tag-armando-aguirre","tag-coronango","tag-dif-municipal","tag-faenas-comunitarias","tag-maria-del-pilar-tototzintle"],"yoast_head":"<!-- This site is optimized with the Yoast SEO plugin v28.4 - https:\/\/yoast.com\/product\/yoast-seo-wordpress\/ -->\n<title>Faenas comunitarias, herramienta para transformar el entorno: Armando Aguirre - AliadosPuebla<\/title>\n<meta name=\"robots\" content=\"index, follow, max-snippet:-1, max-image-preview:large, max-video-preview:-1\" \/>\n<link rel=\"canonical\" href=\"https:\/\/www.aliadospuebla.com\/?p=105894\" \/>\n<meta property=\"og:locale\" content=\"es_ES\" \/>\n<meta property=\"og:type\" content=\"article\" \/>\n<meta property=\"og:title\" content=\"Faenas comunitarias, herramienta para transformar el entorno: Armando Aguirre - AliadosPuebla\" \/>\n<meta property=\"og:description\" content=\"El presidente municipal de Coronango asegur\u00f3 que el objetivo es fortalecer el tejido social. La presidenta del DIF Municipal, Mar\u00eda del Pilar Tototzintle se\u00f1al\u00f3 que el cambio es posible cuando una comunidad se une. \u2022 Minerva Garc\u00eda Ch\u00e1vez, presidenta del Voluntariado del Congreso del Estado, reconoci\u00f3 el esfuerzo del gobierno de Coronango por mejorar los espacios p\u00fablicos 31 de mayo de 2025.- Al se\u00f1alar que la uni\u00f3n entre autoridad y comunidad ayudar\u00e1 a transformar el entorno, el alcalde de Coronango, Armando Aguirre y la presidenta honoraria del DIF Municipal, Mar\u00eda del Pilar Tototzintle, encabezaron una faena comunitaria en Misiones de San Francisco. El presidente municipal se\u00f1al\u00f3 que la faena comunitaria realizada en Central San L\u00e1zaro y Avenida de Las Flores, va m\u00e1s all\u00e1 del trabajo&hellip;Leer m\u00e1s...\" \/>\n<meta property=\"og:url\" content=\"https:\/\/www.aliadospuebla.com\/?p=105894\" \/>\n<meta property=\"og:site_name\" content=\"AliadosPuebla\" \/>\n<meta property=\"article:author\" content=\"https:\/\/www.facebook.com\/Aliados17Pue\" \/>\n<meta property=\"article:published_time\" content=\"2025-06-01T16:33:03+00:00\" \/>\n<meta property=\"og:image\" content=\"https:\/\/www.aliadospuebla.com\/web2017\/wp-content\/uploads\/2025\/06\/596.jpg\" \/>\n\t<meta property=\"og:image:width\" content=\"600\" \/>\n\t<meta property=\"og:image:height\" content=\"450\" \/>\n\t<meta property=\"og:image:type\" content=\"image\/jpeg\" \/>\n<meta name=\"author\" content=\"Aliados17\" \/>\n<meta name=\"twitter:card\" content=\"summary_large_image\" \/>\n<meta name=\"twitter:creator\" content=\"@AliadosPuebla\" \/>\n<meta name=\"twitter:label1\" content=\"Escrito por\" \/>\n\t<meta name=\"twitter:data1\" content=\"Aliados17\" \/>\n\t<meta name=\"twitter:label2\" content=\"Tiempo de lectura\" \/>\n\t<meta name=\"twitter:data2\" content=\"2 minutos\" \/>\n<script type=\"application\/ld+json\" class=\"yoast-schema-graph\">{\"@context\":\"https:\\\/\\\/schema.org\",\"@graph\":[{\"@type\":\"Article\",\"@id\":\"https:\\\/\\\/www.aliadospuebla.com\\\/?p=105894#article\",\"isPartOf\":{\"@id\":\"https:\\\/\\\/www.aliadospuebla.com\\\/?p=105894\"},\"author\":{\"name\":\"Aliados17\",\"@id\":\"https:\\\/\\\/www.aliadospuebla.com\\\/#\\\/schema\\\/person\\\/5da7dd09320bd4f392b710017ed5f8ad\"},\"headline\":\"Faenas comunitarias, herramienta para transformar el entorno: Armando Aguirre\",\"datePublished\":\"2025-06-01T16:33:03+00:00\",\"mainEntityOfPage\":{\"@id\":\"https:\\\/\\\/www.aliadospuebla.com\\\/?p=105894\"},\"wordCount\":335,\"commentCount\":0,\"image\":{\"@id\":\"https:\\\/\\\/www.aliadospuebla.com\\\/?p=105894#primaryimage\"},\"thumbnailUrl\":\"https:\\\/\\\/www.aliadospuebla.com\\\/web2017\\\/wp-content\\\/uploads\\\/2025\\\/06\\\/596.jpg\",\"keywords\":[\"Armando Aguirre\",\"Coronango\",\"DIF MUNICIPAL\",\"Faenas Comunitarias\",\"Mar\u00eda del Pilar Tototzintle\"],\"articleSection\":[\"Municipios\"],\"inLanguage\":\"es\",\"potentialAction\":[{\"@type\":\"CommentAction\",\"name\":\"Comment\",\"target\":[\"https:\\\/\\\/www.aliadospuebla.com\\\/?p=105894#respond\"]}]},{\"@type\":\"WebPage\",\"@id\":\"https:\\\/\\\/www.aliadospuebla.com\\\/?p=105894\",\"url\":\"https:\\\/\\\/www.aliadospuebla.com\\\/?p=105894\",\"name\":\"Faenas comunitarias, herramienta para transformar el entorno: Armando Aguirre - AliadosPuebla\",\"isPartOf\":{\"@id\":\"https:\\\/\\\/www.aliadospuebla.com\\\/#website\"},\"primaryImageOfPage\":{\"@id\":\"https:\\\/\\\/www.aliadospuebla.com\\\/?p=105894#primaryimage\"},\"image\":{\"@id\":\"https:\\\/\\\/www.aliadospuebla.com\\\/?p=105894#primaryimage\"},\"thumbnailUrl\":\"https:\\\/\\\/www.aliadospuebla.com\\\/web2017\\\/wp-content\\\/uploads\\\/2025\\\/06\\\/596.jpg\",\"datePublished\":\"2025-06-01T16:33:03+00:00\",\"author\":{\"@id\":\"https:\\\/\\\/www.aliadospuebla.com\\\/#\\\/schema\\\/person\\\/5da7dd09320bd4f392b710017ed5f8ad\"},\"breadcrumb\":{\"@id\":\"https:\\\/\\\/www.aliadospuebla.com\\\/?p=105894#breadcrumb\"},\"inLanguage\":\"es\",\"potentialAction\":[{\"@type\":\"ReadAction\",\"target\":[\"https:\\\/\\\/www.aliadospuebla.com\\\/?p=105894\"]}]},{\"@type\":\"ImageObject\",\"inLanguage\":\"es\",\"@id\":\"https:\\\/\\\/www.aliadospuebla.com\\\/?p=105894#primaryimage\",\"url\":\"https:\\\/\\\/www.aliadospuebla.com\\\/web2017\\\/wp-content\\\/uploads\\\/2025\\\/06\\\/596.jpg\",\"contentUrl\":\"https:\\\/\\\/www.aliadospuebla.com\\\/web2017\\\/wp-content\\\/uploads\\\/2025\\\/06\\\/596.jpg\",\"width\":600,\"height\":450},{\"@type\":\"BreadcrumbList\",\"@id\":\"https:\\\/\\\/www.aliadospuebla.com\\\/?p=105894#breadcrumb\",\"itemListElement\":[{\"@type\":\"ListItem\",\"position\":1,\"name\":\"Portada\",\"item\":\"https:\\\/\\\/www.aliadospuebla.com\\\/\"},{\"@type\":\"ListItem\",\"position\":2,\"name\":\"Faenas comunitarias, herramienta para transformar el entorno: Armando Aguirre\"}]},{\"@type\":\"WebSite\",\"@id\":\"https:\\\/\\\/www.aliadospuebla.com\\\/#website\",\"url\":\"https:\\\/\\\/www.aliadospuebla.com\\\/\",\"name\":\"AliadosPuebla\",\"description\":\"La informaci\u00f3n en tus manos\",\"potentialAction\":[{\"@type\":\"SearchAction\",\"target\":{\"@type\":\"EntryPoint\",\"urlTemplate\":\"https:\\\/\\\/www.aliadospuebla.com\\\/?s={search_term_string}\"},\"query-input\":{\"@type\":\"PropertyValueSpecification\",\"valueRequired\":true,\"valueName\":\"search_term_string\"}}],\"inLanguage\":\"es\"},{\"@type\":\"Person\",\"@id\":\"https:\\\/\\\/www.aliadospuebla.com\\\/#\\\/schema\\\/person\\\/5da7dd09320bd4f392b710017ed5f8ad\",\"name\":\"Aliados17\",\"image\":{\"@type\":\"ImageObject\",\"inLanguage\":\"es\",\"@id\":\"https:\\\/\\\/www.aliadospuebla.com\\\/web2017\\\/wp-content\\\/uploads\\\/2025\\\/03\\\/cropped-para-perfil-8-anos-1-96x96.jpg\",\"url\":\"https:\\\/\\\/www.aliadospuebla.com\\\/web2017\\\/wp-content\\\/uploads\\\/2025\\\/03\\\/cropped-para-perfil-8-anos-1-96x96.jpg\",\"contentUrl\":\"https:\\\/\\\/www.aliadospuebla.com\\\/web2017\\\/wp-content\\\/uploads\\\/2025\\\/03\\\/cropped-para-perfil-8-anos-1-96x96.jpg\",\"caption\":\"Aliados17\"},\"sameAs\":[\"https:\\\/\\\/www.aliados17.com\",\"https:\\\/\\\/www.facebook.com\\\/Aliados17Pue\",\"https:\\\/\\\/x.com\\\/AliadosPuebla\"],\"url\":\"https:\\\/\\\/www.aliadospuebla.com\\\/?author=2\"}]}<\/script>\n<!-- \/ Yoast SEO plugin. -->","yoast_head_json":{"title":"Faenas comunitarias, herramienta para transformar el entorno: Armando Aguirre - AliadosPuebla","robots":{"index":"index","follow":"follow","max-snippet":"max-snippet:-1","max-image-preview":"max-image-preview:large","max-video-preview":"max-video-preview:-1"},"canonical":"https:\/\/www.aliadospuebla.com\/?p=105894","og_locale":"es_ES","og_type":"article","og_title":"Faenas comunitarias, herramienta para transformar el entorno: Armando Aguirre - AliadosPuebla","og_description":"El presidente municipal de Coronango asegur\u00f3 que el objetivo es fortalecer el tejido social. La presidenta del DIF Municipal, Mar\u00eda del Pilar Tototzintle se\u00f1al\u00f3 que el cambio es posible cuando una comunidad se une. \u2022 Minerva Garc\u00eda Ch\u00e1vez, presidenta del Voluntariado del Congreso del Estado, reconoci\u00f3 el esfuerzo del gobierno de Coronango por mejorar los espacios p\u00fablicos 31 de mayo de 2025.- Al se\u00f1alar que la uni\u00f3n entre autoridad y comunidad ayudar\u00e1 a transformar el entorno, el alcalde de Coronango, Armando Aguirre y la presidenta honoraria del DIF Municipal, Mar\u00eda del Pilar Tototzintle, encabezaron una faena comunitaria en Misiones de San Francisco. El presidente municipal se\u00f1al\u00f3 que la faena comunitaria realizada en Central San L\u00e1zaro y Avenida de Las Flores, va m\u00e1s all\u00e1 del trabajo&hellip;Leer m\u00e1s...","og_url":"https:\/\/www.aliadospuebla.com\/?p=105894","og_site_name":"AliadosPuebla","article_author":"https:\/\/www.facebook.com\/Aliados17Pue","article_published_time":"2025-06-01T16:33:03+00:00","og_image":[{"width":600,"height":450,"url":"https:\/\/www.aliadospuebla.com\/web2017\/wp-content\/uploads\/2025\/06\/596.jpg","type":"image\/jpeg"}],"author":"Aliados17","twitter_card":"summary_large_image","twitter_creator":"@AliadosPuebla","twitter_misc":{"Escrito por":"Aliados17","Tiempo de lectura":"2 minutos"},"schema":{"@context":"https:\/\/schema.org","@graph":[{"@type":"Article","@id":"https:\/\/www.aliadospuebla.com\/?p=105894#article","isPartOf":{"@id":"https:\/\/www.aliadospuebla.com\/?p=105894"},"author":{"name":"Aliados17","@id":"https:\/\/www.aliadospuebla.com\/#\/schema\/person\/5da7dd09320bd4f392b710017ed5f8ad"},"headline":"Faenas comunitarias, herramienta para transformar el entorno: Armando Aguirre","datePublished":"2025-06-01T16:33:03+00:00","mainEntityOfPage":{"@id":"https:\/\/www.aliadospuebla.com\/?p=105894"},"wordCount":335,"commentCount":0,"image":{"@id":"https:\/\/www.aliadospuebla.com\/?p=105894#primaryimage"},"thumbnailUrl":"https:\/\/www.aliadospuebla.com\/web2017\/wp-content\/uploads\/2025\/06\/596.jpg","keywords":["Armando Aguirre","Coronango","DIF MUNICIPAL","Faenas Comunitarias","Mar\u00eda del Pilar Tototzintle"],"articleSection":["Municipios"],"inLanguage":"es","potentialAction":[{"@type":"CommentAction","name":"Comment","target":["https:\/\/www.aliadospuebla.com\/?p=105894#respond"]}]},{"@type":"WebPage","@id":"https:\/\/www.aliadospuebla.com\/?p=105894","url":"https:\/\/www.aliadospuebla.com\/?p=105894","name":"Faenas comunitarias, herramienta para transformar el entorno: Armando Aguirre - AliadosPuebla","isPartOf":{"@id":"https:\/\/www.aliadospuebla.com\/#website"},"primaryImageOfPage":{"@id":"https:\/\/www.aliadospuebla.com\/?p=105894#primaryimage"},"image":{"@id":"https:\/\/www.aliadospuebla.com\/?p=105894#primaryimage"},"thumbnailUrl":"https:\/\/www.aliadospuebla.com\/web2017\/wp-content\/uploads\/2025\/06\/596.jpg","datePublished":"2025-06-01T16:33:03+00:00","author":{"@id":"https:\/\/www.aliadospuebla.com\/#\/schema\/person\/5da7dd09320bd4f392b710017ed5f8ad"},"breadcrumb":{"@id":"https:\/\/www.aliadospuebla.com\/?p=105894#breadcrumb"},"inLanguage":"es","potentialAction":[{"@type":"ReadAction","target":["https:\/\/www.aliadospuebla.com\/?p=105894"]}]},{"@type":"ImageObject","inLanguage":"es","@id":"https:\/\/www.aliadospuebla.com\/?p=105894#primaryimage","url":"https:\/\/www.aliadospuebla.com\/web2017\/wp-content\/uploads\/2025\/06\/596.jpg","contentUrl":"https:\/\/www.aliadospuebla.com\/web2017\/wp-content\/uploads\/2025\/06\/596.jpg","width":600,"height":450},{"@type":"BreadcrumbList","@id":"https:\/\/www.aliadospuebla.com\/?p=105894#breadcrumb","itemListElement":[{"@type":"ListItem","position":1,"name":"Portada","item":"https:\/\/www.aliadospuebla.com\/"},{"@type":"ListItem","position":2,"name":"Faenas comunitarias, herramienta para transformar el entorno: Armando Aguirre"}]},{"@type":"WebSite","@id":"https:\/\/www.aliadospuebla.com\/#website","url":"https:\/\/www.aliadospuebla.com\/","name":"AliadosPuebla","description":"La informaci\u00f3n en tus manos","potentialAction":[{"@type":"SearchAction","target":{"@type":"EntryPoint","urlTemplate":"https:\/\/www.aliadospuebla.com\/?s={search_term_string}"},"query-input":{"@type":"PropertyValueSpecification","valueRequired":true,"valueName":"search_term_string"}}],"inLanguage":"es"},{"@type":"Person","@id":"https:\/\/www.aliadospuebla.com\/#\/schema\/person\/5da7dd09320bd4f392b710017ed5f8ad","name":"Aliados17","image":{"@type":"ImageObject","inLanguage":"es","@id":"https:\/\/www.aliadospuebla.com\/web2017\/wp-content\/uploads\/2025\/03\/cropped-para-perfil-8-anos-1-96x96.jpg","url":"https:\/\/www.aliadospuebla.com\/web2017\/wp-content\/uploads\/2025\/03\/cropped-para-perfil-8-anos-1-96x96.jpg","contentUrl":"https:\/\/www.aliadospuebla.com\/web2017\/wp-content\/uploads\/2025\/03\/cropped-para-perfil-8-anos-1-96x96.jpg","caption":"Aliados17"},"sameAs":["https:\/\/www.aliados17.com","https:\/\/www.facebook.com\/Aliados17Pue","https:\/\/x.com\/AliadosPuebla"],"url":"https:\/\/www.aliadospuebla.com\/?author=2"}]}},"views":12,"_links":{"self":[{"href":"https:\/\/www.aliadospuebla.com\/index.php?rest_route=\/wp\/v2\/posts\/105894","targetHints":{"allow":["GET"]}}],"collection":[{"href":"https:\/\/www.aliadospuebla.com\/index.php?rest_route=\/wp\/v2\/posts"}],"about":[{"href":"https:\/\/www.aliadospuebla.com\/index.php?rest_route=\/wp\/v2\/types\/post"}],"author":[{"embeddable":true,"href":"https:\/\/www.aliadospuebla.com\/index.php?rest_route=\/wp\/v2\/users\/2"}],"replies":[{"embeddable":true,"href":"https:\/\/www.aliadospuebla.com\/index.php?rest_route=%2Fwp%2Fv2%2Fcomments&post=105894"}],"version-history":[{"count":1,"href":"https:\/\/www.aliadospuebla.com\/index.php?rest_route=\/wp\/v2\/posts\/105894\/revisions"}],"predecessor-version":[{"id":105896,"href":"https:\/\/www.aliadospuebla.com\/index.php?rest_route=\/wp\/v2\/posts\/105894\/revisions\/105896"}],"wp:featuredmedia":[{"embeddable":true,"href":"https:\/\/www.aliadospuebla.com\/index.php?rest_route=\/wp\/v2\/media\/105895"}],"wp:attachment":[{"href":"https:\/\/www.aliadospuebla.com\/index.php?rest_route=%2Fwp%2Fv2%2Fmedia&parent=105894"}],"wp:term":[{"taxonomy":"category","embeddable":true,"href":"https:\/\/www.aliadospuebla.com\/index.php?rest_route=%2Fwp%2Fv2%2Fcategories&post=105894"},{"taxonomy":"post_tag","embeddable":true,"href":"https:\/\/www.aliadospuebla.com\/index.php?rest_route=%2Fwp%2Fv2%2Ftags&post=105894"}],"curies":[{"name":"wp","href":"https:\/\/api.w.org\/{rel}","templated":true}]}}