{"id":105675,"date":"2025-05-20T17:51:19","date_gmt":"2025-05-20T23:51:19","guid":{"rendered":"https:\/\/www.aliadospuebla.com\/?p=105675"},"modified":"2025-05-20T17:51:19","modified_gmt":"2025-05-20T23:51:19","slug":"suma-ecocholula-mas-de-2-toneladas-de-reciclaje-en-su-ultima-edicion","status":"publish","type":"post","link":"https:\/\/www.aliadospuebla.com\/?p=105675","title":{"rendered":"Suma EcoCholula m\u00e1s de 2 toneladas de reciclaje en su \u00faltima edici\u00f3n"},"content":{"rendered":"<h4>Con una participaci\u00f3n cada vez mayor de las y los cholultecas, el programa EcoCholula, impulsado por el Organismo Operador del Servicio de Limpia de San Pedro Cholula, vivi\u00f3 una exitosa jornada este domingo 18 de mayo, superando las 2 toneladas de residuos reciclables recolectados, gracias al compromiso ciudadano con el medio ambiente.<\/h4>\n<p>Gracias a la participaci\u00f3n ciudadana y al trabajo conjunto con el Sistema Operador de los Servicios de Agua Potable y Alcantarillado de San Pedro Cholula (SOSAPACH), tambi\u00e9n se lograron recolectar 50 litros de aceite vegetal usado, evitando que llegaran al drenaje, ayudando a prevenir la contaminaci\u00f3n del agua y posibles taponamientos en la red.<\/p>\n<p>Como muestra de agradecimiento, y con el objetivo de fomentar la participaci\u00f3n ambiental activa, la regidora Carolina Fern\u00e1ndez Fabre realiz\u00f3 la entrega de plantas y \u00e1rboles a las personas que llevaron sus residuos correctamente separados, reforzando as\u00ed el v\u00ednculo entre ciudadan\u00eda y naturaleza.<br \/>\nEl \u00e9xito de esta jornada tambi\u00e9n refleja el impulso que EcoCholula recibe desde el Gobierno Municipal, encabezado por la presidenta Tonantzin Fern\u00e1ndez, quien respalda firmemente esta estrategia, como parte de una pol\u00edtica ambiental integral. Este esfuerzo se alinea con la visi\u00f3n del gobernador del estado, Alejandro Armenta, quien ha hecho del cuidado del entorno una prioridad para Puebla.<\/p>\n<p>La iniciativa se lleva a cabo de manera mensual y cuenta con un centro de acopio permanente ubicado en Av. 9 Poniente #505, Barrio de Santa Mar\u00eda Xixitla, donde se reciben residuos reciclables y aceite vegetal de lunes a viernes, de 09:30 a 16:30 horas.<\/p>\n","protected":false},"excerpt":{"rendered":"<p>Con una participaci\u00f3n cada vez mayor de las y los cholultecas, el programa EcoCholula, impulsado por el Organismo Operador del Servicio de Limpia de San Pedro Cholula, vivi\u00f3 una exitosa jornada este domingo 18 de mayo, superando las 2 toneladas de residuos reciclables recolectados, gracias al compromiso ciudadano con el medio ambiente. Gracias a la participaci\u00f3n ciudadana y al trabajo conjunto con el Sistema Operador de los Servicios de Agua Potable y Alcantarillado de San Pedro Cholula (SOSAPACH), tambi\u00e9n se lograron recolectar 50 litros de aceite vegetal usado, evitando que llegaran al drenaje, ayudando a prevenir la contaminaci\u00f3n del agua y posibles taponamientos en la red. Como muestra de agradecimiento, y con el objetivo de fomentar la participaci\u00f3n ambiental activa, la regidora Carolina Fern\u00e1ndez Fabre&hellip;<\/p>\n<p class=\"excerpt-more\"><a class=\"blog-excerpt button\" href=\"https:\/\/www.aliadospuebla.com\/?p=105675\">Leer m\u00e1s&#8230;<\/a><\/p>\n","protected":false},"author":2,"featured_media":105676,"comment_status":"open","ping_status":"open","sticky":false,"template":"","format":"standard","meta":{"_monsterinsights_skip_tracking":false,"footnotes":""},"categories":[4],"tags":[28159,27760,584,387,7371,7394],"class_list":["post-105675","post","type-post","status-publish","format-standard","has-post-thumbnail","hentry","category-municipios","tag-carolina-fernandez-fabre","tag-ecocholula","tag-medio-ambiente","tag-san-pedro-cholula","tag-sosapach","tag-tonantzin-fernandez"],"yoast_head":"<!-- This site is optimized with the Yoast SEO plugin v28.4 - https:\/\/yoast.com\/product\/yoast-seo-wordpress\/ -->\n<title>Suma EcoCholula m\u00e1s de 2 toneladas de reciclaje en su \u00faltima edici\u00f3n - AliadosPuebla<\/title>\n<meta name=\"robots\" content=\"index, follow, max-snippet:-1, max-image-preview:large, max-video-preview:-1\" \/>\n<link rel=\"canonical\" href=\"https:\/\/www.aliadospuebla.com\/?p=105675\" \/>\n<meta property=\"og:locale\" content=\"es_ES\" \/>\n<meta property=\"og:type\" content=\"article\" \/>\n<meta property=\"og:title\" content=\"Suma EcoCholula m\u00e1s de 2 toneladas de reciclaje en su \u00faltima edici\u00f3n - AliadosPuebla\" \/>\n<meta property=\"og:description\" content=\"Con una participaci\u00f3n cada vez mayor de las y los cholultecas, el programa EcoCholula, impulsado por el Organismo Operador del Servicio de Limpia de San Pedro Cholula, vivi\u00f3 una exitosa jornada este domingo 18 de mayo, superando las 2 toneladas de residuos reciclables recolectados, gracias al compromiso ciudadano con el medio ambiente. Gracias a la participaci\u00f3n ciudadana y al trabajo conjunto con el Sistema Operador de los Servicios de Agua Potable y Alcantarillado de San Pedro Cholula (SOSAPACH), tambi\u00e9n se lograron recolectar 50 litros de aceite vegetal usado, evitando que llegaran al drenaje, ayudando a prevenir la contaminaci\u00f3n del agua y posibles taponamientos en la red. Como muestra de agradecimiento, y con el objetivo de fomentar la participaci\u00f3n ambiental activa, la regidora Carolina Fern\u00e1ndez Fabre&hellip;Leer m\u00e1s...\" \/>\n<meta property=\"og:url\" content=\"https:\/\/www.aliadospuebla.com\/?p=105675\" \/>\n<meta property=\"og:site_name\" content=\"AliadosPuebla\" \/>\n<meta property=\"article:author\" content=\"https:\/\/www.facebook.com\/Aliados17Pue\" \/>\n<meta property=\"article:published_time\" content=\"2025-05-20T23:51:19+00:00\" \/>\n<meta property=\"og:image\" content=\"https:\/\/www.aliadospuebla.com\/web2017\/wp-content\/uploads\/2025\/05\/531.jpg\" \/>\n\t<meta property=\"og:image:width\" content=\"600\" \/>\n\t<meta property=\"og:image:height\" content=\"450\" \/>\n\t<meta property=\"og:image:type\" content=\"image\/jpeg\" \/>\n<meta name=\"author\" content=\"Aliados17\" \/>\n<meta name=\"twitter:card\" content=\"summary_large_image\" \/>\n<meta name=\"twitter:creator\" content=\"@AliadosPuebla\" \/>\n<meta name=\"twitter:label1\" content=\"Escrito por\" \/>\n\t<meta name=\"twitter:data1\" content=\"Aliados17\" \/>\n\t<meta name=\"twitter:label2\" content=\"Tiempo de lectura\" \/>\n\t<meta name=\"twitter:data2\" content=\"2 minutos\" \/>\n<script type=\"application\/ld+json\" class=\"yoast-schema-graph\">{\"@context\":\"https:\\\/\\\/schema.org\",\"@graph\":[{\"@type\":\"Article\",\"@id\":\"https:\\\/\\\/www.aliadospuebla.com\\\/?p=105675#article\",\"isPartOf\":{\"@id\":\"https:\\\/\\\/www.aliadospuebla.com\\\/?p=105675\"},\"author\":{\"name\":\"Aliados17\",\"@id\":\"https:\\\/\\\/www.aliadospuebla.com\\\/#\\\/schema\\\/person\\\/5da7dd09320bd4f392b710017ed5f8ad\"},\"headline\":\"Suma EcoCholula m\u00e1s de 2 toneladas de reciclaje en su \u00faltima edici\u00f3n\",\"datePublished\":\"2025-05-20T23:51:19+00:00\",\"mainEntityOfPage\":{\"@id\":\"https:\\\/\\\/www.aliadospuebla.com\\\/?p=105675\"},\"wordCount\":271,\"commentCount\":0,\"image\":{\"@id\":\"https:\\\/\\\/www.aliadospuebla.com\\\/?p=105675#primaryimage\"},\"thumbnailUrl\":\"https:\\\/\\\/www.aliadospuebla.com\\\/web2017\\\/wp-content\\\/uploads\\\/2025\\\/05\\\/531.jpg\",\"keywords\":[\"Carolina Fern\u00e1ndez Fabre\",\"EcoCholula\",\"MEDIO AMBIENTE\",\"SAN PEDRO CHOLULA\",\"SOSAPACH\",\"TONANTZIN FERN\u00c1NDEZ\"],\"articleSection\":[\"Municipios\"],\"inLanguage\":\"es\",\"potentialAction\":[{\"@type\":\"CommentAction\",\"name\":\"Comment\",\"target\":[\"https:\\\/\\\/www.aliadospuebla.com\\\/?p=105675#respond\"]}]},{\"@type\":\"WebPage\",\"@id\":\"https:\\\/\\\/www.aliadospuebla.com\\\/?p=105675\",\"url\":\"https:\\\/\\\/www.aliadospuebla.com\\\/?p=105675\",\"name\":\"Suma EcoCholula m\u00e1s de 2 toneladas de reciclaje en su \u00faltima edici\u00f3n - AliadosPuebla\",\"isPartOf\":{\"@id\":\"https:\\\/\\\/www.aliadospuebla.com\\\/#website\"},\"primaryImageOfPage\":{\"@id\":\"https:\\\/\\\/www.aliadospuebla.com\\\/?p=105675#primaryimage\"},\"image\":{\"@id\":\"https:\\\/\\\/www.aliadospuebla.com\\\/?p=105675#primaryimage\"},\"thumbnailUrl\":\"https:\\\/\\\/www.aliadospuebla.com\\\/web2017\\\/wp-content\\\/uploads\\\/2025\\\/05\\\/531.jpg\",\"datePublished\":\"2025-05-20T23:51:19+00:00\",\"author\":{\"@id\":\"https:\\\/\\\/www.aliadospuebla.com\\\/#\\\/schema\\\/person\\\/5da7dd09320bd4f392b710017ed5f8ad\"},\"breadcrumb\":{\"@id\":\"https:\\\/\\\/www.aliadospuebla.com\\\/?p=105675#breadcrumb\"},\"inLanguage\":\"es\",\"potentialAction\":[{\"@type\":\"ReadAction\",\"target\":[\"https:\\\/\\\/www.aliadospuebla.com\\\/?p=105675\"]}]},{\"@type\":\"ImageObject\",\"inLanguage\":\"es\",\"@id\":\"https:\\\/\\\/www.aliadospuebla.com\\\/?p=105675#primaryimage\",\"url\":\"https:\\\/\\\/www.aliadospuebla.com\\\/web2017\\\/wp-content\\\/uploads\\\/2025\\\/05\\\/531.jpg\",\"contentUrl\":\"https:\\\/\\\/www.aliadospuebla.com\\\/web2017\\\/wp-content\\\/uploads\\\/2025\\\/05\\\/531.jpg\",\"width\":600,\"height\":450},{\"@type\":\"BreadcrumbList\",\"@id\":\"https:\\\/\\\/www.aliadospuebla.com\\\/?p=105675#breadcrumb\",\"itemListElement\":[{\"@type\":\"ListItem\",\"position\":1,\"name\":\"Portada\",\"item\":\"https:\\\/\\\/www.aliadospuebla.com\\\/\"},{\"@type\":\"ListItem\",\"position\":2,\"name\":\"Suma EcoCholula m\u00e1s de 2 toneladas de reciclaje en su \u00faltima edici\u00f3n\"}]},{\"@type\":\"WebSite\",\"@id\":\"https:\\\/\\\/www.aliadospuebla.com\\\/#website\",\"url\":\"https:\\\/\\\/www.aliadospuebla.com\\\/\",\"name\":\"AliadosPuebla\",\"description\":\"La informaci\u00f3n en tus manos\",\"potentialAction\":[{\"@type\":\"SearchAction\",\"target\":{\"@type\":\"EntryPoint\",\"urlTemplate\":\"https:\\\/\\\/www.aliadospuebla.com\\\/?s={search_term_string}\"},\"query-input\":{\"@type\":\"PropertyValueSpecification\",\"valueRequired\":true,\"valueName\":\"search_term_string\"}}],\"inLanguage\":\"es\"},{\"@type\":\"Person\",\"@id\":\"https:\\\/\\\/www.aliadospuebla.com\\\/#\\\/schema\\\/person\\\/5da7dd09320bd4f392b710017ed5f8ad\",\"name\":\"Aliados17\",\"image\":{\"@type\":\"ImageObject\",\"inLanguage\":\"es\",\"@id\":\"https:\\\/\\\/www.aliadospuebla.com\\\/web2017\\\/wp-content\\\/uploads\\\/2025\\\/03\\\/cropped-para-perfil-8-anos-1-96x96.jpg\",\"url\":\"https:\\\/\\\/www.aliadospuebla.com\\\/web2017\\\/wp-content\\\/uploads\\\/2025\\\/03\\\/cropped-para-perfil-8-anos-1-96x96.jpg\",\"contentUrl\":\"https:\\\/\\\/www.aliadospuebla.com\\\/web2017\\\/wp-content\\\/uploads\\\/2025\\\/03\\\/cropped-para-perfil-8-anos-1-96x96.jpg\",\"caption\":\"Aliados17\"},\"sameAs\":[\"https:\\\/\\\/www.aliados17.com\",\"https:\\\/\\\/www.facebook.com\\\/Aliados17Pue\",\"https:\\\/\\\/x.com\\\/AliadosPuebla\"],\"url\":\"https:\\\/\\\/www.aliadospuebla.com\\\/?author=2\"}]}<\/script>\n<!-- \/ Yoast SEO plugin. -->","yoast_head_json":{"title":"Suma EcoCholula m\u00e1s de 2 toneladas de reciclaje en su \u00faltima edici\u00f3n - AliadosPuebla","robots":{"index":"index","follow":"follow","max-snippet":"max-snippet:-1","max-image-preview":"max-image-preview:large","max-video-preview":"max-video-preview:-1"},"canonical":"https:\/\/www.aliadospuebla.com\/?p=105675","og_locale":"es_ES","og_type":"article","og_title":"Suma EcoCholula m\u00e1s de 2 toneladas de reciclaje en su \u00faltima edici\u00f3n - AliadosPuebla","og_description":"Con una participaci\u00f3n cada vez mayor de las y los cholultecas, el programa EcoCholula, impulsado por el Organismo Operador del Servicio de Limpia de San Pedro Cholula, vivi\u00f3 una exitosa jornada este domingo 18 de mayo, superando las 2 toneladas de residuos reciclables recolectados, gracias al compromiso ciudadano con el medio ambiente. Gracias a la participaci\u00f3n ciudadana y al trabajo conjunto con el Sistema Operador de los Servicios de Agua Potable y Alcantarillado de San Pedro Cholula (SOSAPACH), tambi\u00e9n se lograron recolectar 50 litros de aceite vegetal usado, evitando que llegaran al drenaje, ayudando a prevenir la contaminaci\u00f3n del agua y posibles taponamientos en la red. Como muestra de agradecimiento, y con el objetivo de fomentar la participaci\u00f3n ambiental activa, la regidora Carolina Fern\u00e1ndez Fabre&hellip;Leer m\u00e1s...","og_url":"https:\/\/www.aliadospuebla.com\/?p=105675","og_site_name":"AliadosPuebla","article_author":"https:\/\/www.facebook.com\/Aliados17Pue","article_published_time":"2025-05-20T23:51:19+00:00","og_image":[{"width":600,"height":450,"url":"https:\/\/www.aliadospuebla.com\/web2017\/wp-content\/uploads\/2025\/05\/531.jpg","type":"image\/jpeg"}],"author":"Aliados17","twitter_card":"summary_large_image","twitter_creator":"@AliadosPuebla","twitter_misc":{"Escrito por":"Aliados17","Tiempo de lectura":"2 minutos"},"schema":{"@context":"https:\/\/schema.org","@graph":[{"@type":"Article","@id":"https:\/\/www.aliadospuebla.com\/?p=105675#article","isPartOf":{"@id":"https:\/\/www.aliadospuebla.com\/?p=105675"},"author":{"name":"Aliados17","@id":"https:\/\/www.aliadospuebla.com\/#\/schema\/person\/5da7dd09320bd4f392b710017ed5f8ad"},"headline":"Suma EcoCholula m\u00e1s de 2 toneladas de reciclaje en su \u00faltima edici\u00f3n","datePublished":"2025-05-20T23:51:19+00:00","mainEntityOfPage":{"@id":"https:\/\/www.aliadospuebla.com\/?p=105675"},"wordCount":271,"commentCount":0,"image":{"@id":"https:\/\/www.aliadospuebla.com\/?p=105675#primaryimage"},"thumbnailUrl":"https:\/\/www.aliadospuebla.com\/web2017\/wp-content\/uploads\/2025\/05\/531.jpg","keywords":["Carolina Fern\u00e1ndez Fabre","EcoCholula","MEDIO AMBIENTE","SAN PEDRO CHOLULA","SOSAPACH","TONANTZIN FERN\u00c1NDEZ"],"articleSection":["Municipios"],"inLanguage":"es","potentialAction":[{"@type":"CommentAction","name":"Comment","target":["https:\/\/www.aliadospuebla.com\/?p=105675#respond"]}]},{"@type":"WebPage","@id":"https:\/\/www.aliadospuebla.com\/?p=105675","url":"https:\/\/www.aliadospuebla.com\/?p=105675","name":"Suma EcoCholula m\u00e1s de 2 toneladas de reciclaje en su \u00faltima edici\u00f3n - AliadosPuebla","isPartOf":{"@id":"https:\/\/www.aliadospuebla.com\/#website"},"primaryImageOfPage":{"@id":"https:\/\/www.aliadospuebla.com\/?p=105675#primaryimage"},"image":{"@id":"https:\/\/www.aliadospuebla.com\/?p=105675#primaryimage"},"thumbnailUrl":"https:\/\/www.aliadospuebla.com\/web2017\/wp-content\/uploads\/2025\/05\/531.jpg","datePublished":"2025-05-20T23:51:19+00:00","author":{"@id":"https:\/\/www.aliadospuebla.com\/#\/schema\/person\/5da7dd09320bd4f392b710017ed5f8ad"},"breadcrumb":{"@id":"https:\/\/www.aliadospuebla.com\/?p=105675#breadcrumb"},"inLanguage":"es","potentialAction":[{"@type":"ReadAction","target":["https:\/\/www.aliadospuebla.com\/?p=105675"]}]},{"@type":"ImageObject","inLanguage":"es","@id":"https:\/\/www.aliadospuebla.com\/?p=105675#primaryimage","url":"https:\/\/www.aliadospuebla.com\/web2017\/wp-content\/uploads\/2025\/05\/531.jpg","contentUrl":"https:\/\/www.aliadospuebla.com\/web2017\/wp-content\/uploads\/2025\/05\/531.jpg","width":600,"height":450},{"@type":"BreadcrumbList","@id":"https:\/\/www.aliadospuebla.com\/?p=105675#breadcrumb","itemListElement":[{"@type":"ListItem","position":1,"name":"Portada","item":"https:\/\/www.aliadospuebla.com\/"},{"@type":"ListItem","position":2,"name":"Suma EcoCholula m\u00e1s de 2 toneladas de reciclaje en su \u00faltima edici\u00f3n"}]},{"@type":"WebSite","@id":"https:\/\/www.aliadospuebla.com\/#website","url":"https:\/\/www.aliadospuebla.com\/","name":"AliadosPuebla","description":"La informaci\u00f3n en tus manos","potentialAction":[{"@type":"SearchAction","target":{"@type":"EntryPoint","urlTemplate":"https:\/\/www.aliadospuebla.com\/?s={search_term_string}"},"query-input":{"@type":"PropertyValueSpecification","valueRequired":true,"valueName":"search_term_string"}}],"inLanguage":"es"},{"@type":"Person","@id":"https:\/\/www.aliadospuebla.com\/#\/schema\/person\/5da7dd09320bd4f392b710017ed5f8ad","name":"Aliados17","image":{"@type":"ImageObject","inLanguage":"es","@id":"https:\/\/www.aliadospuebla.com\/web2017\/wp-content\/uploads\/2025\/03\/cropped-para-perfil-8-anos-1-96x96.jpg","url":"https:\/\/www.aliadospuebla.com\/web2017\/wp-content\/uploads\/2025\/03\/cropped-para-perfil-8-anos-1-96x96.jpg","contentUrl":"https:\/\/www.aliadospuebla.com\/web2017\/wp-content\/uploads\/2025\/03\/cropped-para-perfil-8-anos-1-96x96.jpg","caption":"Aliados17"},"sameAs":["https:\/\/www.aliados17.com","https:\/\/www.facebook.com\/Aliados17Pue","https:\/\/x.com\/AliadosPuebla"],"url":"https:\/\/www.aliadospuebla.com\/?author=2"}]}},"views":7,"_links":{"self":[{"href":"https:\/\/www.aliadospuebla.com\/index.php?rest_route=\/wp\/v2\/posts\/105675","targetHints":{"allow":["GET"]}}],"collection":[{"href":"https:\/\/www.aliadospuebla.com\/index.php?rest_route=\/wp\/v2\/posts"}],"about":[{"href":"https:\/\/www.aliadospuebla.com\/index.php?rest_route=\/wp\/v2\/types\/post"}],"author":[{"embeddable":true,"href":"https:\/\/www.aliadospuebla.com\/index.php?rest_route=\/wp\/v2\/users\/2"}],"replies":[{"embeddable":true,"href":"https:\/\/www.aliadospuebla.com\/index.php?rest_route=%2Fwp%2Fv2%2Fcomments&post=105675"}],"version-history":[{"count":1,"href":"https:\/\/www.aliadospuebla.com\/index.php?rest_route=\/wp\/v2\/posts\/105675\/revisions"}],"predecessor-version":[{"id":105677,"href":"https:\/\/www.aliadospuebla.com\/index.php?rest_route=\/wp\/v2\/posts\/105675\/revisions\/105677"}],"wp:featuredmedia":[{"embeddable":true,"href":"https:\/\/www.aliadospuebla.com\/index.php?rest_route=\/wp\/v2\/media\/105676"}],"wp:attachment":[{"href":"https:\/\/www.aliadospuebla.com\/index.php?rest_route=%2Fwp%2Fv2%2Fmedia&parent=105675"}],"wp:term":[{"taxonomy":"category","embeddable":true,"href":"https:\/\/www.aliadospuebla.com\/index.php?rest_route=%2Fwp%2Fv2%2Fcategories&post=105675"},{"taxonomy":"post_tag","embeddable":true,"href":"https:\/\/www.aliadospuebla.com\/index.php?rest_route=%2Fwp%2Fv2%2Ftags&post=105675"}],"curies":[{"name":"wp","href":"https:\/\/api.w.org\/{rel}","templated":true}]}}