{"id":105374,"date":"2025-05-09T16:53:00","date_gmt":"2025-05-09T22:53:00","guid":{"rendered":"https:\/\/www.aliadospuebla.com\/?p=105374"},"modified":"2025-05-09T16:53:00","modified_gmt":"2025-05-09T22:53:00","slug":"gestiona-severiano-de-la-rosa-infraestructura-para-la-educacion-en-amozoc","status":"publish","type":"post","link":"https:\/\/www.aliadospuebla.com\/?p=105374","title":{"rendered":"Gestiona Severiano de la Rosa Infraestructura para la Educaci\u00f3n en Amozoc"},"content":{"rendered":"<h4>Amozoc de Mota, Puebla.- Con compromiso firme para el fortalecimiento de la educaci\u00f3n en el municipio, el presidente municipal de Amozoc, Severiano de la Rosa Romero, sostuvo una reuni\u00f3n en la emblem\u00e1tica Casa Colorada con el abogado de la Secretar\u00eda de Educaci\u00f3n P\u00fablica del Gobierno de M\u00e9xico, Euripides Flores.<\/h4>\n<p>Durante el encuentro, llevado a cabo en un ambiente cordial y colaborativo, se abordaron los proyectos educativos impulsados por la presidenta de M\u00e9xico, Claudia Sheinbaum Pardo, y se reafirm\u00f3 el respaldo institucional a las gestiones del presidente municipal para ampliar la infraestructura educativa en beneficio de diversas escuelas del municipio.<\/p>\n<p>Estas acciones se suman al esfuerzo coordinado que encabezan el Secretario de Educaci\u00f3n P\u00fablica, Mario Delgado, y el Gobernador del Estado de Puebla, Alejandro Armenta, quienes han manifestado su compromiso con una educaci\u00f3n digna y accesible para todas y todos.<\/p>\n<p>Con gesti\u00f3n, trabajo conjunto y compromiso, el Gobierno Municipal de Amozoc reafirma su misi\u00f3n de construir un mejor futuro para las ni\u00f1as, ni\u00f1os y j\u00f3venes del municipio.<\/p>\n","protected":false},"excerpt":{"rendered":"<p>Amozoc de Mota, Puebla.- Con compromiso firme para el fortalecimiento de la educaci\u00f3n en el municipio, el presidente municipal de Amozoc, Severiano de la Rosa Romero, sostuvo una reuni\u00f3n en la emblem\u00e1tica Casa Colorada con el abogado de la Secretar\u00eda de Educaci\u00f3n P\u00fablica del Gobierno de M\u00e9xico, Euripides Flores. Durante el encuentro, llevado a cabo en un ambiente cordial y colaborativo, se abordaron los proyectos educativos impulsados por la presidenta de M\u00e9xico, Claudia Sheinbaum Pardo, y se reafirm\u00f3 el respaldo institucional a las gestiones del presidente municipal para ampliar la infraestructura educativa en beneficio de diversas escuelas del municipio. Estas acciones se suman al esfuerzo coordinado que encabezan el Secretario de Educaci\u00f3n P\u00fablica, Mario Delgado, y el Gobernador del Estado de Puebla, Alejandro Armenta, quienes&hellip;<\/p>\n<p class=\"excerpt-more\"><a class=\"blog-excerpt button\" href=\"https:\/\/www.aliadospuebla.com\/?p=105374\">Leer m\u00e1s&#8230;<\/a><\/p>\n","protected":false},"author":2,"featured_media":105375,"comment_status":"open","ping_status":"open","sticky":false,"template":"","format":"standard","meta":{"_monsterinsights_skip_tracking":false,"footnotes":""},"categories":[4],"tags":[1667,28203,20316,29288,13587,14968,23020,1869],"class_list":["post-105374","post","type-post","status-publish","format-standard","has-post-thumbnail","hentry","category-municipios","tag-amozoc","tag-casa-colorada","tag-claudia-sheinbaum-pardo","tag-euripides-flores","tag-mario-delgado","tag-proyectos-educativos","tag-severiano-de-la-rosa","tag-trabajo-conjunto"],"yoast_head":"<!-- This site is optimized with the Yoast SEO plugin v28.4 - https:\/\/yoast.com\/product\/yoast-seo-wordpress\/ -->\n<title>Gestiona Severiano de la Rosa Infraestructura para la Educaci\u00f3n en Amozoc - AliadosPuebla<\/title>\n<meta name=\"robots\" content=\"index, follow, max-snippet:-1, max-image-preview:large, max-video-preview:-1\" \/>\n<link rel=\"canonical\" href=\"https:\/\/www.aliadospuebla.com\/?p=105374\" \/>\n<meta property=\"og:locale\" content=\"es_ES\" \/>\n<meta property=\"og:type\" content=\"article\" \/>\n<meta property=\"og:title\" content=\"Gestiona Severiano de la Rosa Infraestructura para la Educaci\u00f3n en Amozoc - AliadosPuebla\" \/>\n<meta property=\"og:description\" content=\"Amozoc de Mota, Puebla.- Con compromiso firme para el fortalecimiento de la educaci\u00f3n en el municipio, el presidente municipal de Amozoc, Severiano de la Rosa Romero, sostuvo una reuni\u00f3n en la emblem\u00e1tica Casa Colorada con el abogado de la Secretar\u00eda de Educaci\u00f3n P\u00fablica del Gobierno de M\u00e9xico, Euripides Flores. Durante el encuentro, llevado a cabo en un ambiente cordial y colaborativo, se abordaron los proyectos educativos impulsados por la presidenta de M\u00e9xico, Claudia Sheinbaum Pardo, y se reafirm\u00f3 el respaldo institucional a las gestiones del presidente municipal para ampliar la infraestructura educativa en beneficio de diversas escuelas del municipio. Estas acciones se suman al esfuerzo coordinado que encabezan el Secretario de Educaci\u00f3n P\u00fablica, Mario Delgado, y el Gobernador del Estado de Puebla, Alejandro Armenta, quienes&hellip;Leer m\u00e1s...\" \/>\n<meta property=\"og:url\" content=\"https:\/\/www.aliadospuebla.com\/?p=105374\" \/>\n<meta property=\"og:site_name\" content=\"AliadosPuebla\" \/>\n<meta property=\"article:author\" content=\"https:\/\/www.facebook.com\/Aliados17Pue\" \/>\n<meta property=\"article:published_time\" content=\"2025-05-09T22:53:00+00:00\" \/>\n<meta property=\"og:image\" content=\"https:\/\/www.aliadospuebla.com\/web2017\/wp-content\/uploads\/2025\/05\/438.jpg\" \/>\n\t<meta property=\"og:image:width\" content=\"600\" \/>\n\t<meta property=\"og:image:height\" content=\"450\" \/>\n\t<meta property=\"og:image:type\" content=\"image\/jpeg\" \/>\n<meta name=\"author\" content=\"Aliados17\" \/>\n<meta name=\"twitter:card\" content=\"summary_large_image\" \/>\n<meta name=\"twitter:creator\" content=\"@AliadosPuebla\" \/>\n<meta name=\"twitter:label1\" content=\"Escrito por\" \/>\n\t<meta name=\"twitter:data1\" content=\"Aliados17\" \/>\n\t<meta name=\"twitter:label2\" content=\"Tiempo de lectura\" \/>\n\t<meta name=\"twitter:data2\" content=\"1 minuto\" \/>\n<script type=\"application\/ld+json\" class=\"yoast-schema-graph\">{\"@context\":\"https:\\\/\\\/schema.org\",\"@graph\":[{\"@type\":\"Article\",\"@id\":\"https:\\\/\\\/www.aliadospuebla.com\\\/?p=105374#article\",\"isPartOf\":{\"@id\":\"https:\\\/\\\/www.aliadospuebla.com\\\/?p=105374\"},\"author\":{\"name\":\"Aliados17\",\"@id\":\"https:\\\/\\\/www.aliadospuebla.com\\\/#\\\/schema\\\/person\\\/5da7dd09320bd4f392b710017ed5f8ad\"},\"headline\":\"Gestiona Severiano de la Rosa Infraestructura para la Educaci\u00f3n en Amozoc\",\"datePublished\":\"2025-05-09T22:53:00+00:00\",\"mainEntityOfPage\":{\"@id\":\"https:\\\/\\\/www.aliadospuebla.com\\\/?p=105374\"},\"wordCount\":195,\"commentCount\":0,\"image\":{\"@id\":\"https:\\\/\\\/www.aliadospuebla.com\\\/?p=105374#primaryimage\"},\"thumbnailUrl\":\"https:\\\/\\\/www.aliadospuebla.com\\\/web2017\\\/wp-content\\\/uploads\\\/2025\\\/05\\\/438.jpg\",\"keywords\":[\"AMOZOC\",\"Casa Colorada\",\"Claudia Sheinbaum Pardo\",\"Euripides Flores\",\"Mario Delgado\",\"proyectos educativos\",\"Severiano de la Rosa\",\"TRABAJO CONJUNTO\"],\"articleSection\":[\"Municipios\"],\"inLanguage\":\"es\",\"potentialAction\":[{\"@type\":\"CommentAction\",\"name\":\"Comment\",\"target\":[\"https:\\\/\\\/www.aliadospuebla.com\\\/?p=105374#respond\"]}]},{\"@type\":\"WebPage\",\"@id\":\"https:\\\/\\\/www.aliadospuebla.com\\\/?p=105374\",\"url\":\"https:\\\/\\\/www.aliadospuebla.com\\\/?p=105374\",\"name\":\"Gestiona Severiano de la Rosa Infraestructura para la Educaci\u00f3n en Amozoc - AliadosPuebla\",\"isPartOf\":{\"@id\":\"https:\\\/\\\/www.aliadospuebla.com\\\/#website\"},\"primaryImageOfPage\":{\"@id\":\"https:\\\/\\\/www.aliadospuebla.com\\\/?p=105374#primaryimage\"},\"image\":{\"@id\":\"https:\\\/\\\/www.aliadospuebla.com\\\/?p=105374#primaryimage\"},\"thumbnailUrl\":\"https:\\\/\\\/www.aliadospuebla.com\\\/web2017\\\/wp-content\\\/uploads\\\/2025\\\/05\\\/438.jpg\",\"datePublished\":\"2025-05-09T22:53:00+00:00\",\"author\":{\"@id\":\"https:\\\/\\\/www.aliadospuebla.com\\\/#\\\/schema\\\/person\\\/5da7dd09320bd4f392b710017ed5f8ad\"},\"breadcrumb\":{\"@id\":\"https:\\\/\\\/www.aliadospuebla.com\\\/?p=105374#breadcrumb\"},\"inLanguage\":\"es\",\"potentialAction\":[{\"@type\":\"ReadAction\",\"target\":[\"https:\\\/\\\/www.aliadospuebla.com\\\/?p=105374\"]}]},{\"@type\":\"ImageObject\",\"inLanguage\":\"es\",\"@id\":\"https:\\\/\\\/www.aliadospuebla.com\\\/?p=105374#primaryimage\",\"url\":\"https:\\\/\\\/www.aliadospuebla.com\\\/web2017\\\/wp-content\\\/uploads\\\/2025\\\/05\\\/438.jpg\",\"contentUrl\":\"https:\\\/\\\/www.aliadospuebla.com\\\/web2017\\\/wp-content\\\/uploads\\\/2025\\\/05\\\/438.jpg\",\"width\":600,\"height\":450},{\"@type\":\"BreadcrumbList\",\"@id\":\"https:\\\/\\\/www.aliadospuebla.com\\\/?p=105374#breadcrumb\",\"itemListElement\":[{\"@type\":\"ListItem\",\"position\":1,\"name\":\"Portada\",\"item\":\"https:\\\/\\\/www.aliadospuebla.com\\\/\"},{\"@type\":\"ListItem\",\"position\":2,\"name\":\"Gestiona Severiano de la Rosa Infraestructura para la Educaci\u00f3n en Amozoc\"}]},{\"@type\":\"WebSite\",\"@id\":\"https:\\\/\\\/www.aliadospuebla.com\\\/#website\",\"url\":\"https:\\\/\\\/www.aliadospuebla.com\\\/\",\"name\":\"AliadosPuebla\",\"description\":\"La informaci\u00f3n en tus manos\",\"potentialAction\":[{\"@type\":\"SearchAction\",\"target\":{\"@type\":\"EntryPoint\",\"urlTemplate\":\"https:\\\/\\\/www.aliadospuebla.com\\\/?s={search_term_string}\"},\"query-input\":{\"@type\":\"PropertyValueSpecification\",\"valueRequired\":true,\"valueName\":\"search_term_string\"}}],\"inLanguage\":\"es\"},{\"@type\":\"Person\",\"@id\":\"https:\\\/\\\/www.aliadospuebla.com\\\/#\\\/schema\\\/person\\\/5da7dd09320bd4f392b710017ed5f8ad\",\"name\":\"Aliados17\",\"image\":{\"@type\":\"ImageObject\",\"inLanguage\":\"es\",\"@id\":\"https:\\\/\\\/www.aliadospuebla.com\\\/web2017\\\/wp-content\\\/uploads\\\/2025\\\/03\\\/cropped-para-perfil-8-anos-1-96x96.jpg\",\"url\":\"https:\\\/\\\/www.aliadospuebla.com\\\/web2017\\\/wp-content\\\/uploads\\\/2025\\\/03\\\/cropped-para-perfil-8-anos-1-96x96.jpg\",\"contentUrl\":\"https:\\\/\\\/www.aliadospuebla.com\\\/web2017\\\/wp-content\\\/uploads\\\/2025\\\/03\\\/cropped-para-perfil-8-anos-1-96x96.jpg\",\"caption\":\"Aliados17\"},\"sameAs\":[\"https:\\\/\\\/www.aliados17.com\",\"https:\\\/\\\/www.facebook.com\\\/Aliados17Pue\",\"https:\\\/\\\/x.com\\\/AliadosPuebla\"],\"url\":\"https:\\\/\\\/www.aliadospuebla.com\\\/?author=2\"}]}<\/script>\n<!-- \/ Yoast SEO plugin. -->","yoast_head_json":{"title":"Gestiona Severiano de la Rosa Infraestructura para la Educaci\u00f3n en Amozoc - AliadosPuebla","robots":{"index":"index","follow":"follow","max-snippet":"max-snippet:-1","max-image-preview":"max-image-preview:large","max-video-preview":"max-video-preview:-1"},"canonical":"https:\/\/www.aliadospuebla.com\/?p=105374","og_locale":"es_ES","og_type":"article","og_title":"Gestiona Severiano de la Rosa Infraestructura para la Educaci\u00f3n en Amozoc - AliadosPuebla","og_description":"Amozoc de Mota, Puebla.- Con compromiso firme para el fortalecimiento de la educaci\u00f3n en el municipio, el presidente municipal de Amozoc, Severiano de la Rosa Romero, sostuvo una reuni\u00f3n en la emblem\u00e1tica Casa Colorada con el abogado de la Secretar\u00eda de Educaci\u00f3n P\u00fablica del Gobierno de M\u00e9xico, Euripides Flores. Durante el encuentro, llevado a cabo en un ambiente cordial y colaborativo, se abordaron los proyectos educativos impulsados por la presidenta de M\u00e9xico, Claudia Sheinbaum Pardo, y se reafirm\u00f3 el respaldo institucional a las gestiones del presidente municipal para ampliar la infraestructura educativa en beneficio de diversas escuelas del municipio. Estas acciones se suman al esfuerzo coordinado que encabezan el Secretario de Educaci\u00f3n P\u00fablica, Mario Delgado, y el Gobernador del Estado de Puebla, Alejandro Armenta, quienes&hellip;Leer m\u00e1s...","og_url":"https:\/\/www.aliadospuebla.com\/?p=105374","og_site_name":"AliadosPuebla","article_author":"https:\/\/www.facebook.com\/Aliados17Pue","article_published_time":"2025-05-09T22:53:00+00:00","og_image":[{"width":600,"height":450,"url":"https:\/\/www.aliadospuebla.com\/web2017\/wp-content\/uploads\/2025\/05\/438.jpg","type":"image\/jpeg"}],"author":"Aliados17","twitter_card":"summary_large_image","twitter_creator":"@AliadosPuebla","twitter_misc":{"Escrito por":"Aliados17","Tiempo de lectura":"1 minuto"},"schema":{"@context":"https:\/\/schema.org","@graph":[{"@type":"Article","@id":"https:\/\/www.aliadospuebla.com\/?p=105374#article","isPartOf":{"@id":"https:\/\/www.aliadospuebla.com\/?p=105374"},"author":{"name":"Aliados17","@id":"https:\/\/www.aliadospuebla.com\/#\/schema\/person\/5da7dd09320bd4f392b710017ed5f8ad"},"headline":"Gestiona Severiano de la Rosa Infraestructura para la Educaci\u00f3n en Amozoc","datePublished":"2025-05-09T22:53:00+00:00","mainEntityOfPage":{"@id":"https:\/\/www.aliadospuebla.com\/?p=105374"},"wordCount":195,"commentCount":0,"image":{"@id":"https:\/\/www.aliadospuebla.com\/?p=105374#primaryimage"},"thumbnailUrl":"https:\/\/www.aliadospuebla.com\/web2017\/wp-content\/uploads\/2025\/05\/438.jpg","keywords":["AMOZOC","Casa Colorada","Claudia Sheinbaum Pardo","Euripides Flores","Mario Delgado","proyectos educativos","Severiano de la Rosa","TRABAJO CONJUNTO"],"articleSection":["Municipios"],"inLanguage":"es","potentialAction":[{"@type":"CommentAction","name":"Comment","target":["https:\/\/www.aliadospuebla.com\/?p=105374#respond"]}]},{"@type":"WebPage","@id":"https:\/\/www.aliadospuebla.com\/?p=105374","url":"https:\/\/www.aliadospuebla.com\/?p=105374","name":"Gestiona Severiano de la Rosa Infraestructura para la Educaci\u00f3n en Amozoc - AliadosPuebla","isPartOf":{"@id":"https:\/\/www.aliadospuebla.com\/#website"},"primaryImageOfPage":{"@id":"https:\/\/www.aliadospuebla.com\/?p=105374#primaryimage"},"image":{"@id":"https:\/\/www.aliadospuebla.com\/?p=105374#primaryimage"},"thumbnailUrl":"https:\/\/www.aliadospuebla.com\/web2017\/wp-content\/uploads\/2025\/05\/438.jpg","datePublished":"2025-05-09T22:53:00+00:00","author":{"@id":"https:\/\/www.aliadospuebla.com\/#\/schema\/person\/5da7dd09320bd4f392b710017ed5f8ad"},"breadcrumb":{"@id":"https:\/\/www.aliadospuebla.com\/?p=105374#breadcrumb"},"inLanguage":"es","potentialAction":[{"@type":"ReadAction","target":["https:\/\/www.aliadospuebla.com\/?p=105374"]}]},{"@type":"ImageObject","inLanguage":"es","@id":"https:\/\/www.aliadospuebla.com\/?p=105374#primaryimage","url":"https:\/\/www.aliadospuebla.com\/web2017\/wp-content\/uploads\/2025\/05\/438.jpg","contentUrl":"https:\/\/www.aliadospuebla.com\/web2017\/wp-content\/uploads\/2025\/05\/438.jpg","width":600,"height":450},{"@type":"BreadcrumbList","@id":"https:\/\/www.aliadospuebla.com\/?p=105374#breadcrumb","itemListElement":[{"@type":"ListItem","position":1,"name":"Portada","item":"https:\/\/www.aliadospuebla.com\/"},{"@type":"ListItem","position":2,"name":"Gestiona Severiano de la Rosa Infraestructura para la Educaci\u00f3n en Amozoc"}]},{"@type":"WebSite","@id":"https:\/\/www.aliadospuebla.com\/#website","url":"https:\/\/www.aliadospuebla.com\/","name":"AliadosPuebla","description":"La informaci\u00f3n en tus manos","potentialAction":[{"@type":"SearchAction","target":{"@type":"EntryPoint","urlTemplate":"https:\/\/www.aliadospuebla.com\/?s={search_term_string}"},"query-input":{"@type":"PropertyValueSpecification","valueRequired":true,"valueName":"search_term_string"}}],"inLanguage":"es"},{"@type":"Person","@id":"https:\/\/www.aliadospuebla.com\/#\/schema\/person\/5da7dd09320bd4f392b710017ed5f8ad","name":"Aliados17","image":{"@type":"ImageObject","inLanguage":"es","@id":"https:\/\/www.aliadospuebla.com\/web2017\/wp-content\/uploads\/2025\/03\/cropped-para-perfil-8-anos-1-96x96.jpg","url":"https:\/\/www.aliadospuebla.com\/web2017\/wp-content\/uploads\/2025\/03\/cropped-para-perfil-8-anos-1-96x96.jpg","contentUrl":"https:\/\/www.aliadospuebla.com\/web2017\/wp-content\/uploads\/2025\/03\/cropped-para-perfil-8-anos-1-96x96.jpg","caption":"Aliados17"},"sameAs":["https:\/\/www.aliados17.com","https:\/\/www.facebook.com\/Aliados17Pue","https:\/\/x.com\/AliadosPuebla"],"url":"https:\/\/www.aliadospuebla.com\/?author=2"}]}},"views":7,"_links":{"self":[{"href":"https:\/\/www.aliadospuebla.com\/index.php?rest_route=\/wp\/v2\/posts\/105374","targetHints":{"allow":["GET"]}}],"collection":[{"href":"https:\/\/www.aliadospuebla.com\/index.php?rest_route=\/wp\/v2\/posts"}],"about":[{"href":"https:\/\/www.aliadospuebla.com\/index.php?rest_route=\/wp\/v2\/types\/post"}],"author":[{"embeddable":true,"href":"https:\/\/www.aliadospuebla.com\/index.php?rest_route=\/wp\/v2\/users\/2"}],"replies":[{"embeddable":true,"href":"https:\/\/www.aliadospuebla.com\/index.php?rest_route=%2Fwp%2Fv2%2Fcomments&post=105374"}],"version-history":[{"count":1,"href":"https:\/\/www.aliadospuebla.com\/index.php?rest_route=\/wp\/v2\/posts\/105374\/revisions"}],"predecessor-version":[{"id":105376,"href":"https:\/\/www.aliadospuebla.com\/index.php?rest_route=\/wp\/v2\/posts\/105374\/revisions\/105376"}],"wp:featuredmedia":[{"embeddable":true,"href":"https:\/\/www.aliadospuebla.com\/index.php?rest_route=\/wp\/v2\/media\/105375"}],"wp:attachment":[{"href":"https:\/\/www.aliadospuebla.com\/index.php?rest_route=%2Fwp%2Fv2%2Fmedia&parent=105374"}],"wp:term":[{"taxonomy":"category","embeddable":true,"href":"https:\/\/www.aliadospuebla.com\/index.php?rest_route=%2Fwp%2Fv2%2Fcategories&post=105374"},{"taxonomy":"post_tag","embeddable":true,"href":"https:\/\/www.aliadospuebla.com\/index.php?rest_route=%2Fwp%2Fv2%2Ftags&post=105374"}],"curies":[{"name":"wp","href":"https:\/\/api.w.org\/{rel}","templated":true}]}}