{"id":105371,"date":"2025-05-09T16:45:21","date_gmt":"2025-05-09T22:45:21","guid":{"rendered":"https:\/\/www.aliadospuebla.com\/?p=105371"},"modified":"2025-05-09T16:45:21","modified_gmt":"2025-05-09T22:45:21","slug":"bachean-limpian-y-mejoran-las-calles-en-amozoc","status":"publish","type":"post","link":"https:\/\/www.aliadospuebla.com\/?p=105371","title":{"rendered":"Bachean, limpian y mejoran las calles en Amozoc"},"content":{"rendered":"<h4>Amozoc de Mota, Puebla.- Como parte del compromiso asumido por el presidente municipal de Amozoc, Severiano de la Rosa Romero, para mantener en \u00f3ptimas condiciones las calles y avenidas del municipio, diversas \u00e1reas del Ayuntamiento trabajan de manera coordinada en tareas de mejora urbana.<\/h4>\n<p>El personal de la Direcci\u00f3n de Parques y Jardines lleva a cabo labores de limpieza y mantenimiento<\/p>\n<p>en el camell\u00f3n central de la carretera federal, contribuyendo a una mejor imagen urbana y al cuidado del entorno.<\/p>\n<p>Asimismo, cuadrillas de la Direcci\u00f3n de Obras P\u00fablicas realizan trabajos de renivelaci\u00f3n y sustituci\u00f3n de adoquines en diferentes calles del municipio. De manera paralela, otras brigadas ejecutan intensas jornadas de bacheo en vialidades tanto de la cabecera municipal como de las juntas auxiliares e inspector\u00edas.<\/p>\n<p>Con estas acciones, el presidente Severiano de la Rosa refrenda su compromiso con el desarrollo y bienestar de las familias de Amozoc, supervisando de forma constante los avances y asegurando que los trabajos se realicen de manera eficiente y oportuna.<\/p>\n","protected":false},"excerpt":{"rendered":"<p>Amozoc de Mota, Puebla.- Como parte del compromiso asumido por el presidente municipal de Amozoc, Severiano de la Rosa Romero, para mantener en \u00f3ptimas condiciones las calles y avenidas del municipio, diversas \u00e1reas del Ayuntamiento trabajan de manera coordinada en tareas de mejora urbana. El personal de la Direcci\u00f3n de Parques y Jardines lleva a cabo labores de limpieza y mantenimiento en el camell\u00f3n central de la carretera federal, contribuyendo a una mejor imagen urbana y al cuidado del entorno. Asimismo, cuadrillas de la Direcci\u00f3n de Obras P\u00fablicas realizan trabajos de renivelaci\u00f3n y sustituci\u00f3n de adoquines en diferentes calles del municipio. De manera paralela, otras brigadas ejecutan intensas jornadas de bacheo en vialidades tanto de la cabecera municipal como de las juntas auxiliares e inspector\u00edas.&hellip;<\/p>\n<p class=\"excerpt-more\"><a class=\"blog-excerpt button\" href=\"https:\/\/www.aliadospuebla.com\/?p=105371\">Leer m\u00e1s&#8230;<\/a><\/p>\n","protected":false},"author":2,"featured_media":105372,"comment_status":"open","ping_status":"open","sticky":false,"template":"","format":"standard","meta":{"_monsterinsights_skip_tracking":false,"footnotes":""},"categories":[4],"tags":[1667,29286,238,3950,29287,24696],"class_list":["post-105371","post","type-post","status-publish","format-standard","has-post-thumbnail","hentry","category-municipios","tag-amozoc","tag-cuidado-del-entorno","tag-desarrollo","tag-imagen-urbana","tag-jornadas-de-bacheo","tag-severiano-de-la-rosa-romero"],"yoast_head":"<!-- This site is optimized with the Yoast SEO plugin v28.4 - https:\/\/yoast.com\/product\/yoast-seo-wordpress\/ -->\n<title>Bachean, limpian y mejoran las calles en Amozoc - AliadosPuebla<\/title>\n<meta name=\"robots\" content=\"index, follow, max-snippet:-1, max-image-preview:large, max-video-preview:-1\" \/>\n<link rel=\"canonical\" href=\"https:\/\/www.aliadospuebla.com\/?p=105371\" \/>\n<meta property=\"og:locale\" content=\"es_ES\" \/>\n<meta property=\"og:type\" content=\"article\" \/>\n<meta property=\"og:title\" content=\"Bachean, limpian y mejoran las calles en Amozoc - AliadosPuebla\" \/>\n<meta property=\"og:description\" content=\"Amozoc de Mota, Puebla.- Como parte del compromiso asumido por el presidente municipal de Amozoc, Severiano de la Rosa Romero, para mantener en \u00f3ptimas condiciones las calles y avenidas del municipio, diversas \u00e1reas del Ayuntamiento trabajan de manera coordinada en tareas de mejora urbana. El personal de la Direcci\u00f3n de Parques y Jardines lleva a cabo labores de limpieza y mantenimiento en el camell\u00f3n central de la carretera federal, contribuyendo a una mejor imagen urbana y al cuidado del entorno. Asimismo, cuadrillas de la Direcci\u00f3n de Obras P\u00fablicas realizan trabajos de renivelaci\u00f3n y sustituci\u00f3n de adoquines en diferentes calles del municipio. De manera paralela, otras brigadas ejecutan intensas jornadas de bacheo en vialidades tanto de la cabecera municipal como de las juntas auxiliares e inspector\u00edas.&hellip;Leer m\u00e1s...\" \/>\n<meta property=\"og:url\" content=\"https:\/\/www.aliadospuebla.com\/?p=105371\" \/>\n<meta property=\"og:site_name\" content=\"AliadosPuebla\" \/>\n<meta property=\"article:author\" content=\"https:\/\/www.facebook.com\/Aliados17Pue\" \/>\n<meta property=\"article:published_time\" content=\"2025-05-09T22:45:21+00:00\" \/>\n<meta property=\"og:image\" content=\"https:\/\/www.aliadospuebla.com\/web2017\/wp-content\/uploads\/2025\/05\/437.jpg\" \/>\n\t<meta property=\"og:image:width\" content=\"600\" \/>\n\t<meta property=\"og:image:height\" content=\"450\" \/>\n\t<meta property=\"og:image:type\" content=\"image\/jpeg\" \/>\n<meta name=\"author\" content=\"Aliados17\" \/>\n<meta name=\"twitter:card\" content=\"summary_large_image\" \/>\n<meta name=\"twitter:creator\" content=\"@AliadosPuebla\" \/>\n<meta name=\"twitter:label1\" content=\"Escrito por\" \/>\n\t<meta name=\"twitter:data1\" content=\"Aliados17\" \/>\n\t<meta name=\"twitter:label2\" content=\"Tiempo de lectura\" \/>\n\t<meta name=\"twitter:data2\" content=\"1 minuto\" \/>\n<script type=\"application\/ld+json\" class=\"yoast-schema-graph\">{\"@context\":\"https:\\\/\\\/schema.org\",\"@graph\":[{\"@type\":\"Article\",\"@id\":\"https:\\\/\\\/www.aliadospuebla.com\\\/?p=105371#article\",\"isPartOf\":{\"@id\":\"https:\\\/\\\/www.aliadospuebla.com\\\/?p=105371\"},\"author\":{\"name\":\"Aliados17\",\"@id\":\"https:\\\/\\\/www.aliadospuebla.com\\\/#\\\/schema\\\/person\\\/5da7dd09320bd4f392b710017ed5f8ad\"},\"headline\":\"Bachean, limpian y mejoran las calles en Amozoc\",\"datePublished\":\"2025-05-09T22:45:21+00:00\",\"mainEntityOfPage\":{\"@id\":\"https:\\\/\\\/www.aliadospuebla.com\\\/?p=105371\"},\"wordCount\":181,\"commentCount\":0,\"image\":{\"@id\":\"https:\\\/\\\/www.aliadospuebla.com\\\/?p=105371#primaryimage\"},\"thumbnailUrl\":\"https:\\\/\\\/www.aliadospuebla.com\\\/web2017\\\/wp-content\\\/uploads\\\/2025\\\/05\\\/437.jpg\",\"keywords\":[\"AMOZOC\",\"cuidado del entorno\",\"desarrollo\",\"IMAGEN URBANA\",\"jornadas de bacheo\",\"Severiano de la Rosa Romero\"],\"articleSection\":[\"Municipios\"],\"inLanguage\":\"es\",\"potentialAction\":[{\"@type\":\"CommentAction\",\"name\":\"Comment\",\"target\":[\"https:\\\/\\\/www.aliadospuebla.com\\\/?p=105371#respond\"]}]},{\"@type\":\"WebPage\",\"@id\":\"https:\\\/\\\/www.aliadospuebla.com\\\/?p=105371\",\"url\":\"https:\\\/\\\/www.aliadospuebla.com\\\/?p=105371\",\"name\":\"Bachean, limpian y mejoran las calles en Amozoc - AliadosPuebla\",\"isPartOf\":{\"@id\":\"https:\\\/\\\/www.aliadospuebla.com\\\/#website\"},\"primaryImageOfPage\":{\"@id\":\"https:\\\/\\\/www.aliadospuebla.com\\\/?p=105371#primaryimage\"},\"image\":{\"@id\":\"https:\\\/\\\/www.aliadospuebla.com\\\/?p=105371#primaryimage\"},\"thumbnailUrl\":\"https:\\\/\\\/www.aliadospuebla.com\\\/web2017\\\/wp-content\\\/uploads\\\/2025\\\/05\\\/437.jpg\",\"datePublished\":\"2025-05-09T22:45:21+00:00\",\"author\":{\"@id\":\"https:\\\/\\\/www.aliadospuebla.com\\\/#\\\/schema\\\/person\\\/5da7dd09320bd4f392b710017ed5f8ad\"},\"breadcrumb\":{\"@id\":\"https:\\\/\\\/www.aliadospuebla.com\\\/?p=105371#breadcrumb\"},\"inLanguage\":\"es\",\"potentialAction\":[{\"@type\":\"ReadAction\",\"target\":[\"https:\\\/\\\/www.aliadospuebla.com\\\/?p=105371\"]}]},{\"@type\":\"ImageObject\",\"inLanguage\":\"es\",\"@id\":\"https:\\\/\\\/www.aliadospuebla.com\\\/?p=105371#primaryimage\",\"url\":\"https:\\\/\\\/www.aliadospuebla.com\\\/web2017\\\/wp-content\\\/uploads\\\/2025\\\/05\\\/437.jpg\",\"contentUrl\":\"https:\\\/\\\/www.aliadospuebla.com\\\/web2017\\\/wp-content\\\/uploads\\\/2025\\\/05\\\/437.jpg\",\"width\":600,\"height\":450},{\"@type\":\"BreadcrumbList\",\"@id\":\"https:\\\/\\\/www.aliadospuebla.com\\\/?p=105371#breadcrumb\",\"itemListElement\":[{\"@type\":\"ListItem\",\"position\":1,\"name\":\"Portada\",\"item\":\"https:\\\/\\\/www.aliadospuebla.com\\\/\"},{\"@type\":\"ListItem\",\"position\":2,\"name\":\"Bachean, limpian y mejoran las calles en Amozoc\"}]},{\"@type\":\"WebSite\",\"@id\":\"https:\\\/\\\/www.aliadospuebla.com\\\/#website\",\"url\":\"https:\\\/\\\/www.aliadospuebla.com\\\/\",\"name\":\"AliadosPuebla\",\"description\":\"La informaci\u00f3n en tus manos\",\"potentialAction\":[{\"@type\":\"SearchAction\",\"target\":{\"@type\":\"EntryPoint\",\"urlTemplate\":\"https:\\\/\\\/www.aliadospuebla.com\\\/?s={search_term_string}\"},\"query-input\":{\"@type\":\"PropertyValueSpecification\",\"valueRequired\":true,\"valueName\":\"search_term_string\"}}],\"inLanguage\":\"es\"},{\"@type\":\"Person\",\"@id\":\"https:\\\/\\\/www.aliadospuebla.com\\\/#\\\/schema\\\/person\\\/5da7dd09320bd4f392b710017ed5f8ad\",\"name\":\"Aliados17\",\"image\":{\"@type\":\"ImageObject\",\"inLanguage\":\"es\",\"@id\":\"https:\\\/\\\/www.aliadospuebla.com\\\/web2017\\\/wp-content\\\/uploads\\\/2025\\\/03\\\/cropped-para-perfil-8-anos-1-96x96.jpg\",\"url\":\"https:\\\/\\\/www.aliadospuebla.com\\\/web2017\\\/wp-content\\\/uploads\\\/2025\\\/03\\\/cropped-para-perfil-8-anos-1-96x96.jpg\",\"contentUrl\":\"https:\\\/\\\/www.aliadospuebla.com\\\/web2017\\\/wp-content\\\/uploads\\\/2025\\\/03\\\/cropped-para-perfil-8-anos-1-96x96.jpg\",\"caption\":\"Aliados17\"},\"sameAs\":[\"https:\\\/\\\/www.aliados17.com\",\"https:\\\/\\\/www.facebook.com\\\/Aliados17Pue\",\"https:\\\/\\\/x.com\\\/AliadosPuebla\"],\"url\":\"https:\\\/\\\/www.aliadospuebla.com\\\/?author=2\"}]}<\/script>\n<!-- \/ Yoast SEO plugin. -->","yoast_head_json":{"title":"Bachean, limpian y mejoran las calles en Amozoc - AliadosPuebla","robots":{"index":"index","follow":"follow","max-snippet":"max-snippet:-1","max-image-preview":"max-image-preview:large","max-video-preview":"max-video-preview:-1"},"canonical":"https:\/\/www.aliadospuebla.com\/?p=105371","og_locale":"es_ES","og_type":"article","og_title":"Bachean, limpian y mejoran las calles en Amozoc - AliadosPuebla","og_description":"Amozoc de Mota, Puebla.- Como parte del compromiso asumido por el presidente municipal de Amozoc, Severiano de la Rosa Romero, para mantener en \u00f3ptimas condiciones las calles y avenidas del municipio, diversas \u00e1reas del Ayuntamiento trabajan de manera coordinada en tareas de mejora urbana. El personal de la Direcci\u00f3n de Parques y Jardines lleva a cabo labores de limpieza y mantenimiento en el camell\u00f3n central de la carretera federal, contribuyendo a una mejor imagen urbana y al cuidado del entorno. Asimismo, cuadrillas de la Direcci\u00f3n de Obras P\u00fablicas realizan trabajos de renivelaci\u00f3n y sustituci\u00f3n de adoquines en diferentes calles del municipio. De manera paralela, otras brigadas ejecutan intensas jornadas de bacheo en vialidades tanto de la cabecera municipal como de las juntas auxiliares e inspector\u00edas.&hellip;Leer m\u00e1s...","og_url":"https:\/\/www.aliadospuebla.com\/?p=105371","og_site_name":"AliadosPuebla","article_author":"https:\/\/www.facebook.com\/Aliados17Pue","article_published_time":"2025-05-09T22:45:21+00:00","og_image":[{"width":600,"height":450,"url":"https:\/\/www.aliadospuebla.com\/web2017\/wp-content\/uploads\/2025\/05\/437.jpg","type":"image\/jpeg"}],"author":"Aliados17","twitter_card":"summary_large_image","twitter_creator":"@AliadosPuebla","twitter_misc":{"Escrito por":"Aliados17","Tiempo de lectura":"1 minuto"},"schema":{"@context":"https:\/\/schema.org","@graph":[{"@type":"Article","@id":"https:\/\/www.aliadospuebla.com\/?p=105371#article","isPartOf":{"@id":"https:\/\/www.aliadospuebla.com\/?p=105371"},"author":{"name":"Aliados17","@id":"https:\/\/www.aliadospuebla.com\/#\/schema\/person\/5da7dd09320bd4f392b710017ed5f8ad"},"headline":"Bachean, limpian y mejoran las calles en Amozoc","datePublished":"2025-05-09T22:45:21+00:00","mainEntityOfPage":{"@id":"https:\/\/www.aliadospuebla.com\/?p=105371"},"wordCount":181,"commentCount":0,"image":{"@id":"https:\/\/www.aliadospuebla.com\/?p=105371#primaryimage"},"thumbnailUrl":"https:\/\/www.aliadospuebla.com\/web2017\/wp-content\/uploads\/2025\/05\/437.jpg","keywords":["AMOZOC","cuidado del entorno","desarrollo","IMAGEN URBANA","jornadas de bacheo","Severiano de la Rosa Romero"],"articleSection":["Municipios"],"inLanguage":"es","potentialAction":[{"@type":"CommentAction","name":"Comment","target":["https:\/\/www.aliadospuebla.com\/?p=105371#respond"]}]},{"@type":"WebPage","@id":"https:\/\/www.aliadospuebla.com\/?p=105371","url":"https:\/\/www.aliadospuebla.com\/?p=105371","name":"Bachean, limpian y mejoran las calles en Amozoc - AliadosPuebla","isPartOf":{"@id":"https:\/\/www.aliadospuebla.com\/#website"},"primaryImageOfPage":{"@id":"https:\/\/www.aliadospuebla.com\/?p=105371#primaryimage"},"image":{"@id":"https:\/\/www.aliadospuebla.com\/?p=105371#primaryimage"},"thumbnailUrl":"https:\/\/www.aliadospuebla.com\/web2017\/wp-content\/uploads\/2025\/05\/437.jpg","datePublished":"2025-05-09T22:45:21+00:00","author":{"@id":"https:\/\/www.aliadospuebla.com\/#\/schema\/person\/5da7dd09320bd4f392b710017ed5f8ad"},"breadcrumb":{"@id":"https:\/\/www.aliadospuebla.com\/?p=105371#breadcrumb"},"inLanguage":"es","potentialAction":[{"@type":"ReadAction","target":["https:\/\/www.aliadospuebla.com\/?p=105371"]}]},{"@type":"ImageObject","inLanguage":"es","@id":"https:\/\/www.aliadospuebla.com\/?p=105371#primaryimage","url":"https:\/\/www.aliadospuebla.com\/web2017\/wp-content\/uploads\/2025\/05\/437.jpg","contentUrl":"https:\/\/www.aliadospuebla.com\/web2017\/wp-content\/uploads\/2025\/05\/437.jpg","width":600,"height":450},{"@type":"BreadcrumbList","@id":"https:\/\/www.aliadospuebla.com\/?p=105371#breadcrumb","itemListElement":[{"@type":"ListItem","position":1,"name":"Portada","item":"https:\/\/www.aliadospuebla.com\/"},{"@type":"ListItem","position":2,"name":"Bachean, limpian y mejoran las calles en Amozoc"}]},{"@type":"WebSite","@id":"https:\/\/www.aliadospuebla.com\/#website","url":"https:\/\/www.aliadospuebla.com\/","name":"AliadosPuebla","description":"La informaci\u00f3n en tus manos","potentialAction":[{"@type":"SearchAction","target":{"@type":"EntryPoint","urlTemplate":"https:\/\/www.aliadospuebla.com\/?s={search_term_string}"},"query-input":{"@type":"PropertyValueSpecification","valueRequired":true,"valueName":"search_term_string"}}],"inLanguage":"es"},{"@type":"Person","@id":"https:\/\/www.aliadospuebla.com\/#\/schema\/person\/5da7dd09320bd4f392b710017ed5f8ad","name":"Aliados17","image":{"@type":"ImageObject","inLanguage":"es","@id":"https:\/\/www.aliadospuebla.com\/web2017\/wp-content\/uploads\/2025\/03\/cropped-para-perfil-8-anos-1-96x96.jpg","url":"https:\/\/www.aliadospuebla.com\/web2017\/wp-content\/uploads\/2025\/03\/cropped-para-perfil-8-anos-1-96x96.jpg","contentUrl":"https:\/\/www.aliadospuebla.com\/web2017\/wp-content\/uploads\/2025\/03\/cropped-para-perfil-8-anos-1-96x96.jpg","caption":"Aliados17"},"sameAs":["https:\/\/www.aliados17.com","https:\/\/www.facebook.com\/Aliados17Pue","https:\/\/x.com\/AliadosPuebla"],"url":"https:\/\/www.aliadospuebla.com\/?author=2"}]}},"views":12,"_links":{"self":[{"href":"https:\/\/www.aliadospuebla.com\/index.php?rest_route=\/wp\/v2\/posts\/105371","targetHints":{"allow":["GET"]}}],"collection":[{"href":"https:\/\/www.aliadospuebla.com\/index.php?rest_route=\/wp\/v2\/posts"}],"about":[{"href":"https:\/\/www.aliadospuebla.com\/index.php?rest_route=\/wp\/v2\/types\/post"}],"author":[{"embeddable":true,"href":"https:\/\/www.aliadospuebla.com\/index.php?rest_route=\/wp\/v2\/users\/2"}],"replies":[{"embeddable":true,"href":"https:\/\/www.aliadospuebla.com\/index.php?rest_route=%2Fwp%2Fv2%2Fcomments&post=105371"}],"version-history":[{"count":1,"href":"https:\/\/www.aliadospuebla.com\/index.php?rest_route=\/wp\/v2\/posts\/105371\/revisions"}],"predecessor-version":[{"id":105373,"href":"https:\/\/www.aliadospuebla.com\/index.php?rest_route=\/wp\/v2\/posts\/105371\/revisions\/105373"}],"wp:featuredmedia":[{"embeddable":true,"href":"https:\/\/www.aliadospuebla.com\/index.php?rest_route=\/wp\/v2\/media\/105372"}],"wp:attachment":[{"href":"https:\/\/www.aliadospuebla.com\/index.php?rest_route=%2Fwp%2Fv2%2Fmedia&parent=105371"}],"wp:term":[{"taxonomy":"category","embeddable":true,"href":"https:\/\/www.aliadospuebla.com\/index.php?rest_route=%2Fwp%2Fv2%2Fcategories&post=105371"},{"taxonomy":"post_tag","embeddable":true,"href":"https:\/\/www.aliadospuebla.com\/index.php?rest_route=%2Fwp%2Fv2%2Ftags&post=105371"}],"curies":[{"name":"wp","href":"https:\/\/api.w.org\/{rel}","templated":true}]}}