{"id":105328,"date":"2025-05-08T07:25:32","date_gmt":"2025-05-08T13:25:32","guid":{"rendered":"https:\/\/www.aliadospuebla.com\/?p=105328"},"modified":"2025-05-08T07:25:32","modified_gmt":"2025-05-08T13:25:32","slug":"autoridades-municipales-celebran-a-madres-de-internos-en-el-cereso-de-tecamachalco","status":"publish","type":"post","link":"https:\/\/www.aliadospuebla.com\/?p=105328","title":{"rendered":"Autoridades municipales celebran a madres de internos en el CERESO de Tecamachalco"},"content":{"rendered":"<h4>Con motivo del D\u00eda de las Madres, el presidente municipal, Mateo Hern\u00e1ndez y la presidenta del DIF municipal, Mar\u00eda del Rosario Guti\u00e9rrez Ni\u00f1o, acudieron al Centro de Readaptaci\u00f3n Social (CERESO) de Tecamachalco para celebrar a las madres de los internos.<\/h4>\n<p>Durante el evento, se compartieron momentos de convivencia, en un ambiente de respeto e inclusi\u00f3n.<\/p>\n<p>La celebraci\u00f3n fue coordinada con el apoyo del director del CERESO, Valent\u00edn Luna Navarro,<\/p>\n<p>y la subdirectora, Ang\u00e9lica Gonz\u00e1lez L\u00f3pez, quienes agradecieron<\/p>\n<p>la visita de las autoridades y el respaldo del DIF municipal para fortalecer los lazos familiares de las personas privadas de la libertad.<\/p>\n<p>Este tipo de actividades forman parte del compromiso del gobierno municipal por fomentar<\/p>\n<p>la integraci\u00f3n social y el bienestar emocional de los internos y sus familias.<\/p>\n","protected":false},"excerpt":{"rendered":"<p>Con motivo del D\u00eda de las Madres, el presidente municipal, Mateo Hern\u00e1ndez y la presidenta del DIF municipal, Mar\u00eda del Rosario Guti\u00e9rrez Ni\u00f1o, acudieron al Centro de Readaptaci\u00f3n Social (CERESO) de Tecamachalco para celebrar a las madres de los internos. Durante el evento, se compartieron momentos de convivencia, en un ambiente de respeto e inclusi\u00f3n. La celebraci\u00f3n fue coordinada con el apoyo del director del CERESO, Valent\u00edn Luna Navarro, y la subdirectora, Ang\u00e9lica Gonz\u00e1lez L\u00f3pez, quienes agradecieron la visita de las autoridades y el respaldo del DIF municipal para fortalecer los lazos familiares de las personas privadas de la libertad. Este tipo de actividades forman parte del compromiso del gobierno municipal por fomentar la integraci\u00f3n social y el bienestar emocional de los internos y sus&hellip;<\/p>\n<p class=\"excerpt-more\"><a class=\"blog-excerpt button\" href=\"https:\/\/www.aliadospuebla.com\/?p=105328\">Leer m\u00e1s&#8230;<\/a><\/p>\n","protected":false},"author":2,"featured_media":105329,"comment_status":"open","ping_status":"open","sticky":false,"template":"","format":"standard","meta":{"_monsterinsights_skip_tracking":false,"footnotes":""},"categories":[4],"tags":[29264,26641,29263,417,383,19222,26478],"class_list":["post-105328","post","type-post","status-publish","format-standard","has-post-thumbnail","hentry","category-municipios","tag-angelica-gonzalez-lopez","tag-bienestar-emocional","tag-cereso-de-tecamachalco","tag-dia-de-las-madres","tag-dif-municipal","tag-integracion-social","tag-maria-del-rosario-gutierrez-nino"],"yoast_head":"<!-- This site is optimized with the Yoast SEO plugin v28.4 - https:\/\/yoast.com\/product\/yoast-seo-wordpress\/ -->\n<title>Autoridades municipales celebran a madres de internos en el CERESO de Tecamachalco - AliadosPuebla<\/title>\n<meta name=\"robots\" content=\"index, follow, max-snippet:-1, max-image-preview:large, max-video-preview:-1\" \/>\n<link rel=\"canonical\" href=\"https:\/\/www.aliadospuebla.com\/?p=105328\" \/>\n<meta property=\"og:locale\" content=\"es_ES\" \/>\n<meta property=\"og:type\" content=\"article\" \/>\n<meta property=\"og:title\" content=\"Autoridades municipales celebran a madres de internos en el CERESO de Tecamachalco - AliadosPuebla\" \/>\n<meta property=\"og:description\" content=\"Con motivo del D\u00eda de las Madres, el presidente municipal, Mateo Hern\u00e1ndez y la presidenta del DIF municipal, Mar\u00eda del Rosario Guti\u00e9rrez Ni\u00f1o, acudieron al Centro de Readaptaci\u00f3n Social (CERESO) de Tecamachalco para celebrar a las madres de los internos. Durante el evento, se compartieron momentos de convivencia, en un ambiente de respeto e inclusi\u00f3n. La celebraci\u00f3n fue coordinada con el apoyo del director del CERESO, Valent\u00edn Luna Navarro, y la subdirectora, Ang\u00e9lica Gonz\u00e1lez L\u00f3pez, quienes agradecieron la visita de las autoridades y el respaldo del DIF municipal para fortalecer los lazos familiares de las personas privadas de la libertad. Este tipo de actividades forman parte del compromiso del gobierno municipal por fomentar la integraci\u00f3n social y el bienestar emocional de los internos y sus&hellip;Leer m\u00e1s...\" \/>\n<meta property=\"og:url\" content=\"https:\/\/www.aliadospuebla.com\/?p=105328\" \/>\n<meta property=\"og:site_name\" content=\"AliadosPuebla\" \/>\n<meta property=\"article:author\" content=\"https:\/\/www.facebook.com\/Aliados17Pue\" \/>\n<meta property=\"article:published_time\" content=\"2025-05-08T13:25:32+00:00\" \/>\n<meta property=\"og:image\" content=\"https:\/\/www.aliadospuebla.com\/web2017\/wp-content\/uploads\/2025\/05\/424.jpg\" \/>\n\t<meta property=\"og:image:width\" content=\"600\" \/>\n\t<meta property=\"og:image:height\" content=\"450\" \/>\n\t<meta property=\"og:image:type\" content=\"image\/jpeg\" \/>\n<meta name=\"author\" content=\"Aliados17\" \/>\n<meta name=\"twitter:card\" content=\"summary_large_image\" \/>\n<meta name=\"twitter:creator\" content=\"@AliadosPuebla\" \/>\n<meta name=\"twitter:label1\" content=\"Escrito por\" \/>\n\t<meta name=\"twitter:data1\" content=\"Aliados17\" \/>\n\t<meta name=\"twitter:label2\" content=\"Tiempo de lectura\" \/>\n\t<meta name=\"twitter:data2\" content=\"1 minuto\" \/>\n<script type=\"application\/ld+json\" class=\"yoast-schema-graph\">{\"@context\":\"https:\\\/\\\/schema.org\",\"@graph\":[{\"@type\":\"Article\",\"@id\":\"https:\\\/\\\/www.aliadospuebla.com\\\/?p=105328#article\",\"isPartOf\":{\"@id\":\"https:\\\/\\\/www.aliadospuebla.com\\\/?p=105328\"},\"author\":{\"name\":\"Aliados17\",\"@id\":\"https:\\\/\\\/www.aliadospuebla.com\\\/#\\\/schema\\\/person\\\/5da7dd09320bd4f392b710017ed5f8ad\"},\"headline\":\"Autoridades municipales celebran a madres de internos en el CERESO de Tecamachalco\",\"datePublished\":\"2025-05-08T13:25:32+00:00\",\"mainEntityOfPage\":{\"@id\":\"https:\\\/\\\/www.aliadospuebla.com\\\/?p=105328\"},\"wordCount\":151,\"commentCount\":0,\"image\":{\"@id\":\"https:\\\/\\\/www.aliadospuebla.com\\\/?p=105328#primaryimage\"},\"thumbnailUrl\":\"https:\\\/\\\/www.aliadospuebla.com\\\/web2017\\\/wp-content\\\/uploads\\\/2025\\\/05\\\/424.jpg\",\"keywords\":[\"Ang\u00e9lica Gonz\u00e1lez L\u00f3pez\",\"bienestar emocional\",\"CERESO de Tecamachalco\",\"D\u00cdA DE LAS MADRES\",\"DIF MUNICIPAL\",\"integraci\u00f3n social\",\"Mar\u00eda del Rosario Guti\u00e9rrez Ni\u00f1o\"],\"articleSection\":[\"Municipios\"],\"inLanguage\":\"es\",\"potentialAction\":[{\"@type\":\"CommentAction\",\"name\":\"Comment\",\"target\":[\"https:\\\/\\\/www.aliadospuebla.com\\\/?p=105328#respond\"]}]},{\"@type\":\"WebPage\",\"@id\":\"https:\\\/\\\/www.aliadospuebla.com\\\/?p=105328\",\"url\":\"https:\\\/\\\/www.aliadospuebla.com\\\/?p=105328\",\"name\":\"Autoridades municipales celebran a madres de internos en el CERESO de Tecamachalco - AliadosPuebla\",\"isPartOf\":{\"@id\":\"https:\\\/\\\/www.aliadospuebla.com\\\/#website\"},\"primaryImageOfPage\":{\"@id\":\"https:\\\/\\\/www.aliadospuebla.com\\\/?p=105328#primaryimage\"},\"image\":{\"@id\":\"https:\\\/\\\/www.aliadospuebla.com\\\/?p=105328#primaryimage\"},\"thumbnailUrl\":\"https:\\\/\\\/www.aliadospuebla.com\\\/web2017\\\/wp-content\\\/uploads\\\/2025\\\/05\\\/424.jpg\",\"datePublished\":\"2025-05-08T13:25:32+00:00\",\"author\":{\"@id\":\"https:\\\/\\\/www.aliadospuebla.com\\\/#\\\/schema\\\/person\\\/5da7dd09320bd4f392b710017ed5f8ad\"},\"breadcrumb\":{\"@id\":\"https:\\\/\\\/www.aliadospuebla.com\\\/?p=105328#breadcrumb\"},\"inLanguage\":\"es\",\"potentialAction\":[{\"@type\":\"ReadAction\",\"target\":[\"https:\\\/\\\/www.aliadospuebla.com\\\/?p=105328\"]}]},{\"@type\":\"ImageObject\",\"inLanguage\":\"es\",\"@id\":\"https:\\\/\\\/www.aliadospuebla.com\\\/?p=105328#primaryimage\",\"url\":\"https:\\\/\\\/www.aliadospuebla.com\\\/web2017\\\/wp-content\\\/uploads\\\/2025\\\/05\\\/424.jpg\",\"contentUrl\":\"https:\\\/\\\/www.aliadospuebla.com\\\/web2017\\\/wp-content\\\/uploads\\\/2025\\\/05\\\/424.jpg\",\"width\":600,\"height\":450},{\"@type\":\"BreadcrumbList\",\"@id\":\"https:\\\/\\\/www.aliadospuebla.com\\\/?p=105328#breadcrumb\",\"itemListElement\":[{\"@type\":\"ListItem\",\"position\":1,\"name\":\"Portada\",\"item\":\"https:\\\/\\\/www.aliadospuebla.com\\\/\"},{\"@type\":\"ListItem\",\"position\":2,\"name\":\"Autoridades municipales celebran a madres de internos en el CERESO de Tecamachalco\"}]},{\"@type\":\"WebSite\",\"@id\":\"https:\\\/\\\/www.aliadospuebla.com\\\/#website\",\"url\":\"https:\\\/\\\/www.aliadospuebla.com\\\/\",\"name\":\"AliadosPuebla\",\"description\":\"La informaci\u00f3n en tus manos\",\"potentialAction\":[{\"@type\":\"SearchAction\",\"target\":{\"@type\":\"EntryPoint\",\"urlTemplate\":\"https:\\\/\\\/www.aliadospuebla.com\\\/?s={search_term_string}\"},\"query-input\":{\"@type\":\"PropertyValueSpecification\",\"valueRequired\":true,\"valueName\":\"search_term_string\"}}],\"inLanguage\":\"es\"},{\"@type\":\"Person\",\"@id\":\"https:\\\/\\\/www.aliadospuebla.com\\\/#\\\/schema\\\/person\\\/5da7dd09320bd4f392b710017ed5f8ad\",\"name\":\"Aliados17\",\"image\":{\"@type\":\"ImageObject\",\"inLanguage\":\"es\",\"@id\":\"https:\\\/\\\/www.aliadospuebla.com\\\/web2017\\\/wp-content\\\/uploads\\\/2025\\\/03\\\/cropped-para-perfil-8-anos-1-96x96.jpg\",\"url\":\"https:\\\/\\\/www.aliadospuebla.com\\\/web2017\\\/wp-content\\\/uploads\\\/2025\\\/03\\\/cropped-para-perfil-8-anos-1-96x96.jpg\",\"contentUrl\":\"https:\\\/\\\/www.aliadospuebla.com\\\/web2017\\\/wp-content\\\/uploads\\\/2025\\\/03\\\/cropped-para-perfil-8-anos-1-96x96.jpg\",\"caption\":\"Aliados17\"},\"sameAs\":[\"https:\\\/\\\/www.aliados17.com\",\"https:\\\/\\\/www.facebook.com\\\/Aliados17Pue\",\"https:\\\/\\\/x.com\\\/AliadosPuebla\"],\"url\":\"https:\\\/\\\/www.aliadospuebla.com\\\/?author=2\"}]}<\/script>\n<!-- \/ Yoast SEO plugin. -->","yoast_head_json":{"title":"Autoridades municipales celebran a madres de internos en el CERESO de Tecamachalco - AliadosPuebla","robots":{"index":"index","follow":"follow","max-snippet":"max-snippet:-1","max-image-preview":"max-image-preview:large","max-video-preview":"max-video-preview:-1"},"canonical":"https:\/\/www.aliadospuebla.com\/?p=105328","og_locale":"es_ES","og_type":"article","og_title":"Autoridades municipales celebran a madres de internos en el CERESO de Tecamachalco - AliadosPuebla","og_description":"Con motivo del D\u00eda de las Madres, el presidente municipal, Mateo Hern\u00e1ndez y la presidenta del DIF municipal, Mar\u00eda del Rosario Guti\u00e9rrez Ni\u00f1o, acudieron al Centro de Readaptaci\u00f3n Social (CERESO) de Tecamachalco para celebrar a las madres de los internos. Durante el evento, se compartieron momentos de convivencia, en un ambiente de respeto e inclusi\u00f3n. La celebraci\u00f3n fue coordinada con el apoyo del director del CERESO, Valent\u00edn Luna Navarro, y la subdirectora, Ang\u00e9lica Gonz\u00e1lez L\u00f3pez, quienes agradecieron la visita de las autoridades y el respaldo del DIF municipal para fortalecer los lazos familiares de las personas privadas de la libertad. Este tipo de actividades forman parte del compromiso del gobierno municipal por fomentar la integraci\u00f3n social y el bienestar emocional de los internos y sus&hellip;Leer m\u00e1s...","og_url":"https:\/\/www.aliadospuebla.com\/?p=105328","og_site_name":"AliadosPuebla","article_author":"https:\/\/www.facebook.com\/Aliados17Pue","article_published_time":"2025-05-08T13:25:32+00:00","og_image":[{"width":600,"height":450,"url":"https:\/\/www.aliadospuebla.com\/web2017\/wp-content\/uploads\/2025\/05\/424.jpg","type":"image\/jpeg"}],"author":"Aliados17","twitter_card":"summary_large_image","twitter_creator":"@AliadosPuebla","twitter_misc":{"Escrito por":"Aliados17","Tiempo de lectura":"1 minuto"},"schema":{"@context":"https:\/\/schema.org","@graph":[{"@type":"Article","@id":"https:\/\/www.aliadospuebla.com\/?p=105328#article","isPartOf":{"@id":"https:\/\/www.aliadospuebla.com\/?p=105328"},"author":{"name":"Aliados17","@id":"https:\/\/www.aliadospuebla.com\/#\/schema\/person\/5da7dd09320bd4f392b710017ed5f8ad"},"headline":"Autoridades municipales celebran a madres de internos en el CERESO de Tecamachalco","datePublished":"2025-05-08T13:25:32+00:00","mainEntityOfPage":{"@id":"https:\/\/www.aliadospuebla.com\/?p=105328"},"wordCount":151,"commentCount":0,"image":{"@id":"https:\/\/www.aliadospuebla.com\/?p=105328#primaryimage"},"thumbnailUrl":"https:\/\/www.aliadospuebla.com\/web2017\/wp-content\/uploads\/2025\/05\/424.jpg","keywords":["Ang\u00e9lica Gonz\u00e1lez L\u00f3pez","bienestar emocional","CERESO de Tecamachalco","D\u00cdA DE LAS MADRES","DIF MUNICIPAL","integraci\u00f3n social","Mar\u00eda del Rosario Guti\u00e9rrez Ni\u00f1o"],"articleSection":["Municipios"],"inLanguage":"es","potentialAction":[{"@type":"CommentAction","name":"Comment","target":["https:\/\/www.aliadospuebla.com\/?p=105328#respond"]}]},{"@type":"WebPage","@id":"https:\/\/www.aliadospuebla.com\/?p=105328","url":"https:\/\/www.aliadospuebla.com\/?p=105328","name":"Autoridades municipales celebran a madres de internos en el CERESO de Tecamachalco - AliadosPuebla","isPartOf":{"@id":"https:\/\/www.aliadospuebla.com\/#website"},"primaryImageOfPage":{"@id":"https:\/\/www.aliadospuebla.com\/?p=105328#primaryimage"},"image":{"@id":"https:\/\/www.aliadospuebla.com\/?p=105328#primaryimage"},"thumbnailUrl":"https:\/\/www.aliadospuebla.com\/web2017\/wp-content\/uploads\/2025\/05\/424.jpg","datePublished":"2025-05-08T13:25:32+00:00","author":{"@id":"https:\/\/www.aliadospuebla.com\/#\/schema\/person\/5da7dd09320bd4f392b710017ed5f8ad"},"breadcrumb":{"@id":"https:\/\/www.aliadospuebla.com\/?p=105328#breadcrumb"},"inLanguage":"es","potentialAction":[{"@type":"ReadAction","target":["https:\/\/www.aliadospuebla.com\/?p=105328"]}]},{"@type":"ImageObject","inLanguage":"es","@id":"https:\/\/www.aliadospuebla.com\/?p=105328#primaryimage","url":"https:\/\/www.aliadospuebla.com\/web2017\/wp-content\/uploads\/2025\/05\/424.jpg","contentUrl":"https:\/\/www.aliadospuebla.com\/web2017\/wp-content\/uploads\/2025\/05\/424.jpg","width":600,"height":450},{"@type":"BreadcrumbList","@id":"https:\/\/www.aliadospuebla.com\/?p=105328#breadcrumb","itemListElement":[{"@type":"ListItem","position":1,"name":"Portada","item":"https:\/\/www.aliadospuebla.com\/"},{"@type":"ListItem","position":2,"name":"Autoridades municipales celebran a madres de internos en el CERESO de Tecamachalco"}]},{"@type":"WebSite","@id":"https:\/\/www.aliadospuebla.com\/#website","url":"https:\/\/www.aliadospuebla.com\/","name":"AliadosPuebla","description":"La informaci\u00f3n en tus manos","potentialAction":[{"@type":"SearchAction","target":{"@type":"EntryPoint","urlTemplate":"https:\/\/www.aliadospuebla.com\/?s={search_term_string}"},"query-input":{"@type":"PropertyValueSpecification","valueRequired":true,"valueName":"search_term_string"}}],"inLanguage":"es"},{"@type":"Person","@id":"https:\/\/www.aliadospuebla.com\/#\/schema\/person\/5da7dd09320bd4f392b710017ed5f8ad","name":"Aliados17","image":{"@type":"ImageObject","inLanguage":"es","@id":"https:\/\/www.aliadospuebla.com\/web2017\/wp-content\/uploads\/2025\/03\/cropped-para-perfil-8-anos-1-96x96.jpg","url":"https:\/\/www.aliadospuebla.com\/web2017\/wp-content\/uploads\/2025\/03\/cropped-para-perfil-8-anos-1-96x96.jpg","contentUrl":"https:\/\/www.aliadospuebla.com\/web2017\/wp-content\/uploads\/2025\/03\/cropped-para-perfil-8-anos-1-96x96.jpg","caption":"Aliados17"},"sameAs":["https:\/\/www.aliados17.com","https:\/\/www.facebook.com\/Aliados17Pue","https:\/\/x.com\/AliadosPuebla"],"url":"https:\/\/www.aliadospuebla.com\/?author=2"}]}},"views":12,"_links":{"self":[{"href":"https:\/\/www.aliadospuebla.com\/index.php?rest_route=\/wp\/v2\/posts\/105328","targetHints":{"allow":["GET"]}}],"collection":[{"href":"https:\/\/www.aliadospuebla.com\/index.php?rest_route=\/wp\/v2\/posts"}],"about":[{"href":"https:\/\/www.aliadospuebla.com\/index.php?rest_route=\/wp\/v2\/types\/post"}],"author":[{"embeddable":true,"href":"https:\/\/www.aliadospuebla.com\/index.php?rest_route=\/wp\/v2\/users\/2"}],"replies":[{"embeddable":true,"href":"https:\/\/www.aliadospuebla.com\/index.php?rest_route=%2Fwp%2Fv2%2Fcomments&post=105328"}],"version-history":[{"count":1,"href":"https:\/\/www.aliadospuebla.com\/index.php?rest_route=\/wp\/v2\/posts\/105328\/revisions"}],"predecessor-version":[{"id":105330,"href":"https:\/\/www.aliadospuebla.com\/index.php?rest_route=\/wp\/v2\/posts\/105328\/revisions\/105330"}],"wp:featuredmedia":[{"embeddable":true,"href":"https:\/\/www.aliadospuebla.com\/index.php?rest_route=\/wp\/v2\/media\/105329"}],"wp:attachment":[{"href":"https:\/\/www.aliadospuebla.com\/index.php?rest_route=%2Fwp%2Fv2%2Fmedia&parent=105328"}],"wp:term":[{"taxonomy":"category","embeddable":true,"href":"https:\/\/www.aliadospuebla.com\/index.php?rest_route=%2Fwp%2Fv2%2Fcategories&post=105328"},{"taxonomy":"post_tag","embeddable":true,"href":"https:\/\/www.aliadospuebla.com\/index.php?rest_route=%2Fwp%2Fv2%2Ftags&post=105328"}],"curies":[{"name":"wp","href":"https:\/\/api.w.org\/{rel}","templated":true}]}}