{"id":105281,"date":"2025-05-06T17:36:57","date_gmt":"2025-05-06T23:36:57","guid":{"rendered":"https:\/\/www.aliadospuebla.com\/?p=105281"},"modified":"2025-05-06T17:36:57","modified_gmt":"2025-05-06T23:36:57","slug":"con-unidad-compromiso-y-seguridad-amozoc-conmemora-el-163-aniversario-de-la-batalla-de-puebla","status":"publish","type":"post","link":"https:\/\/www.aliadospuebla.com\/?p=105281","title":{"rendered":"Con unidad, compromiso y seguridad, Amozoc conmemora el 163 aniversario de la Batalla de Puebla"},"content":{"rendered":"<h4>Amozoc de Mota.- Con unidad, compromiso y seguridad, el Gobierno Municipal de Amozoc, encabezado por el edil Severiano de la Rosa Romero, llev\u00f3 a cabo el desfile c\u00edvico-educativo conmemorando el 163 aniversario de la Batalla de Puebla.<\/h4>\n<p>El recorrido reuni\u00f3 a m\u00e1s de 4,370 alumnos pertenecientes a 50 instituciones educativas del municipio,<\/p>\n<p>863 docentes, asociaciones civiles, personal del Ayuntamiento, de la Secretar\u00eda de Seguridad Ciudadana,<\/p>\n<p>as\u00ed como 250 jinetes.<\/p>\n<p>La presidenta honoraria del Sistema DIF Municipal, Gloria Barrales en compa\u00f1\u00eda de regidores,<\/p>\n<p>recorri\u00f3 las principales calles del municipio, donde cientos de familias se dieron cita para presenciar<\/p>\n<p>los diferentes contingentes, bandas de guerra, banderolas y charros de Amozoc.<\/p>\n<p>Con estas acciones se busca preservar la historia y fortalecer el tejido social del municipio.<br \/>\nPor su parte, el edil Severiano de la Rosa Romero inform\u00f3 a trav\u00e9s de redes sociales que acudi\u00f3 a la ciudad de Puebla para atender la invitaci\u00f3n del gobernador Alejandro Armenta, asistiendo al desfile c\u00edvico-militar en compa\u00f1\u00eda de la presidenta de M\u00e9xico, Claudia Sheinbaum Pardo.<\/p>\n<p>El desfile en Amozoc transcurri\u00f3 en un ambiente de orden y respeto, enalteciendo los valores c\u00edvicos que distinguen a la comunidad. Cabe destacar que, por primera ocasi\u00f3n, el Ayuntamiento coloc\u00f3 gradas para que los ciudadanos pudieran disfrutar del evento de manera c\u00f3moda y ordenada, gesto que fue bien recibido por los habitantes que se dieron cita en el z\u00f3calo municipal.<\/p>\n<p>Al t\u00e9rmino del evento, la Direcci\u00f3n de Seguridad Ciudadana inform\u00f3 que el desfile se realiz\u00f3 sin incidentes.<\/p>\n","protected":false},"excerpt":{"rendered":"<p>Amozoc de Mota.- Con unidad, compromiso y seguridad, el Gobierno Municipal de Amozoc, encabezado por el edil Severiano de la Rosa Romero, llev\u00f3 a cabo el desfile c\u00edvico-educativo conmemorando el 163 aniversario de la Batalla de Puebla. El recorrido reuni\u00f3 a m\u00e1s de 4,370 alumnos pertenecientes a 50 instituciones educativas del municipio, 863 docentes, asociaciones civiles, personal del Ayuntamiento, de la Secretar\u00eda de Seguridad Ciudadana, as\u00ed como 250 jinetes. La presidenta honoraria del Sistema DIF Municipal, Gloria Barrales en compa\u00f1\u00eda de regidores, recorri\u00f3 las principales calles del municipio, donde cientos de familias se dieron cita para presenciar los diferentes contingentes, bandas de guerra, banderolas y charros de Amozoc. Con estas acciones se busca preservar la historia y fortalecer el tejido social del municipio. Por su&hellip;<\/p>\n<p class=\"excerpt-more\"><a class=\"blog-excerpt button\" href=\"https:\/\/www.aliadospuebla.com\/?p=105281\">Leer m\u00e1s&#8230;<\/a><\/p>\n","protected":false},"author":2,"featured_media":105282,"comment_status":"open","ping_status":"open","sticky":false,"template":"","format":"standard","meta":{"_monsterinsights_skip_tracking":false,"footnotes":""},"categories":[4],"tags":[29243,4780,1667,29244,25019,24696],"class_list":["post-105281","post","type-post","status-publish","format-standard","has-post-thumbnail","hentry","category-municipios","tag-163-aniversario-de-la-batalla-de-puebla","tag-alejandro-armenta","tag-amozoc","tag-desfile-civico-educativo","tag-gloria-barrales","tag-severiano-de-la-rosa-romero"],"yoast_head":"<!-- This site is optimized with the Yoast SEO plugin v28.4 - https:\/\/yoast.com\/product\/yoast-seo-wordpress\/ -->\n<title>Con unidad, compromiso y seguridad, Amozoc conmemora el 163 aniversario de la Batalla de Puebla - AliadosPuebla<\/title>\n<meta name=\"robots\" content=\"index, follow, max-snippet:-1, max-image-preview:large, max-video-preview:-1\" \/>\n<link rel=\"canonical\" href=\"https:\/\/www.aliadospuebla.com\/?p=105281\" \/>\n<meta property=\"og:locale\" content=\"es_ES\" \/>\n<meta property=\"og:type\" content=\"article\" \/>\n<meta property=\"og:title\" content=\"Con unidad, compromiso y seguridad, Amozoc conmemora el 163 aniversario de la Batalla de Puebla - AliadosPuebla\" \/>\n<meta property=\"og:description\" content=\"Amozoc de Mota.- Con unidad, compromiso y seguridad, el Gobierno Municipal de Amozoc, encabezado por el edil Severiano de la Rosa Romero, llev\u00f3 a cabo el desfile c\u00edvico-educativo conmemorando el 163 aniversario de la Batalla de Puebla. El recorrido reuni\u00f3 a m\u00e1s de 4,370 alumnos pertenecientes a 50 instituciones educativas del municipio, 863 docentes, asociaciones civiles, personal del Ayuntamiento, de la Secretar\u00eda de Seguridad Ciudadana, as\u00ed como 250 jinetes. La presidenta honoraria del Sistema DIF Municipal, Gloria Barrales en compa\u00f1\u00eda de regidores, recorri\u00f3 las principales calles del municipio, donde cientos de familias se dieron cita para presenciar los diferentes contingentes, bandas de guerra, banderolas y charros de Amozoc. Con estas acciones se busca preservar la historia y fortalecer el tejido social del municipio. Por su&hellip;Leer m\u00e1s...\" \/>\n<meta property=\"og:url\" content=\"https:\/\/www.aliadospuebla.com\/?p=105281\" \/>\n<meta property=\"og:site_name\" content=\"AliadosPuebla\" \/>\n<meta property=\"article:author\" content=\"https:\/\/www.facebook.com\/Aliados17Pue\" \/>\n<meta property=\"article:published_time\" content=\"2025-05-06T23:36:57+00:00\" \/>\n<meta property=\"og:image\" content=\"https:\/\/www.aliadospuebla.com\/web2017\/wp-content\/uploads\/2025\/05\/411.jpg\" \/>\n\t<meta property=\"og:image:width\" content=\"600\" \/>\n\t<meta property=\"og:image:height\" content=\"450\" \/>\n\t<meta property=\"og:image:type\" content=\"image\/jpeg\" \/>\n<meta name=\"author\" content=\"Aliados17\" \/>\n<meta name=\"twitter:card\" content=\"summary_large_image\" \/>\n<meta name=\"twitter:creator\" content=\"@AliadosPuebla\" \/>\n<meta name=\"twitter:label1\" content=\"Escrito por\" \/>\n\t<meta name=\"twitter:data1\" content=\"Aliados17\" \/>\n\t<meta name=\"twitter:label2\" content=\"Tiempo de lectura\" \/>\n\t<meta name=\"twitter:data2\" content=\"2 minutos\" \/>\n<script type=\"application\/ld+json\" class=\"yoast-schema-graph\">{\"@context\":\"https:\\\/\\\/schema.org\",\"@graph\":[{\"@type\":\"Article\",\"@id\":\"https:\\\/\\\/www.aliadospuebla.com\\\/?p=105281#article\",\"isPartOf\":{\"@id\":\"https:\\\/\\\/www.aliadospuebla.com\\\/?p=105281\"},\"author\":{\"name\":\"Aliados17\",\"@id\":\"https:\\\/\\\/www.aliadospuebla.com\\\/#\\\/schema\\\/person\\\/5da7dd09320bd4f392b710017ed5f8ad\"},\"headline\":\"Con unidad, compromiso y seguridad, Amozoc conmemora el 163 aniversario de la Batalla de Puebla\",\"datePublished\":\"2025-05-06T23:36:57+00:00\",\"mainEntityOfPage\":{\"@id\":\"https:\\\/\\\/www.aliadospuebla.com\\\/?p=105281\"},\"wordCount\":270,\"commentCount\":0,\"image\":{\"@id\":\"https:\\\/\\\/www.aliadospuebla.com\\\/?p=105281#primaryimage\"},\"thumbnailUrl\":\"https:\\\/\\\/www.aliadospuebla.com\\\/web2017\\\/wp-content\\\/uploads\\\/2025\\\/05\\\/411.jpg\",\"keywords\":[\"163 aniversario de la Batalla de Puebla\",\"ALEJANDRO ARMENTA\",\"AMOZOC\",\"desfile c\u00edvico-educativo\",\"Gloria Barrales\",\"Severiano de la Rosa Romero\"],\"articleSection\":[\"Municipios\"],\"inLanguage\":\"es\",\"potentialAction\":[{\"@type\":\"CommentAction\",\"name\":\"Comment\",\"target\":[\"https:\\\/\\\/www.aliadospuebla.com\\\/?p=105281#respond\"]}]},{\"@type\":\"WebPage\",\"@id\":\"https:\\\/\\\/www.aliadospuebla.com\\\/?p=105281\",\"url\":\"https:\\\/\\\/www.aliadospuebla.com\\\/?p=105281\",\"name\":\"Con unidad, compromiso y seguridad, Amozoc conmemora el 163 aniversario de la Batalla de Puebla - AliadosPuebla\",\"isPartOf\":{\"@id\":\"https:\\\/\\\/www.aliadospuebla.com\\\/#website\"},\"primaryImageOfPage\":{\"@id\":\"https:\\\/\\\/www.aliadospuebla.com\\\/?p=105281#primaryimage\"},\"image\":{\"@id\":\"https:\\\/\\\/www.aliadospuebla.com\\\/?p=105281#primaryimage\"},\"thumbnailUrl\":\"https:\\\/\\\/www.aliadospuebla.com\\\/web2017\\\/wp-content\\\/uploads\\\/2025\\\/05\\\/411.jpg\",\"datePublished\":\"2025-05-06T23:36:57+00:00\",\"author\":{\"@id\":\"https:\\\/\\\/www.aliadospuebla.com\\\/#\\\/schema\\\/person\\\/5da7dd09320bd4f392b710017ed5f8ad\"},\"breadcrumb\":{\"@id\":\"https:\\\/\\\/www.aliadospuebla.com\\\/?p=105281#breadcrumb\"},\"inLanguage\":\"es\",\"potentialAction\":[{\"@type\":\"ReadAction\",\"target\":[\"https:\\\/\\\/www.aliadospuebla.com\\\/?p=105281\"]}]},{\"@type\":\"ImageObject\",\"inLanguage\":\"es\",\"@id\":\"https:\\\/\\\/www.aliadospuebla.com\\\/?p=105281#primaryimage\",\"url\":\"https:\\\/\\\/www.aliadospuebla.com\\\/web2017\\\/wp-content\\\/uploads\\\/2025\\\/05\\\/411.jpg\",\"contentUrl\":\"https:\\\/\\\/www.aliadospuebla.com\\\/web2017\\\/wp-content\\\/uploads\\\/2025\\\/05\\\/411.jpg\",\"width\":600,\"height\":450},{\"@type\":\"BreadcrumbList\",\"@id\":\"https:\\\/\\\/www.aliadospuebla.com\\\/?p=105281#breadcrumb\",\"itemListElement\":[{\"@type\":\"ListItem\",\"position\":1,\"name\":\"Portada\",\"item\":\"https:\\\/\\\/www.aliadospuebla.com\\\/\"},{\"@type\":\"ListItem\",\"position\":2,\"name\":\"Con unidad, compromiso y seguridad, Amozoc conmemora el 163 aniversario de la Batalla de Puebla\"}]},{\"@type\":\"WebSite\",\"@id\":\"https:\\\/\\\/www.aliadospuebla.com\\\/#website\",\"url\":\"https:\\\/\\\/www.aliadospuebla.com\\\/\",\"name\":\"AliadosPuebla\",\"description\":\"La informaci\u00f3n en tus manos\",\"potentialAction\":[{\"@type\":\"SearchAction\",\"target\":{\"@type\":\"EntryPoint\",\"urlTemplate\":\"https:\\\/\\\/www.aliadospuebla.com\\\/?s={search_term_string}\"},\"query-input\":{\"@type\":\"PropertyValueSpecification\",\"valueRequired\":true,\"valueName\":\"search_term_string\"}}],\"inLanguage\":\"es\"},{\"@type\":\"Person\",\"@id\":\"https:\\\/\\\/www.aliadospuebla.com\\\/#\\\/schema\\\/person\\\/5da7dd09320bd4f392b710017ed5f8ad\",\"name\":\"Aliados17\",\"image\":{\"@type\":\"ImageObject\",\"inLanguage\":\"es\",\"@id\":\"https:\\\/\\\/www.aliadospuebla.com\\\/web2017\\\/wp-content\\\/uploads\\\/2025\\\/03\\\/cropped-para-perfil-8-anos-1-96x96.jpg\",\"url\":\"https:\\\/\\\/www.aliadospuebla.com\\\/web2017\\\/wp-content\\\/uploads\\\/2025\\\/03\\\/cropped-para-perfil-8-anos-1-96x96.jpg\",\"contentUrl\":\"https:\\\/\\\/www.aliadospuebla.com\\\/web2017\\\/wp-content\\\/uploads\\\/2025\\\/03\\\/cropped-para-perfil-8-anos-1-96x96.jpg\",\"caption\":\"Aliados17\"},\"sameAs\":[\"https:\\\/\\\/www.aliados17.com\",\"https:\\\/\\\/www.facebook.com\\\/Aliados17Pue\",\"https:\\\/\\\/x.com\\\/AliadosPuebla\"],\"url\":\"https:\\\/\\\/www.aliadospuebla.com\\\/?author=2\"}]}<\/script>\n<!-- \/ Yoast SEO plugin. -->","yoast_head_json":{"title":"Con unidad, compromiso y seguridad, Amozoc conmemora el 163 aniversario de la Batalla de Puebla - AliadosPuebla","robots":{"index":"index","follow":"follow","max-snippet":"max-snippet:-1","max-image-preview":"max-image-preview:large","max-video-preview":"max-video-preview:-1"},"canonical":"https:\/\/www.aliadospuebla.com\/?p=105281","og_locale":"es_ES","og_type":"article","og_title":"Con unidad, compromiso y seguridad, Amozoc conmemora el 163 aniversario de la Batalla de Puebla - AliadosPuebla","og_description":"Amozoc de Mota.- Con unidad, compromiso y seguridad, el Gobierno Municipal de Amozoc, encabezado por el edil Severiano de la Rosa Romero, llev\u00f3 a cabo el desfile c\u00edvico-educativo conmemorando el 163 aniversario de la Batalla de Puebla. El recorrido reuni\u00f3 a m\u00e1s de 4,370 alumnos pertenecientes a 50 instituciones educativas del municipio, 863 docentes, asociaciones civiles, personal del Ayuntamiento, de la Secretar\u00eda de Seguridad Ciudadana, as\u00ed como 250 jinetes. La presidenta honoraria del Sistema DIF Municipal, Gloria Barrales en compa\u00f1\u00eda de regidores, recorri\u00f3 las principales calles del municipio, donde cientos de familias se dieron cita para presenciar los diferentes contingentes, bandas de guerra, banderolas y charros de Amozoc. Con estas acciones se busca preservar la historia y fortalecer el tejido social del municipio. Por su&hellip;Leer m\u00e1s...","og_url":"https:\/\/www.aliadospuebla.com\/?p=105281","og_site_name":"AliadosPuebla","article_author":"https:\/\/www.facebook.com\/Aliados17Pue","article_published_time":"2025-05-06T23:36:57+00:00","og_image":[{"width":600,"height":450,"url":"https:\/\/www.aliadospuebla.com\/web2017\/wp-content\/uploads\/2025\/05\/411.jpg","type":"image\/jpeg"}],"author":"Aliados17","twitter_card":"summary_large_image","twitter_creator":"@AliadosPuebla","twitter_misc":{"Escrito por":"Aliados17","Tiempo de lectura":"2 minutos"},"schema":{"@context":"https:\/\/schema.org","@graph":[{"@type":"Article","@id":"https:\/\/www.aliadospuebla.com\/?p=105281#article","isPartOf":{"@id":"https:\/\/www.aliadospuebla.com\/?p=105281"},"author":{"name":"Aliados17","@id":"https:\/\/www.aliadospuebla.com\/#\/schema\/person\/5da7dd09320bd4f392b710017ed5f8ad"},"headline":"Con unidad, compromiso y seguridad, Amozoc conmemora el 163 aniversario de la Batalla de Puebla","datePublished":"2025-05-06T23:36:57+00:00","mainEntityOfPage":{"@id":"https:\/\/www.aliadospuebla.com\/?p=105281"},"wordCount":270,"commentCount":0,"image":{"@id":"https:\/\/www.aliadospuebla.com\/?p=105281#primaryimage"},"thumbnailUrl":"https:\/\/www.aliadospuebla.com\/web2017\/wp-content\/uploads\/2025\/05\/411.jpg","keywords":["163 aniversario de la Batalla de Puebla","ALEJANDRO ARMENTA","AMOZOC","desfile c\u00edvico-educativo","Gloria Barrales","Severiano de la Rosa Romero"],"articleSection":["Municipios"],"inLanguage":"es","potentialAction":[{"@type":"CommentAction","name":"Comment","target":["https:\/\/www.aliadospuebla.com\/?p=105281#respond"]}]},{"@type":"WebPage","@id":"https:\/\/www.aliadospuebla.com\/?p=105281","url":"https:\/\/www.aliadospuebla.com\/?p=105281","name":"Con unidad, compromiso y seguridad, Amozoc conmemora el 163 aniversario de la Batalla de Puebla - AliadosPuebla","isPartOf":{"@id":"https:\/\/www.aliadospuebla.com\/#website"},"primaryImageOfPage":{"@id":"https:\/\/www.aliadospuebla.com\/?p=105281#primaryimage"},"image":{"@id":"https:\/\/www.aliadospuebla.com\/?p=105281#primaryimage"},"thumbnailUrl":"https:\/\/www.aliadospuebla.com\/web2017\/wp-content\/uploads\/2025\/05\/411.jpg","datePublished":"2025-05-06T23:36:57+00:00","author":{"@id":"https:\/\/www.aliadospuebla.com\/#\/schema\/person\/5da7dd09320bd4f392b710017ed5f8ad"},"breadcrumb":{"@id":"https:\/\/www.aliadospuebla.com\/?p=105281#breadcrumb"},"inLanguage":"es","potentialAction":[{"@type":"ReadAction","target":["https:\/\/www.aliadospuebla.com\/?p=105281"]}]},{"@type":"ImageObject","inLanguage":"es","@id":"https:\/\/www.aliadospuebla.com\/?p=105281#primaryimage","url":"https:\/\/www.aliadospuebla.com\/web2017\/wp-content\/uploads\/2025\/05\/411.jpg","contentUrl":"https:\/\/www.aliadospuebla.com\/web2017\/wp-content\/uploads\/2025\/05\/411.jpg","width":600,"height":450},{"@type":"BreadcrumbList","@id":"https:\/\/www.aliadospuebla.com\/?p=105281#breadcrumb","itemListElement":[{"@type":"ListItem","position":1,"name":"Portada","item":"https:\/\/www.aliadospuebla.com\/"},{"@type":"ListItem","position":2,"name":"Con unidad, compromiso y seguridad, Amozoc conmemora el 163 aniversario de la Batalla de Puebla"}]},{"@type":"WebSite","@id":"https:\/\/www.aliadospuebla.com\/#website","url":"https:\/\/www.aliadospuebla.com\/","name":"AliadosPuebla","description":"La informaci\u00f3n en tus manos","potentialAction":[{"@type":"SearchAction","target":{"@type":"EntryPoint","urlTemplate":"https:\/\/www.aliadospuebla.com\/?s={search_term_string}"},"query-input":{"@type":"PropertyValueSpecification","valueRequired":true,"valueName":"search_term_string"}}],"inLanguage":"es"},{"@type":"Person","@id":"https:\/\/www.aliadospuebla.com\/#\/schema\/person\/5da7dd09320bd4f392b710017ed5f8ad","name":"Aliados17","image":{"@type":"ImageObject","inLanguage":"es","@id":"https:\/\/www.aliadospuebla.com\/web2017\/wp-content\/uploads\/2025\/03\/cropped-para-perfil-8-anos-1-96x96.jpg","url":"https:\/\/www.aliadospuebla.com\/web2017\/wp-content\/uploads\/2025\/03\/cropped-para-perfil-8-anos-1-96x96.jpg","contentUrl":"https:\/\/www.aliadospuebla.com\/web2017\/wp-content\/uploads\/2025\/03\/cropped-para-perfil-8-anos-1-96x96.jpg","caption":"Aliados17"},"sameAs":["https:\/\/www.aliados17.com","https:\/\/www.facebook.com\/Aliados17Pue","https:\/\/x.com\/AliadosPuebla"],"url":"https:\/\/www.aliadospuebla.com\/?author=2"}]}},"views":8,"_links":{"self":[{"href":"https:\/\/www.aliadospuebla.com\/index.php?rest_route=\/wp\/v2\/posts\/105281","targetHints":{"allow":["GET"]}}],"collection":[{"href":"https:\/\/www.aliadospuebla.com\/index.php?rest_route=\/wp\/v2\/posts"}],"about":[{"href":"https:\/\/www.aliadospuebla.com\/index.php?rest_route=\/wp\/v2\/types\/post"}],"author":[{"embeddable":true,"href":"https:\/\/www.aliadospuebla.com\/index.php?rest_route=\/wp\/v2\/users\/2"}],"replies":[{"embeddable":true,"href":"https:\/\/www.aliadospuebla.com\/index.php?rest_route=%2Fwp%2Fv2%2Fcomments&post=105281"}],"version-history":[{"count":1,"href":"https:\/\/www.aliadospuebla.com\/index.php?rest_route=\/wp\/v2\/posts\/105281\/revisions"}],"predecessor-version":[{"id":105283,"href":"https:\/\/www.aliadospuebla.com\/index.php?rest_route=\/wp\/v2\/posts\/105281\/revisions\/105283"}],"wp:featuredmedia":[{"embeddable":true,"href":"https:\/\/www.aliadospuebla.com\/index.php?rest_route=\/wp\/v2\/media\/105282"}],"wp:attachment":[{"href":"https:\/\/www.aliadospuebla.com\/index.php?rest_route=%2Fwp%2Fv2%2Fmedia&parent=105281"}],"wp:term":[{"taxonomy":"category","embeddable":true,"href":"https:\/\/www.aliadospuebla.com\/index.php?rest_route=%2Fwp%2Fv2%2Fcategories&post=105281"},{"taxonomy":"post_tag","embeddable":true,"href":"https:\/\/www.aliadospuebla.com\/index.php?rest_route=%2Fwp%2Fv2%2Ftags&post=105281"}],"curies":[{"name":"wp","href":"https:\/\/api.w.org\/{rel}","templated":true}]}}