{"id":105075,"date":"2025-04-29T23:03:12","date_gmt":"2025-04-30T05:03:12","guid":{"rendered":"https:\/\/www.aliadospuebla.com\/?p=105075"},"modified":"2025-04-29T23:03:12","modified_gmt":"2025-04-30T05:03:12","slug":"proteccion-civil-de-tecamachalco-lidera-simulacro-sismico-con-exito","status":"publish","type":"post","link":"https:\/\/www.aliadospuebla.com\/?p=105075","title":{"rendered":"Protecci\u00f3n Civil de Tecamachalco lidera simulacro s\u00edsmico con \u00e9xito"},"content":{"rendered":"<h4>Como parte de las acciones para fortalecer la cultura de la prevenci\u00f3n y la reacci\u00f3n ante emergencias, el municipio de Tecamachalco particip\u00f3 en el Primer Simulacro Nacional 2025, cuya hip\u00f3tesis fue un sismo de magnitud 8.1 con epicentro en las costas de Tehuantepec, Oaxaca.<\/h4>\n<p>En punto de las 11:30 horas, se activ\u00f3 la alarma s\u00edsmica y se realiz\u00f3 la evacuaci\u00f3n del Palacio Municipal,<\/p>\n<p>donde se establecieron los puntos de reuni\u00f3n previamente asignados. La actividad fue encabezada<\/p>\n<p>por el director de Protecci\u00f3n Civil municipal, Juan Ruiz, quien inform\u00f3 que todo el personal evacu\u00f3<\/p>\n<p>de manera ordenada y conforme al protocolo.<\/p>\n<p>El titular de la Direcci\u00f3n de Gobernaci\u00f3n, Roberto Mauricio Rebollar, destac\u00f3 la importancia de estas acciones,<\/p>\n<p>\u00abla prevenci\u00f3n y la organizaci\u00f3n son clave para enfrentar este tipo de eventualidades con el menor n\u00famero de incidencias posibles\u00bb, afirm\u00f3.<\/p>\n<p>El grupo de Protecci\u00f3n Civil municipal fue responsable de coordinar la actividad y dar seguimiento al manejo correcto de los procedimientos, reafirmando el compromiso del Ayuntamiento con la seguridad de la poblaci\u00f3n.<\/p>\n","protected":false},"excerpt":{"rendered":"<p>Como parte de las acciones para fortalecer la cultura de la prevenci\u00f3n y la reacci\u00f3n ante emergencias, el municipio de Tecamachalco particip\u00f3 en el Primer Simulacro Nacional 2025, cuya hip\u00f3tesis fue un sismo de magnitud 8.1 con epicentro en las costas de Tehuantepec, Oaxaca. En punto de las 11:30 horas, se activ\u00f3 la alarma s\u00edsmica y se realiz\u00f3 la evacuaci\u00f3n del Palacio Municipal, donde se establecieron los puntos de reuni\u00f3n previamente asignados. La actividad fue encabezada por el director de Protecci\u00f3n Civil municipal, Juan Ruiz, quien inform\u00f3 que todo el personal evacu\u00f3 de manera ordenada y conforme al protocolo. El titular de la Direcci\u00f3n de Gobernaci\u00f3n, Roberto Mauricio Rebollar, destac\u00f3 la importancia de estas acciones, \u00abla prevenci\u00f3n y la organizaci\u00f3n son clave para enfrentar este&hellip;<\/p>\n<p class=\"excerpt-more\"><a class=\"blog-excerpt button\" href=\"https:\/\/www.aliadospuebla.com\/?p=105075\">Leer m\u00e1s&#8230;<\/a><\/p>\n","protected":false},"author":2,"featured_media":105076,"comment_status":"open","ping_status":"open","sticky":false,"template":"","format":"standard","meta":{"_monsterinsights_skip_tracking":false,"footnotes":""},"categories":[4],"tags":[29138,29,29137,109,29139,29136,129],"class_list":["post-105075","post","type-post","status-publish","format-standard","has-post-thumbnail","hentry","category-municipios","tag-juan-ruiz","tag-prevencion","tag-primer-simulacro-nacional-2025","tag-proteccion-civil","tag-roberto-mauricio-rebollar","tag-simulacro-sismico","tag-tecamachalco"],"yoast_head":"<!-- This site is optimized with the Yoast SEO plugin v28.4 - https:\/\/yoast.com\/product\/yoast-seo-wordpress\/ -->\n<title>Protecci\u00f3n Civil de Tecamachalco lidera simulacro s\u00edsmico con \u00e9xito - AliadosPuebla<\/title>\n<meta name=\"robots\" content=\"index, follow, max-snippet:-1, max-image-preview:large, max-video-preview:-1\" \/>\n<link rel=\"canonical\" href=\"https:\/\/www.aliadospuebla.com\/?p=105075\" \/>\n<meta property=\"og:locale\" content=\"es_ES\" \/>\n<meta property=\"og:type\" content=\"article\" \/>\n<meta property=\"og:title\" content=\"Protecci\u00f3n Civil de Tecamachalco lidera simulacro s\u00edsmico con \u00e9xito - AliadosPuebla\" \/>\n<meta property=\"og:description\" content=\"Como parte de las acciones para fortalecer la cultura de la prevenci\u00f3n y la reacci\u00f3n ante emergencias, el municipio de Tecamachalco particip\u00f3 en el Primer Simulacro Nacional 2025, cuya hip\u00f3tesis fue un sismo de magnitud 8.1 con epicentro en las costas de Tehuantepec, Oaxaca. En punto de las 11:30 horas, se activ\u00f3 la alarma s\u00edsmica y se realiz\u00f3 la evacuaci\u00f3n del Palacio Municipal, donde se establecieron los puntos de reuni\u00f3n previamente asignados. La actividad fue encabezada por el director de Protecci\u00f3n Civil municipal, Juan Ruiz, quien inform\u00f3 que todo el personal evacu\u00f3 de manera ordenada y conforme al protocolo. El titular de la Direcci\u00f3n de Gobernaci\u00f3n, Roberto Mauricio Rebollar, destac\u00f3 la importancia de estas acciones, \u00abla prevenci\u00f3n y la organizaci\u00f3n son clave para enfrentar este&hellip;Leer m\u00e1s...\" \/>\n<meta property=\"og:url\" content=\"https:\/\/www.aliadospuebla.com\/?p=105075\" \/>\n<meta property=\"og:site_name\" content=\"AliadosPuebla\" \/>\n<meta property=\"article:author\" content=\"https:\/\/www.facebook.com\/Aliados17Pue\" \/>\n<meta property=\"article:published_time\" content=\"2025-04-30T05:03:12+00:00\" \/>\n<meta property=\"og:image\" content=\"https:\/\/www.aliadospuebla.com\/web2017\/wp-content\/uploads\/2025\/04\/354.jpg\" \/>\n\t<meta property=\"og:image:width\" content=\"600\" \/>\n\t<meta property=\"og:image:height\" content=\"450\" \/>\n\t<meta property=\"og:image:type\" content=\"image\/jpeg\" \/>\n<meta name=\"author\" content=\"Aliados17\" \/>\n<meta name=\"twitter:card\" content=\"summary_large_image\" \/>\n<meta name=\"twitter:creator\" content=\"@AliadosPuebla\" \/>\n<meta name=\"twitter:label1\" content=\"Escrito por\" \/>\n\t<meta name=\"twitter:data1\" content=\"Aliados17\" \/>\n\t<meta name=\"twitter:label2\" content=\"Tiempo de lectura\" \/>\n\t<meta name=\"twitter:data2\" content=\"1 minuto\" \/>\n<script type=\"application\/ld+json\" class=\"yoast-schema-graph\">{\"@context\":\"https:\\\/\\\/schema.org\",\"@graph\":[{\"@type\":\"Article\",\"@id\":\"https:\\\/\\\/www.aliadospuebla.com\\\/?p=105075#article\",\"isPartOf\":{\"@id\":\"https:\\\/\\\/www.aliadospuebla.com\\\/?p=105075\"},\"author\":{\"name\":\"Aliados17\",\"@id\":\"https:\\\/\\\/www.aliadospuebla.com\\\/#\\\/schema\\\/person\\\/5da7dd09320bd4f392b710017ed5f8ad\"},\"headline\":\"Protecci\u00f3n Civil de Tecamachalco lidera simulacro s\u00edsmico con \u00e9xito\",\"datePublished\":\"2025-04-30T05:03:12+00:00\",\"mainEntityOfPage\":{\"@id\":\"https:\\\/\\\/www.aliadospuebla.com\\\/?p=105075\"},\"wordCount\":190,\"commentCount\":0,\"image\":{\"@id\":\"https:\\\/\\\/www.aliadospuebla.com\\\/?p=105075#primaryimage\"},\"thumbnailUrl\":\"https:\\\/\\\/www.aliadospuebla.com\\\/web2017\\\/wp-content\\\/uploads\\\/2025\\\/04\\\/354.jpg\",\"keywords\":[\"Juan Ruiz\",\"Prevencion\",\"Primer Simulacro Nacional 2025\",\"protecci\u00f3n civil\",\"Roberto Mauricio Rebollar\",\"simulacro s\u00edsmico\",\"Tecamachalco\"],\"articleSection\":[\"Municipios\"],\"inLanguage\":\"es\",\"potentialAction\":[{\"@type\":\"CommentAction\",\"name\":\"Comment\",\"target\":[\"https:\\\/\\\/www.aliadospuebla.com\\\/?p=105075#respond\"]}]},{\"@type\":\"WebPage\",\"@id\":\"https:\\\/\\\/www.aliadospuebla.com\\\/?p=105075\",\"url\":\"https:\\\/\\\/www.aliadospuebla.com\\\/?p=105075\",\"name\":\"Protecci\u00f3n Civil de Tecamachalco lidera simulacro s\u00edsmico con \u00e9xito - AliadosPuebla\",\"isPartOf\":{\"@id\":\"https:\\\/\\\/www.aliadospuebla.com\\\/#website\"},\"primaryImageOfPage\":{\"@id\":\"https:\\\/\\\/www.aliadospuebla.com\\\/?p=105075#primaryimage\"},\"image\":{\"@id\":\"https:\\\/\\\/www.aliadospuebla.com\\\/?p=105075#primaryimage\"},\"thumbnailUrl\":\"https:\\\/\\\/www.aliadospuebla.com\\\/web2017\\\/wp-content\\\/uploads\\\/2025\\\/04\\\/354.jpg\",\"datePublished\":\"2025-04-30T05:03:12+00:00\",\"author\":{\"@id\":\"https:\\\/\\\/www.aliadospuebla.com\\\/#\\\/schema\\\/person\\\/5da7dd09320bd4f392b710017ed5f8ad\"},\"breadcrumb\":{\"@id\":\"https:\\\/\\\/www.aliadospuebla.com\\\/?p=105075#breadcrumb\"},\"inLanguage\":\"es\",\"potentialAction\":[{\"@type\":\"ReadAction\",\"target\":[\"https:\\\/\\\/www.aliadospuebla.com\\\/?p=105075\"]}]},{\"@type\":\"ImageObject\",\"inLanguage\":\"es\",\"@id\":\"https:\\\/\\\/www.aliadospuebla.com\\\/?p=105075#primaryimage\",\"url\":\"https:\\\/\\\/www.aliadospuebla.com\\\/web2017\\\/wp-content\\\/uploads\\\/2025\\\/04\\\/354.jpg\",\"contentUrl\":\"https:\\\/\\\/www.aliadospuebla.com\\\/web2017\\\/wp-content\\\/uploads\\\/2025\\\/04\\\/354.jpg\",\"width\":600,\"height\":450},{\"@type\":\"BreadcrumbList\",\"@id\":\"https:\\\/\\\/www.aliadospuebla.com\\\/?p=105075#breadcrumb\",\"itemListElement\":[{\"@type\":\"ListItem\",\"position\":1,\"name\":\"Portada\",\"item\":\"https:\\\/\\\/www.aliadospuebla.com\\\/\"},{\"@type\":\"ListItem\",\"position\":2,\"name\":\"Protecci\u00f3n Civil de Tecamachalco lidera simulacro s\u00edsmico con \u00e9xito\"}]},{\"@type\":\"WebSite\",\"@id\":\"https:\\\/\\\/www.aliadospuebla.com\\\/#website\",\"url\":\"https:\\\/\\\/www.aliadospuebla.com\\\/\",\"name\":\"AliadosPuebla\",\"description\":\"La informaci\u00f3n en tus manos\",\"potentialAction\":[{\"@type\":\"SearchAction\",\"target\":{\"@type\":\"EntryPoint\",\"urlTemplate\":\"https:\\\/\\\/www.aliadospuebla.com\\\/?s={search_term_string}\"},\"query-input\":{\"@type\":\"PropertyValueSpecification\",\"valueRequired\":true,\"valueName\":\"search_term_string\"}}],\"inLanguage\":\"es\"},{\"@type\":\"Person\",\"@id\":\"https:\\\/\\\/www.aliadospuebla.com\\\/#\\\/schema\\\/person\\\/5da7dd09320bd4f392b710017ed5f8ad\",\"name\":\"Aliados17\",\"image\":{\"@type\":\"ImageObject\",\"inLanguage\":\"es\",\"@id\":\"https:\\\/\\\/www.aliadospuebla.com\\\/web2017\\\/wp-content\\\/uploads\\\/2025\\\/03\\\/cropped-para-perfil-8-anos-1-96x96.jpg\",\"url\":\"https:\\\/\\\/www.aliadospuebla.com\\\/web2017\\\/wp-content\\\/uploads\\\/2025\\\/03\\\/cropped-para-perfil-8-anos-1-96x96.jpg\",\"contentUrl\":\"https:\\\/\\\/www.aliadospuebla.com\\\/web2017\\\/wp-content\\\/uploads\\\/2025\\\/03\\\/cropped-para-perfil-8-anos-1-96x96.jpg\",\"caption\":\"Aliados17\"},\"sameAs\":[\"https:\\\/\\\/www.aliados17.com\",\"https:\\\/\\\/www.facebook.com\\\/Aliados17Pue\",\"https:\\\/\\\/x.com\\\/AliadosPuebla\"],\"url\":\"https:\\\/\\\/www.aliadospuebla.com\\\/?author=2\"}]}<\/script>\n<!-- \/ Yoast SEO plugin. -->","yoast_head_json":{"title":"Protecci\u00f3n Civil de Tecamachalco lidera simulacro s\u00edsmico con \u00e9xito - AliadosPuebla","robots":{"index":"index","follow":"follow","max-snippet":"max-snippet:-1","max-image-preview":"max-image-preview:large","max-video-preview":"max-video-preview:-1"},"canonical":"https:\/\/www.aliadospuebla.com\/?p=105075","og_locale":"es_ES","og_type":"article","og_title":"Protecci\u00f3n Civil de Tecamachalco lidera simulacro s\u00edsmico con \u00e9xito - AliadosPuebla","og_description":"Como parte de las acciones para fortalecer la cultura de la prevenci\u00f3n y la reacci\u00f3n ante emergencias, el municipio de Tecamachalco particip\u00f3 en el Primer Simulacro Nacional 2025, cuya hip\u00f3tesis fue un sismo de magnitud 8.1 con epicentro en las costas de Tehuantepec, Oaxaca. En punto de las 11:30 horas, se activ\u00f3 la alarma s\u00edsmica y se realiz\u00f3 la evacuaci\u00f3n del Palacio Municipal, donde se establecieron los puntos de reuni\u00f3n previamente asignados. La actividad fue encabezada por el director de Protecci\u00f3n Civil municipal, Juan Ruiz, quien inform\u00f3 que todo el personal evacu\u00f3 de manera ordenada y conforme al protocolo. El titular de la Direcci\u00f3n de Gobernaci\u00f3n, Roberto Mauricio Rebollar, destac\u00f3 la importancia de estas acciones, \u00abla prevenci\u00f3n y la organizaci\u00f3n son clave para enfrentar este&hellip;Leer m\u00e1s...","og_url":"https:\/\/www.aliadospuebla.com\/?p=105075","og_site_name":"AliadosPuebla","article_author":"https:\/\/www.facebook.com\/Aliados17Pue","article_published_time":"2025-04-30T05:03:12+00:00","og_image":[{"width":600,"height":450,"url":"https:\/\/www.aliadospuebla.com\/web2017\/wp-content\/uploads\/2025\/04\/354.jpg","type":"image\/jpeg"}],"author":"Aliados17","twitter_card":"summary_large_image","twitter_creator":"@AliadosPuebla","twitter_misc":{"Escrito por":"Aliados17","Tiempo de lectura":"1 minuto"},"schema":{"@context":"https:\/\/schema.org","@graph":[{"@type":"Article","@id":"https:\/\/www.aliadospuebla.com\/?p=105075#article","isPartOf":{"@id":"https:\/\/www.aliadospuebla.com\/?p=105075"},"author":{"name":"Aliados17","@id":"https:\/\/www.aliadospuebla.com\/#\/schema\/person\/5da7dd09320bd4f392b710017ed5f8ad"},"headline":"Protecci\u00f3n Civil de Tecamachalco lidera simulacro s\u00edsmico con \u00e9xito","datePublished":"2025-04-30T05:03:12+00:00","mainEntityOfPage":{"@id":"https:\/\/www.aliadospuebla.com\/?p=105075"},"wordCount":190,"commentCount":0,"image":{"@id":"https:\/\/www.aliadospuebla.com\/?p=105075#primaryimage"},"thumbnailUrl":"https:\/\/www.aliadospuebla.com\/web2017\/wp-content\/uploads\/2025\/04\/354.jpg","keywords":["Juan Ruiz","Prevencion","Primer Simulacro Nacional 2025","protecci\u00f3n civil","Roberto Mauricio Rebollar","simulacro s\u00edsmico","Tecamachalco"],"articleSection":["Municipios"],"inLanguage":"es","potentialAction":[{"@type":"CommentAction","name":"Comment","target":["https:\/\/www.aliadospuebla.com\/?p=105075#respond"]}]},{"@type":"WebPage","@id":"https:\/\/www.aliadospuebla.com\/?p=105075","url":"https:\/\/www.aliadospuebla.com\/?p=105075","name":"Protecci\u00f3n Civil de Tecamachalco lidera simulacro s\u00edsmico con \u00e9xito - AliadosPuebla","isPartOf":{"@id":"https:\/\/www.aliadospuebla.com\/#website"},"primaryImageOfPage":{"@id":"https:\/\/www.aliadospuebla.com\/?p=105075#primaryimage"},"image":{"@id":"https:\/\/www.aliadospuebla.com\/?p=105075#primaryimage"},"thumbnailUrl":"https:\/\/www.aliadospuebla.com\/web2017\/wp-content\/uploads\/2025\/04\/354.jpg","datePublished":"2025-04-30T05:03:12+00:00","author":{"@id":"https:\/\/www.aliadospuebla.com\/#\/schema\/person\/5da7dd09320bd4f392b710017ed5f8ad"},"breadcrumb":{"@id":"https:\/\/www.aliadospuebla.com\/?p=105075#breadcrumb"},"inLanguage":"es","potentialAction":[{"@type":"ReadAction","target":["https:\/\/www.aliadospuebla.com\/?p=105075"]}]},{"@type":"ImageObject","inLanguage":"es","@id":"https:\/\/www.aliadospuebla.com\/?p=105075#primaryimage","url":"https:\/\/www.aliadospuebla.com\/web2017\/wp-content\/uploads\/2025\/04\/354.jpg","contentUrl":"https:\/\/www.aliadospuebla.com\/web2017\/wp-content\/uploads\/2025\/04\/354.jpg","width":600,"height":450},{"@type":"BreadcrumbList","@id":"https:\/\/www.aliadospuebla.com\/?p=105075#breadcrumb","itemListElement":[{"@type":"ListItem","position":1,"name":"Portada","item":"https:\/\/www.aliadospuebla.com\/"},{"@type":"ListItem","position":2,"name":"Protecci\u00f3n Civil de Tecamachalco lidera simulacro s\u00edsmico con \u00e9xito"}]},{"@type":"WebSite","@id":"https:\/\/www.aliadospuebla.com\/#website","url":"https:\/\/www.aliadospuebla.com\/","name":"AliadosPuebla","description":"La informaci\u00f3n en tus manos","potentialAction":[{"@type":"SearchAction","target":{"@type":"EntryPoint","urlTemplate":"https:\/\/www.aliadospuebla.com\/?s={search_term_string}"},"query-input":{"@type":"PropertyValueSpecification","valueRequired":true,"valueName":"search_term_string"}}],"inLanguage":"es"},{"@type":"Person","@id":"https:\/\/www.aliadospuebla.com\/#\/schema\/person\/5da7dd09320bd4f392b710017ed5f8ad","name":"Aliados17","image":{"@type":"ImageObject","inLanguage":"es","@id":"https:\/\/www.aliadospuebla.com\/web2017\/wp-content\/uploads\/2025\/03\/cropped-para-perfil-8-anos-1-96x96.jpg","url":"https:\/\/www.aliadospuebla.com\/web2017\/wp-content\/uploads\/2025\/03\/cropped-para-perfil-8-anos-1-96x96.jpg","contentUrl":"https:\/\/www.aliadospuebla.com\/web2017\/wp-content\/uploads\/2025\/03\/cropped-para-perfil-8-anos-1-96x96.jpg","caption":"Aliados17"},"sameAs":["https:\/\/www.aliados17.com","https:\/\/www.facebook.com\/Aliados17Pue","https:\/\/x.com\/AliadosPuebla"],"url":"https:\/\/www.aliadospuebla.com\/?author=2"}]}},"views":23,"_links":{"self":[{"href":"https:\/\/www.aliadospuebla.com\/index.php?rest_route=\/wp\/v2\/posts\/105075","targetHints":{"allow":["GET"]}}],"collection":[{"href":"https:\/\/www.aliadospuebla.com\/index.php?rest_route=\/wp\/v2\/posts"}],"about":[{"href":"https:\/\/www.aliadospuebla.com\/index.php?rest_route=\/wp\/v2\/types\/post"}],"author":[{"embeddable":true,"href":"https:\/\/www.aliadospuebla.com\/index.php?rest_route=\/wp\/v2\/users\/2"}],"replies":[{"embeddable":true,"href":"https:\/\/www.aliadospuebla.com\/index.php?rest_route=%2Fwp%2Fv2%2Fcomments&post=105075"}],"version-history":[{"count":1,"href":"https:\/\/www.aliadospuebla.com\/index.php?rest_route=\/wp\/v2\/posts\/105075\/revisions"}],"predecessor-version":[{"id":105077,"href":"https:\/\/www.aliadospuebla.com\/index.php?rest_route=\/wp\/v2\/posts\/105075\/revisions\/105077"}],"wp:featuredmedia":[{"embeddable":true,"href":"https:\/\/www.aliadospuebla.com\/index.php?rest_route=\/wp\/v2\/media\/105076"}],"wp:attachment":[{"href":"https:\/\/www.aliadospuebla.com\/index.php?rest_route=%2Fwp%2Fv2%2Fmedia&parent=105075"}],"wp:term":[{"taxonomy":"category","embeddable":true,"href":"https:\/\/www.aliadospuebla.com\/index.php?rest_route=%2Fwp%2Fv2%2Fcategories&post=105075"},{"taxonomy":"post_tag","embeddable":true,"href":"https:\/\/www.aliadospuebla.com\/index.php?rest_route=%2Fwp%2Fv2%2Ftags&post=105075"}],"curies":[{"name":"wp","href":"https:\/\/api.w.org\/{rel}","templated":true}]}}