{"id":105025,"date":"2025-04-28T21:26:22","date_gmt":"2025-04-29T03:26:22","guid":{"rendered":"https:\/\/www.aliadospuebla.com\/?p=105025"},"modified":"2025-04-28T21:26:22","modified_gmt":"2025-04-29T03:26:22","slug":"alejandro-armenta-destaca-el-impulso-de-claudia-sheinbaum-al-turismo","status":"publish","type":"post","link":"https:\/\/www.aliadospuebla.com\/?p=105025","title":{"rendered":"Alejandro Armenta destaca el impulso de Claudia Sheinbaum al turismo"},"content":{"rendered":"<p>TIJUANA, Baja California.- Durante su llegada a un hotel en la ciudad de Tijuana, para participar en el \u201cDi\u00e1logo Capitanes de la Industria\u201d, previo a la inauguraci\u00f3n del Tianguis Tur\u00edstico 2025, el gobernador poblano Alejandro Armenta agradeci\u00f3 el respaldo que el estado ha recibido de la presidenta Claudia Sheinbaum Pardo, particularmente, en el impulso a la promoci\u00f3n tur\u00edstica de Puebla.<\/p>\n<p>A unas horas del arranque formal del acto m\u00e1s importante de promoci\u00f3n tur\u00edstica del pa\u00eds en el municipio de Playas de Rosarito, Armenta ofreci\u00f3 una breve entrevista en la que destac\u00f3 que \u00abPuebla est\u00e1 de feria\u00bb, y subray\u00f3 que la entidad no solo es un atractivo tur\u00edstico, sino tambi\u00e9n un destino cultural y gastron\u00f3mico de primer nivel.<\/p>\n<p>\u201cTenemos platillos que son patrimonio de M\u00e9xico y del mundo; nuestro mole y nuestro pozole son, sin duda, los mejores del planeta\u201d, expres\u00f3 el gobernador, quien adem\u00e1s reconoci\u00f3 el apoyo brindado por la presidenta Sheinbaum y la secretaria de Turismo federal, Josefina Rodr\u00edguez Zamora.<\/p>\n<p>El mandatario Alejandro Armenta enfatiz\u00f3 que eventos como este tianguis fortalecen la proyecci\u00f3n nacional e internacional de Puebla, consolidando al estado como un referente cultural que enorgullece a las y los mexicanos.<\/p>\n","protected":false},"excerpt":{"rendered":"<p>TIJUANA, Baja California.- Durante su llegada a un hotel en la ciudad de Tijuana, para participar en el \u201cDi\u00e1logo Capitanes de la Industria\u201d, previo a la inauguraci\u00f3n del Tianguis Tur\u00edstico 2025, el gobernador poblano Alejandro Armenta agradeci\u00f3 el respaldo que el estado ha recibido de la presidenta Claudia Sheinbaum Pardo, particularmente, en el impulso a la promoci\u00f3n tur\u00edstica de Puebla. A unas horas del arranque formal del acto m\u00e1s importante de promoci\u00f3n tur\u00edstica del pa\u00eds en el municipio de Playas de Rosarito, Armenta ofreci\u00f3 una breve entrevista en la que destac\u00f3 que \u00abPuebla est\u00e1 de feria\u00bb, y subray\u00f3 que la entidad no solo es un atractivo tur\u00edstico, sino tambi\u00e9n un destino cultural y gastron\u00f3mico de primer nivel. \u201cTenemos platillos que son patrimonio de M\u00e9xico y&hellip;<\/p>\n<p class=\"excerpt-more\"><a class=\"blog-excerpt button\" href=\"https:\/\/www.aliadospuebla.com\/?p=105025\">Leer m\u00e1s&#8230;<\/a><\/p>\n","protected":false},"author":2,"featured_media":105026,"comment_status":"open","ping_status":"open","sticky":false,"template":"","format":"standard","meta":{"_monsterinsights_skip_tracking":false,"footnotes":""},"categories":[61],"tags":[4780,19918,11231,29102,29099,127],"class_list":["post-105025","post","type-post","status-publish","format-standard","has-post-thumbnail","hentry","category-gobierno","tag-alejandro-armenta","tag-claudia-sheinbaum","tag-promocion-turistica","tag-proyeccion-nacional","tag-tianguis-turistico-2025","tag-turismo"],"yoast_head":"<!-- This site is optimized with the Yoast SEO plugin v28.4 - https:\/\/yoast.com\/product\/yoast-seo-wordpress\/ -->\n<title>Alejandro Armenta destaca el impulso de Claudia Sheinbaum al turismo - AliadosPuebla<\/title>\n<meta name=\"robots\" content=\"index, follow, max-snippet:-1, max-image-preview:large, max-video-preview:-1\" \/>\n<link rel=\"canonical\" href=\"https:\/\/www.aliadospuebla.com\/?p=105025\" \/>\n<meta property=\"og:locale\" content=\"es_ES\" \/>\n<meta property=\"og:type\" content=\"article\" \/>\n<meta property=\"og:title\" content=\"Alejandro Armenta destaca el impulso de Claudia Sheinbaum al turismo - AliadosPuebla\" \/>\n<meta property=\"og:description\" content=\"TIJUANA, Baja California.- Durante su llegada a un hotel en la ciudad de Tijuana, para participar en el \u201cDi\u00e1logo Capitanes de la Industria\u201d, previo a la inauguraci\u00f3n del Tianguis Tur\u00edstico 2025, el gobernador poblano Alejandro Armenta agradeci\u00f3 el respaldo que el estado ha recibido de la presidenta Claudia Sheinbaum Pardo, particularmente, en el impulso a la promoci\u00f3n tur\u00edstica de Puebla. A unas horas del arranque formal del acto m\u00e1s importante de promoci\u00f3n tur\u00edstica del pa\u00eds en el municipio de Playas de Rosarito, Armenta ofreci\u00f3 una breve entrevista en la que destac\u00f3 que \u00abPuebla est\u00e1 de feria\u00bb, y subray\u00f3 que la entidad no solo es un atractivo tur\u00edstico, sino tambi\u00e9n un destino cultural y gastron\u00f3mico de primer nivel. \u201cTenemos platillos que son patrimonio de M\u00e9xico y&hellip;Leer m\u00e1s...\" \/>\n<meta property=\"og:url\" content=\"https:\/\/www.aliadospuebla.com\/?p=105025\" \/>\n<meta property=\"og:site_name\" content=\"AliadosPuebla\" \/>\n<meta property=\"article:author\" content=\"https:\/\/www.facebook.com\/Aliados17Pue\" \/>\n<meta property=\"article:published_time\" content=\"2025-04-29T03:26:22+00:00\" \/>\n<meta property=\"og:image\" content=\"https:\/\/www.aliadospuebla.com\/web2017\/wp-content\/uploads\/2025\/04\/339.jpg\" \/>\n\t<meta property=\"og:image:width\" content=\"600\" \/>\n\t<meta property=\"og:image:height\" content=\"450\" \/>\n\t<meta property=\"og:image:type\" content=\"image\/jpeg\" \/>\n<meta name=\"author\" content=\"Aliados17\" \/>\n<meta name=\"twitter:card\" content=\"summary_large_image\" \/>\n<meta name=\"twitter:creator\" content=\"@AliadosPuebla\" \/>\n<meta name=\"twitter:label1\" content=\"Escrito por\" \/>\n\t<meta name=\"twitter:data1\" content=\"Aliados17\" \/>\n\t<meta name=\"twitter:label2\" content=\"Tiempo de lectura\" \/>\n\t<meta name=\"twitter:data2\" content=\"2 minutos\" \/>\n<script type=\"application\/ld+json\" class=\"yoast-schema-graph\">{\"@context\":\"https:\\\/\\\/schema.org\",\"@graph\":[{\"@type\":\"Article\",\"@id\":\"https:\\\/\\\/www.aliadospuebla.com\\\/?p=105025#article\",\"isPartOf\":{\"@id\":\"https:\\\/\\\/www.aliadospuebla.com\\\/?p=105025\"},\"author\":{\"name\":\"Aliados17\",\"@id\":\"https:\\\/\\\/www.aliadospuebla.com\\\/#\\\/schema\\\/person\\\/5da7dd09320bd4f392b710017ed5f8ad\"},\"headline\":\"Alejandro Armenta destaca el impulso de Claudia Sheinbaum al turismo\",\"datePublished\":\"2025-04-29T03:26:22+00:00\",\"mainEntityOfPage\":{\"@id\":\"https:\\\/\\\/www.aliadospuebla.com\\\/?p=105025\"},\"wordCount\":219,\"commentCount\":0,\"image\":{\"@id\":\"https:\\\/\\\/www.aliadospuebla.com\\\/?p=105025#primaryimage\"},\"thumbnailUrl\":\"https:\\\/\\\/www.aliadospuebla.com\\\/web2017\\\/wp-content\\\/uploads\\\/2025\\\/04\\\/339.jpg\",\"keywords\":[\"ALEJANDRO ARMENTA\",\"Claudia Sheinbaum\",\"promoci\u00f3n tur\u00edstica\",\"proyecci\u00f3n nacional\",\"Tianguis Tur\u00edstico 2025\",\"turismo\"],\"articleSection\":[\"Gobierno\"],\"inLanguage\":\"es\",\"potentialAction\":[{\"@type\":\"CommentAction\",\"name\":\"Comment\",\"target\":[\"https:\\\/\\\/www.aliadospuebla.com\\\/?p=105025#respond\"]}]},{\"@type\":\"WebPage\",\"@id\":\"https:\\\/\\\/www.aliadospuebla.com\\\/?p=105025\",\"url\":\"https:\\\/\\\/www.aliadospuebla.com\\\/?p=105025\",\"name\":\"Alejandro Armenta destaca el impulso de Claudia Sheinbaum al turismo - AliadosPuebla\",\"isPartOf\":{\"@id\":\"https:\\\/\\\/www.aliadospuebla.com\\\/#website\"},\"primaryImageOfPage\":{\"@id\":\"https:\\\/\\\/www.aliadospuebla.com\\\/?p=105025#primaryimage\"},\"image\":{\"@id\":\"https:\\\/\\\/www.aliadospuebla.com\\\/?p=105025#primaryimage\"},\"thumbnailUrl\":\"https:\\\/\\\/www.aliadospuebla.com\\\/web2017\\\/wp-content\\\/uploads\\\/2025\\\/04\\\/339.jpg\",\"datePublished\":\"2025-04-29T03:26:22+00:00\",\"author\":{\"@id\":\"https:\\\/\\\/www.aliadospuebla.com\\\/#\\\/schema\\\/person\\\/5da7dd09320bd4f392b710017ed5f8ad\"},\"breadcrumb\":{\"@id\":\"https:\\\/\\\/www.aliadospuebla.com\\\/?p=105025#breadcrumb\"},\"inLanguage\":\"es\",\"potentialAction\":[{\"@type\":\"ReadAction\",\"target\":[\"https:\\\/\\\/www.aliadospuebla.com\\\/?p=105025\"]}]},{\"@type\":\"ImageObject\",\"inLanguage\":\"es\",\"@id\":\"https:\\\/\\\/www.aliadospuebla.com\\\/?p=105025#primaryimage\",\"url\":\"https:\\\/\\\/www.aliadospuebla.com\\\/web2017\\\/wp-content\\\/uploads\\\/2025\\\/04\\\/339.jpg\",\"contentUrl\":\"https:\\\/\\\/www.aliadospuebla.com\\\/web2017\\\/wp-content\\\/uploads\\\/2025\\\/04\\\/339.jpg\",\"width\":600,\"height\":450},{\"@type\":\"BreadcrumbList\",\"@id\":\"https:\\\/\\\/www.aliadospuebla.com\\\/?p=105025#breadcrumb\",\"itemListElement\":[{\"@type\":\"ListItem\",\"position\":1,\"name\":\"Portada\",\"item\":\"https:\\\/\\\/www.aliadospuebla.com\\\/\"},{\"@type\":\"ListItem\",\"position\":2,\"name\":\"Alejandro Armenta destaca el impulso de Claudia Sheinbaum al turismo\"}]},{\"@type\":\"WebSite\",\"@id\":\"https:\\\/\\\/www.aliadospuebla.com\\\/#website\",\"url\":\"https:\\\/\\\/www.aliadospuebla.com\\\/\",\"name\":\"AliadosPuebla\",\"description\":\"La informaci\u00f3n en tus manos\",\"potentialAction\":[{\"@type\":\"SearchAction\",\"target\":{\"@type\":\"EntryPoint\",\"urlTemplate\":\"https:\\\/\\\/www.aliadospuebla.com\\\/?s={search_term_string}\"},\"query-input\":{\"@type\":\"PropertyValueSpecification\",\"valueRequired\":true,\"valueName\":\"search_term_string\"}}],\"inLanguage\":\"es\"},{\"@type\":\"Person\",\"@id\":\"https:\\\/\\\/www.aliadospuebla.com\\\/#\\\/schema\\\/person\\\/5da7dd09320bd4f392b710017ed5f8ad\",\"name\":\"Aliados17\",\"image\":{\"@type\":\"ImageObject\",\"inLanguage\":\"es\",\"@id\":\"https:\\\/\\\/www.aliadospuebla.com\\\/web2017\\\/wp-content\\\/uploads\\\/2025\\\/03\\\/cropped-para-perfil-8-anos-1-96x96.jpg\",\"url\":\"https:\\\/\\\/www.aliadospuebla.com\\\/web2017\\\/wp-content\\\/uploads\\\/2025\\\/03\\\/cropped-para-perfil-8-anos-1-96x96.jpg\",\"contentUrl\":\"https:\\\/\\\/www.aliadospuebla.com\\\/web2017\\\/wp-content\\\/uploads\\\/2025\\\/03\\\/cropped-para-perfil-8-anos-1-96x96.jpg\",\"caption\":\"Aliados17\"},\"sameAs\":[\"https:\\\/\\\/www.aliados17.com\",\"https:\\\/\\\/www.facebook.com\\\/Aliados17Pue\",\"https:\\\/\\\/x.com\\\/AliadosPuebla\"],\"url\":\"https:\\\/\\\/www.aliadospuebla.com\\\/?author=2\"}]}<\/script>\n<!-- \/ Yoast SEO plugin. -->","yoast_head_json":{"title":"Alejandro Armenta destaca el impulso de Claudia Sheinbaum al turismo - AliadosPuebla","robots":{"index":"index","follow":"follow","max-snippet":"max-snippet:-1","max-image-preview":"max-image-preview:large","max-video-preview":"max-video-preview:-1"},"canonical":"https:\/\/www.aliadospuebla.com\/?p=105025","og_locale":"es_ES","og_type":"article","og_title":"Alejandro Armenta destaca el impulso de Claudia Sheinbaum al turismo - AliadosPuebla","og_description":"TIJUANA, Baja California.- Durante su llegada a un hotel en la ciudad de Tijuana, para participar en el \u201cDi\u00e1logo Capitanes de la Industria\u201d, previo a la inauguraci\u00f3n del Tianguis Tur\u00edstico 2025, el gobernador poblano Alejandro Armenta agradeci\u00f3 el respaldo que el estado ha recibido de la presidenta Claudia Sheinbaum Pardo, particularmente, en el impulso a la promoci\u00f3n tur\u00edstica de Puebla. A unas horas del arranque formal del acto m\u00e1s importante de promoci\u00f3n tur\u00edstica del pa\u00eds en el municipio de Playas de Rosarito, Armenta ofreci\u00f3 una breve entrevista en la que destac\u00f3 que \u00abPuebla est\u00e1 de feria\u00bb, y subray\u00f3 que la entidad no solo es un atractivo tur\u00edstico, sino tambi\u00e9n un destino cultural y gastron\u00f3mico de primer nivel. \u201cTenemos platillos que son patrimonio de M\u00e9xico y&hellip;Leer m\u00e1s...","og_url":"https:\/\/www.aliadospuebla.com\/?p=105025","og_site_name":"AliadosPuebla","article_author":"https:\/\/www.facebook.com\/Aliados17Pue","article_published_time":"2025-04-29T03:26:22+00:00","og_image":[{"width":600,"height":450,"url":"https:\/\/www.aliadospuebla.com\/web2017\/wp-content\/uploads\/2025\/04\/339.jpg","type":"image\/jpeg"}],"author":"Aliados17","twitter_card":"summary_large_image","twitter_creator":"@AliadosPuebla","twitter_misc":{"Escrito por":"Aliados17","Tiempo de lectura":"2 minutos"},"schema":{"@context":"https:\/\/schema.org","@graph":[{"@type":"Article","@id":"https:\/\/www.aliadospuebla.com\/?p=105025#article","isPartOf":{"@id":"https:\/\/www.aliadospuebla.com\/?p=105025"},"author":{"name":"Aliados17","@id":"https:\/\/www.aliadospuebla.com\/#\/schema\/person\/5da7dd09320bd4f392b710017ed5f8ad"},"headline":"Alejandro Armenta destaca el impulso de Claudia Sheinbaum al turismo","datePublished":"2025-04-29T03:26:22+00:00","mainEntityOfPage":{"@id":"https:\/\/www.aliadospuebla.com\/?p=105025"},"wordCount":219,"commentCount":0,"image":{"@id":"https:\/\/www.aliadospuebla.com\/?p=105025#primaryimage"},"thumbnailUrl":"https:\/\/www.aliadospuebla.com\/web2017\/wp-content\/uploads\/2025\/04\/339.jpg","keywords":["ALEJANDRO ARMENTA","Claudia Sheinbaum","promoci\u00f3n tur\u00edstica","proyecci\u00f3n nacional","Tianguis Tur\u00edstico 2025","turismo"],"articleSection":["Gobierno"],"inLanguage":"es","potentialAction":[{"@type":"CommentAction","name":"Comment","target":["https:\/\/www.aliadospuebla.com\/?p=105025#respond"]}]},{"@type":"WebPage","@id":"https:\/\/www.aliadospuebla.com\/?p=105025","url":"https:\/\/www.aliadospuebla.com\/?p=105025","name":"Alejandro Armenta destaca el impulso de Claudia Sheinbaum al turismo - AliadosPuebla","isPartOf":{"@id":"https:\/\/www.aliadospuebla.com\/#website"},"primaryImageOfPage":{"@id":"https:\/\/www.aliadospuebla.com\/?p=105025#primaryimage"},"image":{"@id":"https:\/\/www.aliadospuebla.com\/?p=105025#primaryimage"},"thumbnailUrl":"https:\/\/www.aliadospuebla.com\/web2017\/wp-content\/uploads\/2025\/04\/339.jpg","datePublished":"2025-04-29T03:26:22+00:00","author":{"@id":"https:\/\/www.aliadospuebla.com\/#\/schema\/person\/5da7dd09320bd4f392b710017ed5f8ad"},"breadcrumb":{"@id":"https:\/\/www.aliadospuebla.com\/?p=105025#breadcrumb"},"inLanguage":"es","potentialAction":[{"@type":"ReadAction","target":["https:\/\/www.aliadospuebla.com\/?p=105025"]}]},{"@type":"ImageObject","inLanguage":"es","@id":"https:\/\/www.aliadospuebla.com\/?p=105025#primaryimage","url":"https:\/\/www.aliadospuebla.com\/web2017\/wp-content\/uploads\/2025\/04\/339.jpg","contentUrl":"https:\/\/www.aliadospuebla.com\/web2017\/wp-content\/uploads\/2025\/04\/339.jpg","width":600,"height":450},{"@type":"BreadcrumbList","@id":"https:\/\/www.aliadospuebla.com\/?p=105025#breadcrumb","itemListElement":[{"@type":"ListItem","position":1,"name":"Portada","item":"https:\/\/www.aliadospuebla.com\/"},{"@type":"ListItem","position":2,"name":"Alejandro Armenta destaca el impulso de Claudia Sheinbaum al turismo"}]},{"@type":"WebSite","@id":"https:\/\/www.aliadospuebla.com\/#website","url":"https:\/\/www.aliadospuebla.com\/","name":"AliadosPuebla","description":"La informaci\u00f3n en tus manos","potentialAction":[{"@type":"SearchAction","target":{"@type":"EntryPoint","urlTemplate":"https:\/\/www.aliadospuebla.com\/?s={search_term_string}"},"query-input":{"@type":"PropertyValueSpecification","valueRequired":true,"valueName":"search_term_string"}}],"inLanguage":"es"},{"@type":"Person","@id":"https:\/\/www.aliadospuebla.com\/#\/schema\/person\/5da7dd09320bd4f392b710017ed5f8ad","name":"Aliados17","image":{"@type":"ImageObject","inLanguage":"es","@id":"https:\/\/www.aliadospuebla.com\/web2017\/wp-content\/uploads\/2025\/03\/cropped-para-perfil-8-anos-1-96x96.jpg","url":"https:\/\/www.aliadospuebla.com\/web2017\/wp-content\/uploads\/2025\/03\/cropped-para-perfil-8-anos-1-96x96.jpg","contentUrl":"https:\/\/www.aliadospuebla.com\/web2017\/wp-content\/uploads\/2025\/03\/cropped-para-perfil-8-anos-1-96x96.jpg","caption":"Aliados17"},"sameAs":["https:\/\/www.aliados17.com","https:\/\/www.facebook.com\/Aliados17Pue","https:\/\/x.com\/AliadosPuebla"],"url":"https:\/\/www.aliadospuebla.com\/?author=2"}]}},"views":11,"_links":{"self":[{"href":"https:\/\/www.aliadospuebla.com\/index.php?rest_route=\/wp\/v2\/posts\/105025","targetHints":{"allow":["GET"]}}],"collection":[{"href":"https:\/\/www.aliadospuebla.com\/index.php?rest_route=\/wp\/v2\/posts"}],"about":[{"href":"https:\/\/www.aliadospuebla.com\/index.php?rest_route=\/wp\/v2\/types\/post"}],"author":[{"embeddable":true,"href":"https:\/\/www.aliadospuebla.com\/index.php?rest_route=\/wp\/v2\/users\/2"}],"replies":[{"embeddable":true,"href":"https:\/\/www.aliadospuebla.com\/index.php?rest_route=%2Fwp%2Fv2%2Fcomments&post=105025"}],"version-history":[{"count":1,"href":"https:\/\/www.aliadospuebla.com\/index.php?rest_route=\/wp\/v2\/posts\/105025\/revisions"}],"predecessor-version":[{"id":105027,"href":"https:\/\/www.aliadospuebla.com\/index.php?rest_route=\/wp\/v2\/posts\/105025\/revisions\/105027"}],"wp:featuredmedia":[{"embeddable":true,"href":"https:\/\/www.aliadospuebla.com\/index.php?rest_route=\/wp\/v2\/media\/105026"}],"wp:attachment":[{"href":"https:\/\/www.aliadospuebla.com\/index.php?rest_route=%2Fwp%2Fv2%2Fmedia&parent=105025"}],"wp:term":[{"taxonomy":"category","embeddable":true,"href":"https:\/\/www.aliadospuebla.com\/index.php?rest_route=%2Fwp%2Fv2%2Fcategories&post=105025"},{"taxonomy":"post_tag","embeddable":true,"href":"https:\/\/www.aliadospuebla.com\/index.php?rest_route=%2Fwp%2Fv2%2Ftags&post=105025"}],"curies":[{"name":"wp","href":"https:\/\/api.w.org\/{rel}","templated":true}]}}