{"id":104918,"date":"2025-04-25T17:55:43","date_gmt":"2025-04-25T23:55:43","guid":{"rendered":"https:\/\/www.aliadospuebla.com\/?p=104918"},"modified":"2025-04-25T17:55:43","modified_gmt":"2025-04-25T23:55:43","slug":"murales-con-alma-san-pedro-cholula-alza-la-voz-por-las-mujeres","status":"publish","type":"post","link":"https:\/\/www.aliadospuebla.com\/?p=104918","title":{"rendered":"Murales con alma: San Pedro Cholula alza la voz por las mujeres"},"content":{"rendered":"<h4>De la mano de Tonantzin Fern\u00e1ndez, Cholula abraza el arte como voz colectiva para honrar a las mujeres y reafirmar el compromiso de construir un futuro libre de violencia.<\/h4>\n<p>San Pedro Cholula, Pue. \u2014 En el marco del D\u00eda Naranja, San Pedro Cholula<\/p>\n<p>se sum\u00f3 a la estrategia impulsada por el Gobernador Alejandro Armenta, con acciones concretas<\/p>\n<p>para generar conciencia y erradicar la violencia contra las mujeres.<\/p>\n<p>Como parte de esta iniciativa, la Presidenta Municipal, Tonantzin Fern\u00e1ndez, junto con Liz Gallegos,<\/p>\n<p>titular de la Comisi\u00f3n de Atenci\u00f3n a V\u00edctimas del Estado, encabezaron la inauguraci\u00f3n<\/p>\n<p>de tres murales conmemorativos en puntos estrat\u00e9gicos de la ciudad.<\/p>\n<p>Durante su intervenci\u00f3n, Tonantzin Fern\u00e1ndez destac\u00f3 que estas obras van m\u00e1s all\u00e1 del arte;<\/p>\n<p>representan el esfuerzo conjunto entre ciudadan\u00eda, gobierno e instituciones.<\/p>\n<p>\u201cCada mural es un grito visual de rechazo a la violencia y un s\u00edmbolo del compromiso por construir<\/p>\n<p>un entorno donde ni\u00f1as y mujeres vivan libres, seguras y con dignidad\u201d, expres\u00f3.<\/p>\n<h4>Por su parte, Liz Gallegos resalt\u00f3 que este 25 de abril se realizaron inauguraciones simult\u00e1neas de murales en las 27 microrregiones del estado, como parte de una estrategia para fortalecer la conciencia social.<\/h4>\n<p>\u201cQueremos que todas las mujeres sepan que no est\u00e1n solas; cuentan con espacios como las Casas Carmen Serd\u00e1n y con el respaldo de la Comisi\u00f3n Ejecutiva de Atenci\u00f3n a V\u00edctimas, donde recibir\u00e1n apoyo profesional desde el primer momento en que se sientan en riesgo\u201d, enfatiz\u00f3.<\/p>\n<p>Los murales se encuentran en la Secretar\u00eda de Seguridad Ciudadana en San Mat\u00edas Cocoyotla, y en los barrios de Santiago Mixquitla y Jes\u00fas Tlatempa, zonas elegidas por su alta participaci\u00f3n comunitaria. Las obras fueron realizadas por talentosos artistas locales, quienes impregnaron en cada trazo un poderoso mensaje de esperanza y resistencia.<\/p>\n<p>Este proyecto fue posible gracias a la colaboraci\u00f3n del Sistema DIF Municipal, encabezado por la Mtra. Lupita Fern\u00e1ndez; la Direcci\u00f3n de Prevenci\u00f3n del Delito y Atenci\u00f3n a V\u00edctimas de la SSC Cholula; la Coordinaci\u00f3n de la Casa Carmen Serd\u00e1n en San Pedro Cholula; la Direcci\u00f3n de Derechos Humanos, as\u00ed como otras dependencias comprometidas con la lucha contra la violencia de g\u00e9nero.<\/p>\n<p>Con esta acci\u00f3n, el Gobierno de San Pedro Cholula reitera su firme compromiso de seguir impulsando pol\u00edticas p\u00fablicas enfocadas en la prevenci\u00f3n, atenci\u00f3n y erradicaci\u00f3n de la violencia, construyendo una cultura de respeto, igualdad y bienestar para todas.<\/p>\n<p>\u00a1Por una Cholula libre de violencia y con oportunidades para todas!<\/p>\n","protected":false},"excerpt":{"rendered":"<p>De la mano de Tonantzin Fern\u00e1ndez, Cholula abraza el arte como voz colectiva para honrar a las mujeres y reafirmar el compromiso de construir un futuro libre de violencia. San Pedro Cholula, Pue. \u2014 En el marco del D\u00eda Naranja, San Pedro Cholula se sum\u00f3 a la estrategia impulsada por el Gobernador Alejandro Armenta, con acciones concretas para generar conciencia y erradicar la violencia contra las mujeres. Como parte de esta iniciativa, la Presidenta Municipal, Tonantzin Fern\u00e1ndez, junto con Liz Gallegos, titular de la Comisi\u00f3n de Atenci\u00f3n a V\u00edctimas del Estado, encabezaron la inauguraci\u00f3n de tres murales conmemorativos en puntos estrat\u00e9gicos de la ciudad. Durante su intervenci\u00f3n, Tonantzin Fern\u00e1ndez destac\u00f3 que estas obras van m\u00e1s all\u00e1 del arte; representan el esfuerzo conjunto entre ciudadan\u00eda, gobierno&hellip;<\/p>\n<p class=\"excerpt-more\"><a class=\"blog-excerpt button\" href=\"https:\/\/www.aliadospuebla.com\/?p=104918\">Leer m\u00e1s&#8230;<\/a><\/p>\n","protected":false},"author":2,"featured_media":104919,"comment_status":"open","ping_status":"open","sticky":false,"template":"","format":"standard","meta":{"_monsterinsights_skip_tracking":false,"footnotes":""},"categories":[4],"tags":[27378,29049,29051,29048,29050,387,7394],"class_list":["post-104918","post","type-post","status-publish","format-standard","has-post-thumbnail","hentry","category-municipios","tag-casas-carmen-serdan","tag-liz-gallegos","tag-mtra-lupita-fernandez","tag-murales-con-alma","tag-rechazo-a-la-violencia","tag-san-pedro-cholula","tag-tonantzin-fernandez"],"yoast_head":"<!-- This site is optimized with the Yoast SEO plugin v28.4 - https:\/\/yoast.com\/product\/yoast-seo-wordpress\/ -->\n<title>Murales con alma: San Pedro Cholula alza la voz por las mujeres - AliadosPuebla<\/title>\n<meta name=\"robots\" content=\"index, follow, max-snippet:-1, max-image-preview:large, max-video-preview:-1\" \/>\n<link rel=\"canonical\" href=\"https:\/\/www.aliadospuebla.com\/?p=104918\" \/>\n<meta property=\"og:locale\" content=\"es_ES\" \/>\n<meta property=\"og:type\" content=\"article\" \/>\n<meta property=\"og:title\" content=\"Murales con alma: San Pedro Cholula alza la voz por las mujeres - AliadosPuebla\" \/>\n<meta property=\"og:description\" content=\"De la mano de Tonantzin Fern\u00e1ndez, Cholula abraza el arte como voz colectiva para honrar a las mujeres y reafirmar el compromiso de construir un futuro libre de violencia. San Pedro Cholula, Pue. \u2014 En el marco del D\u00eda Naranja, San Pedro Cholula se sum\u00f3 a la estrategia impulsada por el Gobernador Alejandro Armenta, con acciones concretas para generar conciencia y erradicar la violencia contra las mujeres. Como parte de esta iniciativa, la Presidenta Municipal, Tonantzin Fern\u00e1ndez, junto con Liz Gallegos, titular de la Comisi\u00f3n de Atenci\u00f3n a V\u00edctimas del Estado, encabezaron la inauguraci\u00f3n de tres murales conmemorativos en puntos estrat\u00e9gicos de la ciudad. Durante su intervenci\u00f3n, Tonantzin Fern\u00e1ndez destac\u00f3 que estas obras van m\u00e1s all\u00e1 del arte; representan el esfuerzo conjunto entre ciudadan\u00eda, gobierno&hellip;Leer m\u00e1s...\" \/>\n<meta property=\"og:url\" content=\"https:\/\/www.aliadospuebla.com\/?p=104918\" \/>\n<meta property=\"og:site_name\" content=\"AliadosPuebla\" \/>\n<meta property=\"article:author\" content=\"https:\/\/www.facebook.com\/Aliados17Pue\" \/>\n<meta property=\"article:published_time\" content=\"2025-04-25T23:55:43+00:00\" \/>\n<meta property=\"og:image\" content=\"https:\/\/www.aliadospuebla.com\/web2017\/wp-content\/uploads\/2025\/04\/307.jpg\" \/>\n\t<meta property=\"og:image:width\" content=\"600\" \/>\n\t<meta property=\"og:image:height\" content=\"450\" \/>\n\t<meta property=\"og:image:type\" content=\"image\/jpeg\" \/>\n<meta name=\"author\" content=\"Aliados17\" \/>\n<meta name=\"twitter:card\" content=\"summary_large_image\" \/>\n<meta name=\"twitter:creator\" content=\"@AliadosPuebla\" \/>\n<meta name=\"twitter:label1\" content=\"Escrito por\" \/>\n\t<meta name=\"twitter:data1\" content=\"Aliados17\" \/>\n\t<meta name=\"twitter:label2\" content=\"Tiempo de lectura\" \/>\n\t<meta name=\"twitter:data2\" content=\"2 minutos\" \/>\n<script type=\"application\/ld+json\" class=\"yoast-schema-graph\">{\"@context\":\"https:\\\/\\\/schema.org\",\"@graph\":[{\"@type\":\"Article\",\"@id\":\"https:\\\/\\\/www.aliadospuebla.com\\\/?p=104918#article\",\"isPartOf\":{\"@id\":\"https:\\\/\\\/www.aliadospuebla.com\\\/?p=104918\"},\"author\":{\"name\":\"Aliados17\",\"@id\":\"https:\\\/\\\/www.aliadospuebla.com\\\/#\\\/schema\\\/person\\\/5da7dd09320bd4f392b710017ed5f8ad\"},\"headline\":\"Murales con alma: San Pedro Cholula alza la voz por las mujeres\",\"datePublished\":\"2025-04-25T23:55:43+00:00\",\"mainEntityOfPage\":{\"@id\":\"https:\\\/\\\/www.aliadospuebla.com\\\/?p=104918\"},\"wordCount\":447,\"commentCount\":0,\"image\":{\"@id\":\"https:\\\/\\\/www.aliadospuebla.com\\\/?p=104918#primaryimage\"},\"thumbnailUrl\":\"https:\\\/\\\/www.aliadospuebla.com\\\/web2017\\\/wp-content\\\/uploads\\\/2025\\\/04\\\/307.jpg\",\"keywords\":[\"Casas Carmen Serd\u00e1n\",\"Liz Gallegos\",\"Mtra. Lupita Fern\u00e1ndez\",\"Murales con alma\",\"rechazo a la violencia\",\"SAN PEDRO CHOLULA\",\"TONANTZIN FERN\u00c1NDEZ\"],\"articleSection\":[\"Municipios\"],\"inLanguage\":\"es\",\"potentialAction\":[{\"@type\":\"CommentAction\",\"name\":\"Comment\",\"target\":[\"https:\\\/\\\/www.aliadospuebla.com\\\/?p=104918#respond\"]}]},{\"@type\":\"WebPage\",\"@id\":\"https:\\\/\\\/www.aliadospuebla.com\\\/?p=104918\",\"url\":\"https:\\\/\\\/www.aliadospuebla.com\\\/?p=104918\",\"name\":\"Murales con alma: San Pedro Cholula alza la voz por las mujeres - AliadosPuebla\",\"isPartOf\":{\"@id\":\"https:\\\/\\\/www.aliadospuebla.com\\\/#website\"},\"primaryImageOfPage\":{\"@id\":\"https:\\\/\\\/www.aliadospuebla.com\\\/?p=104918#primaryimage\"},\"image\":{\"@id\":\"https:\\\/\\\/www.aliadospuebla.com\\\/?p=104918#primaryimage\"},\"thumbnailUrl\":\"https:\\\/\\\/www.aliadospuebla.com\\\/web2017\\\/wp-content\\\/uploads\\\/2025\\\/04\\\/307.jpg\",\"datePublished\":\"2025-04-25T23:55:43+00:00\",\"author\":{\"@id\":\"https:\\\/\\\/www.aliadospuebla.com\\\/#\\\/schema\\\/person\\\/5da7dd09320bd4f392b710017ed5f8ad\"},\"breadcrumb\":{\"@id\":\"https:\\\/\\\/www.aliadospuebla.com\\\/?p=104918#breadcrumb\"},\"inLanguage\":\"es\",\"potentialAction\":[{\"@type\":\"ReadAction\",\"target\":[\"https:\\\/\\\/www.aliadospuebla.com\\\/?p=104918\"]}]},{\"@type\":\"ImageObject\",\"inLanguage\":\"es\",\"@id\":\"https:\\\/\\\/www.aliadospuebla.com\\\/?p=104918#primaryimage\",\"url\":\"https:\\\/\\\/www.aliadospuebla.com\\\/web2017\\\/wp-content\\\/uploads\\\/2025\\\/04\\\/307.jpg\",\"contentUrl\":\"https:\\\/\\\/www.aliadospuebla.com\\\/web2017\\\/wp-content\\\/uploads\\\/2025\\\/04\\\/307.jpg\",\"width\":600,\"height\":450},{\"@type\":\"BreadcrumbList\",\"@id\":\"https:\\\/\\\/www.aliadospuebla.com\\\/?p=104918#breadcrumb\",\"itemListElement\":[{\"@type\":\"ListItem\",\"position\":1,\"name\":\"Portada\",\"item\":\"https:\\\/\\\/www.aliadospuebla.com\\\/\"},{\"@type\":\"ListItem\",\"position\":2,\"name\":\"Murales con alma: San Pedro Cholula alza la voz por las mujeres\"}]},{\"@type\":\"WebSite\",\"@id\":\"https:\\\/\\\/www.aliadospuebla.com\\\/#website\",\"url\":\"https:\\\/\\\/www.aliadospuebla.com\\\/\",\"name\":\"AliadosPuebla\",\"description\":\"La informaci\u00f3n en tus manos\",\"potentialAction\":[{\"@type\":\"SearchAction\",\"target\":{\"@type\":\"EntryPoint\",\"urlTemplate\":\"https:\\\/\\\/www.aliadospuebla.com\\\/?s={search_term_string}\"},\"query-input\":{\"@type\":\"PropertyValueSpecification\",\"valueRequired\":true,\"valueName\":\"search_term_string\"}}],\"inLanguage\":\"es\"},{\"@type\":\"Person\",\"@id\":\"https:\\\/\\\/www.aliadospuebla.com\\\/#\\\/schema\\\/person\\\/5da7dd09320bd4f392b710017ed5f8ad\",\"name\":\"Aliados17\",\"image\":{\"@type\":\"ImageObject\",\"inLanguage\":\"es\",\"@id\":\"https:\\\/\\\/www.aliadospuebla.com\\\/web2017\\\/wp-content\\\/uploads\\\/2025\\\/03\\\/cropped-para-perfil-8-anos-1-96x96.jpg\",\"url\":\"https:\\\/\\\/www.aliadospuebla.com\\\/web2017\\\/wp-content\\\/uploads\\\/2025\\\/03\\\/cropped-para-perfil-8-anos-1-96x96.jpg\",\"contentUrl\":\"https:\\\/\\\/www.aliadospuebla.com\\\/web2017\\\/wp-content\\\/uploads\\\/2025\\\/03\\\/cropped-para-perfil-8-anos-1-96x96.jpg\",\"caption\":\"Aliados17\"},\"sameAs\":[\"https:\\\/\\\/www.aliados17.com\",\"https:\\\/\\\/www.facebook.com\\\/Aliados17Pue\",\"https:\\\/\\\/x.com\\\/AliadosPuebla\"],\"url\":\"https:\\\/\\\/www.aliadospuebla.com\\\/?author=2\"}]}<\/script>\n<!-- \/ Yoast SEO plugin. -->","yoast_head_json":{"title":"Murales con alma: San Pedro Cholula alza la voz por las mujeres - AliadosPuebla","robots":{"index":"index","follow":"follow","max-snippet":"max-snippet:-1","max-image-preview":"max-image-preview:large","max-video-preview":"max-video-preview:-1"},"canonical":"https:\/\/www.aliadospuebla.com\/?p=104918","og_locale":"es_ES","og_type":"article","og_title":"Murales con alma: San Pedro Cholula alza la voz por las mujeres - AliadosPuebla","og_description":"De la mano de Tonantzin Fern\u00e1ndez, Cholula abraza el arte como voz colectiva para honrar a las mujeres y reafirmar el compromiso de construir un futuro libre de violencia. San Pedro Cholula, Pue. \u2014 En el marco del D\u00eda Naranja, San Pedro Cholula se sum\u00f3 a la estrategia impulsada por el Gobernador Alejandro Armenta, con acciones concretas para generar conciencia y erradicar la violencia contra las mujeres. Como parte de esta iniciativa, la Presidenta Municipal, Tonantzin Fern\u00e1ndez, junto con Liz Gallegos, titular de la Comisi\u00f3n de Atenci\u00f3n a V\u00edctimas del Estado, encabezaron la inauguraci\u00f3n de tres murales conmemorativos en puntos estrat\u00e9gicos de la ciudad. Durante su intervenci\u00f3n, Tonantzin Fern\u00e1ndez destac\u00f3 que estas obras van m\u00e1s all\u00e1 del arte; representan el esfuerzo conjunto entre ciudadan\u00eda, gobierno&hellip;Leer m\u00e1s...","og_url":"https:\/\/www.aliadospuebla.com\/?p=104918","og_site_name":"AliadosPuebla","article_author":"https:\/\/www.facebook.com\/Aliados17Pue","article_published_time":"2025-04-25T23:55:43+00:00","og_image":[{"width":600,"height":450,"url":"https:\/\/www.aliadospuebla.com\/web2017\/wp-content\/uploads\/2025\/04\/307.jpg","type":"image\/jpeg"}],"author":"Aliados17","twitter_card":"summary_large_image","twitter_creator":"@AliadosPuebla","twitter_misc":{"Escrito por":"Aliados17","Tiempo de lectura":"2 minutos"},"schema":{"@context":"https:\/\/schema.org","@graph":[{"@type":"Article","@id":"https:\/\/www.aliadospuebla.com\/?p=104918#article","isPartOf":{"@id":"https:\/\/www.aliadospuebla.com\/?p=104918"},"author":{"name":"Aliados17","@id":"https:\/\/www.aliadospuebla.com\/#\/schema\/person\/5da7dd09320bd4f392b710017ed5f8ad"},"headline":"Murales con alma: San Pedro Cholula alza la voz por las mujeres","datePublished":"2025-04-25T23:55:43+00:00","mainEntityOfPage":{"@id":"https:\/\/www.aliadospuebla.com\/?p=104918"},"wordCount":447,"commentCount":0,"image":{"@id":"https:\/\/www.aliadospuebla.com\/?p=104918#primaryimage"},"thumbnailUrl":"https:\/\/www.aliadospuebla.com\/web2017\/wp-content\/uploads\/2025\/04\/307.jpg","keywords":["Casas Carmen Serd\u00e1n","Liz Gallegos","Mtra. Lupita Fern\u00e1ndez","Murales con alma","rechazo a la violencia","SAN PEDRO CHOLULA","TONANTZIN FERN\u00c1NDEZ"],"articleSection":["Municipios"],"inLanguage":"es","potentialAction":[{"@type":"CommentAction","name":"Comment","target":["https:\/\/www.aliadospuebla.com\/?p=104918#respond"]}]},{"@type":"WebPage","@id":"https:\/\/www.aliadospuebla.com\/?p=104918","url":"https:\/\/www.aliadospuebla.com\/?p=104918","name":"Murales con alma: San Pedro Cholula alza la voz por las mujeres - AliadosPuebla","isPartOf":{"@id":"https:\/\/www.aliadospuebla.com\/#website"},"primaryImageOfPage":{"@id":"https:\/\/www.aliadospuebla.com\/?p=104918#primaryimage"},"image":{"@id":"https:\/\/www.aliadospuebla.com\/?p=104918#primaryimage"},"thumbnailUrl":"https:\/\/www.aliadospuebla.com\/web2017\/wp-content\/uploads\/2025\/04\/307.jpg","datePublished":"2025-04-25T23:55:43+00:00","author":{"@id":"https:\/\/www.aliadospuebla.com\/#\/schema\/person\/5da7dd09320bd4f392b710017ed5f8ad"},"breadcrumb":{"@id":"https:\/\/www.aliadospuebla.com\/?p=104918#breadcrumb"},"inLanguage":"es","potentialAction":[{"@type":"ReadAction","target":["https:\/\/www.aliadospuebla.com\/?p=104918"]}]},{"@type":"ImageObject","inLanguage":"es","@id":"https:\/\/www.aliadospuebla.com\/?p=104918#primaryimage","url":"https:\/\/www.aliadospuebla.com\/web2017\/wp-content\/uploads\/2025\/04\/307.jpg","contentUrl":"https:\/\/www.aliadospuebla.com\/web2017\/wp-content\/uploads\/2025\/04\/307.jpg","width":600,"height":450},{"@type":"BreadcrumbList","@id":"https:\/\/www.aliadospuebla.com\/?p=104918#breadcrumb","itemListElement":[{"@type":"ListItem","position":1,"name":"Portada","item":"https:\/\/www.aliadospuebla.com\/"},{"@type":"ListItem","position":2,"name":"Murales con alma: San Pedro Cholula alza la voz por las mujeres"}]},{"@type":"WebSite","@id":"https:\/\/www.aliadospuebla.com\/#website","url":"https:\/\/www.aliadospuebla.com\/","name":"AliadosPuebla","description":"La informaci\u00f3n en tus manos","potentialAction":[{"@type":"SearchAction","target":{"@type":"EntryPoint","urlTemplate":"https:\/\/www.aliadospuebla.com\/?s={search_term_string}"},"query-input":{"@type":"PropertyValueSpecification","valueRequired":true,"valueName":"search_term_string"}}],"inLanguage":"es"},{"@type":"Person","@id":"https:\/\/www.aliadospuebla.com\/#\/schema\/person\/5da7dd09320bd4f392b710017ed5f8ad","name":"Aliados17","image":{"@type":"ImageObject","inLanguage":"es","@id":"https:\/\/www.aliadospuebla.com\/web2017\/wp-content\/uploads\/2025\/03\/cropped-para-perfil-8-anos-1-96x96.jpg","url":"https:\/\/www.aliadospuebla.com\/web2017\/wp-content\/uploads\/2025\/03\/cropped-para-perfil-8-anos-1-96x96.jpg","contentUrl":"https:\/\/www.aliadospuebla.com\/web2017\/wp-content\/uploads\/2025\/03\/cropped-para-perfil-8-anos-1-96x96.jpg","caption":"Aliados17"},"sameAs":["https:\/\/www.aliados17.com","https:\/\/www.facebook.com\/Aliados17Pue","https:\/\/x.com\/AliadosPuebla"],"url":"https:\/\/www.aliadospuebla.com\/?author=2"}]}},"views":4,"_links":{"self":[{"href":"https:\/\/www.aliadospuebla.com\/index.php?rest_route=\/wp\/v2\/posts\/104918","targetHints":{"allow":["GET"]}}],"collection":[{"href":"https:\/\/www.aliadospuebla.com\/index.php?rest_route=\/wp\/v2\/posts"}],"about":[{"href":"https:\/\/www.aliadospuebla.com\/index.php?rest_route=\/wp\/v2\/types\/post"}],"author":[{"embeddable":true,"href":"https:\/\/www.aliadospuebla.com\/index.php?rest_route=\/wp\/v2\/users\/2"}],"replies":[{"embeddable":true,"href":"https:\/\/www.aliadospuebla.com\/index.php?rest_route=%2Fwp%2Fv2%2Fcomments&post=104918"}],"version-history":[{"count":1,"href":"https:\/\/www.aliadospuebla.com\/index.php?rest_route=\/wp\/v2\/posts\/104918\/revisions"}],"predecessor-version":[{"id":104920,"href":"https:\/\/www.aliadospuebla.com\/index.php?rest_route=\/wp\/v2\/posts\/104918\/revisions\/104920"}],"wp:featuredmedia":[{"embeddable":true,"href":"https:\/\/www.aliadospuebla.com\/index.php?rest_route=\/wp\/v2\/media\/104919"}],"wp:attachment":[{"href":"https:\/\/www.aliadospuebla.com\/index.php?rest_route=%2Fwp%2Fv2%2Fmedia&parent=104918"}],"wp:term":[{"taxonomy":"category","embeddable":true,"href":"https:\/\/www.aliadospuebla.com\/index.php?rest_route=%2Fwp%2Fv2%2Fcategories&post=104918"},{"taxonomy":"post_tag","embeddable":true,"href":"https:\/\/www.aliadospuebla.com\/index.php?rest_route=%2Fwp%2Fv2%2Ftags&post=104918"}],"curies":[{"name":"wp","href":"https:\/\/api.w.org\/{rel}","templated":true}]}}