{"id":104816,"date":"2025-04-23T15:04:23","date_gmt":"2025-04-23T21:04:23","guid":{"rendered":"https:\/\/www.aliadospuebla.com\/?p=104816"},"modified":"2025-04-23T15:04:23","modified_gmt":"2025-04-23T21:04:23","slug":"renuevan-el-parque-de-la-ninez-cholulteca-un-espacio-digno-para-las-infancias","status":"publish","type":"post","link":"https:\/\/www.aliadospuebla.com\/?p=104816","title":{"rendered":"Renuevan el Parque de la Ni\u00f1ez Cholulteca: un espacio digno para las infancias"},"content":{"rendered":"<h4>Gobierno de Cholula y Grupo Oxxo suman esfuerzos en favor de ni\u00f1as y ni\u00f1os<\/h4>\n<p>San Pedro Cholula, Pue.\u2014 El Parque de la Ni\u00f1ez Cholulteca, ubicado en el coraz\u00f3n del Z\u00f3calo de San Pedro Cholula,<\/p>\n<p>vuelve a brillar gracias a la rehabilitaci\u00f3n impulsada por el Gobierno Municipal, encabezado por Tonantzin Fern\u00e1ndez,<\/p>\n<p>en colaboraci\u00f3n con Grupo Oxxo.<\/p>\n<p>Este esfuerzo conjunto entre la iniciativa privada y el gobierno local tiene como objetivo brindar espacios seguros y adecuados para el sano desarrollo de la ni\u00f1ez y juventud cholulteca. El parque, que por a\u00f1os fue utilizado a pesar de sus malas condiciones, representaba un riesgo para los menores que lo visitaban d\u00eda con d\u00eda.<\/p>\n<p>Durante la entrega oficial, representantes de Grupo Oxxo se\u00f1alaron que, como empresa socialmente responsable, sumarse a este proyecto fue una decisi\u00f3n natural, ya que el lugar recibe diariamente a decenas de familias, y su estado exig\u00eda atenci\u00f3n urgente.<\/p>\n<p>La presidenta municipal celebr\u00f3 esta alianza como ejemplo de c\u00f3mo sociedad, empresas y gobierno pueden trabajar juntos por el bienestar com\u00fan. Destac\u00f3 que este tipo de acciones ayudan a reconstruir el tejido social y fortalecer los lazos familiares, agradeciendo especialmente el compromiso de Grupo Oxxo con la comunidad.<\/p>\n<p>Entre las mejoras realizadas destacan la instalaci\u00f3n de nuevo c\u00e9sped artificial, la restauraci\u00f3n y pintura de los juegos existentes, y la sustituci\u00f3n de aquellos que representaban un riesgo, garantizando as\u00ed un espacio m\u00e1s seguro y funcional para los peque\u00f1os.<\/p>\n<p>Con esta rehabilitaci\u00f3n, el Parque de la Ni\u00f1ez Cholulteca se reafirma como un punto de encuentro emblem\u00e1tico y seguro para miles de ni\u00f1as y ni\u00f1os de San Pedro Cholula.<\/p>\n","protected":false},"excerpt":{"rendered":"<p>Gobierno de Cholula y Grupo Oxxo suman esfuerzos en favor de ni\u00f1as y ni\u00f1os San Pedro Cholula, Pue.\u2014 El Parque de la Ni\u00f1ez Cholulteca, ubicado en el coraz\u00f3n del Z\u00f3calo de San Pedro Cholula, vuelve a brillar gracias a la rehabilitaci\u00f3n impulsada por el Gobierno Municipal, encabezado por Tonantzin Fern\u00e1ndez, en colaboraci\u00f3n con Grupo Oxxo. Este esfuerzo conjunto entre la iniciativa privada y el gobierno local tiene como objetivo brindar espacios seguros y adecuados para el sano desarrollo de la ni\u00f1ez y juventud cholulteca. El parque, que por a\u00f1os fue utilizado a pesar de sus malas condiciones, representaba un riesgo para los menores que lo visitaban d\u00eda con d\u00eda. Durante la entrega oficial, representantes de Grupo Oxxo se\u00f1alaron que, como empresa socialmente responsable, sumarse a&hellip;<\/p>\n<p class=\"excerpt-more\"><a class=\"blog-excerpt button\" href=\"https:\/\/www.aliadospuebla.com\/?p=104816\">Leer m\u00e1s&#8230;<\/a><\/p>\n","protected":false},"author":2,"featured_media":104817,"comment_status":"open","ping_status":"open","sticky":false,"template":"","format":"standard","meta":{"_monsterinsights_skip_tracking":false,"footnotes":""},"categories":[4],"tags":[15258,29003,29002,387,7394],"class_list":["post-104816","post","type-post","status-publish","format-standard","has-post-thumbnail","hentry","category-municipios","tag-espacios-seguros","tag-grupo-oxxo","tag-parque-de-la-ninez-cholulteca","tag-san-pedro-cholula","tag-tonantzin-fernandez"],"yoast_head":"<!-- This site is optimized with the Yoast SEO plugin v28.4 - https:\/\/yoast.com\/product\/yoast-seo-wordpress\/ -->\n<title>Renuevan el Parque de la Ni\u00f1ez Cholulteca: un espacio digno para las infancias - AliadosPuebla<\/title>\n<meta name=\"robots\" content=\"index, follow, max-snippet:-1, max-image-preview:large, max-video-preview:-1\" \/>\n<link rel=\"canonical\" href=\"https:\/\/www.aliadospuebla.com\/?p=104816\" \/>\n<meta property=\"og:locale\" content=\"es_ES\" \/>\n<meta property=\"og:type\" content=\"article\" \/>\n<meta property=\"og:title\" content=\"Renuevan el Parque de la Ni\u00f1ez Cholulteca: un espacio digno para las infancias - AliadosPuebla\" \/>\n<meta property=\"og:description\" content=\"Gobierno de Cholula y Grupo Oxxo suman esfuerzos en favor de ni\u00f1as y ni\u00f1os San Pedro Cholula, Pue.\u2014 El Parque de la Ni\u00f1ez Cholulteca, ubicado en el coraz\u00f3n del Z\u00f3calo de San Pedro Cholula, vuelve a brillar gracias a la rehabilitaci\u00f3n impulsada por el Gobierno Municipal, encabezado por Tonantzin Fern\u00e1ndez, en colaboraci\u00f3n con Grupo Oxxo. Este esfuerzo conjunto entre la iniciativa privada y el gobierno local tiene como objetivo brindar espacios seguros y adecuados para el sano desarrollo de la ni\u00f1ez y juventud cholulteca. El parque, que por a\u00f1os fue utilizado a pesar de sus malas condiciones, representaba un riesgo para los menores que lo visitaban d\u00eda con d\u00eda. Durante la entrega oficial, representantes de Grupo Oxxo se\u00f1alaron que, como empresa socialmente responsable, sumarse a&hellip;Leer m\u00e1s...\" \/>\n<meta property=\"og:url\" content=\"https:\/\/www.aliadospuebla.com\/?p=104816\" \/>\n<meta property=\"og:site_name\" content=\"AliadosPuebla\" \/>\n<meta property=\"article:author\" content=\"https:\/\/www.facebook.com\/Aliados17Pue\" \/>\n<meta property=\"article:published_time\" content=\"2025-04-23T21:04:23+00:00\" \/>\n<meta property=\"og:image\" content=\"https:\/\/www.aliadospuebla.com\/web2017\/wp-content\/uploads\/2025\/04\/275.jpg\" \/>\n\t<meta property=\"og:image:width\" content=\"600\" \/>\n\t<meta property=\"og:image:height\" content=\"450\" \/>\n\t<meta property=\"og:image:type\" content=\"image\/jpeg\" \/>\n<meta name=\"author\" content=\"Aliados17\" \/>\n<meta name=\"twitter:card\" content=\"summary_large_image\" \/>\n<meta name=\"twitter:creator\" content=\"@AliadosPuebla\" \/>\n<meta name=\"twitter:label1\" content=\"Escrito por\" \/>\n\t<meta name=\"twitter:data1\" content=\"Aliados17\" \/>\n\t<meta name=\"twitter:label2\" content=\"Tiempo de lectura\" \/>\n\t<meta name=\"twitter:data2\" content=\"2 minutos\" \/>\n<script type=\"application\/ld+json\" class=\"yoast-schema-graph\">{\"@context\":\"https:\\\/\\\/schema.org\",\"@graph\":[{\"@type\":\"Article\",\"@id\":\"https:\\\/\\\/www.aliadospuebla.com\\\/?p=104816#article\",\"isPartOf\":{\"@id\":\"https:\\\/\\\/www.aliadospuebla.com\\\/?p=104816\"},\"author\":{\"name\":\"Aliados17\",\"@id\":\"https:\\\/\\\/www.aliadospuebla.com\\\/#\\\/schema\\\/person\\\/5da7dd09320bd4f392b710017ed5f8ad\"},\"headline\":\"Renuevan el Parque de la Ni\u00f1ez Cholulteca: un espacio digno para las infancias\",\"datePublished\":\"2025-04-23T21:04:23+00:00\",\"mainEntityOfPage\":{\"@id\":\"https:\\\/\\\/www.aliadospuebla.com\\\/?p=104816\"},\"wordCount\":306,\"commentCount\":0,\"image\":{\"@id\":\"https:\\\/\\\/www.aliadospuebla.com\\\/?p=104816#primaryimage\"},\"thumbnailUrl\":\"https:\\\/\\\/www.aliadospuebla.com\\\/web2017\\\/wp-content\\\/uploads\\\/2025\\\/04\\\/275.jpg\",\"keywords\":[\"espacios seguros\",\"Grupo Oxxo\",\"Parque de la Ni\u00f1ez Cholulteca\",\"SAN PEDRO CHOLULA\",\"TONANTZIN FERN\u00c1NDEZ\"],\"articleSection\":[\"Municipios\"],\"inLanguage\":\"es\",\"potentialAction\":[{\"@type\":\"CommentAction\",\"name\":\"Comment\",\"target\":[\"https:\\\/\\\/www.aliadospuebla.com\\\/?p=104816#respond\"]}]},{\"@type\":\"WebPage\",\"@id\":\"https:\\\/\\\/www.aliadospuebla.com\\\/?p=104816\",\"url\":\"https:\\\/\\\/www.aliadospuebla.com\\\/?p=104816\",\"name\":\"Renuevan el Parque de la Ni\u00f1ez Cholulteca: un espacio digno para las infancias - AliadosPuebla\",\"isPartOf\":{\"@id\":\"https:\\\/\\\/www.aliadospuebla.com\\\/#website\"},\"primaryImageOfPage\":{\"@id\":\"https:\\\/\\\/www.aliadospuebla.com\\\/?p=104816#primaryimage\"},\"image\":{\"@id\":\"https:\\\/\\\/www.aliadospuebla.com\\\/?p=104816#primaryimage\"},\"thumbnailUrl\":\"https:\\\/\\\/www.aliadospuebla.com\\\/web2017\\\/wp-content\\\/uploads\\\/2025\\\/04\\\/275.jpg\",\"datePublished\":\"2025-04-23T21:04:23+00:00\",\"author\":{\"@id\":\"https:\\\/\\\/www.aliadospuebla.com\\\/#\\\/schema\\\/person\\\/5da7dd09320bd4f392b710017ed5f8ad\"},\"breadcrumb\":{\"@id\":\"https:\\\/\\\/www.aliadospuebla.com\\\/?p=104816#breadcrumb\"},\"inLanguage\":\"es\",\"potentialAction\":[{\"@type\":\"ReadAction\",\"target\":[\"https:\\\/\\\/www.aliadospuebla.com\\\/?p=104816\"]}]},{\"@type\":\"ImageObject\",\"inLanguage\":\"es\",\"@id\":\"https:\\\/\\\/www.aliadospuebla.com\\\/?p=104816#primaryimage\",\"url\":\"https:\\\/\\\/www.aliadospuebla.com\\\/web2017\\\/wp-content\\\/uploads\\\/2025\\\/04\\\/275.jpg\",\"contentUrl\":\"https:\\\/\\\/www.aliadospuebla.com\\\/web2017\\\/wp-content\\\/uploads\\\/2025\\\/04\\\/275.jpg\",\"width\":600,\"height\":450},{\"@type\":\"BreadcrumbList\",\"@id\":\"https:\\\/\\\/www.aliadospuebla.com\\\/?p=104816#breadcrumb\",\"itemListElement\":[{\"@type\":\"ListItem\",\"position\":1,\"name\":\"Portada\",\"item\":\"https:\\\/\\\/www.aliadospuebla.com\\\/\"},{\"@type\":\"ListItem\",\"position\":2,\"name\":\"Renuevan el Parque de la Ni\u00f1ez Cholulteca: un espacio digno para las infancias\"}]},{\"@type\":\"WebSite\",\"@id\":\"https:\\\/\\\/www.aliadospuebla.com\\\/#website\",\"url\":\"https:\\\/\\\/www.aliadospuebla.com\\\/\",\"name\":\"AliadosPuebla\",\"description\":\"La informaci\u00f3n en tus manos\",\"potentialAction\":[{\"@type\":\"SearchAction\",\"target\":{\"@type\":\"EntryPoint\",\"urlTemplate\":\"https:\\\/\\\/www.aliadospuebla.com\\\/?s={search_term_string}\"},\"query-input\":{\"@type\":\"PropertyValueSpecification\",\"valueRequired\":true,\"valueName\":\"search_term_string\"}}],\"inLanguage\":\"es\"},{\"@type\":\"Person\",\"@id\":\"https:\\\/\\\/www.aliadospuebla.com\\\/#\\\/schema\\\/person\\\/5da7dd09320bd4f392b710017ed5f8ad\",\"name\":\"Aliados17\",\"image\":{\"@type\":\"ImageObject\",\"inLanguage\":\"es\",\"@id\":\"https:\\\/\\\/www.aliadospuebla.com\\\/web2017\\\/wp-content\\\/uploads\\\/2025\\\/03\\\/cropped-para-perfil-8-anos-1-96x96.jpg\",\"url\":\"https:\\\/\\\/www.aliadospuebla.com\\\/web2017\\\/wp-content\\\/uploads\\\/2025\\\/03\\\/cropped-para-perfil-8-anos-1-96x96.jpg\",\"contentUrl\":\"https:\\\/\\\/www.aliadospuebla.com\\\/web2017\\\/wp-content\\\/uploads\\\/2025\\\/03\\\/cropped-para-perfil-8-anos-1-96x96.jpg\",\"caption\":\"Aliados17\"},\"sameAs\":[\"https:\\\/\\\/www.aliados17.com\",\"https:\\\/\\\/www.facebook.com\\\/Aliados17Pue\",\"https:\\\/\\\/x.com\\\/AliadosPuebla\"],\"url\":\"https:\\\/\\\/www.aliadospuebla.com\\\/?author=2\"}]}<\/script>\n<!-- \/ Yoast SEO plugin. -->","yoast_head_json":{"title":"Renuevan el Parque de la Ni\u00f1ez Cholulteca: un espacio digno para las infancias - AliadosPuebla","robots":{"index":"index","follow":"follow","max-snippet":"max-snippet:-1","max-image-preview":"max-image-preview:large","max-video-preview":"max-video-preview:-1"},"canonical":"https:\/\/www.aliadospuebla.com\/?p=104816","og_locale":"es_ES","og_type":"article","og_title":"Renuevan el Parque de la Ni\u00f1ez Cholulteca: un espacio digno para las infancias - AliadosPuebla","og_description":"Gobierno de Cholula y Grupo Oxxo suman esfuerzos en favor de ni\u00f1as y ni\u00f1os San Pedro Cholula, Pue.\u2014 El Parque de la Ni\u00f1ez Cholulteca, ubicado en el coraz\u00f3n del Z\u00f3calo de San Pedro Cholula, vuelve a brillar gracias a la rehabilitaci\u00f3n impulsada por el Gobierno Municipal, encabezado por Tonantzin Fern\u00e1ndez, en colaboraci\u00f3n con Grupo Oxxo. Este esfuerzo conjunto entre la iniciativa privada y el gobierno local tiene como objetivo brindar espacios seguros y adecuados para el sano desarrollo de la ni\u00f1ez y juventud cholulteca. El parque, que por a\u00f1os fue utilizado a pesar de sus malas condiciones, representaba un riesgo para los menores que lo visitaban d\u00eda con d\u00eda. Durante la entrega oficial, representantes de Grupo Oxxo se\u00f1alaron que, como empresa socialmente responsable, sumarse a&hellip;Leer m\u00e1s...","og_url":"https:\/\/www.aliadospuebla.com\/?p=104816","og_site_name":"AliadosPuebla","article_author":"https:\/\/www.facebook.com\/Aliados17Pue","article_published_time":"2025-04-23T21:04:23+00:00","og_image":[{"width":600,"height":450,"url":"https:\/\/www.aliadospuebla.com\/web2017\/wp-content\/uploads\/2025\/04\/275.jpg","type":"image\/jpeg"}],"author":"Aliados17","twitter_card":"summary_large_image","twitter_creator":"@AliadosPuebla","twitter_misc":{"Escrito por":"Aliados17","Tiempo de lectura":"2 minutos"},"schema":{"@context":"https:\/\/schema.org","@graph":[{"@type":"Article","@id":"https:\/\/www.aliadospuebla.com\/?p=104816#article","isPartOf":{"@id":"https:\/\/www.aliadospuebla.com\/?p=104816"},"author":{"name":"Aliados17","@id":"https:\/\/www.aliadospuebla.com\/#\/schema\/person\/5da7dd09320bd4f392b710017ed5f8ad"},"headline":"Renuevan el Parque de la Ni\u00f1ez Cholulteca: un espacio digno para las infancias","datePublished":"2025-04-23T21:04:23+00:00","mainEntityOfPage":{"@id":"https:\/\/www.aliadospuebla.com\/?p=104816"},"wordCount":306,"commentCount":0,"image":{"@id":"https:\/\/www.aliadospuebla.com\/?p=104816#primaryimage"},"thumbnailUrl":"https:\/\/www.aliadospuebla.com\/web2017\/wp-content\/uploads\/2025\/04\/275.jpg","keywords":["espacios seguros","Grupo Oxxo","Parque de la Ni\u00f1ez Cholulteca","SAN PEDRO CHOLULA","TONANTZIN FERN\u00c1NDEZ"],"articleSection":["Municipios"],"inLanguage":"es","potentialAction":[{"@type":"CommentAction","name":"Comment","target":["https:\/\/www.aliadospuebla.com\/?p=104816#respond"]}]},{"@type":"WebPage","@id":"https:\/\/www.aliadospuebla.com\/?p=104816","url":"https:\/\/www.aliadospuebla.com\/?p=104816","name":"Renuevan el Parque de la Ni\u00f1ez Cholulteca: un espacio digno para las infancias - AliadosPuebla","isPartOf":{"@id":"https:\/\/www.aliadospuebla.com\/#website"},"primaryImageOfPage":{"@id":"https:\/\/www.aliadospuebla.com\/?p=104816#primaryimage"},"image":{"@id":"https:\/\/www.aliadospuebla.com\/?p=104816#primaryimage"},"thumbnailUrl":"https:\/\/www.aliadospuebla.com\/web2017\/wp-content\/uploads\/2025\/04\/275.jpg","datePublished":"2025-04-23T21:04:23+00:00","author":{"@id":"https:\/\/www.aliadospuebla.com\/#\/schema\/person\/5da7dd09320bd4f392b710017ed5f8ad"},"breadcrumb":{"@id":"https:\/\/www.aliadospuebla.com\/?p=104816#breadcrumb"},"inLanguage":"es","potentialAction":[{"@type":"ReadAction","target":["https:\/\/www.aliadospuebla.com\/?p=104816"]}]},{"@type":"ImageObject","inLanguage":"es","@id":"https:\/\/www.aliadospuebla.com\/?p=104816#primaryimage","url":"https:\/\/www.aliadospuebla.com\/web2017\/wp-content\/uploads\/2025\/04\/275.jpg","contentUrl":"https:\/\/www.aliadospuebla.com\/web2017\/wp-content\/uploads\/2025\/04\/275.jpg","width":600,"height":450},{"@type":"BreadcrumbList","@id":"https:\/\/www.aliadospuebla.com\/?p=104816#breadcrumb","itemListElement":[{"@type":"ListItem","position":1,"name":"Portada","item":"https:\/\/www.aliadospuebla.com\/"},{"@type":"ListItem","position":2,"name":"Renuevan el Parque de la Ni\u00f1ez Cholulteca: un espacio digno para las infancias"}]},{"@type":"WebSite","@id":"https:\/\/www.aliadospuebla.com\/#website","url":"https:\/\/www.aliadospuebla.com\/","name":"AliadosPuebla","description":"La informaci\u00f3n en tus manos","potentialAction":[{"@type":"SearchAction","target":{"@type":"EntryPoint","urlTemplate":"https:\/\/www.aliadospuebla.com\/?s={search_term_string}"},"query-input":{"@type":"PropertyValueSpecification","valueRequired":true,"valueName":"search_term_string"}}],"inLanguage":"es"},{"@type":"Person","@id":"https:\/\/www.aliadospuebla.com\/#\/schema\/person\/5da7dd09320bd4f392b710017ed5f8ad","name":"Aliados17","image":{"@type":"ImageObject","inLanguage":"es","@id":"https:\/\/www.aliadospuebla.com\/web2017\/wp-content\/uploads\/2025\/03\/cropped-para-perfil-8-anos-1-96x96.jpg","url":"https:\/\/www.aliadospuebla.com\/web2017\/wp-content\/uploads\/2025\/03\/cropped-para-perfil-8-anos-1-96x96.jpg","contentUrl":"https:\/\/www.aliadospuebla.com\/web2017\/wp-content\/uploads\/2025\/03\/cropped-para-perfil-8-anos-1-96x96.jpg","caption":"Aliados17"},"sameAs":["https:\/\/www.aliados17.com","https:\/\/www.facebook.com\/Aliados17Pue","https:\/\/x.com\/AliadosPuebla"],"url":"https:\/\/www.aliadospuebla.com\/?author=2"}]}},"views":26,"_links":{"self":[{"href":"https:\/\/www.aliadospuebla.com\/index.php?rest_route=\/wp\/v2\/posts\/104816","targetHints":{"allow":["GET"]}}],"collection":[{"href":"https:\/\/www.aliadospuebla.com\/index.php?rest_route=\/wp\/v2\/posts"}],"about":[{"href":"https:\/\/www.aliadospuebla.com\/index.php?rest_route=\/wp\/v2\/types\/post"}],"author":[{"embeddable":true,"href":"https:\/\/www.aliadospuebla.com\/index.php?rest_route=\/wp\/v2\/users\/2"}],"replies":[{"embeddable":true,"href":"https:\/\/www.aliadospuebla.com\/index.php?rest_route=%2Fwp%2Fv2%2Fcomments&post=104816"}],"version-history":[{"count":1,"href":"https:\/\/www.aliadospuebla.com\/index.php?rest_route=\/wp\/v2\/posts\/104816\/revisions"}],"predecessor-version":[{"id":104818,"href":"https:\/\/www.aliadospuebla.com\/index.php?rest_route=\/wp\/v2\/posts\/104816\/revisions\/104818"}],"wp:featuredmedia":[{"embeddable":true,"href":"https:\/\/www.aliadospuebla.com\/index.php?rest_route=\/wp\/v2\/media\/104817"}],"wp:attachment":[{"href":"https:\/\/www.aliadospuebla.com\/index.php?rest_route=%2Fwp%2Fv2%2Fmedia&parent=104816"}],"wp:term":[{"taxonomy":"category","embeddable":true,"href":"https:\/\/www.aliadospuebla.com\/index.php?rest_route=%2Fwp%2Fv2%2Fcategories&post=104816"},{"taxonomy":"post_tag","embeddable":true,"href":"https:\/\/www.aliadospuebla.com\/index.php?rest_route=%2Fwp%2Fv2%2Ftags&post=104816"}],"curies":[{"name":"wp","href":"https:\/\/api.w.org\/{rel}","templated":true}]}}