{"id":104813,"date":"2025-04-23T14:55:44","date_gmt":"2025-04-23T20:55:44","guid":{"rendered":"https:\/\/www.aliadospuebla.com\/?p=104813"},"modified":"2025-04-23T14:55:44","modified_gmt":"2025-04-23T20:55:44","slug":"saldo-blanco-en-san-pedro-cholula-durante-semana-santa-2025","status":"publish","type":"post","link":"https:\/\/www.aliadospuebla.com\/?p=104813","title":{"rendered":"Saldo blanco en San Pedro Cholula durante Semana Santa 2025"},"content":{"rendered":"<h4>San Pedro Cholula, Pue. \u2013 El Gobierno Municipal de San Pedro Cholula, encabezado por la alcaldesa Tonantzin Fern\u00e1ndez, informa que, gracias al trabajo coordinado entre la Secretar\u00eda de Seguridad Ciudadana (SSC Cholula), Protecci\u00f3n Civil Municipal y la Secretar\u00eda de Marina (SEMAR), se concluy\u00f3 con saldo blanco el Operativo Semana Santa 2025<\/h4>\n<h4><\/h4>\n<p>La presidenta municipal, Tonantzin Fern\u00e1ndez, destac\u00f3 que las celebraciones religiosas<\/p>\n<p>se desarrollaron exitosamente, sin incidentes mayores, y con una nutrida participaci\u00f3n de fieles<\/p>\n<p>y visitantes durante el Jueves y Viernes Santos. Adem\u00e1s, los dispositivos de seguridad se mantuvieron activos<\/p>\n<p>durante el S\u00e1bado de Gloria y el Domingo de Resurrecci\u00f3n, con el prop\u00f3sito de garantizar la seguridad de habitantes y turistas.<\/p>\n<p>Principales acciones del operativo:<\/p>\n<p>\u2022 Participaci\u00f3n de m\u00e1s de 130 elementos de Seguridad P\u00fablica, Vialidad y Protecci\u00f3n Civil,<\/p>\n<p>quienes reportaron saldo blanco en todas las actividades religiosas.<\/p>\n<p>\u2022 Patrullajes disuasivos y vigilancia permanente en el primer cuadro de la ciudad,<\/p>\n<p>as\u00ed como en barrios y juntas auxiliares. Estas acciones contaron con el respaldo de personal de la SEMAR<\/p>\n<p>y del Operativo Metropolitano, integrando corporaciones de la zona conurbada.<\/p>\n<p>\u2022 Implementaci\u00f3n del Operativo Pasajero, en coordinaci\u00f3n con las \u00e1reas de Educaci\u00f3n Vial, Vialidad y Polic\u00eda Municipal, para brindar atenci\u00f3n y orientaci\u00f3n a los visitantes durante la temporada vacacional.<\/p>\n<p>\u2022 Supervisi\u00f3n de puestos de comida instalados en las inmediaciones de Plaza La Concordia, as\u00ed como de diversos balnearios del municipio, a cargo de Protecci\u00f3n Civil Municipal, sin registrar incidentes.<\/p>\n<p>\u2022 Cierres viales intermitentes en puntos estrat\u00e9gicos del centro de la ciudad, para facilitar la movilidad, con apoyo del personal de Vialidad.<\/p>\n<p>El Gobierno Municipal de San Pedro Cholula reitera su compromiso con la seguridad, el orden p\u00fablico y el bienestar de todas las familias cholultecas, as\u00ed como de quienes eligen visitar el municipio en fechas tan representativas como la Semana Santa.<\/p>\n","protected":false},"excerpt":{"rendered":"<p>San Pedro Cholula, Pue. \u2013 El Gobierno Municipal de San Pedro Cholula, encabezado por la alcaldesa Tonantzin Fern\u00e1ndez, informa que, gracias al trabajo coordinado entre la Secretar\u00eda de Seguridad Ciudadana (SSC Cholula), Protecci\u00f3n Civil Municipal y la Secretar\u00eda de Marina (SEMAR), se concluy\u00f3 con saldo blanco el Operativo Semana Santa 2025 La presidenta municipal, Tonantzin Fern\u00e1ndez, destac\u00f3 que las celebraciones religiosas se desarrollaron exitosamente, sin incidentes mayores, y con una nutrida participaci\u00f3n de fieles y visitantes durante el Jueves y Viernes Santos. Adem\u00e1s, los dispositivos de seguridad se mantuvieron activos durante el S\u00e1bado de Gloria y el Domingo de Resurrecci\u00f3n, con el prop\u00f3sito de garantizar la seguridad de habitantes y turistas. Principales acciones del operativo: \u2022 Participaci\u00f3n de m\u00e1s de 130 elementos de Seguridad P\u00fablica,&hellip;<\/p>\n<p class=\"excerpt-more\"><a class=\"blog-excerpt button\" href=\"https:\/\/www.aliadospuebla.com\/?p=104813\">Leer m\u00e1s&#8230;<\/a><\/p>\n","protected":false},"author":2,"featured_media":104814,"comment_status":"open","ping_status":"open","sticky":false,"template":"","format":"standard","meta":{"_monsterinsights_skip_tracking":false,"footnotes":""},"categories":[4],"tags":[29001,1227,387,1329,7394],"class_list":["post-104813","post","type-post","status-publish","format-standard","has-post-thumbnail","hentry","category-municipios","tag-operativo-semana-santa-2025","tag-saldo-blanco","tag-san-pedro-cholula","tag-semar","tag-tonantzin-fernandez"],"yoast_head":"<!-- This site is optimized with the Yoast SEO plugin v28.4 - https:\/\/yoast.com\/product\/yoast-seo-wordpress\/ -->\n<title>Saldo blanco en San Pedro Cholula durante Semana Santa 2025 - AliadosPuebla<\/title>\n<meta name=\"robots\" content=\"index, follow, max-snippet:-1, max-image-preview:large, max-video-preview:-1\" \/>\n<link rel=\"canonical\" href=\"https:\/\/www.aliadospuebla.com\/?p=104813\" \/>\n<meta property=\"og:locale\" content=\"es_ES\" \/>\n<meta property=\"og:type\" content=\"article\" \/>\n<meta property=\"og:title\" content=\"Saldo blanco en San Pedro Cholula durante Semana Santa 2025 - AliadosPuebla\" \/>\n<meta property=\"og:description\" content=\"San Pedro Cholula, Pue. \u2013 El Gobierno Municipal de San Pedro Cholula, encabezado por la alcaldesa Tonantzin Fern\u00e1ndez, informa que, gracias al trabajo coordinado entre la Secretar\u00eda de Seguridad Ciudadana (SSC Cholula), Protecci\u00f3n Civil Municipal y la Secretar\u00eda de Marina (SEMAR), se concluy\u00f3 con saldo blanco el Operativo Semana Santa 2025 La presidenta municipal, Tonantzin Fern\u00e1ndez, destac\u00f3 que las celebraciones religiosas se desarrollaron exitosamente, sin incidentes mayores, y con una nutrida participaci\u00f3n de fieles y visitantes durante el Jueves y Viernes Santos. Adem\u00e1s, los dispositivos de seguridad se mantuvieron activos durante el S\u00e1bado de Gloria y el Domingo de Resurrecci\u00f3n, con el prop\u00f3sito de garantizar la seguridad de habitantes y turistas. Principales acciones del operativo: \u2022 Participaci\u00f3n de m\u00e1s de 130 elementos de Seguridad P\u00fablica,&hellip;Leer m\u00e1s...\" \/>\n<meta property=\"og:url\" content=\"https:\/\/www.aliadospuebla.com\/?p=104813\" \/>\n<meta property=\"og:site_name\" content=\"AliadosPuebla\" \/>\n<meta property=\"article:author\" content=\"https:\/\/www.facebook.com\/Aliados17Pue\" \/>\n<meta property=\"article:published_time\" content=\"2025-04-23T20:55:44+00:00\" \/>\n<meta property=\"og:image\" content=\"https:\/\/www.aliadospuebla.com\/web2017\/wp-content\/uploads\/2025\/04\/274.jpg\" \/>\n\t<meta property=\"og:image:width\" content=\"600\" \/>\n\t<meta property=\"og:image:height\" content=\"450\" \/>\n\t<meta property=\"og:image:type\" content=\"image\/jpeg\" \/>\n<meta name=\"author\" content=\"Aliados17\" \/>\n<meta name=\"twitter:card\" content=\"summary_large_image\" \/>\n<meta name=\"twitter:creator\" content=\"@AliadosPuebla\" \/>\n<meta name=\"twitter:label1\" content=\"Escrito por\" \/>\n\t<meta name=\"twitter:data1\" content=\"Aliados17\" \/>\n\t<meta name=\"twitter:label2\" content=\"Tiempo de lectura\" \/>\n\t<meta name=\"twitter:data2\" content=\"2 minutos\" \/>\n<script type=\"application\/ld+json\" class=\"yoast-schema-graph\">{\"@context\":\"https:\\\/\\\/schema.org\",\"@graph\":[{\"@type\":\"Article\",\"@id\":\"https:\\\/\\\/www.aliadospuebla.com\\\/?p=104813#article\",\"isPartOf\":{\"@id\":\"https:\\\/\\\/www.aliadospuebla.com\\\/?p=104813\"},\"author\":{\"name\":\"Aliados17\",\"@id\":\"https:\\\/\\\/www.aliadospuebla.com\\\/#\\\/schema\\\/person\\\/5da7dd09320bd4f392b710017ed5f8ad\"},\"headline\":\"Saldo blanco en San Pedro Cholula durante Semana Santa 2025\",\"datePublished\":\"2025-04-23T20:55:44+00:00\",\"mainEntityOfPage\":{\"@id\":\"https:\\\/\\\/www.aliadospuebla.com\\\/?p=104813\"},\"wordCount\":325,\"commentCount\":0,\"image\":{\"@id\":\"https:\\\/\\\/www.aliadospuebla.com\\\/?p=104813#primaryimage\"},\"thumbnailUrl\":\"https:\\\/\\\/www.aliadospuebla.com\\\/web2017\\\/wp-content\\\/uploads\\\/2025\\\/04\\\/274.jpg\",\"keywords\":[\"Operativo Semana Santa 2025\",\"SALDO BLANCO\",\"SAN PEDRO CHOLULA\",\"SEMAR\",\"TONANTZIN FERN\u00c1NDEZ\"],\"articleSection\":[\"Municipios\"],\"inLanguage\":\"es\",\"potentialAction\":[{\"@type\":\"CommentAction\",\"name\":\"Comment\",\"target\":[\"https:\\\/\\\/www.aliadospuebla.com\\\/?p=104813#respond\"]}]},{\"@type\":\"WebPage\",\"@id\":\"https:\\\/\\\/www.aliadospuebla.com\\\/?p=104813\",\"url\":\"https:\\\/\\\/www.aliadospuebla.com\\\/?p=104813\",\"name\":\"Saldo blanco en San Pedro Cholula durante Semana Santa 2025 - AliadosPuebla\",\"isPartOf\":{\"@id\":\"https:\\\/\\\/www.aliadospuebla.com\\\/#website\"},\"primaryImageOfPage\":{\"@id\":\"https:\\\/\\\/www.aliadospuebla.com\\\/?p=104813#primaryimage\"},\"image\":{\"@id\":\"https:\\\/\\\/www.aliadospuebla.com\\\/?p=104813#primaryimage\"},\"thumbnailUrl\":\"https:\\\/\\\/www.aliadospuebla.com\\\/web2017\\\/wp-content\\\/uploads\\\/2025\\\/04\\\/274.jpg\",\"datePublished\":\"2025-04-23T20:55:44+00:00\",\"author\":{\"@id\":\"https:\\\/\\\/www.aliadospuebla.com\\\/#\\\/schema\\\/person\\\/5da7dd09320bd4f392b710017ed5f8ad\"},\"breadcrumb\":{\"@id\":\"https:\\\/\\\/www.aliadospuebla.com\\\/?p=104813#breadcrumb\"},\"inLanguage\":\"es\",\"potentialAction\":[{\"@type\":\"ReadAction\",\"target\":[\"https:\\\/\\\/www.aliadospuebla.com\\\/?p=104813\"]}]},{\"@type\":\"ImageObject\",\"inLanguage\":\"es\",\"@id\":\"https:\\\/\\\/www.aliadospuebla.com\\\/?p=104813#primaryimage\",\"url\":\"https:\\\/\\\/www.aliadospuebla.com\\\/web2017\\\/wp-content\\\/uploads\\\/2025\\\/04\\\/274.jpg\",\"contentUrl\":\"https:\\\/\\\/www.aliadospuebla.com\\\/web2017\\\/wp-content\\\/uploads\\\/2025\\\/04\\\/274.jpg\",\"width\":600,\"height\":450},{\"@type\":\"BreadcrumbList\",\"@id\":\"https:\\\/\\\/www.aliadospuebla.com\\\/?p=104813#breadcrumb\",\"itemListElement\":[{\"@type\":\"ListItem\",\"position\":1,\"name\":\"Portada\",\"item\":\"https:\\\/\\\/www.aliadospuebla.com\\\/\"},{\"@type\":\"ListItem\",\"position\":2,\"name\":\"Saldo blanco en San Pedro Cholula durante Semana Santa 2025\"}]},{\"@type\":\"WebSite\",\"@id\":\"https:\\\/\\\/www.aliadospuebla.com\\\/#website\",\"url\":\"https:\\\/\\\/www.aliadospuebla.com\\\/\",\"name\":\"AliadosPuebla\",\"description\":\"La informaci\u00f3n en tus manos\",\"potentialAction\":[{\"@type\":\"SearchAction\",\"target\":{\"@type\":\"EntryPoint\",\"urlTemplate\":\"https:\\\/\\\/www.aliadospuebla.com\\\/?s={search_term_string}\"},\"query-input\":{\"@type\":\"PropertyValueSpecification\",\"valueRequired\":true,\"valueName\":\"search_term_string\"}}],\"inLanguage\":\"es\"},{\"@type\":\"Person\",\"@id\":\"https:\\\/\\\/www.aliadospuebla.com\\\/#\\\/schema\\\/person\\\/5da7dd09320bd4f392b710017ed5f8ad\",\"name\":\"Aliados17\",\"image\":{\"@type\":\"ImageObject\",\"inLanguage\":\"es\",\"@id\":\"https:\\\/\\\/www.aliadospuebla.com\\\/web2017\\\/wp-content\\\/uploads\\\/2025\\\/03\\\/cropped-para-perfil-8-anos-1-96x96.jpg\",\"url\":\"https:\\\/\\\/www.aliadospuebla.com\\\/web2017\\\/wp-content\\\/uploads\\\/2025\\\/03\\\/cropped-para-perfil-8-anos-1-96x96.jpg\",\"contentUrl\":\"https:\\\/\\\/www.aliadospuebla.com\\\/web2017\\\/wp-content\\\/uploads\\\/2025\\\/03\\\/cropped-para-perfil-8-anos-1-96x96.jpg\",\"caption\":\"Aliados17\"},\"sameAs\":[\"https:\\\/\\\/www.aliados17.com\",\"https:\\\/\\\/www.facebook.com\\\/Aliados17Pue\",\"https:\\\/\\\/x.com\\\/AliadosPuebla\"],\"url\":\"https:\\\/\\\/www.aliadospuebla.com\\\/?author=2\"}]}<\/script>\n<!-- \/ Yoast SEO plugin. -->","yoast_head_json":{"title":"Saldo blanco en San Pedro Cholula durante Semana Santa 2025 - AliadosPuebla","robots":{"index":"index","follow":"follow","max-snippet":"max-snippet:-1","max-image-preview":"max-image-preview:large","max-video-preview":"max-video-preview:-1"},"canonical":"https:\/\/www.aliadospuebla.com\/?p=104813","og_locale":"es_ES","og_type":"article","og_title":"Saldo blanco en San Pedro Cholula durante Semana Santa 2025 - AliadosPuebla","og_description":"San Pedro Cholula, Pue. \u2013 El Gobierno Municipal de San Pedro Cholula, encabezado por la alcaldesa Tonantzin Fern\u00e1ndez, informa que, gracias al trabajo coordinado entre la Secretar\u00eda de Seguridad Ciudadana (SSC Cholula), Protecci\u00f3n Civil Municipal y la Secretar\u00eda de Marina (SEMAR), se concluy\u00f3 con saldo blanco el Operativo Semana Santa 2025 La presidenta municipal, Tonantzin Fern\u00e1ndez, destac\u00f3 que las celebraciones religiosas se desarrollaron exitosamente, sin incidentes mayores, y con una nutrida participaci\u00f3n de fieles y visitantes durante el Jueves y Viernes Santos. Adem\u00e1s, los dispositivos de seguridad se mantuvieron activos durante el S\u00e1bado de Gloria y el Domingo de Resurrecci\u00f3n, con el prop\u00f3sito de garantizar la seguridad de habitantes y turistas. Principales acciones del operativo: \u2022 Participaci\u00f3n de m\u00e1s de 130 elementos de Seguridad P\u00fablica,&hellip;Leer m\u00e1s...","og_url":"https:\/\/www.aliadospuebla.com\/?p=104813","og_site_name":"AliadosPuebla","article_author":"https:\/\/www.facebook.com\/Aliados17Pue","article_published_time":"2025-04-23T20:55:44+00:00","og_image":[{"width":600,"height":450,"url":"https:\/\/www.aliadospuebla.com\/web2017\/wp-content\/uploads\/2025\/04\/274.jpg","type":"image\/jpeg"}],"author":"Aliados17","twitter_card":"summary_large_image","twitter_creator":"@AliadosPuebla","twitter_misc":{"Escrito por":"Aliados17","Tiempo de lectura":"2 minutos"},"schema":{"@context":"https:\/\/schema.org","@graph":[{"@type":"Article","@id":"https:\/\/www.aliadospuebla.com\/?p=104813#article","isPartOf":{"@id":"https:\/\/www.aliadospuebla.com\/?p=104813"},"author":{"name":"Aliados17","@id":"https:\/\/www.aliadospuebla.com\/#\/schema\/person\/5da7dd09320bd4f392b710017ed5f8ad"},"headline":"Saldo blanco en San Pedro Cholula durante Semana Santa 2025","datePublished":"2025-04-23T20:55:44+00:00","mainEntityOfPage":{"@id":"https:\/\/www.aliadospuebla.com\/?p=104813"},"wordCount":325,"commentCount":0,"image":{"@id":"https:\/\/www.aliadospuebla.com\/?p=104813#primaryimage"},"thumbnailUrl":"https:\/\/www.aliadospuebla.com\/web2017\/wp-content\/uploads\/2025\/04\/274.jpg","keywords":["Operativo Semana Santa 2025","SALDO BLANCO","SAN PEDRO CHOLULA","SEMAR","TONANTZIN FERN\u00c1NDEZ"],"articleSection":["Municipios"],"inLanguage":"es","potentialAction":[{"@type":"CommentAction","name":"Comment","target":["https:\/\/www.aliadospuebla.com\/?p=104813#respond"]}]},{"@type":"WebPage","@id":"https:\/\/www.aliadospuebla.com\/?p=104813","url":"https:\/\/www.aliadospuebla.com\/?p=104813","name":"Saldo blanco en San Pedro Cholula durante Semana Santa 2025 - AliadosPuebla","isPartOf":{"@id":"https:\/\/www.aliadospuebla.com\/#website"},"primaryImageOfPage":{"@id":"https:\/\/www.aliadospuebla.com\/?p=104813#primaryimage"},"image":{"@id":"https:\/\/www.aliadospuebla.com\/?p=104813#primaryimage"},"thumbnailUrl":"https:\/\/www.aliadospuebla.com\/web2017\/wp-content\/uploads\/2025\/04\/274.jpg","datePublished":"2025-04-23T20:55:44+00:00","author":{"@id":"https:\/\/www.aliadospuebla.com\/#\/schema\/person\/5da7dd09320bd4f392b710017ed5f8ad"},"breadcrumb":{"@id":"https:\/\/www.aliadospuebla.com\/?p=104813#breadcrumb"},"inLanguage":"es","potentialAction":[{"@type":"ReadAction","target":["https:\/\/www.aliadospuebla.com\/?p=104813"]}]},{"@type":"ImageObject","inLanguage":"es","@id":"https:\/\/www.aliadospuebla.com\/?p=104813#primaryimage","url":"https:\/\/www.aliadospuebla.com\/web2017\/wp-content\/uploads\/2025\/04\/274.jpg","contentUrl":"https:\/\/www.aliadospuebla.com\/web2017\/wp-content\/uploads\/2025\/04\/274.jpg","width":600,"height":450},{"@type":"BreadcrumbList","@id":"https:\/\/www.aliadospuebla.com\/?p=104813#breadcrumb","itemListElement":[{"@type":"ListItem","position":1,"name":"Portada","item":"https:\/\/www.aliadospuebla.com\/"},{"@type":"ListItem","position":2,"name":"Saldo blanco en San Pedro Cholula durante Semana Santa 2025"}]},{"@type":"WebSite","@id":"https:\/\/www.aliadospuebla.com\/#website","url":"https:\/\/www.aliadospuebla.com\/","name":"AliadosPuebla","description":"La informaci\u00f3n en tus manos","potentialAction":[{"@type":"SearchAction","target":{"@type":"EntryPoint","urlTemplate":"https:\/\/www.aliadospuebla.com\/?s={search_term_string}"},"query-input":{"@type":"PropertyValueSpecification","valueRequired":true,"valueName":"search_term_string"}}],"inLanguage":"es"},{"@type":"Person","@id":"https:\/\/www.aliadospuebla.com\/#\/schema\/person\/5da7dd09320bd4f392b710017ed5f8ad","name":"Aliados17","image":{"@type":"ImageObject","inLanguage":"es","@id":"https:\/\/www.aliadospuebla.com\/web2017\/wp-content\/uploads\/2025\/03\/cropped-para-perfil-8-anos-1-96x96.jpg","url":"https:\/\/www.aliadospuebla.com\/web2017\/wp-content\/uploads\/2025\/03\/cropped-para-perfil-8-anos-1-96x96.jpg","contentUrl":"https:\/\/www.aliadospuebla.com\/web2017\/wp-content\/uploads\/2025\/03\/cropped-para-perfil-8-anos-1-96x96.jpg","caption":"Aliados17"},"sameAs":["https:\/\/www.aliados17.com","https:\/\/www.facebook.com\/Aliados17Pue","https:\/\/x.com\/AliadosPuebla"],"url":"https:\/\/www.aliadospuebla.com\/?author=2"}]}},"views":7,"_links":{"self":[{"href":"https:\/\/www.aliadospuebla.com\/index.php?rest_route=\/wp\/v2\/posts\/104813","targetHints":{"allow":["GET"]}}],"collection":[{"href":"https:\/\/www.aliadospuebla.com\/index.php?rest_route=\/wp\/v2\/posts"}],"about":[{"href":"https:\/\/www.aliadospuebla.com\/index.php?rest_route=\/wp\/v2\/types\/post"}],"author":[{"embeddable":true,"href":"https:\/\/www.aliadospuebla.com\/index.php?rest_route=\/wp\/v2\/users\/2"}],"replies":[{"embeddable":true,"href":"https:\/\/www.aliadospuebla.com\/index.php?rest_route=%2Fwp%2Fv2%2Fcomments&post=104813"}],"version-history":[{"count":1,"href":"https:\/\/www.aliadospuebla.com\/index.php?rest_route=\/wp\/v2\/posts\/104813\/revisions"}],"predecessor-version":[{"id":104815,"href":"https:\/\/www.aliadospuebla.com\/index.php?rest_route=\/wp\/v2\/posts\/104813\/revisions\/104815"}],"wp:featuredmedia":[{"embeddable":true,"href":"https:\/\/www.aliadospuebla.com\/index.php?rest_route=\/wp\/v2\/media\/104814"}],"wp:attachment":[{"href":"https:\/\/www.aliadospuebla.com\/index.php?rest_route=%2Fwp%2Fv2%2Fmedia&parent=104813"}],"wp:term":[{"taxonomy":"category","embeddable":true,"href":"https:\/\/www.aliadospuebla.com\/index.php?rest_route=%2Fwp%2Fv2%2Fcategories&post=104813"},{"taxonomy":"post_tag","embeddable":true,"href":"https:\/\/www.aliadospuebla.com\/index.php?rest_route=%2Fwp%2Fv2%2Ftags&post=104813"}],"curies":[{"name":"wp","href":"https:\/\/api.w.org\/{rel}","templated":true}]}}