{"id":104785,"date":"2025-04-23T10:14:40","date_gmt":"2025-04-23T16:14:40","guid":{"rendered":"https:\/\/www.aliadospuebla.com\/?p=104785"},"modified":"2025-04-23T10:14:40","modified_gmt":"2025-04-23T16:14:40","slug":"se-suma-figueroa-a-la-proyeccion-de-puebla-como-productor-de-aguacate","status":"publish","type":"post","link":"https:\/\/www.aliadospuebla.com\/?p=104785","title":{"rendered":"Se suma Figueroa a la proyecci\u00f3n de Puebla como productor de aguacate"},"content":{"rendered":"<h4>El coordinador de la bancada del PT en el Congreso, celebr\u00f3 que Puebla este en el top 10 en producci\u00f3n de aguacate.<\/h4>\n<p>Puebla.- En favor del desarrollo agr\u00edcola, el legislador Jos\u00e9 Luis Figueroa asisti\u00f3 a la presentaci\u00f3n del Plan Estrat\u00e9gico del Sistema Producto Aguacate del Estado de Puebla. Lo anterior, con la firme intenci\u00f3n de ser un v\u00ednculo entre productores y autoridades para resaltar la importancia de Puebla en la producci\u00f3n del aguacate.<\/p>\n<p>El diputado local enfatiz\u00f3 que, en coordinaci\u00f3n con Enrique Gonz\u00e1lez Guti\u00e9rrez, presidente de este Plan, establecer\u00e1n una agenda de trabajo. En la cual, el diputado petista acuda a algunos municipios para platicar directamente con los productores sobre sus necesidades.<\/p>\n<p>\u201cVamos a hacer una agenda de trabajo para que su servidor, acuda a algunos municipios. Platicar con los productores sobre sus necesidades y, asimismo, ir logrando esa consolidaci\u00f3n. Lo que queremos es que todo el pa\u00eds se entere de que Puebla es un gran productor de aguacate\u201d.<\/p>\n<p>Jos\u00e9 Luis Figueroa resalt\u00f3 que, bajo ese mismo compromiso, estar\u00e1 visitando la C\u00e1mara de Diputados Federal y el Senado de la Rep\u00fablica. De tal manera que Puebla resuene y su producci\u00f3n de aguacate tome la relevancia que merece.<\/p>\n<p>\u201cEstamos para escuchar a los ciudadanos y hacer las vinculaciones. Estamos relacionados en materia de campo, bienestar social, salud y educaci\u00f3n. Estoy trabajando y haciendo las vinculaciones tanto de liderazgos como municipios de los diferentes estados\u201d, resalt\u00f3.<\/p>\n<p>El coordinador de la banca del Partido del Trabajo (PT), enfatiz\u00f3 que este encuentro representa una gran oportunidad. Debido a que productores poblanos podr\u00e1n fortalecer sus v\u00ednculos comerciales y acceder a nuevos mercados internacionales. Esto \u00faltimo, al enfatizar la presencia del Excelent\u00edsimo Sr. Salem Rashed Alowais, Embajador de Emiratos \u00c1rabes Unidos en M\u00e9xico.<\/p>\n<h4>Puebla en el top ten de producci\u00f3n de aguacate<\/h4>\n<p>En la actualidad Puebla se encuentra en el s\u00e9ptimo lugar a nivel nacional en producci\u00f3n de aguacate Hass. Sin embargo, eso podr\u00eda cambiar, ya que \u201csistema producto\u201d ha realizado alianzas y proyecciones para lograr posicionar al estado en el segundo lugar a nivel nacional, un proyecto que tiene como fecha de cumplimiento el a\u00f1o 2031.<\/p>\n<p>Enrique Gonz\u00e1lez Guti\u00e9rrez, presidente de Sistema Producto Aguacate del Estado de Puebla, enfatiz\u00f3 que, dentro de seis a\u00f1os, m\u00e1s de 21 mil productores se ver\u00edan beneficiados. Esto al lograr desarrollar m\u00e1s de 21 mil 500 hect\u00e1reas, lo que resultar\u00eda en la producci\u00f3n de 301 mil toneladas anuales.<\/p>\n<p>Actualmente, en el Estado se cuenta con 3 mil 500 hect\u00e1reas productoras de aguacate, lo que resulta en una producci\u00f3n anual de 26 mil 250 toneladas de dicho producto.<\/p>\n<p>De esta manera 23 municipios de Puebla son productores de aguacate, lo que representa el diez por ciento del Estado. Algunos de ellos son Atlixco, Chignahuapan, Zacatl\u00e1n, Teziutl\u00e1n, Huejotzingo y San Mart\u00edn Texmelucan.<\/p>\n<p>Al evento, tambi\u00e9n se dieron cita la Mtra. Morayma Rub\u00ed Joven, coordinadora de la SADER en Puebla. El Mtro. Christian Cruz Robles, en representaci\u00f3n del Gobierno del Estado y la Secretar\u00eda de Desarrollo Rural. La Lic. M\u00f3nica Barrientos S\u00e1nchez, subsecretaria de Industria y Comercio de la Secretar\u00eda de Econom\u00eda. La Lic. Elsa Ruiz Betanzos, subsecretaria de Opciones Productivas para el Bienestar. As\u00ed como de Liliana R\u00edos S\u00e1enz, presidenta de Grupo LIEN, y el diputado Pavel Gaspar Ram\u00edrez, presidente de la Comisi\u00f3n de Desarrollo Rural del Congreso del Estado.<\/p>\n","protected":false},"excerpt":{"rendered":"<p>El coordinador de la bancada del PT en el Congreso, celebr\u00f3 que Puebla este en el top 10 en producci\u00f3n de aguacate. Puebla.- En favor del desarrollo agr\u00edcola, el legislador Jos\u00e9 Luis Figueroa asisti\u00f3 a la presentaci\u00f3n del Plan Estrat\u00e9gico del Sistema Producto Aguacate del Estado de Puebla. Lo anterior, con la firme intenci\u00f3n de ser un v\u00ednculo entre productores y autoridades para resaltar la importancia de Puebla en la producci\u00f3n del aguacate. El diputado local enfatiz\u00f3 que, en coordinaci\u00f3n con Enrique Gonz\u00e1lez Guti\u00e9rrez, presidente de este Plan, establecer\u00e1n una agenda de trabajo. En la cual, el diputado petista acuda a algunos municipios para platicar directamente con los productores sobre sus necesidades. \u201cVamos a hacer una agenda de trabajo para que su servidor, acuda a&hellip;<\/p>\n<p class=\"excerpt-more\"><a class=\"blog-excerpt button\" href=\"https:\/\/www.aliadospuebla.com\/?p=104785\">Leer m\u00e1s&#8230;<\/a><\/p>\n","protected":false},"author":2,"featured_media":104786,"comment_status":"open","ping_status":"open","sticky":false,"template":"","format":"standard","meta":{"_monsterinsights_skip_tracking":false,"footnotes":""},"categories":[6],"tags":[954,5807,79,28982,23157,28981,179,2551,365],"class_list":["post-104785","post","type-post","status-publish","format-standard","has-post-thumbnail","hentry","category-politica","tag-aguacate","tag-bienestar-social","tag-campo","tag-enrique-gonzalez-gutierrez","tag-jose-luis-figueroa","tag-plan-estrategico-del-sistema-producto-aguacate-del-estado-de-puebla","tag-productores","tag-pt","tag-salud"],"yoast_head":"<!-- This site is optimized with the Yoast SEO plugin v28.4 - https:\/\/yoast.com\/product\/yoast-seo-wordpress\/ -->\n<title>Se suma Figueroa a la proyecci\u00f3n de Puebla como productor de aguacate - AliadosPuebla<\/title>\n<meta name=\"robots\" content=\"index, follow, max-snippet:-1, max-image-preview:large, max-video-preview:-1\" \/>\n<link rel=\"canonical\" href=\"https:\/\/www.aliadospuebla.com\/?p=104785\" \/>\n<meta property=\"og:locale\" content=\"es_ES\" \/>\n<meta property=\"og:type\" content=\"article\" \/>\n<meta property=\"og:title\" content=\"Se suma Figueroa a la proyecci\u00f3n de Puebla como productor de aguacate - AliadosPuebla\" \/>\n<meta property=\"og:description\" content=\"El coordinador de la bancada del PT en el Congreso, celebr\u00f3 que Puebla este en el top 10 en producci\u00f3n de aguacate. Puebla.- En favor del desarrollo agr\u00edcola, el legislador Jos\u00e9 Luis Figueroa asisti\u00f3 a la presentaci\u00f3n del Plan Estrat\u00e9gico del Sistema Producto Aguacate del Estado de Puebla. Lo anterior, con la firme intenci\u00f3n de ser un v\u00ednculo entre productores y autoridades para resaltar la importancia de Puebla en la producci\u00f3n del aguacate. El diputado local enfatiz\u00f3 que, en coordinaci\u00f3n con Enrique Gonz\u00e1lez Guti\u00e9rrez, presidente de este Plan, establecer\u00e1n una agenda de trabajo. En la cual, el diputado petista acuda a algunos municipios para platicar directamente con los productores sobre sus necesidades. \u201cVamos a hacer una agenda de trabajo para que su servidor, acuda a&hellip;Leer m\u00e1s...\" \/>\n<meta property=\"og:url\" content=\"https:\/\/www.aliadospuebla.com\/?p=104785\" \/>\n<meta property=\"og:site_name\" content=\"AliadosPuebla\" \/>\n<meta property=\"article:author\" content=\"https:\/\/www.facebook.com\/Aliados17Pue\" \/>\n<meta property=\"article:published_time\" content=\"2025-04-23T16:14:40+00:00\" \/>\n<meta property=\"og:image\" content=\"https:\/\/www.aliadospuebla.com\/web2017\/wp-content\/uploads\/2025\/04\/266.jpg\" \/>\n\t<meta property=\"og:image:width\" content=\"600\" \/>\n\t<meta property=\"og:image:height\" content=\"450\" \/>\n\t<meta property=\"og:image:type\" content=\"image\/jpeg\" \/>\n<meta name=\"author\" content=\"Aliados17\" \/>\n<meta name=\"twitter:card\" content=\"summary_large_image\" \/>\n<meta name=\"twitter:creator\" content=\"@AliadosPuebla\" \/>\n<meta name=\"twitter:label1\" content=\"Escrito por\" \/>\n\t<meta name=\"twitter:data1\" content=\"Aliados17\" \/>\n\t<meta name=\"twitter:label2\" content=\"Tiempo de lectura\" \/>\n\t<meta name=\"twitter:data2\" content=\"3 minutos\" \/>\n<script type=\"application\/ld+json\" class=\"yoast-schema-graph\">{\"@context\":\"https:\\\/\\\/schema.org\",\"@graph\":[{\"@type\":\"Article\",\"@id\":\"https:\\\/\\\/www.aliadospuebla.com\\\/?p=104785#article\",\"isPartOf\":{\"@id\":\"https:\\\/\\\/www.aliadospuebla.com\\\/?p=104785\"},\"author\":{\"name\":\"Aliados17\",\"@id\":\"https:\\\/\\\/www.aliadospuebla.com\\\/#\\\/schema\\\/person\\\/5da7dd09320bd4f392b710017ed5f8ad\"},\"headline\":\"Se suma Figueroa a la proyecci\u00f3n de Puebla como productor de aguacate\",\"datePublished\":\"2025-04-23T16:14:40+00:00\",\"mainEntityOfPage\":{\"@id\":\"https:\\\/\\\/www.aliadospuebla.com\\\/?p=104785\"},\"wordCount\":602,\"commentCount\":0,\"image\":{\"@id\":\"https:\\\/\\\/www.aliadospuebla.com\\\/?p=104785#primaryimage\"},\"thumbnailUrl\":\"https:\\\/\\\/www.aliadospuebla.com\\\/web2017\\\/wp-content\\\/uploads\\\/2025\\\/04\\\/266.jpg\",\"keywords\":[\"AGUACATE\",\"BIENESTAR SOCIAL\",\"campo\",\"Enrique Gonz\u00e1lez Guti\u00e9rrez\",\"Jos\u00e9 Luis Figueroa\",\"Plan Estrat\u00e9gico del Sistema Producto Aguacate del Estado de Puebla\",\"productores\",\"PT\",\"SALUD\"],\"articleSection\":[\"Pol\u00edtica\"],\"inLanguage\":\"es\",\"potentialAction\":[{\"@type\":\"CommentAction\",\"name\":\"Comment\",\"target\":[\"https:\\\/\\\/www.aliadospuebla.com\\\/?p=104785#respond\"]}]},{\"@type\":\"WebPage\",\"@id\":\"https:\\\/\\\/www.aliadospuebla.com\\\/?p=104785\",\"url\":\"https:\\\/\\\/www.aliadospuebla.com\\\/?p=104785\",\"name\":\"Se suma Figueroa a la proyecci\u00f3n de Puebla como productor de aguacate - AliadosPuebla\",\"isPartOf\":{\"@id\":\"https:\\\/\\\/www.aliadospuebla.com\\\/#website\"},\"primaryImageOfPage\":{\"@id\":\"https:\\\/\\\/www.aliadospuebla.com\\\/?p=104785#primaryimage\"},\"image\":{\"@id\":\"https:\\\/\\\/www.aliadospuebla.com\\\/?p=104785#primaryimage\"},\"thumbnailUrl\":\"https:\\\/\\\/www.aliadospuebla.com\\\/web2017\\\/wp-content\\\/uploads\\\/2025\\\/04\\\/266.jpg\",\"datePublished\":\"2025-04-23T16:14:40+00:00\",\"author\":{\"@id\":\"https:\\\/\\\/www.aliadospuebla.com\\\/#\\\/schema\\\/person\\\/5da7dd09320bd4f392b710017ed5f8ad\"},\"breadcrumb\":{\"@id\":\"https:\\\/\\\/www.aliadospuebla.com\\\/?p=104785#breadcrumb\"},\"inLanguage\":\"es\",\"potentialAction\":[{\"@type\":\"ReadAction\",\"target\":[\"https:\\\/\\\/www.aliadospuebla.com\\\/?p=104785\"]}]},{\"@type\":\"ImageObject\",\"inLanguage\":\"es\",\"@id\":\"https:\\\/\\\/www.aliadospuebla.com\\\/?p=104785#primaryimage\",\"url\":\"https:\\\/\\\/www.aliadospuebla.com\\\/web2017\\\/wp-content\\\/uploads\\\/2025\\\/04\\\/266.jpg\",\"contentUrl\":\"https:\\\/\\\/www.aliadospuebla.com\\\/web2017\\\/wp-content\\\/uploads\\\/2025\\\/04\\\/266.jpg\",\"width\":600,\"height\":450},{\"@type\":\"BreadcrumbList\",\"@id\":\"https:\\\/\\\/www.aliadospuebla.com\\\/?p=104785#breadcrumb\",\"itemListElement\":[{\"@type\":\"ListItem\",\"position\":1,\"name\":\"Portada\",\"item\":\"https:\\\/\\\/www.aliadospuebla.com\\\/\"},{\"@type\":\"ListItem\",\"position\":2,\"name\":\"Se suma Figueroa a la proyecci\u00f3n de Puebla como productor de aguacate\"}]},{\"@type\":\"WebSite\",\"@id\":\"https:\\\/\\\/www.aliadospuebla.com\\\/#website\",\"url\":\"https:\\\/\\\/www.aliadospuebla.com\\\/\",\"name\":\"AliadosPuebla\",\"description\":\"La informaci\u00f3n en tus manos\",\"potentialAction\":[{\"@type\":\"SearchAction\",\"target\":{\"@type\":\"EntryPoint\",\"urlTemplate\":\"https:\\\/\\\/www.aliadospuebla.com\\\/?s={search_term_string}\"},\"query-input\":{\"@type\":\"PropertyValueSpecification\",\"valueRequired\":true,\"valueName\":\"search_term_string\"}}],\"inLanguage\":\"es\"},{\"@type\":\"Person\",\"@id\":\"https:\\\/\\\/www.aliadospuebla.com\\\/#\\\/schema\\\/person\\\/5da7dd09320bd4f392b710017ed5f8ad\",\"name\":\"Aliados17\",\"image\":{\"@type\":\"ImageObject\",\"inLanguage\":\"es\",\"@id\":\"https:\\\/\\\/www.aliadospuebla.com\\\/web2017\\\/wp-content\\\/uploads\\\/2025\\\/03\\\/cropped-para-perfil-8-anos-1-96x96.jpg\",\"url\":\"https:\\\/\\\/www.aliadospuebla.com\\\/web2017\\\/wp-content\\\/uploads\\\/2025\\\/03\\\/cropped-para-perfil-8-anos-1-96x96.jpg\",\"contentUrl\":\"https:\\\/\\\/www.aliadospuebla.com\\\/web2017\\\/wp-content\\\/uploads\\\/2025\\\/03\\\/cropped-para-perfil-8-anos-1-96x96.jpg\",\"caption\":\"Aliados17\"},\"sameAs\":[\"https:\\\/\\\/www.aliados17.com\",\"https:\\\/\\\/www.facebook.com\\\/Aliados17Pue\",\"https:\\\/\\\/x.com\\\/AliadosPuebla\"],\"url\":\"https:\\\/\\\/www.aliadospuebla.com\\\/?author=2\"}]}<\/script>\n<!-- \/ Yoast SEO plugin. -->","yoast_head_json":{"title":"Se suma Figueroa a la proyecci\u00f3n de Puebla como productor de aguacate - AliadosPuebla","robots":{"index":"index","follow":"follow","max-snippet":"max-snippet:-1","max-image-preview":"max-image-preview:large","max-video-preview":"max-video-preview:-1"},"canonical":"https:\/\/www.aliadospuebla.com\/?p=104785","og_locale":"es_ES","og_type":"article","og_title":"Se suma Figueroa a la proyecci\u00f3n de Puebla como productor de aguacate - AliadosPuebla","og_description":"El coordinador de la bancada del PT en el Congreso, celebr\u00f3 que Puebla este en el top 10 en producci\u00f3n de aguacate. Puebla.- En favor del desarrollo agr\u00edcola, el legislador Jos\u00e9 Luis Figueroa asisti\u00f3 a la presentaci\u00f3n del Plan Estrat\u00e9gico del Sistema Producto Aguacate del Estado de Puebla. Lo anterior, con la firme intenci\u00f3n de ser un v\u00ednculo entre productores y autoridades para resaltar la importancia de Puebla en la producci\u00f3n del aguacate. El diputado local enfatiz\u00f3 que, en coordinaci\u00f3n con Enrique Gonz\u00e1lez Guti\u00e9rrez, presidente de este Plan, establecer\u00e1n una agenda de trabajo. En la cual, el diputado petista acuda a algunos municipios para platicar directamente con los productores sobre sus necesidades. \u201cVamos a hacer una agenda de trabajo para que su servidor, acuda a&hellip;Leer m\u00e1s...","og_url":"https:\/\/www.aliadospuebla.com\/?p=104785","og_site_name":"AliadosPuebla","article_author":"https:\/\/www.facebook.com\/Aliados17Pue","article_published_time":"2025-04-23T16:14:40+00:00","og_image":[{"width":600,"height":450,"url":"https:\/\/www.aliadospuebla.com\/web2017\/wp-content\/uploads\/2025\/04\/266.jpg","type":"image\/jpeg"}],"author":"Aliados17","twitter_card":"summary_large_image","twitter_creator":"@AliadosPuebla","twitter_misc":{"Escrito por":"Aliados17","Tiempo de lectura":"3 minutos"},"schema":{"@context":"https:\/\/schema.org","@graph":[{"@type":"Article","@id":"https:\/\/www.aliadospuebla.com\/?p=104785#article","isPartOf":{"@id":"https:\/\/www.aliadospuebla.com\/?p=104785"},"author":{"name":"Aliados17","@id":"https:\/\/www.aliadospuebla.com\/#\/schema\/person\/5da7dd09320bd4f392b710017ed5f8ad"},"headline":"Se suma Figueroa a la proyecci\u00f3n de Puebla como productor de aguacate","datePublished":"2025-04-23T16:14:40+00:00","mainEntityOfPage":{"@id":"https:\/\/www.aliadospuebla.com\/?p=104785"},"wordCount":602,"commentCount":0,"image":{"@id":"https:\/\/www.aliadospuebla.com\/?p=104785#primaryimage"},"thumbnailUrl":"https:\/\/www.aliadospuebla.com\/web2017\/wp-content\/uploads\/2025\/04\/266.jpg","keywords":["AGUACATE","BIENESTAR SOCIAL","campo","Enrique Gonz\u00e1lez Guti\u00e9rrez","Jos\u00e9 Luis Figueroa","Plan Estrat\u00e9gico del Sistema Producto Aguacate del Estado de Puebla","productores","PT","SALUD"],"articleSection":["Pol\u00edtica"],"inLanguage":"es","potentialAction":[{"@type":"CommentAction","name":"Comment","target":["https:\/\/www.aliadospuebla.com\/?p=104785#respond"]}]},{"@type":"WebPage","@id":"https:\/\/www.aliadospuebla.com\/?p=104785","url":"https:\/\/www.aliadospuebla.com\/?p=104785","name":"Se suma Figueroa a la proyecci\u00f3n de Puebla como productor de aguacate - AliadosPuebla","isPartOf":{"@id":"https:\/\/www.aliadospuebla.com\/#website"},"primaryImageOfPage":{"@id":"https:\/\/www.aliadospuebla.com\/?p=104785#primaryimage"},"image":{"@id":"https:\/\/www.aliadospuebla.com\/?p=104785#primaryimage"},"thumbnailUrl":"https:\/\/www.aliadospuebla.com\/web2017\/wp-content\/uploads\/2025\/04\/266.jpg","datePublished":"2025-04-23T16:14:40+00:00","author":{"@id":"https:\/\/www.aliadospuebla.com\/#\/schema\/person\/5da7dd09320bd4f392b710017ed5f8ad"},"breadcrumb":{"@id":"https:\/\/www.aliadospuebla.com\/?p=104785#breadcrumb"},"inLanguage":"es","potentialAction":[{"@type":"ReadAction","target":["https:\/\/www.aliadospuebla.com\/?p=104785"]}]},{"@type":"ImageObject","inLanguage":"es","@id":"https:\/\/www.aliadospuebla.com\/?p=104785#primaryimage","url":"https:\/\/www.aliadospuebla.com\/web2017\/wp-content\/uploads\/2025\/04\/266.jpg","contentUrl":"https:\/\/www.aliadospuebla.com\/web2017\/wp-content\/uploads\/2025\/04\/266.jpg","width":600,"height":450},{"@type":"BreadcrumbList","@id":"https:\/\/www.aliadospuebla.com\/?p=104785#breadcrumb","itemListElement":[{"@type":"ListItem","position":1,"name":"Portada","item":"https:\/\/www.aliadospuebla.com\/"},{"@type":"ListItem","position":2,"name":"Se suma Figueroa a la proyecci\u00f3n de Puebla como productor de aguacate"}]},{"@type":"WebSite","@id":"https:\/\/www.aliadospuebla.com\/#website","url":"https:\/\/www.aliadospuebla.com\/","name":"AliadosPuebla","description":"La informaci\u00f3n en tus manos","potentialAction":[{"@type":"SearchAction","target":{"@type":"EntryPoint","urlTemplate":"https:\/\/www.aliadospuebla.com\/?s={search_term_string}"},"query-input":{"@type":"PropertyValueSpecification","valueRequired":true,"valueName":"search_term_string"}}],"inLanguage":"es"},{"@type":"Person","@id":"https:\/\/www.aliadospuebla.com\/#\/schema\/person\/5da7dd09320bd4f392b710017ed5f8ad","name":"Aliados17","image":{"@type":"ImageObject","inLanguage":"es","@id":"https:\/\/www.aliadospuebla.com\/web2017\/wp-content\/uploads\/2025\/03\/cropped-para-perfil-8-anos-1-96x96.jpg","url":"https:\/\/www.aliadospuebla.com\/web2017\/wp-content\/uploads\/2025\/03\/cropped-para-perfil-8-anos-1-96x96.jpg","contentUrl":"https:\/\/www.aliadospuebla.com\/web2017\/wp-content\/uploads\/2025\/03\/cropped-para-perfil-8-anos-1-96x96.jpg","caption":"Aliados17"},"sameAs":["https:\/\/www.aliados17.com","https:\/\/www.facebook.com\/Aliados17Pue","https:\/\/x.com\/AliadosPuebla"],"url":"https:\/\/www.aliadospuebla.com\/?author=2"}]}},"views":10,"_links":{"self":[{"href":"https:\/\/www.aliadospuebla.com\/index.php?rest_route=\/wp\/v2\/posts\/104785","targetHints":{"allow":["GET"]}}],"collection":[{"href":"https:\/\/www.aliadospuebla.com\/index.php?rest_route=\/wp\/v2\/posts"}],"about":[{"href":"https:\/\/www.aliadospuebla.com\/index.php?rest_route=\/wp\/v2\/types\/post"}],"author":[{"embeddable":true,"href":"https:\/\/www.aliadospuebla.com\/index.php?rest_route=\/wp\/v2\/users\/2"}],"replies":[{"embeddable":true,"href":"https:\/\/www.aliadospuebla.com\/index.php?rest_route=%2Fwp%2Fv2%2Fcomments&post=104785"}],"version-history":[{"count":1,"href":"https:\/\/www.aliadospuebla.com\/index.php?rest_route=\/wp\/v2\/posts\/104785\/revisions"}],"predecessor-version":[{"id":104787,"href":"https:\/\/www.aliadospuebla.com\/index.php?rest_route=\/wp\/v2\/posts\/104785\/revisions\/104787"}],"wp:featuredmedia":[{"embeddable":true,"href":"https:\/\/www.aliadospuebla.com\/index.php?rest_route=\/wp\/v2\/media\/104786"}],"wp:attachment":[{"href":"https:\/\/www.aliadospuebla.com\/index.php?rest_route=%2Fwp%2Fv2%2Fmedia&parent=104785"}],"wp:term":[{"taxonomy":"category","embeddable":true,"href":"https:\/\/www.aliadospuebla.com\/index.php?rest_route=%2Fwp%2Fv2%2Fcategories&post=104785"},{"taxonomy":"post_tag","embeddable":true,"href":"https:\/\/www.aliadospuebla.com\/index.php?rest_route=%2Fwp%2Fv2%2Ftags&post=104785"}],"curies":[{"name":"wp","href":"https:\/\/api.w.org\/{rel}","templated":true}]}}