{"id":104166,"date":"2025-04-09T19:35:20","date_gmt":"2025-04-10T01:35:20","guid":{"rendered":"https:\/\/www.aliadospuebla.com\/?p=104166"},"modified":"2025-04-09T19:35:20","modified_gmt":"2025-04-10T01:35:20","slug":"policia-de-san-pedro-cholula-inicia-el-programa-comercios-unidos-por-la-seguridad-en-santiago-momoxpan","status":"publish","type":"post","link":"https:\/\/www.aliadospuebla.com\/?p=104166","title":{"rendered":"Polic\u00eda de San Pedro Cholula inicia el Programa \u201cComercios Unidos por la Seguridad\u201d en Santiago Momoxpan"},"content":{"rendered":"<h4>San Pedro Cholula, Puebla.\u2013 Con el objetivo de fortalecer la seguridad y protecci\u00f3n de los comercios establecidos en el municipio, la Secretar\u00eda de Seguridad Ciudadana (SSC Cholula), a trav\u00e9s de la Direcci\u00f3n de Prevenci\u00f3n del Delito y Atenci\u00f3n a V\u00edctimas, puso en marcha el programa \u201cComercios Unidos por la Seguridad\u201d en la Junta Auxiliar de Santiago Momoxpan.<\/h4>\n<p>Esta iniciativa busca integrar una red entre propietarios y trabajadores de negocios en la zona,<\/p>\n<p>fomentando la comunicaci\u00f3n entre ellos, as\u00ed como la difusi\u00f3n de medidas preventivas para evitar<\/p>\n<p>ser v\u00edctimas de delitos. Asimismo, se les orienta sobre c\u00f3mo y d\u00f3nde solicitar la intervenci\u00f3n policial de manera oportuna.<\/p>\n<p>A trav\u00e9s de esta red de apoyo, se establecer\u00e1 un canal de contacto directo con la polic\u00eda municipal, lo que permitir\u00e1 reducir significativamente los tiempos de respuesta ante una emergencia o acto delictivo.<\/p>\n<p>Santiago Momoxpan fue elegida como punto de arranque del programa, por ser la Junta Auxiliar con mayor poblaci\u00f3n y extensi\u00f3n territorial. Como parte de las acciones, se impartir\u00e1n pl\u00e1ticas y capacitaciones enfocadas en la prevenci\u00f3n de delitos como extorsi\u00f3n, fraude, robo y secuestro. Adem\u00e1s, se instalar\u00e1n lonas informativas para reforzar entre los comerciantes las medidas b\u00e1sicas de seguridad.<\/p>\n<p>En el marco de esta estrategia, se reforzar\u00e1n los operativos coordinados entre la Secretar\u00eda de Marina (SEMAR), la Guardia Nacional (GN), la Secretar\u00eda de Seguridad P\u00fablica del Estado y la SSC Cholula, de forma aleatoria y estrat\u00e9gica, con el fin de inhibir la comisi\u00f3n de delitos en la zona.<\/p>\n<p>El Ayuntamiento de San Pedro Cholula, encabezado por la presidenta Tonantzin Fern\u00e1ndez, y en coordinaci\u00f3n con el Gobierno del Estado que lidera Alejandro Armenta, reafirma su compromiso con la seguridad y la tranquilidad de las y los cholultecas, mediante acciones preventivas y de vigilancia en espacios comerciales.<\/p>\n","protected":false},"excerpt":{"rendered":"<p>San Pedro Cholula, Puebla.\u2013 Con el objetivo de fortalecer la seguridad y protecci\u00f3n de los comercios establecidos en el municipio, la Secretar\u00eda de Seguridad Ciudadana (SSC Cholula), a trav\u00e9s de la Direcci\u00f3n de Prevenci\u00f3n del Delito y Atenci\u00f3n a V\u00edctimas, puso en marcha el programa \u201cComercios Unidos por la Seguridad\u201d en la Junta Auxiliar de Santiago Momoxpan. Esta iniciativa busca integrar una red entre propietarios y trabajadores de negocios en la zona, fomentando la comunicaci\u00f3n entre ellos, as\u00ed como la difusi\u00f3n de medidas preventivas para evitar ser v\u00edctimas de delitos. Asimismo, se les orienta sobre c\u00f3mo y d\u00f3nde solicitar la intervenci\u00f3n policial de manera oportuna. A trav\u00e9s de esta red de apoyo, se establecer\u00e1 un canal de contacto directo con la polic\u00eda municipal, lo que&hellip;<\/p>\n<p class=\"excerpt-more\"><a class=\"blog-excerpt button\" href=\"https:\/\/www.aliadospuebla.com\/?p=104166\">Leer m\u00e1s&#8230;<\/a><\/p>\n","protected":false},"author":2,"featured_media":104167,"comment_status":"open","ping_status":"open","sticky":false,"template":"","format":"standard","meta":{"_monsterinsights_skip_tracking":false,"footnotes":""},"categories":[4],"tags":[12792,28678,1005,387,17802,18966,7394],"class_list":["post-104166","post","type-post","status-publish","format-standard","has-post-thumbnail","hentry","category-municipios","tag-comercios-establecidos","tag-comercios-unidos-por-la-seguridad","tag-proteccion","tag-san-pedro-cholula","tag-santiago-momoxpan","tag-ssc-cholula","tag-tonantzin-fernandez"],"yoast_head":"<!-- This site is optimized with the Yoast SEO plugin v28.4 - https:\/\/yoast.com\/product\/yoast-seo-wordpress\/ -->\n<title>Polic\u00eda de San Pedro Cholula inicia el Programa \u201cComercios Unidos por la Seguridad\u201d en Santiago Momoxpan - AliadosPuebla<\/title>\n<meta name=\"robots\" content=\"index, follow, max-snippet:-1, max-image-preview:large, max-video-preview:-1\" \/>\n<link rel=\"canonical\" href=\"https:\/\/www.aliadospuebla.com\/?p=104166\" \/>\n<meta property=\"og:locale\" content=\"es_ES\" \/>\n<meta property=\"og:type\" content=\"article\" \/>\n<meta property=\"og:title\" content=\"Polic\u00eda de San Pedro Cholula inicia el Programa \u201cComercios Unidos por la Seguridad\u201d en Santiago Momoxpan - AliadosPuebla\" \/>\n<meta property=\"og:description\" content=\"San Pedro Cholula, Puebla.\u2013 Con el objetivo de fortalecer la seguridad y protecci\u00f3n de los comercios establecidos en el municipio, la Secretar\u00eda de Seguridad Ciudadana (SSC Cholula), a trav\u00e9s de la Direcci\u00f3n de Prevenci\u00f3n del Delito y Atenci\u00f3n a V\u00edctimas, puso en marcha el programa \u201cComercios Unidos por la Seguridad\u201d en la Junta Auxiliar de Santiago Momoxpan. Esta iniciativa busca integrar una red entre propietarios y trabajadores de negocios en la zona, fomentando la comunicaci\u00f3n entre ellos, as\u00ed como la difusi\u00f3n de medidas preventivas para evitar ser v\u00edctimas de delitos. Asimismo, se les orienta sobre c\u00f3mo y d\u00f3nde solicitar la intervenci\u00f3n policial de manera oportuna. A trav\u00e9s de esta red de apoyo, se establecer\u00e1 un canal de contacto directo con la polic\u00eda municipal, lo que&hellip;Leer m\u00e1s...\" \/>\n<meta property=\"og:url\" content=\"https:\/\/www.aliadospuebla.com\/?p=104166\" \/>\n<meta property=\"og:site_name\" content=\"AliadosPuebla\" \/>\n<meta property=\"article:author\" content=\"https:\/\/www.facebook.com\/Aliados17Pue\" \/>\n<meta property=\"article:published_time\" content=\"2025-04-10T01:35:20+00:00\" \/>\n<meta property=\"og:image\" content=\"https:\/\/www.aliadospuebla.com\/web2017\/wp-content\/uploads\/2025\/04\/114.jpg\" \/>\n\t<meta property=\"og:image:width\" content=\"600\" \/>\n\t<meta property=\"og:image:height\" content=\"450\" \/>\n\t<meta property=\"og:image:type\" content=\"image\/jpeg\" \/>\n<meta name=\"author\" content=\"Aliados17\" \/>\n<meta name=\"twitter:card\" content=\"summary_large_image\" \/>\n<meta name=\"twitter:creator\" content=\"@AliadosPuebla\" \/>\n<meta name=\"twitter:label1\" content=\"Escrito por\" \/>\n\t<meta name=\"twitter:data1\" content=\"Aliados17\" \/>\n\t<meta name=\"twitter:label2\" content=\"Tiempo de lectura\" \/>\n\t<meta name=\"twitter:data2\" content=\"2 minutos\" \/>\n<script type=\"application\/ld+json\" class=\"yoast-schema-graph\">{\"@context\":\"https:\\\/\\\/schema.org\",\"@graph\":[{\"@type\":\"Article\",\"@id\":\"https:\\\/\\\/www.aliadospuebla.com\\\/?p=104166#article\",\"isPartOf\":{\"@id\":\"https:\\\/\\\/www.aliadospuebla.com\\\/?p=104166\"},\"author\":{\"name\":\"Aliados17\",\"@id\":\"https:\\\/\\\/www.aliadospuebla.com\\\/#\\\/schema\\\/person\\\/5da7dd09320bd4f392b710017ed5f8ad\"},\"headline\":\"Polic\u00eda de San Pedro Cholula inicia el Programa \u201cComercios Unidos por la Seguridad\u201d en Santiago Momoxpan\",\"datePublished\":\"2025-04-10T01:35:20+00:00\",\"mainEntityOfPage\":{\"@id\":\"https:\\\/\\\/www.aliadospuebla.com\\\/?p=104166\"},\"wordCount\":341,\"commentCount\":0,\"image\":{\"@id\":\"https:\\\/\\\/www.aliadospuebla.com\\\/?p=104166#primaryimage\"},\"thumbnailUrl\":\"https:\\\/\\\/www.aliadospuebla.com\\\/web2017\\\/wp-content\\\/uploads\\\/2025\\\/04\\\/114.jpg\",\"keywords\":[\"comercios establecidos\",\"Comercios Unidos por la Seguridad\",\"PROTECCI\u00d3N\",\"SAN PEDRO CHOLULA\",\"Santiago Momoxpan\",\"SSC Cholula\",\"TONANTZIN FERN\u00c1NDEZ\"],\"articleSection\":[\"Municipios\"],\"inLanguage\":\"es\",\"potentialAction\":[{\"@type\":\"CommentAction\",\"name\":\"Comment\",\"target\":[\"https:\\\/\\\/www.aliadospuebla.com\\\/?p=104166#respond\"]}]},{\"@type\":\"WebPage\",\"@id\":\"https:\\\/\\\/www.aliadospuebla.com\\\/?p=104166\",\"url\":\"https:\\\/\\\/www.aliadospuebla.com\\\/?p=104166\",\"name\":\"Polic\u00eda de San Pedro Cholula inicia el Programa \u201cComercios Unidos por la Seguridad\u201d en Santiago Momoxpan - AliadosPuebla\",\"isPartOf\":{\"@id\":\"https:\\\/\\\/www.aliadospuebla.com\\\/#website\"},\"primaryImageOfPage\":{\"@id\":\"https:\\\/\\\/www.aliadospuebla.com\\\/?p=104166#primaryimage\"},\"image\":{\"@id\":\"https:\\\/\\\/www.aliadospuebla.com\\\/?p=104166#primaryimage\"},\"thumbnailUrl\":\"https:\\\/\\\/www.aliadospuebla.com\\\/web2017\\\/wp-content\\\/uploads\\\/2025\\\/04\\\/114.jpg\",\"datePublished\":\"2025-04-10T01:35:20+00:00\",\"author\":{\"@id\":\"https:\\\/\\\/www.aliadospuebla.com\\\/#\\\/schema\\\/person\\\/5da7dd09320bd4f392b710017ed5f8ad\"},\"breadcrumb\":{\"@id\":\"https:\\\/\\\/www.aliadospuebla.com\\\/?p=104166#breadcrumb\"},\"inLanguage\":\"es\",\"potentialAction\":[{\"@type\":\"ReadAction\",\"target\":[\"https:\\\/\\\/www.aliadospuebla.com\\\/?p=104166\"]}]},{\"@type\":\"ImageObject\",\"inLanguage\":\"es\",\"@id\":\"https:\\\/\\\/www.aliadospuebla.com\\\/?p=104166#primaryimage\",\"url\":\"https:\\\/\\\/www.aliadospuebla.com\\\/web2017\\\/wp-content\\\/uploads\\\/2025\\\/04\\\/114.jpg\",\"contentUrl\":\"https:\\\/\\\/www.aliadospuebla.com\\\/web2017\\\/wp-content\\\/uploads\\\/2025\\\/04\\\/114.jpg\",\"width\":600,\"height\":450},{\"@type\":\"BreadcrumbList\",\"@id\":\"https:\\\/\\\/www.aliadospuebla.com\\\/?p=104166#breadcrumb\",\"itemListElement\":[{\"@type\":\"ListItem\",\"position\":1,\"name\":\"Portada\",\"item\":\"https:\\\/\\\/www.aliadospuebla.com\\\/\"},{\"@type\":\"ListItem\",\"position\":2,\"name\":\"Polic\u00eda de San Pedro Cholula inicia el Programa \u201cComercios Unidos por la Seguridad\u201d en Santiago Momoxpan\"}]},{\"@type\":\"WebSite\",\"@id\":\"https:\\\/\\\/www.aliadospuebla.com\\\/#website\",\"url\":\"https:\\\/\\\/www.aliadospuebla.com\\\/\",\"name\":\"AliadosPuebla\",\"description\":\"La informaci\u00f3n en tus manos\",\"potentialAction\":[{\"@type\":\"SearchAction\",\"target\":{\"@type\":\"EntryPoint\",\"urlTemplate\":\"https:\\\/\\\/www.aliadospuebla.com\\\/?s={search_term_string}\"},\"query-input\":{\"@type\":\"PropertyValueSpecification\",\"valueRequired\":true,\"valueName\":\"search_term_string\"}}],\"inLanguage\":\"es\"},{\"@type\":\"Person\",\"@id\":\"https:\\\/\\\/www.aliadospuebla.com\\\/#\\\/schema\\\/person\\\/5da7dd09320bd4f392b710017ed5f8ad\",\"name\":\"Aliados17\",\"image\":{\"@type\":\"ImageObject\",\"inLanguage\":\"es\",\"@id\":\"https:\\\/\\\/www.aliadospuebla.com\\\/web2017\\\/wp-content\\\/uploads\\\/2025\\\/03\\\/cropped-para-perfil-8-anos-1-96x96.jpg\",\"url\":\"https:\\\/\\\/www.aliadospuebla.com\\\/web2017\\\/wp-content\\\/uploads\\\/2025\\\/03\\\/cropped-para-perfil-8-anos-1-96x96.jpg\",\"contentUrl\":\"https:\\\/\\\/www.aliadospuebla.com\\\/web2017\\\/wp-content\\\/uploads\\\/2025\\\/03\\\/cropped-para-perfil-8-anos-1-96x96.jpg\",\"caption\":\"Aliados17\"},\"sameAs\":[\"https:\\\/\\\/www.aliados17.com\",\"https:\\\/\\\/www.facebook.com\\\/Aliados17Pue\",\"https:\\\/\\\/x.com\\\/AliadosPuebla\"],\"url\":\"https:\\\/\\\/www.aliadospuebla.com\\\/?author=2\"}]}<\/script>\n<!-- \/ Yoast SEO plugin. -->","yoast_head_json":{"title":"Polic\u00eda de San Pedro Cholula inicia el Programa \u201cComercios Unidos por la Seguridad\u201d en Santiago Momoxpan - AliadosPuebla","robots":{"index":"index","follow":"follow","max-snippet":"max-snippet:-1","max-image-preview":"max-image-preview:large","max-video-preview":"max-video-preview:-1"},"canonical":"https:\/\/www.aliadospuebla.com\/?p=104166","og_locale":"es_ES","og_type":"article","og_title":"Polic\u00eda de San Pedro Cholula inicia el Programa \u201cComercios Unidos por la Seguridad\u201d en Santiago Momoxpan - AliadosPuebla","og_description":"San Pedro Cholula, Puebla.\u2013 Con el objetivo de fortalecer la seguridad y protecci\u00f3n de los comercios establecidos en el municipio, la Secretar\u00eda de Seguridad Ciudadana (SSC Cholula), a trav\u00e9s de la Direcci\u00f3n de Prevenci\u00f3n del Delito y Atenci\u00f3n a V\u00edctimas, puso en marcha el programa \u201cComercios Unidos por la Seguridad\u201d en la Junta Auxiliar de Santiago Momoxpan. Esta iniciativa busca integrar una red entre propietarios y trabajadores de negocios en la zona, fomentando la comunicaci\u00f3n entre ellos, as\u00ed como la difusi\u00f3n de medidas preventivas para evitar ser v\u00edctimas de delitos. Asimismo, se les orienta sobre c\u00f3mo y d\u00f3nde solicitar la intervenci\u00f3n policial de manera oportuna. A trav\u00e9s de esta red de apoyo, se establecer\u00e1 un canal de contacto directo con la polic\u00eda municipal, lo que&hellip;Leer m\u00e1s...","og_url":"https:\/\/www.aliadospuebla.com\/?p=104166","og_site_name":"AliadosPuebla","article_author":"https:\/\/www.facebook.com\/Aliados17Pue","article_published_time":"2025-04-10T01:35:20+00:00","og_image":[{"width":600,"height":450,"url":"https:\/\/www.aliadospuebla.com\/web2017\/wp-content\/uploads\/2025\/04\/114.jpg","type":"image\/jpeg"}],"author":"Aliados17","twitter_card":"summary_large_image","twitter_creator":"@AliadosPuebla","twitter_misc":{"Escrito por":"Aliados17","Tiempo de lectura":"2 minutos"},"schema":{"@context":"https:\/\/schema.org","@graph":[{"@type":"Article","@id":"https:\/\/www.aliadospuebla.com\/?p=104166#article","isPartOf":{"@id":"https:\/\/www.aliadospuebla.com\/?p=104166"},"author":{"name":"Aliados17","@id":"https:\/\/www.aliadospuebla.com\/#\/schema\/person\/5da7dd09320bd4f392b710017ed5f8ad"},"headline":"Polic\u00eda de San Pedro Cholula inicia el Programa \u201cComercios Unidos por la Seguridad\u201d en Santiago Momoxpan","datePublished":"2025-04-10T01:35:20+00:00","mainEntityOfPage":{"@id":"https:\/\/www.aliadospuebla.com\/?p=104166"},"wordCount":341,"commentCount":0,"image":{"@id":"https:\/\/www.aliadospuebla.com\/?p=104166#primaryimage"},"thumbnailUrl":"https:\/\/www.aliadospuebla.com\/web2017\/wp-content\/uploads\/2025\/04\/114.jpg","keywords":["comercios establecidos","Comercios Unidos por la Seguridad","PROTECCI\u00d3N","SAN PEDRO CHOLULA","Santiago Momoxpan","SSC Cholula","TONANTZIN FERN\u00c1NDEZ"],"articleSection":["Municipios"],"inLanguage":"es","potentialAction":[{"@type":"CommentAction","name":"Comment","target":["https:\/\/www.aliadospuebla.com\/?p=104166#respond"]}]},{"@type":"WebPage","@id":"https:\/\/www.aliadospuebla.com\/?p=104166","url":"https:\/\/www.aliadospuebla.com\/?p=104166","name":"Polic\u00eda de San Pedro Cholula inicia el Programa \u201cComercios Unidos por la Seguridad\u201d en Santiago Momoxpan - AliadosPuebla","isPartOf":{"@id":"https:\/\/www.aliadospuebla.com\/#website"},"primaryImageOfPage":{"@id":"https:\/\/www.aliadospuebla.com\/?p=104166#primaryimage"},"image":{"@id":"https:\/\/www.aliadospuebla.com\/?p=104166#primaryimage"},"thumbnailUrl":"https:\/\/www.aliadospuebla.com\/web2017\/wp-content\/uploads\/2025\/04\/114.jpg","datePublished":"2025-04-10T01:35:20+00:00","author":{"@id":"https:\/\/www.aliadospuebla.com\/#\/schema\/person\/5da7dd09320bd4f392b710017ed5f8ad"},"breadcrumb":{"@id":"https:\/\/www.aliadospuebla.com\/?p=104166#breadcrumb"},"inLanguage":"es","potentialAction":[{"@type":"ReadAction","target":["https:\/\/www.aliadospuebla.com\/?p=104166"]}]},{"@type":"ImageObject","inLanguage":"es","@id":"https:\/\/www.aliadospuebla.com\/?p=104166#primaryimage","url":"https:\/\/www.aliadospuebla.com\/web2017\/wp-content\/uploads\/2025\/04\/114.jpg","contentUrl":"https:\/\/www.aliadospuebla.com\/web2017\/wp-content\/uploads\/2025\/04\/114.jpg","width":600,"height":450},{"@type":"BreadcrumbList","@id":"https:\/\/www.aliadospuebla.com\/?p=104166#breadcrumb","itemListElement":[{"@type":"ListItem","position":1,"name":"Portada","item":"https:\/\/www.aliadospuebla.com\/"},{"@type":"ListItem","position":2,"name":"Polic\u00eda de San Pedro Cholula inicia el Programa \u201cComercios Unidos por la Seguridad\u201d en Santiago Momoxpan"}]},{"@type":"WebSite","@id":"https:\/\/www.aliadospuebla.com\/#website","url":"https:\/\/www.aliadospuebla.com\/","name":"AliadosPuebla","description":"La informaci\u00f3n en tus manos","potentialAction":[{"@type":"SearchAction","target":{"@type":"EntryPoint","urlTemplate":"https:\/\/www.aliadospuebla.com\/?s={search_term_string}"},"query-input":{"@type":"PropertyValueSpecification","valueRequired":true,"valueName":"search_term_string"}}],"inLanguage":"es"},{"@type":"Person","@id":"https:\/\/www.aliadospuebla.com\/#\/schema\/person\/5da7dd09320bd4f392b710017ed5f8ad","name":"Aliados17","image":{"@type":"ImageObject","inLanguage":"es","@id":"https:\/\/www.aliadospuebla.com\/web2017\/wp-content\/uploads\/2025\/03\/cropped-para-perfil-8-anos-1-96x96.jpg","url":"https:\/\/www.aliadospuebla.com\/web2017\/wp-content\/uploads\/2025\/03\/cropped-para-perfil-8-anos-1-96x96.jpg","contentUrl":"https:\/\/www.aliadospuebla.com\/web2017\/wp-content\/uploads\/2025\/03\/cropped-para-perfil-8-anos-1-96x96.jpg","caption":"Aliados17"},"sameAs":["https:\/\/www.aliados17.com","https:\/\/www.facebook.com\/Aliados17Pue","https:\/\/x.com\/AliadosPuebla"],"url":"https:\/\/www.aliadospuebla.com\/?author=2"}]}},"views":9,"_links":{"self":[{"href":"https:\/\/www.aliadospuebla.com\/index.php?rest_route=\/wp\/v2\/posts\/104166","targetHints":{"allow":["GET"]}}],"collection":[{"href":"https:\/\/www.aliadospuebla.com\/index.php?rest_route=\/wp\/v2\/posts"}],"about":[{"href":"https:\/\/www.aliadospuebla.com\/index.php?rest_route=\/wp\/v2\/types\/post"}],"author":[{"embeddable":true,"href":"https:\/\/www.aliadospuebla.com\/index.php?rest_route=\/wp\/v2\/users\/2"}],"replies":[{"embeddable":true,"href":"https:\/\/www.aliadospuebla.com\/index.php?rest_route=%2Fwp%2Fv2%2Fcomments&post=104166"}],"version-history":[{"count":1,"href":"https:\/\/www.aliadospuebla.com\/index.php?rest_route=\/wp\/v2\/posts\/104166\/revisions"}],"predecessor-version":[{"id":104168,"href":"https:\/\/www.aliadospuebla.com\/index.php?rest_route=\/wp\/v2\/posts\/104166\/revisions\/104168"}],"wp:featuredmedia":[{"embeddable":true,"href":"https:\/\/www.aliadospuebla.com\/index.php?rest_route=\/wp\/v2\/media\/104167"}],"wp:attachment":[{"href":"https:\/\/www.aliadospuebla.com\/index.php?rest_route=%2Fwp%2Fv2%2Fmedia&parent=104166"}],"wp:term":[{"taxonomy":"category","embeddable":true,"href":"https:\/\/www.aliadospuebla.com\/index.php?rest_route=%2Fwp%2Fv2%2Fcategories&post=104166"},{"taxonomy":"post_tag","embeddable":true,"href":"https:\/\/www.aliadospuebla.com\/index.php?rest_route=%2Fwp%2Fv2%2Ftags&post=104166"}],"curies":[{"name":"wp","href":"https:\/\/api.w.org\/{rel}","templated":true}]}}