{"id":104107,"date":"2025-04-09T00:37:11","date_gmt":"2025-04-09T06:37:11","guid":{"rendered":"https:\/\/www.aliadospuebla.com\/?p=104107"},"modified":"2025-04-09T00:37:11","modified_gmt":"2025-04-09T06:37:11","slug":"tonantzin-fernandez-refuerza-acciones-de-bacheo-en-la-cabecera-municipal","status":"publish","type":"post","link":"https:\/\/www.aliadospuebla.com\/?p=104107","title":{"rendered":"Tonantzin Fern\u00e1ndez refuerza acciones de bacheo en la Cabecera Municipal"},"content":{"rendered":"<h4>Mejores vialidades para Cholula: avanza el programa de bacheo municipal<\/h4>\n<p>San Pedro Cholula, Pue. \u2013 El Gobierno Municipal de San Pedro Cholula, encabezado por la presidenta Tonantzin Fern\u00e1ndez,<\/p>\n<p>contin\u00faa con las labores de bacheo en la Cabecera Municipal, como parte del programa Bachet\u00f3n 2025.<\/p>\n<p>Tal como se anunci\u00f3 durante el banderazo de arranque, el Centro de Cholula se dividir\u00e1 en cuadrantes<\/p>\n<p>que ser\u00e1n atendidos de forma progresiva. En esta etapa, los trabajos iniciaron en la calle 2 Poniente,<\/p>\n<p>a un costado del mercado Cosme del Razo.<\/p>\n<p>Al respecto, Tonantzin Fern\u00e1ndez agradeci\u00f3 a las y los cholultecas por su paciencia ante las molestias temporales que estas labores pudieran generar, destacando que los beneficios ser\u00e1n duraderos y contribuir\u00e1n a resolver uno de los problemas m\u00e1s persistentes en el municipio.<\/p>\n<p>Por su parte, la directora de Obra P\u00fablica, Narcisa Cari\u00f1o, se\u00f1al\u00f3 que la cuadrilla de bacheo tiene la instrucci\u00f3n de realizar los trabajos con la mayor calidad posible, utilizando materiales que garanticen durabilidad y eviten la reaparici\u00f3n de baches.<\/p>\n<p>Con estas acciones, el Gobierno Municipal reafirma su compromiso con la ciudadan\u00eda al atender una de las principales demandas: contar con mejores vialidades para todo tipo de transporte que circula por San Pedro Cholula.<\/p>\n","protected":false},"excerpt":{"rendered":"<p>Mejores vialidades para Cholula: avanza el programa de bacheo municipal San Pedro Cholula, Pue. \u2013 El Gobierno Municipal de San Pedro Cholula, encabezado por la presidenta Tonantzin Fern\u00e1ndez, contin\u00faa con las labores de bacheo en la Cabecera Municipal, como parte del programa Bachet\u00f3n 2025. Tal como se anunci\u00f3 durante el banderazo de arranque, el Centro de Cholula se dividir\u00e1 en cuadrantes que ser\u00e1n atendidos de forma progresiva. En esta etapa, los trabajos iniciaron en la calle 2 Poniente, a un costado del mercado Cosme del Razo. Al respecto, Tonantzin Fern\u00e1ndez agradeci\u00f3 a las y los cholultecas por su paciencia ante las molestias temporales que estas labores pudieran generar, destacando que los beneficios ser\u00e1n duraderos y contribuir\u00e1n a resolver uno de los problemas m\u00e1s persistentes en&hellip;<\/p>\n<p class=\"excerpt-more\"><a class=\"blog-excerpt button\" href=\"https:\/\/www.aliadospuebla.com\/?p=104107\">Leer m\u00e1s&#8230;<\/a><\/p>\n","protected":false},"author":2,"featured_media":104108,"comment_status":"open","ping_status":"open","sticky":false,"template":"","format":"standard","meta":{"_monsterinsights_skip_tracking":false,"footnotes":""},"categories":[4],"tags":[28631,28632,263,387,7394],"class_list":["post-104107","post","type-post","status-publish","format-standard","has-post-thumbnail","hentry","category-municipios","tag-bacheo-municipal","tag-narcisa-carino","tag-obra-publica","tag-san-pedro-cholula","tag-tonantzin-fernandez"],"yoast_head":"<!-- This site is optimized with the Yoast SEO plugin v28.4 - https:\/\/yoast.com\/product\/yoast-seo-wordpress\/ -->\n<title>Tonantzin Fern\u00e1ndez refuerza acciones de bacheo en la Cabecera Municipal - AliadosPuebla<\/title>\n<meta name=\"robots\" content=\"index, follow, max-snippet:-1, max-image-preview:large, max-video-preview:-1\" \/>\n<link rel=\"canonical\" href=\"https:\/\/www.aliadospuebla.com\/?p=104107\" \/>\n<meta property=\"og:locale\" content=\"es_ES\" \/>\n<meta property=\"og:type\" content=\"article\" \/>\n<meta property=\"og:title\" content=\"Tonantzin Fern\u00e1ndez refuerza acciones de bacheo en la Cabecera Municipal - AliadosPuebla\" \/>\n<meta property=\"og:description\" content=\"Mejores vialidades para Cholula: avanza el programa de bacheo municipal San Pedro Cholula, Pue. \u2013 El Gobierno Municipal de San Pedro Cholula, encabezado por la presidenta Tonantzin Fern\u00e1ndez, contin\u00faa con las labores de bacheo en la Cabecera Municipal, como parte del programa Bachet\u00f3n 2025. Tal como se anunci\u00f3 durante el banderazo de arranque, el Centro de Cholula se dividir\u00e1 en cuadrantes que ser\u00e1n atendidos de forma progresiva. En esta etapa, los trabajos iniciaron en la calle 2 Poniente, a un costado del mercado Cosme del Razo. Al respecto, Tonantzin Fern\u00e1ndez agradeci\u00f3 a las y los cholultecas por su paciencia ante las molestias temporales que estas labores pudieran generar, destacando que los beneficios ser\u00e1n duraderos y contribuir\u00e1n a resolver uno de los problemas m\u00e1s persistentes en&hellip;Leer m\u00e1s...\" \/>\n<meta property=\"og:url\" content=\"https:\/\/www.aliadospuebla.com\/?p=104107\" \/>\n<meta property=\"og:site_name\" content=\"AliadosPuebla\" \/>\n<meta property=\"article:author\" content=\"https:\/\/www.facebook.com\/Aliados17Pue\" \/>\n<meta property=\"article:published_time\" content=\"2025-04-09T06:37:11+00:00\" \/>\n<meta property=\"og:image\" content=\"https:\/\/www.aliadospuebla.com\/web2017\/wp-content\/uploads\/2025\/04\/095.jpg\" \/>\n\t<meta property=\"og:image:width\" content=\"600\" \/>\n\t<meta property=\"og:image:height\" content=\"450\" \/>\n\t<meta property=\"og:image:type\" content=\"image\/jpeg\" \/>\n<meta name=\"author\" content=\"Aliados17\" \/>\n<meta name=\"twitter:card\" content=\"summary_large_image\" \/>\n<meta name=\"twitter:creator\" content=\"@AliadosPuebla\" \/>\n<meta name=\"twitter:label1\" content=\"Escrito por\" \/>\n\t<meta name=\"twitter:data1\" content=\"Aliados17\" \/>\n\t<meta name=\"twitter:label2\" content=\"Tiempo de lectura\" \/>\n\t<meta name=\"twitter:data2\" content=\"1 minuto\" \/>\n<script type=\"application\/ld+json\" class=\"yoast-schema-graph\">{\"@context\":\"https:\\\/\\\/schema.org\",\"@graph\":[{\"@type\":\"Article\",\"@id\":\"https:\\\/\\\/www.aliadospuebla.com\\\/?p=104107#article\",\"isPartOf\":{\"@id\":\"https:\\\/\\\/www.aliadospuebla.com\\\/?p=104107\"},\"author\":{\"name\":\"Aliados17\",\"@id\":\"https:\\\/\\\/www.aliadospuebla.com\\\/#\\\/schema\\\/person\\\/5da7dd09320bd4f392b710017ed5f8ad\"},\"headline\":\"Tonantzin Fern\u00e1ndez refuerza acciones de bacheo en la Cabecera Municipal\",\"datePublished\":\"2025-04-09T06:37:11+00:00\",\"mainEntityOfPage\":{\"@id\":\"https:\\\/\\\/www.aliadospuebla.com\\\/?p=104107\"},\"wordCount\":222,\"commentCount\":0,\"image\":{\"@id\":\"https:\\\/\\\/www.aliadospuebla.com\\\/?p=104107#primaryimage\"},\"thumbnailUrl\":\"https:\\\/\\\/www.aliadospuebla.com\\\/web2017\\\/wp-content\\\/uploads\\\/2025\\\/04\\\/095.jpg\",\"keywords\":[\"bacheo municipal\",\"Narcisa Cari\u00f1o\",\"Obra p\u00fablica\",\"SAN PEDRO CHOLULA\",\"TONANTZIN FERN\u00c1NDEZ\"],\"articleSection\":[\"Municipios\"],\"inLanguage\":\"es\",\"potentialAction\":[{\"@type\":\"CommentAction\",\"name\":\"Comment\",\"target\":[\"https:\\\/\\\/www.aliadospuebla.com\\\/?p=104107#respond\"]}]},{\"@type\":\"WebPage\",\"@id\":\"https:\\\/\\\/www.aliadospuebla.com\\\/?p=104107\",\"url\":\"https:\\\/\\\/www.aliadospuebla.com\\\/?p=104107\",\"name\":\"Tonantzin Fern\u00e1ndez refuerza acciones de bacheo en la Cabecera Municipal - AliadosPuebla\",\"isPartOf\":{\"@id\":\"https:\\\/\\\/www.aliadospuebla.com\\\/#website\"},\"primaryImageOfPage\":{\"@id\":\"https:\\\/\\\/www.aliadospuebla.com\\\/?p=104107#primaryimage\"},\"image\":{\"@id\":\"https:\\\/\\\/www.aliadospuebla.com\\\/?p=104107#primaryimage\"},\"thumbnailUrl\":\"https:\\\/\\\/www.aliadospuebla.com\\\/web2017\\\/wp-content\\\/uploads\\\/2025\\\/04\\\/095.jpg\",\"datePublished\":\"2025-04-09T06:37:11+00:00\",\"author\":{\"@id\":\"https:\\\/\\\/www.aliadospuebla.com\\\/#\\\/schema\\\/person\\\/5da7dd09320bd4f392b710017ed5f8ad\"},\"breadcrumb\":{\"@id\":\"https:\\\/\\\/www.aliadospuebla.com\\\/?p=104107#breadcrumb\"},\"inLanguage\":\"es\",\"potentialAction\":[{\"@type\":\"ReadAction\",\"target\":[\"https:\\\/\\\/www.aliadospuebla.com\\\/?p=104107\"]}]},{\"@type\":\"ImageObject\",\"inLanguage\":\"es\",\"@id\":\"https:\\\/\\\/www.aliadospuebla.com\\\/?p=104107#primaryimage\",\"url\":\"https:\\\/\\\/www.aliadospuebla.com\\\/web2017\\\/wp-content\\\/uploads\\\/2025\\\/04\\\/095.jpg\",\"contentUrl\":\"https:\\\/\\\/www.aliadospuebla.com\\\/web2017\\\/wp-content\\\/uploads\\\/2025\\\/04\\\/095.jpg\",\"width\":600,\"height\":450},{\"@type\":\"BreadcrumbList\",\"@id\":\"https:\\\/\\\/www.aliadospuebla.com\\\/?p=104107#breadcrumb\",\"itemListElement\":[{\"@type\":\"ListItem\",\"position\":1,\"name\":\"Portada\",\"item\":\"https:\\\/\\\/www.aliadospuebla.com\\\/\"},{\"@type\":\"ListItem\",\"position\":2,\"name\":\"Tonantzin Fern\u00e1ndez refuerza acciones de bacheo en la Cabecera Municipal\"}]},{\"@type\":\"WebSite\",\"@id\":\"https:\\\/\\\/www.aliadospuebla.com\\\/#website\",\"url\":\"https:\\\/\\\/www.aliadospuebla.com\\\/\",\"name\":\"AliadosPuebla\",\"description\":\"La informaci\u00f3n en tus manos\",\"potentialAction\":[{\"@type\":\"SearchAction\",\"target\":{\"@type\":\"EntryPoint\",\"urlTemplate\":\"https:\\\/\\\/www.aliadospuebla.com\\\/?s={search_term_string}\"},\"query-input\":{\"@type\":\"PropertyValueSpecification\",\"valueRequired\":true,\"valueName\":\"search_term_string\"}}],\"inLanguage\":\"es\"},{\"@type\":\"Person\",\"@id\":\"https:\\\/\\\/www.aliadospuebla.com\\\/#\\\/schema\\\/person\\\/5da7dd09320bd4f392b710017ed5f8ad\",\"name\":\"Aliados17\",\"image\":{\"@type\":\"ImageObject\",\"inLanguage\":\"es\",\"@id\":\"https:\\\/\\\/www.aliadospuebla.com\\\/web2017\\\/wp-content\\\/uploads\\\/2025\\\/03\\\/cropped-para-perfil-8-anos-1-96x96.jpg\",\"url\":\"https:\\\/\\\/www.aliadospuebla.com\\\/web2017\\\/wp-content\\\/uploads\\\/2025\\\/03\\\/cropped-para-perfil-8-anos-1-96x96.jpg\",\"contentUrl\":\"https:\\\/\\\/www.aliadospuebla.com\\\/web2017\\\/wp-content\\\/uploads\\\/2025\\\/03\\\/cropped-para-perfil-8-anos-1-96x96.jpg\",\"caption\":\"Aliados17\"},\"sameAs\":[\"https:\\\/\\\/www.aliados17.com\",\"https:\\\/\\\/www.facebook.com\\\/Aliados17Pue\",\"https:\\\/\\\/x.com\\\/AliadosPuebla\"],\"url\":\"https:\\\/\\\/www.aliadospuebla.com\\\/?author=2\"}]}<\/script>\n<!-- \/ Yoast SEO plugin. -->","yoast_head_json":{"title":"Tonantzin Fern\u00e1ndez refuerza acciones de bacheo en la Cabecera Municipal - AliadosPuebla","robots":{"index":"index","follow":"follow","max-snippet":"max-snippet:-1","max-image-preview":"max-image-preview:large","max-video-preview":"max-video-preview:-1"},"canonical":"https:\/\/www.aliadospuebla.com\/?p=104107","og_locale":"es_ES","og_type":"article","og_title":"Tonantzin Fern\u00e1ndez refuerza acciones de bacheo en la Cabecera Municipal - AliadosPuebla","og_description":"Mejores vialidades para Cholula: avanza el programa de bacheo municipal San Pedro Cholula, Pue. \u2013 El Gobierno Municipal de San Pedro Cholula, encabezado por la presidenta Tonantzin Fern\u00e1ndez, contin\u00faa con las labores de bacheo en la Cabecera Municipal, como parte del programa Bachet\u00f3n 2025. Tal como se anunci\u00f3 durante el banderazo de arranque, el Centro de Cholula se dividir\u00e1 en cuadrantes que ser\u00e1n atendidos de forma progresiva. En esta etapa, los trabajos iniciaron en la calle 2 Poniente, a un costado del mercado Cosme del Razo. Al respecto, Tonantzin Fern\u00e1ndez agradeci\u00f3 a las y los cholultecas por su paciencia ante las molestias temporales que estas labores pudieran generar, destacando que los beneficios ser\u00e1n duraderos y contribuir\u00e1n a resolver uno de los problemas m\u00e1s persistentes en&hellip;Leer m\u00e1s...","og_url":"https:\/\/www.aliadospuebla.com\/?p=104107","og_site_name":"AliadosPuebla","article_author":"https:\/\/www.facebook.com\/Aliados17Pue","article_published_time":"2025-04-09T06:37:11+00:00","og_image":[{"width":600,"height":450,"url":"https:\/\/www.aliadospuebla.com\/web2017\/wp-content\/uploads\/2025\/04\/095.jpg","type":"image\/jpeg"}],"author":"Aliados17","twitter_card":"summary_large_image","twitter_creator":"@AliadosPuebla","twitter_misc":{"Escrito por":"Aliados17","Tiempo de lectura":"1 minuto"},"schema":{"@context":"https:\/\/schema.org","@graph":[{"@type":"Article","@id":"https:\/\/www.aliadospuebla.com\/?p=104107#article","isPartOf":{"@id":"https:\/\/www.aliadospuebla.com\/?p=104107"},"author":{"name":"Aliados17","@id":"https:\/\/www.aliadospuebla.com\/#\/schema\/person\/5da7dd09320bd4f392b710017ed5f8ad"},"headline":"Tonantzin Fern\u00e1ndez refuerza acciones de bacheo en la Cabecera Municipal","datePublished":"2025-04-09T06:37:11+00:00","mainEntityOfPage":{"@id":"https:\/\/www.aliadospuebla.com\/?p=104107"},"wordCount":222,"commentCount":0,"image":{"@id":"https:\/\/www.aliadospuebla.com\/?p=104107#primaryimage"},"thumbnailUrl":"https:\/\/www.aliadospuebla.com\/web2017\/wp-content\/uploads\/2025\/04\/095.jpg","keywords":["bacheo municipal","Narcisa Cari\u00f1o","Obra p\u00fablica","SAN PEDRO CHOLULA","TONANTZIN FERN\u00c1NDEZ"],"articleSection":["Municipios"],"inLanguage":"es","potentialAction":[{"@type":"CommentAction","name":"Comment","target":["https:\/\/www.aliadospuebla.com\/?p=104107#respond"]}]},{"@type":"WebPage","@id":"https:\/\/www.aliadospuebla.com\/?p=104107","url":"https:\/\/www.aliadospuebla.com\/?p=104107","name":"Tonantzin Fern\u00e1ndez refuerza acciones de bacheo en la Cabecera Municipal - AliadosPuebla","isPartOf":{"@id":"https:\/\/www.aliadospuebla.com\/#website"},"primaryImageOfPage":{"@id":"https:\/\/www.aliadospuebla.com\/?p=104107#primaryimage"},"image":{"@id":"https:\/\/www.aliadospuebla.com\/?p=104107#primaryimage"},"thumbnailUrl":"https:\/\/www.aliadospuebla.com\/web2017\/wp-content\/uploads\/2025\/04\/095.jpg","datePublished":"2025-04-09T06:37:11+00:00","author":{"@id":"https:\/\/www.aliadospuebla.com\/#\/schema\/person\/5da7dd09320bd4f392b710017ed5f8ad"},"breadcrumb":{"@id":"https:\/\/www.aliadospuebla.com\/?p=104107#breadcrumb"},"inLanguage":"es","potentialAction":[{"@type":"ReadAction","target":["https:\/\/www.aliadospuebla.com\/?p=104107"]}]},{"@type":"ImageObject","inLanguage":"es","@id":"https:\/\/www.aliadospuebla.com\/?p=104107#primaryimage","url":"https:\/\/www.aliadospuebla.com\/web2017\/wp-content\/uploads\/2025\/04\/095.jpg","contentUrl":"https:\/\/www.aliadospuebla.com\/web2017\/wp-content\/uploads\/2025\/04\/095.jpg","width":600,"height":450},{"@type":"BreadcrumbList","@id":"https:\/\/www.aliadospuebla.com\/?p=104107#breadcrumb","itemListElement":[{"@type":"ListItem","position":1,"name":"Portada","item":"https:\/\/www.aliadospuebla.com\/"},{"@type":"ListItem","position":2,"name":"Tonantzin Fern\u00e1ndez refuerza acciones de bacheo en la Cabecera Municipal"}]},{"@type":"WebSite","@id":"https:\/\/www.aliadospuebla.com\/#website","url":"https:\/\/www.aliadospuebla.com\/","name":"AliadosPuebla","description":"La informaci\u00f3n en tus manos","potentialAction":[{"@type":"SearchAction","target":{"@type":"EntryPoint","urlTemplate":"https:\/\/www.aliadospuebla.com\/?s={search_term_string}"},"query-input":{"@type":"PropertyValueSpecification","valueRequired":true,"valueName":"search_term_string"}}],"inLanguage":"es"},{"@type":"Person","@id":"https:\/\/www.aliadospuebla.com\/#\/schema\/person\/5da7dd09320bd4f392b710017ed5f8ad","name":"Aliados17","image":{"@type":"ImageObject","inLanguage":"es","@id":"https:\/\/www.aliadospuebla.com\/web2017\/wp-content\/uploads\/2025\/03\/cropped-para-perfil-8-anos-1-96x96.jpg","url":"https:\/\/www.aliadospuebla.com\/web2017\/wp-content\/uploads\/2025\/03\/cropped-para-perfil-8-anos-1-96x96.jpg","contentUrl":"https:\/\/www.aliadospuebla.com\/web2017\/wp-content\/uploads\/2025\/03\/cropped-para-perfil-8-anos-1-96x96.jpg","caption":"Aliados17"},"sameAs":["https:\/\/www.aliados17.com","https:\/\/www.facebook.com\/Aliados17Pue","https:\/\/x.com\/AliadosPuebla"],"url":"https:\/\/www.aliadospuebla.com\/?author=2"}]}},"views":9,"_links":{"self":[{"href":"https:\/\/www.aliadospuebla.com\/index.php?rest_route=\/wp\/v2\/posts\/104107","targetHints":{"allow":["GET"]}}],"collection":[{"href":"https:\/\/www.aliadospuebla.com\/index.php?rest_route=\/wp\/v2\/posts"}],"about":[{"href":"https:\/\/www.aliadospuebla.com\/index.php?rest_route=\/wp\/v2\/types\/post"}],"author":[{"embeddable":true,"href":"https:\/\/www.aliadospuebla.com\/index.php?rest_route=\/wp\/v2\/users\/2"}],"replies":[{"embeddable":true,"href":"https:\/\/www.aliadospuebla.com\/index.php?rest_route=%2Fwp%2Fv2%2Fcomments&post=104107"}],"version-history":[{"count":1,"href":"https:\/\/www.aliadospuebla.com\/index.php?rest_route=\/wp\/v2\/posts\/104107\/revisions"}],"predecessor-version":[{"id":104109,"href":"https:\/\/www.aliadospuebla.com\/index.php?rest_route=\/wp\/v2\/posts\/104107\/revisions\/104109"}],"wp:featuredmedia":[{"embeddable":true,"href":"https:\/\/www.aliadospuebla.com\/index.php?rest_route=\/wp\/v2\/media\/104108"}],"wp:attachment":[{"href":"https:\/\/www.aliadospuebla.com\/index.php?rest_route=%2Fwp%2Fv2%2Fmedia&parent=104107"}],"wp:term":[{"taxonomy":"category","embeddable":true,"href":"https:\/\/www.aliadospuebla.com\/index.php?rest_route=%2Fwp%2Fv2%2Fcategories&post=104107"},{"taxonomy":"post_tag","embeddable":true,"href":"https:\/\/www.aliadospuebla.com\/index.php?rest_route=%2Fwp%2Fv2%2Ftags&post=104107"}],"curies":[{"name":"wp","href":"https:\/\/api.w.org\/{rel}","templated":true}]}}