{"id":103994,"date":"2025-04-05T20:40:00","date_gmt":"2025-04-06T02:40:00","guid":{"rendered":"https:\/\/www.aliadospuebla.com\/?p=103994"},"modified":"2025-04-05T20:40:00","modified_gmt":"2025-04-06T02:40:00","slug":"en-san-pedro-cholula-se-fomenta-la-colaboracion-regional-en-pro-de-las-familias-poblanas","status":"publish","type":"post","link":"https:\/\/www.aliadospuebla.com\/?p=103994","title":{"rendered":"En San Pedro Cholula se fomenta la colaboraci\u00f3n Regional en Pro de las Familias Poblanas"},"content":{"rendered":"<h4>San Pedro Cholula, Pue.- San Pedro Cholula fue sede de la Reuni\u00f3n Mensual de Desarrollo Institucional Municipal (DIM) correspondiente a la Microrregi\u00f3n 18 del SEDIF, en la que participaron los municipios de San Pedro y San Andr\u00e9s Cholula, as\u00ed como Cuautlancingo.<\/h4>\n<p>Durante el encuentro, la presidenta honoraria del SMDIF de San Pedro Cholula, Lupita Fern\u00e1ndez, agradeci\u00f3 la presencia de sus hom\u00f3logas y reconoci\u00f3 la importancia de la participaci\u00f3n conjunta para llevar a cabo mesas de trabajo en beneficio de las personas que m\u00e1s lo necesitan.<\/p>\n<p>Asimismo, destac\u00f3 la labor de la presidenta municipal de San Pedro Cholula, Tonantzin Fern\u00e1ndez, as\u00ed como del gobernador del estado, Alejandro Armenta, y su esposa, la se\u00f1ora Ceci Arellano, por su compromiso con las familias poblanas.<\/p>\n<p>Tras el acto protocolario, se realizaron mesas de trabajo enfocadas en los ejes de Desarrollo Comunitario, Salud, Apoyo Jur\u00eddico y Alimentaci\u00f3n, donde representantes de los Sistemas Municipales DIF compartieron experiencias y estrategias para fortalecer la atenci\u00f3n a los sectores m\u00e1s vulnerables.<\/p>\n<p>Como parte del programa, se llev\u00f3 a cabo la conferencia titulada \u00abPor amor a Puebla, transformando familias\u00bb, enviada por la se\u00f1ora Ceci Arellano y presentada por el Lic. Mois\u00e9s P\u00e9rez, la cual inspir\u00f3 a las y los asistentes a seguir trabajando con vocaci\u00f3n y entrega.<\/p>\n","protected":false},"excerpt":{"rendered":"<p>San Pedro Cholula, Pue.- San Pedro Cholula fue sede de la Reuni\u00f3n Mensual de Desarrollo Institucional Municipal (DIM) correspondiente a la Microrregi\u00f3n 18 del SEDIF, en la que participaron los municipios de San Pedro y San Andr\u00e9s Cholula, as\u00ed como Cuautlancingo. Durante el encuentro, la presidenta honoraria del SMDIF de San Pedro Cholula, Lupita Fern\u00e1ndez, agradeci\u00f3 la presencia de sus hom\u00f3logas y reconoci\u00f3 la importancia de la participaci\u00f3n conjunta para llevar a cabo mesas de trabajo en beneficio de las personas que m\u00e1s lo necesitan. Asimismo, destac\u00f3 la labor de la presidenta municipal de San Pedro Cholula, Tonantzin Fern\u00e1ndez, as\u00ed como del gobernador del estado, Alejandro Armenta, y su esposa, la se\u00f1ora Ceci Arellano, por su compromiso con las familias poblanas. Tras el acto protocolario,&hellip;<\/p>\n<p class=\"excerpt-more\"><a class=\"blog-excerpt button\" href=\"https:\/\/www.aliadospuebla.com\/?p=103994\">Leer m\u00e1s&#8230;<\/a><\/p>\n","protected":false},"author":2,"featured_media":103995,"comment_status":"open","ping_status":"open","sticky":false,"template":"","format":"standard","meta":{"_monsterinsights_skip_tracking":false,"footnotes":""},"categories":[4],"tags":[28573,28574,25905,387,1797,7394],"class_list":["post-103994","post","type-post","status-publish","format-standard","has-post-thumbnail","hentry","category-municipios","tag-colaboracion-regional","tag-desarrollo-institucional-municipal","tag-lupita-fernandez","tag-san-pedro-cholula","tag-smdif","tag-tonantzin-fernandez"],"yoast_head":"<!-- This site is optimized with the Yoast SEO plugin v28.4 - https:\/\/yoast.com\/product\/yoast-seo-wordpress\/ -->\n<title>En San Pedro Cholula se fomenta la colaboraci\u00f3n Regional en Pro de las Familias Poblanas - AliadosPuebla<\/title>\n<meta name=\"robots\" content=\"index, follow, max-snippet:-1, max-image-preview:large, max-video-preview:-1\" \/>\n<link rel=\"canonical\" href=\"https:\/\/www.aliadospuebla.com\/?p=103994\" \/>\n<meta property=\"og:locale\" content=\"es_ES\" \/>\n<meta property=\"og:type\" content=\"article\" \/>\n<meta property=\"og:title\" content=\"En San Pedro Cholula se fomenta la colaboraci\u00f3n Regional en Pro de las Familias Poblanas - AliadosPuebla\" \/>\n<meta property=\"og:description\" content=\"San Pedro Cholula, Pue.- San Pedro Cholula fue sede de la Reuni\u00f3n Mensual de Desarrollo Institucional Municipal (DIM) correspondiente a la Microrregi\u00f3n 18 del SEDIF, en la que participaron los municipios de San Pedro y San Andr\u00e9s Cholula, as\u00ed como Cuautlancingo. Durante el encuentro, la presidenta honoraria del SMDIF de San Pedro Cholula, Lupita Fern\u00e1ndez, agradeci\u00f3 la presencia de sus hom\u00f3logas y reconoci\u00f3 la importancia de la participaci\u00f3n conjunta para llevar a cabo mesas de trabajo en beneficio de las personas que m\u00e1s lo necesitan. Asimismo, destac\u00f3 la labor de la presidenta municipal de San Pedro Cholula, Tonantzin Fern\u00e1ndez, as\u00ed como del gobernador del estado, Alejandro Armenta, y su esposa, la se\u00f1ora Ceci Arellano, por su compromiso con las familias poblanas. Tras el acto protocolario,&hellip;Leer m\u00e1s...\" \/>\n<meta property=\"og:url\" content=\"https:\/\/www.aliadospuebla.com\/?p=103994\" \/>\n<meta property=\"og:site_name\" content=\"AliadosPuebla\" \/>\n<meta property=\"article:author\" content=\"https:\/\/www.facebook.com\/Aliados17Pue\" \/>\n<meta property=\"article:published_time\" content=\"2025-04-06T02:40:00+00:00\" \/>\n<meta property=\"og:image\" content=\"https:\/\/www.aliadospuebla.com\/web2017\/wp-content\/uploads\/2025\/04\/062.jpg\" \/>\n\t<meta property=\"og:image:width\" content=\"600\" \/>\n\t<meta property=\"og:image:height\" content=\"450\" \/>\n\t<meta property=\"og:image:type\" content=\"image\/jpeg\" \/>\n<meta name=\"author\" content=\"Aliados17\" \/>\n<meta name=\"twitter:card\" content=\"summary_large_image\" \/>\n<meta name=\"twitter:creator\" content=\"@AliadosPuebla\" \/>\n<meta name=\"twitter:label1\" content=\"Escrito por\" \/>\n\t<meta name=\"twitter:data1\" content=\"Aliados17\" \/>\n\t<meta name=\"twitter:label2\" content=\"Tiempo de lectura\" \/>\n\t<meta name=\"twitter:data2\" content=\"1 minuto\" \/>\n<script type=\"application\/ld+json\" class=\"yoast-schema-graph\">{\"@context\":\"https:\\\/\\\/schema.org\",\"@graph\":[{\"@type\":\"Article\",\"@id\":\"https:\\\/\\\/www.aliadospuebla.com\\\/?p=103994#article\",\"isPartOf\":{\"@id\":\"https:\\\/\\\/www.aliadospuebla.com\\\/?p=103994\"},\"author\":{\"name\":\"Aliados17\",\"@id\":\"https:\\\/\\\/www.aliadospuebla.com\\\/#\\\/schema\\\/person\\\/5da7dd09320bd4f392b710017ed5f8ad\"},\"headline\":\"En San Pedro Cholula se fomenta la colaboraci\u00f3n Regional en Pro de las Familias Poblanas\",\"datePublished\":\"2025-04-06T02:40:00+00:00\",\"mainEntityOfPage\":{\"@id\":\"https:\\\/\\\/www.aliadospuebla.com\\\/?p=103994\"},\"wordCount\":240,\"commentCount\":0,\"image\":{\"@id\":\"https:\\\/\\\/www.aliadospuebla.com\\\/?p=103994#primaryimage\"},\"thumbnailUrl\":\"https:\\\/\\\/www.aliadospuebla.com\\\/web2017\\\/wp-content\\\/uploads\\\/2025\\\/04\\\/062.jpg\",\"keywords\":[\"colaboraci\u00f3n Regional\",\"Desarrollo Institucional Municipal\",\"Lupita Fern\u00e1ndez\",\"SAN PEDRO CHOLULA\",\"SMDIF\",\"TONANTZIN FERN\u00c1NDEZ\"],\"articleSection\":[\"Municipios\"],\"inLanguage\":\"es\",\"potentialAction\":[{\"@type\":\"CommentAction\",\"name\":\"Comment\",\"target\":[\"https:\\\/\\\/www.aliadospuebla.com\\\/?p=103994#respond\"]}]},{\"@type\":\"WebPage\",\"@id\":\"https:\\\/\\\/www.aliadospuebla.com\\\/?p=103994\",\"url\":\"https:\\\/\\\/www.aliadospuebla.com\\\/?p=103994\",\"name\":\"En San Pedro Cholula se fomenta la colaboraci\u00f3n Regional en Pro de las Familias Poblanas - AliadosPuebla\",\"isPartOf\":{\"@id\":\"https:\\\/\\\/www.aliadospuebla.com\\\/#website\"},\"primaryImageOfPage\":{\"@id\":\"https:\\\/\\\/www.aliadospuebla.com\\\/?p=103994#primaryimage\"},\"image\":{\"@id\":\"https:\\\/\\\/www.aliadospuebla.com\\\/?p=103994#primaryimage\"},\"thumbnailUrl\":\"https:\\\/\\\/www.aliadospuebla.com\\\/web2017\\\/wp-content\\\/uploads\\\/2025\\\/04\\\/062.jpg\",\"datePublished\":\"2025-04-06T02:40:00+00:00\",\"author\":{\"@id\":\"https:\\\/\\\/www.aliadospuebla.com\\\/#\\\/schema\\\/person\\\/5da7dd09320bd4f392b710017ed5f8ad\"},\"breadcrumb\":{\"@id\":\"https:\\\/\\\/www.aliadospuebla.com\\\/?p=103994#breadcrumb\"},\"inLanguage\":\"es\",\"potentialAction\":[{\"@type\":\"ReadAction\",\"target\":[\"https:\\\/\\\/www.aliadospuebla.com\\\/?p=103994\"]}]},{\"@type\":\"ImageObject\",\"inLanguage\":\"es\",\"@id\":\"https:\\\/\\\/www.aliadospuebla.com\\\/?p=103994#primaryimage\",\"url\":\"https:\\\/\\\/www.aliadospuebla.com\\\/web2017\\\/wp-content\\\/uploads\\\/2025\\\/04\\\/062.jpg\",\"contentUrl\":\"https:\\\/\\\/www.aliadospuebla.com\\\/web2017\\\/wp-content\\\/uploads\\\/2025\\\/04\\\/062.jpg\",\"width\":600,\"height\":450},{\"@type\":\"BreadcrumbList\",\"@id\":\"https:\\\/\\\/www.aliadospuebla.com\\\/?p=103994#breadcrumb\",\"itemListElement\":[{\"@type\":\"ListItem\",\"position\":1,\"name\":\"Portada\",\"item\":\"https:\\\/\\\/www.aliadospuebla.com\\\/\"},{\"@type\":\"ListItem\",\"position\":2,\"name\":\"En San Pedro Cholula se fomenta la colaboraci\u00f3n Regional en Pro de las Familias Poblanas\"}]},{\"@type\":\"WebSite\",\"@id\":\"https:\\\/\\\/www.aliadospuebla.com\\\/#website\",\"url\":\"https:\\\/\\\/www.aliadospuebla.com\\\/\",\"name\":\"AliadosPuebla\",\"description\":\"La informaci\u00f3n en tus manos\",\"potentialAction\":[{\"@type\":\"SearchAction\",\"target\":{\"@type\":\"EntryPoint\",\"urlTemplate\":\"https:\\\/\\\/www.aliadospuebla.com\\\/?s={search_term_string}\"},\"query-input\":{\"@type\":\"PropertyValueSpecification\",\"valueRequired\":true,\"valueName\":\"search_term_string\"}}],\"inLanguage\":\"es\"},{\"@type\":\"Person\",\"@id\":\"https:\\\/\\\/www.aliadospuebla.com\\\/#\\\/schema\\\/person\\\/5da7dd09320bd4f392b710017ed5f8ad\",\"name\":\"Aliados17\",\"image\":{\"@type\":\"ImageObject\",\"inLanguage\":\"es\",\"@id\":\"https:\\\/\\\/www.aliadospuebla.com\\\/web2017\\\/wp-content\\\/uploads\\\/2025\\\/03\\\/cropped-para-perfil-8-anos-1-96x96.jpg\",\"url\":\"https:\\\/\\\/www.aliadospuebla.com\\\/web2017\\\/wp-content\\\/uploads\\\/2025\\\/03\\\/cropped-para-perfil-8-anos-1-96x96.jpg\",\"contentUrl\":\"https:\\\/\\\/www.aliadospuebla.com\\\/web2017\\\/wp-content\\\/uploads\\\/2025\\\/03\\\/cropped-para-perfil-8-anos-1-96x96.jpg\",\"caption\":\"Aliados17\"},\"sameAs\":[\"https:\\\/\\\/www.aliados17.com\",\"https:\\\/\\\/www.facebook.com\\\/Aliados17Pue\",\"https:\\\/\\\/x.com\\\/AliadosPuebla\"],\"url\":\"https:\\\/\\\/www.aliadospuebla.com\\\/?author=2\"}]}<\/script>\n<!-- \/ Yoast SEO plugin. -->","yoast_head_json":{"title":"En San Pedro Cholula se fomenta la colaboraci\u00f3n Regional en Pro de las Familias Poblanas - AliadosPuebla","robots":{"index":"index","follow":"follow","max-snippet":"max-snippet:-1","max-image-preview":"max-image-preview:large","max-video-preview":"max-video-preview:-1"},"canonical":"https:\/\/www.aliadospuebla.com\/?p=103994","og_locale":"es_ES","og_type":"article","og_title":"En San Pedro Cholula se fomenta la colaboraci\u00f3n Regional en Pro de las Familias Poblanas - AliadosPuebla","og_description":"San Pedro Cholula, Pue.- San Pedro Cholula fue sede de la Reuni\u00f3n Mensual de Desarrollo Institucional Municipal (DIM) correspondiente a la Microrregi\u00f3n 18 del SEDIF, en la que participaron los municipios de San Pedro y San Andr\u00e9s Cholula, as\u00ed como Cuautlancingo. Durante el encuentro, la presidenta honoraria del SMDIF de San Pedro Cholula, Lupita Fern\u00e1ndez, agradeci\u00f3 la presencia de sus hom\u00f3logas y reconoci\u00f3 la importancia de la participaci\u00f3n conjunta para llevar a cabo mesas de trabajo en beneficio de las personas que m\u00e1s lo necesitan. Asimismo, destac\u00f3 la labor de la presidenta municipal de San Pedro Cholula, Tonantzin Fern\u00e1ndez, as\u00ed como del gobernador del estado, Alejandro Armenta, y su esposa, la se\u00f1ora Ceci Arellano, por su compromiso con las familias poblanas. Tras el acto protocolario,&hellip;Leer m\u00e1s...","og_url":"https:\/\/www.aliadospuebla.com\/?p=103994","og_site_name":"AliadosPuebla","article_author":"https:\/\/www.facebook.com\/Aliados17Pue","article_published_time":"2025-04-06T02:40:00+00:00","og_image":[{"width":600,"height":450,"url":"https:\/\/www.aliadospuebla.com\/web2017\/wp-content\/uploads\/2025\/04\/062.jpg","type":"image\/jpeg"}],"author":"Aliados17","twitter_card":"summary_large_image","twitter_creator":"@AliadosPuebla","twitter_misc":{"Escrito por":"Aliados17","Tiempo de lectura":"1 minuto"},"schema":{"@context":"https:\/\/schema.org","@graph":[{"@type":"Article","@id":"https:\/\/www.aliadospuebla.com\/?p=103994#article","isPartOf":{"@id":"https:\/\/www.aliadospuebla.com\/?p=103994"},"author":{"name":"Aliados17","@id":"https:\/\/www.aliadospuebla.com\/#\/schema\/person\/5da7dd09320bd4f392b710017ed5f8ad"},"headline":"En San Pedro Cholula se fomenta la colaboraci\u00f3n Regional en Pro de las Familias Poblanas","datePublished":"2025-04-06T02:40:00+00:00","mainEntityOfPage":{"@id":"https:\/\/www.aliadospuebla.com\/?p=103994"},"wordCount":240,"commentCount":0,"image":{"@id":"https:\/\/www.aliadospuebla.com\/?p=103994#primaryimage"},"thumbnailUrl":"https:\/\/www.aliadospuebla.com\/web2017\/wp-content\/uploads\/2025\/04\/062.jpg","keywords":["colaboraci\u00f3n Regional","Desarrollo Institucional Municipal","Lupita Fern\u00e1ndez","SAN PEDRO CHOLULA","SMDIF","TONANTZIN FERN\u00c1NDEZ"],"articleSection":["Municipios"],"inLanguage":"es","potentialAction":[{"@type":"CommentAction","name":"Comment","target":["https:\/\/www.aliadospuebla.com\/?p=103994#respond"]}]},{"@type":"WebPage","@id":"https:\/\/www.aliadospuebla.com\/?p=103994","url":"https:\/\/www.aliadospuebla.com\/?p=103994","name":"En San Pedro Cholula se fomenta la colaboraci\u00f3n Regional en Pro de las Familias Poblanas - AliadosPuebla","isPartOf":{"@id":"https:\/\/www.aliadospuebla.com\/#website"},"primaryImageOfPage":{"@id":"https:\/\/www.aliadospuebla.com\/?p=103994#primaryimage"},"image":{"@id":"https:\/\/www.aliadospuebla.com\/?p=103994#primaryimage"},"thumbnailUrl":"https:\/\/www.aliadospuebla.com\/web2017\/wp-content\/uploads\/2025\/04\/062.jpg","datePublished":"2025-04-06T02:40:00+00:00","author":{"@id":"https:\/\/www.aliadospuebla.com\/#\/schema\/person\/5da7dd09320bd4f392b710017ed5f8ad"},"breadcrumb":{"@id":"https:\/\/www.aliadospuebla.com\/?p=103994#breadcrumb"},"inLanguage":"es","potentialAction":[{"@type":"ReadAction","target":["https:\/\/www.aliadospuebla.com\/?p=103994"]}]},{"@type":"ImageObject","inLanguage":"es","@id":"https:\/\/www.aliadospuebla.com\/?p=103994#primaryimage","url":"https:\/\/www.aliadospuebla.com\/web2017\/wp-content\/uploads\/2025\/04\/062.jpg","contentUrl":"https:\/\/www.aliadospuebla.com\/web2017\/wp-content\/uploads\/2025\/04\/062.jpg","width":600,"height":450},{"@type":"BreadcrumbList","@id":"https:\/\/www.aliadospuebla.com\/?p=103994#breadcrumb","itemListElement":[{"@type":"ListItem","position":1,"name":"Portada","item":"https:\/\/www.aliadospuebla.com\/"},{"@type":"ListItem","position":2,"name":"En San Pedro Cholula se fomenta la colaboraci\u00f3n Regional en Pro de las Familias Poblanas"}]},{"@type":"WebSite","@id":"https:\/\/www.aliadospuebla.com\/#website","url":"https:\/\/www.aliadospuebla.com\/","name":"AliadosPuebla","description":"La informaci\u00f3n en tus manos","potentialAction":[{"@type":"SearchAction","target":{"@type":"EntryPoint","urlTemplate":"https:\/\/www.aliadospuebla.com\/?s={search_term_string}"},"query-input":{"@type":"PropertyValueSpecification","valueRequired":true,"valueName":"search_term_string"}}],"inLanguage":"es"},{"@type":"Person","@id":"https:\/\/www.aliadospuebla.com\/#\/schema\/person\/5da7dd09320bd4f392b710017ed5f8ad","name":"Aliados17","image":{"@type":"ImageObject","inLanguage":"es","@id":"https:\/\/www.aliadospuebla.com\/web2017\/wp-content\/uploads\/2025\/03\/cropped-para-perfil-8-anos-1-96x96.jpg","url":"https:\/\/www.aliadospuebla.com\/web2017\/wp-content\/uploads\/2025\/03\/cropped-para-perfil-8-anos-1-96x96.jpg","contentUrl":"https:\/\/www.aliadospuebla.com\/web2017\/wp-content\/uploads\/2025\/03\/cropped-para-perfil-8-anos-1-96x96.jpg","caption":"Aliados17"},"sameAs":["https:\/\/www.aliados17.com","https:\/\/www.facebook.com\/Aliados17Pue","https:\/\/x.com\/AliadosPuebla"],"url":"https:\/\/www.aliadospuebla.com\/?author=2"}]}},"views":9,"_links":{"self":[{"href":"https:\/\/www.aliadospuebla.com\/index.php?rest_route=\/wp\/v2\/posts\/103994","targetHints":{"allow":["GET"]}}],"collection":[{"href":"https:\/\/www.aliadospuebla.com\/index.php?rest_route=\/wp\/v2\/posts"}],"about":[{"href":"https:\/\/www.aliadospuebla.com\/index.php?rest_route=\/wp\/v2\/types\/post"}],"author":[{"embeddable":true,"href":"https:\/\/www.aliadospuebla.com\/index.php?rest_route=\/wp\/v2\/users\/2"}],"replies":[{"embeddable":true,"href":"https:\/\/www.aliadospuebla.com\/index.php?rest_route=%2Fwp%2Fv2%2Fcomments&post=103994"}],"version-history":[{"count":1,"href":"https:\/\/www.aliadospuebla.com\/index.php?rest_route=\/wp\/v2\/posts\/103994\/revisions"}],"predecessor-version":[{"id":103996,"href":"https:\/\/www.aliadospuebla.com\/index.php?rest_route=\/wp\/v2\/posts\/103994\/revisions\/103996"}],"wp:featuredmedia":[{"embeddable":true,"href":"https:\/\/www.aliadospuebla.com\/index.php?rest_route=\/wp\/v2\/media\/103995"}],"wp:attachment":[{"href":"https:\/\/www.aliadospuebla.com\/index.php?rest_route=%2Fwp%2Fv2%2Fmedia&parent=103994"}],"wp:term":[{"taxonomy":"category","embeddable":true,"href":"https:\/\/www.aliadospuebla.com\/index.php?rest_route=%2Fwp%2Fv2%2Fcategories&post=103994"},{"taxonomy":"post_tag","embeddable":true,"href":"https:\/\/www.aliadospuebla.com\/index.php?rest_route=%2Fwp%2Fv2%2Ftags&post=103994"}],"curies":[{"name":"wp","href":"https:\/\/api.w.org\/{rel}","templated":true}]}}