{"id":103775,"date":"2025-04-01T19:00:38","date_gmt":"2025-04-02T01:00:38","guid":{"rendered":"https:\/\/www.aliadospuebla.com\/?p=103775"},"modified":"2025-04-01T19:00:38","modified_gmt":"2025-04-02T01:00:38","slug":"san-pedro-cholula-reforzara-estado-de-fuerza-arranca-formacion-inicial-para-cadetes-a-policia","status":"publish","type":"post","link":"https:\/\/www.aliadospuebla.com\/?p=103775","title":{"rendered":"San Pedro Cholula reforzar\u00e1 Estado de Fuerza; arranca formaci\u00f3n inicial para cadetes a polic\u00eda"},"content":{"rendered":"<h4>San Pedro Cholula, Pue.- Con el objetivo de sumar nuevos elementos a la Secretar\u00eda de Seguridad Ciudadana de San Pedro Cholula (SSC Cholula), m\u00e1s de 30 personas iniciaron su preparaci\u00f3n en la Academia de Formaci\u00f3n Inicial para polic\u00edas de proximidad, la cual tendr\u00e1 una duraci\u00f3n de 6 meses y ser\u00e1 impartida por instructores de la Universidad de la Polic\u00eda del Estado de Sinaloa (Unipol).<\/h4>\n<p>De esta manera, las y los pr\u00f3ximos oficiales ser\u00e1n capacitados en temas como cultura de la legalidad<\/p>\n<p>y derechos humanos, protocolo de actuaci\u00f3n policial, primer respondiente, defensa policial y acondicionamiento f\u00edsico,<\/p>\n<p>uso de armas, t\u00e9cnicas y t\u00e1cticas policiales, atenci\u00f3n a v\u00edctimas del delito, inteligencia policial,<\/p>\n<p>proximidad social, primeros auxilios, entre otros.<\/p>\n<p>Una vez concluida su preparaci\u00f3n, los elementos podr\u00e1n incorporarse a las filas de la polic\u00eda municipal<\/p>\n<p>a fin de incrementar el estado de fuerza de la SSC Cholula, de esta manera se dar\u00e1 cumplimiento<\/p>\n<p>a la instrucci\u00f3n del Gobernador del Estado de Puebla, Alejandro Armenta, de contar con elementos capacitados<\/p>\n<p>y dispuestos a servir a la ciudadan\u00eda.<\/p>\n<p>Cabe resaltar que los elementos que culminen su preparaci\u00f3n, tendr\u00e1n sus ex\u00e1menes de control y confianza aprobados,<\/p>\n<p>por lo cual ya contar\u00e1n con el CUIP, que los acredite para desempe\u00f1ar sus funciones como polic\u00edas.<\/p>\n<p>Con estas acciones, el Gobierno Municipal encabezado por la presidenta Tonantzin Fern\u00e1ndez, reitera su compromiso de robustecer el estado de fuerza, lo cual permitir\u00e1 tener una oportuna reacci\u00f3n y respuesta haciendo frente a la delincuencia, con el fin de devolver la paz y tranquilidad a San Pedro Cholula.<\/p>\n","protected":false},"excerpt":{"rendered":"<p>San Pedro Cholula, Pue.- Con el objetivo de sumar nuevos elementos a la Secretar\u00eda de Seguridad Ciudadana de San Pedro Cholula (SSC Cholula), m\u00e1s de 30 personas iniciaron su preparaci\u00f3n en la Academia de Formaci\u00f3n Inicial para polic\u00edas de proximidad, la cual tendr\u00e1 una duraci\u00f3n de 6 meses y ser\u00e1 impartida por instructores de la Universidad de la Polic\u00eda del Estado de Sinaloa (Unipol). De esta manera, las y los pr\u00f3ximos oficiales ser\u00e1n capacitados en temas como cultura de la legalidad y derechos humanos, protocolo de actuaci\u00f3n policial, primer respondiente, defensa policial y acondicionamiento f\u00edsico, uso de armas, t\u00e9cnicas y t\u00e1cticas policiales, atenci\u00f3n a v\u00edctimas del delito, inteligencia policial, proximidad social, primeros auxilios, entre otros. Una vez concluida su preparaci\u00f3n, los elementos podr\u00e1n incorporarse a&hellip;<\/p>\n<p class=\"excerpt-more\"><a class=\"blog-excerpt button\" href=\"https:\/\/www.aliadospuebla.com\/?p=103775\">Leer m\u00e1s&#8230;<\/a><\/p>\n","protected":false},"author":2,"featured_media":103776,"comment_status":"open","ping_status":"open","sticky":false,"template":"","format":"standard","meta":{"_monsterinsights_skip_tracking":false,"footnotes":""},"categories":[4],"tags":[4780,28487,28489,28491,1470,28486,3359,18663,28490,387,18966,7394,28488],"class_list":["post-103775","post","type-post","status-publish","format-standard","has-post-thumbnail","hentry","category-municipios","tag-alejandro-armenta","tag-cadetes-a-policia","tag-cultura-de-la-legalidad","tag-defensa-policial","tag-derechos-humanos","tag-estado-de-fuerza","tag-formacion-inicial","tag-primer-respondiente","tag-protocolo-de-actuacion-policial","tag-san-pedro-cholula","tag-ssc-cholula","tag-tonantzin-fernandez","tag-unipol"],"yoast_head":"<!-- This site is optimized with the Yoast SEO plugin v28.4 - https:\/\/yoast.com\/product\/yoast-seo-wordpress\/ -->\n<title>San Pedro Cholula reforzar\u00e1 Estado de Fuerza; arranca formaci\u00f3n inicial para cadetes a polic\u00eda - AliadosPuebla<\/title>\n<meta name=\"robots\" content=\"index, follow, max-snippet:-1, max-image-preview:large, max-video-preview:-1\" \/>\n<link rel=\"canonical\" href=\"https:\/\/www.aliadospuebla.com\/?p=103775\" \/>\n<meta property=\"og:locale\" content=\"es_ES\" \/>\n<meta property=\"og:type\" content=\"article\" \/>\n<meta property=\"og:title\" content=\"San Pedro Cholula reforzar\u00e1 Estado de Fuerza; arranca formaci\u00f3n inicial para cadetes a polic\u00eda - AliadosPuebla\" \/>\n<meta property=\"og:description\" content=\"San Pedro Cholula, Pue.- Con el objetivo de sumar nuevos elementos a la Secretar\u00eda de Seguridad Ciudadana de San Pedro Cholula (SSC Cholula), m\u00e1s de 30 personas iniciaron su preparaci\u00f3n en la Academia de Formaci\u00f3n Inicial para polic\u00edas de proximidad, la cual tendr\u00e1 una duraci\u00f3n de 6 meses y ser\u00e1 impartida por instructores de la Universidad de la Polic\u00eda del Estado de Sinaloa (Unipol). De esta manera, las y los pr\u00f3ximos oficiales ser\u00e1n capacitados en temas como cultura de la legalidad y derechos humanos, protocolo de actuaci\u00f3n policial, primer respondiente, defensa policial y acondicionamiento f\u00edsico, uso de armas, t\u00e9cnicas y t\u00e1cticas policiales, atenci\u00f3n a v\u00edctimas del delito, inteligencia policial, proximidad social, primeros auxilios, entre otros. Una vez concluida su preparaci\u00f3n, los elementos podr\u00e1n incorporarse a&hellip;Leer m\u00e1s...\" \/>\n<meta property=\"og:url\" content=\"https:\/\/www.aliadospuebla.com\/?p=103775\" \/>\n<meta property=\"og:site_name\" content=\"AliadosPuebla\" \/>\n<meta property=\"article:author\" content=\"https:\/\/www.facebook.com\/Aliados17Pue\" \/>\n<meta property=\"article:published_time\" content=\"2025-04-02T01:00:38+00:00\" \/>\n<meta property=\"og:image\" content=\"https:\/\/www.aliadospuebla.com\/web2017\/wp-content\/uploads\/2025\/04\/011.jpg\" \/>\n\t<meta property=\"og:image:width\" content=\"600\" \/>\n\t<meta property=\"og:image:height\" content=\"450\" \/>\n\t<meta property=\"og:image:type\" content=\"image\/jpeg\" \/>\n<meta name=\"author\" content=\"Aliados17\" \/>\n<meta name=\"twitter:card\" content=\"summary_large_image\" \/>\n<meta name=\"twitter:creator\" content=\"@AliadosPuebla\" \/>\n<meta name=\"twitter:label1\" content=\"Escrito por\" \/>\n\t<meta name=\"twitter:data1\" content=\"Aliados17\" \/>\n\t<meta name=\"twitter:label2\" content=\"Tiempo de lectura\" \/>\n\t<meta name=\"twitter:data2\" content=\"2 minutos\" \/>\n<script type=\"application\/ld+json\" class=\"yoast-schema-graph\">{\"@context\":\"https:\\\/\\\/schema.org\",\"@graph\":[{\"@type\":\"Article\",\"@id\":\"https:\\\/\\\/www.aliadospuebla.com\\\/?p=103775#article\",\"isPartOf\":{\"@id\":\"https:\\\/\\\/www.aliadospuebla.com\\\/?p=103775\"},\"author\":{\"name\":\"Aliados17\",\"@id\":\"https:\\\/\\\/www.aliadospuebla.com\\\/#\\\/schema\\\/person\\\/5da7dd09320bd4f392b710017ed5f8ad\"},\"headline\":\"San Pedro Cholula reforzar\u00e1 Estado de Fuerza; arranca formaci\u00f3n inicial para cadetes a polic\u00eda\",\"datePublished\":\"2025-04-02T01:00:38+00:00\",\"mainEntityOfPage\":{\"@id\":\"https:\\\/\\\/www.aliadospuebla.com\\\/?p=103775\"},\"wordCount\":297,\"commentCount\":0,\"image\":{\"@id\":\"https:\\\/\\\/www.aliadospuebla.com\\\/?p=103775#primaryimage\"},\"thumbnailUrl\":\"https:\\\/\\\/www.aliadospuebla.com\\\/web2017\\\/wp-content\\\/uploads\\\/2025\\\/04\\\/011.jpg\",\"keywords\":[\"ALEJANDRO ARMENTA\",\"cadetes a polic\u00eda\",\"cultura de la legalidad\",\"defensa policial\",\"DERECHOS HUMANOS\",\"Estado de Fuerza\",\"FORMACI\u00d3N INICIAL\",\"primer respondiente\",\"protocolo de actuaci\u00f3n policial\",\"SAN PEDRO CHOLULA\",\"SSC Cholula\",\"TONANTZIN FERN\u00c1NDEZ\",\"Unipol\"],\"articleSection\":[\"Municipios\"],\"inLanguage\":\"es\",\"potentialAction\":[{\"@type\":\"CommentAction\",\"name\":\"Comment\",\"target\":[\"https:\\\/\\\/www.aliadospuebla.com\\\/?p=103775#respond\"]}]},{\"@type\":\"WebPage\",\"@id\":\"https:\\\/\\\/www.aliadospuebla.com\\\/?p=103775\",\"url\":\"https:\\\/\\\/www.aliadospuebla.com\\\/?p=103775\",\"name\":\"San Pedro Cholula reforzar\u00e1 Estado de Fuerza; arranca formaci\u00f3n inicial para cadetes a polic\u00eda - AliadosPuebla\",\"isPartOf\":{\"@id\":\"https:\\\/\\\/www.aliadospuebla.com\\\/#website\"},\"primaryImageOfPage\":{\"@id\":\"https:\\\/\\\/www.aliadospuebla.com\\\/?p=103775#primaryimage\"},\"image\":{\"@id\":\"https:\\\/\\\/www.aliadospuebla.com\\\/?p=103775#primaryimage\"},\"thumbnailUrl\":\"https:\\\/\\\/www.aliadospuebla.com\\\/web2017\\\/wp-content\\\/uploads\\\/2025\\\/04\\\/011.jpg\",\"datePublished\":\"2025-04-02T01:00:38+00:00\",\"author\":{\"@id\":\"https:\\\/\\\/www.aliadospuebla.com\\\/#\\\/schema\\\/person\\\/5da7dd09320bd4f392b710017ed5f8ad\"},\"breadcrumb\":{\"@id\":\"https:\\\/\\\/www.aliadospuebla.com\\\/?p=103775#breadcrumb\"},\"inLanguage\":\"es\",\"potentialAction\":[{\"@type\":\"ReadAction\",\"target\":[\"https:\\\/\\\/www.aliadospuebla.com\\\/?p=103775\"]}]},{\"@type\":\"ImageObject\",\"inLanguage\":\"es\",\"@id\":\"https:\\\/\\\/www.aliadospuebla.com\\\/?p=103775#primaryimage\",\"url\":\"https:\\\/\\\/www.aliadospuebla.com\\\/web2017\\\/wp-content\\\/uploads\\\/2025\\\/04\\\/011.jpg\",\"contentUrl\":\"https:\\\/\\\/www.aliadospuebla.com\\\/web2017\\\/wp-content\\\/uploads\\\/2025\\\/04\\\/011.jpg\",\"width\":600,\"height\":450},{\"@type\":\"BreadcrumbList\",\"@id\":\"https:\\\/\\\/www.aliadospuebla.com\\\/?p=103775#breadcrumb\",\"itemListElement\":[{\"@type\":\"ListItem\",\"position\":1,\"name\":\"Portada\",\"item\":\"https:\\\/\\\/www.aliadospuebla.com\\\/\"},{\"@type\":\"ListItem\",\"position\":2,\"name\":\"San Pedro Cholula reforzar\u00e1 Estado de Fuerza; arranca formaci\u00f3n inicial para cadetes a polic\u00eda\"}]},{\"@type\":\"WebSite\",\"@id\":\"https:\\\/\\\/www.aliadospuebla.com\\\/#website\",\"url\":\"https:\\\/\\\/www.aliadospuebla.com\\\/\",\"name\":\"AliadosPuebla\",\"description\":\"La informaci\u00f3n en tus manos\",\"potentialAction\":[{\"@type\":\"SearchAction\",\"target\":{\"@type\":\"EntryPoint\",\"urlTemplate\":\"https:\\\/\\\/www.aliadospuebla.com\\\/?s={search_term_string}\"},\"query-input\":{\"@type\":\"PropertyValueSpecification\",\"valueRequired\":true,\"valueName\":\"search_term_string\"}}],\"inLanguage\":\"es\"},{\"@type\":\"Person\",\"@id\":\"https:\\\/\\\/www.aliadospuebla.com\\\/#\\\/schema\\\/person\\\/5da7dd09320bd4f392b710017ed5f8ad\",\"name\":\"Aliados17\",\"image\":{\"@type\":\"ImageObject\",\"inLanguage\":\"es\",\"@id\":\"https:\\\/\\\/www.aliadospuebla.com\\\/web2017\\\/wp-content\\\/uploads\\\/2025\\\/03\\\/cropped-para-perfil-8-anos-1-96x96.jpg\",\"url\":\"https:\\\/\\\/www.aliadospuebla.com\\\/web2017\\\/wp-content\\\/uploads\\\/2025\\\/03\\\/cropped-para-perfil-8-anos-1-96x96.jpg\",\"contentUrl\":\"https:\\\/\\\/www.aliadospuebla.com\\\/web2017\\\/wp-content\\\/uploads\\\/2025\\\/03\\\/cropped-para-perfil-8-anos-1-96x96.jpg\",\"caption\":\"Aliados17\"},\"sameAs\":[\"https:\\\/\\\/www.aliados17.com\",\"https:\\\/\\\/www.facebook.com\\\/Aliados17Pue\",\"https:\\\/\\\/x.com\\\/AliadosPuebla\"],\"url\":\"https:\\\/\\\/www.aliadospuebla.com\\\/?author=2\"}]}<\/script>\n<!-- \/ Yoast SEO plugin. -->","yoast_head_json":{"title":"San Pedro Cholula reforzar\u00e1 Estado de Fuerza; arranca formaci\u00f3n inicial para cadetes a polic\u00eda - AliadosPuebla","robots":{"index":"index","follow":"follow","max-snippet":"max-snippet:-1","max-image-preview":"max-image-preview:large","max-video-preview":"max-video-preview:-1"},"canonical":"https:\/\/www.aliadospuebla.com\/?p=103775","og_locale":"es_ES","og_type":"article","og_title":"San Pedro Cholula reforzar\u00e1 Estado de Fuerza; arranca formaci\u00f3n inicial para cadetes a polic\u00eda - AliadosPuebla","og_description":"San Pedro Cholula, Pue.- Con el objetivo de sumar nuevos elementos a la Secretar\u00eda de Seguridad Ciudadana de San Pedro Cholula (SSC Cholula), m\u00e1s de 30 personas iniciaron su preparaci\u00f3n en la Academia de Formaci\u00f3n Inicial para polic\u00edas de proximidad, la cual tendr\u00e1 una duraci\u00f3n de 6 meses y ser\u00e1 impartida por instructores de la Universidad de la Polic\u00eda del Estado de Sinaloa (Unipol). De esta manera, las y los pr\u00f3ximos oficiales ser\u00e1n capacitados en temas como cultura de la legalidad y derechos humanos, protocolo de actuaci\u00f3n policial, primer respondiente, defensa policial y acondicionamiento f\u00edsico, uso de armas, t\u00e9cnicas y t\u00e1cticas policiales, atenci\u00f3n a v\u00edctimas del delito, inteligencia policial, proximidad social, primeros auxilios, entre otros. Una vez concluida su preparaci\u00f3n, los elementos podr\u00e1n incorporarse a&hellip;Leer m\u00e1s...","og_url":"https:\/\/www.aliadospuebla.com\/?p=103775","og_site_name":"AliadosPuebla","article_author":"https:\/\/www.facebook.com\/Aliados17Pue","article_published_time":"2025-04-02T01:00:38+00:00","og_image":[{"width":600,"height":450,"url":"https:\/\/www.aliadospuebla.com\/web2017\/wp-content\/uploads\/2025\/04\/011.jpg","type":"image\/jpeg"}],"author":"Aliados17","twitter_card":"summary_large_image","twitter_creator":"@AliadosPuebla","twitter_misc":{"Escrito por":"Aliados17","Tiempo de lectura":"2 minutos"},"schema":{"@context":"https:\/\/schema.org","@graph":[{"@type":"Article","@id":"https:\/\/www.aliadospuebla.com\/?p=103775#article","isPartOf":{"@id":"https:\/\/www.aliadospuebla.com\/?p=103775"},"author":{"name":"Aliados17","@id":"https:\/\/www.aliadospuebla.com\/#\/schema\/person\/5da7dd09320bd4f392b710017ed5f8ad"},"headline":"San Pedro Cholula reforzar\u00e1 Estado de Fuerza; arranca formaci\u00f3n inicial para cadetes a polic\u00eda","datePublished":"2025-04-02T01:00:38+00:00","mainEntityOfPage":{"@id":"https:\/\/www.aliadospuebla.com\/?p=103775"},"wordCount":297,"commentCount":0,"image":{"@id":"https:\/\/www.aliadospuebla.com\/?p=103775#primaryimage"},"thumbnailUrl":"https:\/\/www.aliadospuebla.com\/web2017\/wp-content\/uploads\/2025\/04\/011.jpg","keywords":["ALEJANDRO ARMENTA","cadetes a polic\u00eda","cultura de la legalidad","defensa policial","DERECHOS HUMANOS","Estado de Fuerza","FORMACI\u00d3N INICIAL","primer respondiente","protocolo de actuaci\u00f3n policial","SAN PEDRO CHOLULA","SSC Cholula","TONANTZIN FERN\u00c1NDEZ","Unipol"],"articleSection":["Municipios"],"inLanguage":"es","potentialAction":[{"@type":"CommentAction","name":"Comment","target":["https:\/\/www.aliadospuebla.com\/?p=103775#respond"]}]},{"@type":"WebPage","@id":"https:\/\/www.aliadospuebla.com\/?p=103775","url":"https:\/\/www.aliadospuebla.com\/?p=103775","name":"San Pedro Cholula reforzar\u00e1 Estado de Fuerza; arranca formaci\u00f3n inicial para cadetes a polic\u00eda - AliadosPuebla","isPartOf":{"@id":"https:\/\/www.aliadospuebla.com\/#website"},"primaryImageOfPage":{"@id":"https:\/\/www.aliadospuebla.com\/?p=103775#primaryimage"},"image":{"@id":"https:\/\/www.aliadospuebla.com\/?p=103775#primaryimage"},"thumbnailUrl":"https:\/\/www.aliadospuebla.com\/web2017\/wp-content\/uploads\/2025\/04\/011.jpg","datePublished":"2025-04-02T01:00:38+00:00","author":{"@id":"https:\/\/www.aliadospuebla.com\/#\/schema\/person\/5da7dd09320bd4f392b710017ed5f8ad"},"breadcrumb":{"@id":"https:\/\/www.aliadospuebla.com\/?p=103775#breadcrumb"},"inLanguage":"es","potentialAction":[{"@type":"ReadAction","target":["https:\/\/www.aliadospuebla.com\/?p=103775"]}]},{"@type":"ImageObject","inLanguage":"es","@id":"https:\/\/www.aliadospuebla.com\/?p=103775#primaryimage","url":"https:\/\/www.aliadospuebla.com\/web2017\/wp-content\/uploads\/2025\/04\/011.jpg","contentUrl":"https:\/\/www.aliadospuebla.com\/web2017\/wp-content\/uploads\/2025\/04\/011.jpg","width":600,"height":450},{"@type":"BreadcrumbList","@id":"https:\/\/www.aliadospuebla.com\/?p=103775#breadcrumb","itemListElement":[{"@type":"ListItem","position":1,"name":"Portada","item":"https:\/\/www.aliadospuebla.com\/"},{"@type":"ListItem","position":2,"name":"San Pedro Cholula reforzar\u00e1 Estado de Fuerza; arranca formaci\u00f3n inicial para cadetes a polic\u00eda"}]},{"@type":"WebSite","@id":"https:\/\/www.aliadospuebla.com\/#website","url":"https:\/\/www.aliadospuebla.com\/","name":"AliadosPuebla","description":"La informaci\u00f3n en tus manos","potentialAction":[{"@type":"SearchAction","target":{"@type":"EntryPoint","urlTemplate":"https:\/\/www.aliadospuebla.com\/?s={search_term_string}"},"query-input":{"@type":"PropertyValueSpecification","valueRequired":true,"valueName":"search_term_string"}}],"inLanguage":"es"},{"@type":"Person","@id":"https:\/\/www.aliadospuebla.com\/#\/schema\/person\/5da7dd09320bd4f392b710017ed5f8ad","name":"Aliados17","image":{"@type":"ImageObject","inLanguage":"es","@id":"https:\/\/www.aliadospuebla.com\/web2017\/wp-content\/uploads\/2025\/03\/cropped-para-perfil-8-anos-1-96x96.jpg","url":"https:\/\/www.aliadospuebla.com\/web2017\/wp-content\/uploads\/2025\/03\/cropped-para-perfil-8-anos-1-96x96.jpg","contentUrl":"https:\/\/www.aliadospuebla.com\/web2017\/wp-content\/uploads\/2025\/03\/cropped-para-perfil-8-anos-1-96x96.jpg","caption":"Aliados17"},"sameAs":["https:\/\/www.aliados17.com","https:\/\/www.facebook.com\/Aliados17Pue","https:\/\/x.com\/AliadosPuebla"],"url":"https:\/\/www.aliadospuebla.com\/?author=2"}]}},"views":7,"_links":{"self":[{"href":"https:\/\/www.aliadospuebla.com\/index.php?rest_route=\/wp\/v2\/posts\/103775","targetHints":{"allow":["GET"]}}],"collection":[{"href":"https:\/\/www.aliadospuebla.com\/index.php?rest_route=\/wp\/v2\/posts"}],"about":[{"href":"https:\/\/www.aliadospuebla.com\/index.php?rest_route=\/wp\/v2\/types\/post"}],"author":[{"embeddable":true,"href":"https:\/\/www.aliadospuebla.com\/index.php?rest_route=\/wp\/v2\/users\/2"}],"replies":[{"embeddable":true,"href":"https:\/\/www.aliadospuebla.com\/index.php?rest_route=%2Fwp%2Fv2%2Fcomments&post=103775"}],"version-history":[{"count":1,"href":"https:\/\/www.aliadospuebla.com\/index.php?rest_route=\/wp\/v2\/posts\/103775\/revisions"}],"predecessor-version":[{"id":103777,"href":"https:\/\/www.aliadospuebla.com\/index.php?rest_route=\/wp\/v2\/posts\/103775\/revisions\/103777"}],"wp:featuredmedia":[{"embeddable":true,"href":"https:\/\/www.aliadospuebla.com\/index.php?rest_route=\/wp\/v2\/media\/103776"}],"wp:attachment":[{"href":"https:\/\/www.aliadospuebla.com\/index.php?rest_route=%2Fwp%2Fv2%2Fmedia&parent=103775"}],"wp:term":[{"taxonomy":"category","embeddable":true,"href":"https:\/\/www.aliadospuebla.com\/index.php?rest_route=%2Fwp%2Fv2%2Fcategories&post=103775"},{"taxonomy":"post_tag","embeddable":true,"href":"https:\/\/www.aliadospuebla.com\/index.php?rest_route=%2Fwp%2Fv2%2Ftags&post=103775"}],"curies":[{"name":"wp","href":"https:\/\/api.w.org\/{rel}","templated":true}]}}