{"id":103376,"date":"2025-03-23T16:05:06","date_gmt":"2025-03-23T22:05:06","guid":{"rendered":"https:\/\/www.aliadospuebla.com\/?p=103376"},"modified":"2025-03-23T16:05:06","modified_gmt":"2025-03-23T22:05:06","slug":"el-festival-equinoccio-2025-sigue-vibrando-en-el-parque-soria","status":"publish","type":"post","link":"https:\/\/www.aliadospuebla.com\/?p=103376","title":{"rendered":"El Festival Equinoccio 2025 sigue vibrando en el Parque Soria"},"content":{"rendered":"<h4>San Pedro Cholula.\u2013 El Festival Equinoccio 2025 sigue llenando de cultura, tradici\u00f3n y entretenimiento a San Pedro Cholula. Bajo el liderazgo de la presidenta municipal Tonantzin Fern\u00e1ndez, el Gobierno Municipal, a trav\u00e9s de la Secretar\u00eda de Turismo, Cultura y Desarrollo Econ\u00f3mico, contin\u00faa ofreciendo una amplia variedad de actividades para ciudadanos y visitantes.<\/h4>\n<p>En su segundo d\u00eda, el Parque Soria se convirti\u00f3 en un punto de encuentro para el arte y la convivencia.<\/p>\n<p>Clases de yoga, obras de teatro, talleres de barro, juegos de pelota y espect\u00e1culos de danza y m\u00fasica<\/p>\n<p>hicieron que los asistentes vivieran una jornada llena de energ\u00eda y tradici\u00f3n.<\/p>\n<p>Adem\u00e1s, el festival ha sido un importante impulso para la econom\u00eda local, con espacios dedicados<\/p>\n<p>a comerciantes y artesanos que exhiben y venden sus productos, promoviendo el talento y la producci\u00f3n regional.<\/p>\n<p>Para cerrar con broche de oro, la noche del s\u00e1bado se llen\u00f3 de ritmo con la presentaci\u00f3n de La Flamante Sonora Dinamita, que hizo cantar y bailar a todos los asistentes con sus m\u00e1s grandes \u00e9xitos, en un espect\u00e1culo inolvidable.<\/p>\n<p>Como parte de la oferta cultural, tambi\u00e9n se llev\u00f3 a cabo la Noche de Museos en el Museo Casa del Caballero \u00c1guila, mientras que la Feria del Libro continuar\u00e1 abierta hasta el domingo 23 de marzo, ofreciendo a los amantes de la lectura una oportunidad \u00fanica para descubrir nuevas historias.<\/p>\n<p>Con estos festivales, el Gobierno Municipal de San Pedro Cholula reafirma su compromiso con la promoci\u00f3n tur\u00edstica, la preservaci\u00f3n de la cultura y el fortalecimiento del conocimiento hist\u00f3rico, asegurando que las futuras generaciones sigan celebrando y valorando el legado cholulteca.<\/p>\n","protected":false},"excerpt":{"rendered":"<p>San Pedro Cholula.\u2013 El Festival Equinoccio 2025 sigue llenando de cultura, tradici\u00f3n y entretenimiento a San Pedro Cholula. Bajo el liderazgo de la presidenta municipal Tonantzin Fern\u00e1ndez, el Gobierno Municipal, a trav\u00e9s de la Secretar\u00eda de Turismo, Cultura y Desarrollo Econ\u00f3mico, contin\u00faa ofreciendo una amplia variedad de actividades para ciudadanos y visitantes. En su segundo d\u00eda, el Parque Soria se convirti\u00f3 en un punto de encuentro para el arte y la convivencia. Clases de yoga, obras de teatro, talleres de barro, juegos de pelota y espect\u00e1culos de danza y m\u00fasica hicieron que los asistentes vivieran una jornada llena de energ\u00eda y tradici\u00f3n. Adem\u00e1s, el festival ha sido un importante impulso para la econom\u00eda local, con espacios dedicados a comerciantes y artesanos que exhiben y venden&hellip;<\/p>\n<p class=\"excerpt-more\"><a class=\"blog-excerpt button\" href=\"https:\/\/www.aliadospuebla.com\/?p=103376\">Leer m\u00e1s&#8230;<\/a><\/p>\n","protected":false},"author":2,"featured_media":103377,"comment_status":"open","ping_status":"open","sticky":false,"template":"","format":"standard","meta":{"_monsterinsights_skip_tracking":false,"footnotes":""},"categories":[4],"tags":[28273,28122,16731,7394],"class_list":["post-103376","post","type-post","status-publish","format-standard","has-post-thumbnail","hentry","category-municipios","tag-espectaculos-de-danza","tag-festival-equinoccio-2025","tag-parque-soria","tag-tonantzin-fernandez"],"yoast_head":"<!-- This site is optimized with the Yoast SEO plugin v28.4 - https:\/\/yoast.com\/product\/yoast-seo-wordpress\/ -->\n<title>El Festival Equinoccio 2025 sigue vibrando en el Parque Soria - AliadosPuebla<\/title>\n<meta name=\"robots\" content=\"index, follow, max-snippet:-1, max-image-preview:large, max-video-preview:-1\" \/>\n<link rel=\"canonical\" href=\"https:\/\/www.aliadospuebla.com\/?p=103376\" \/>\n<meta property=\"og:locale\" content=\"es_ES\" \/>\n<meta property=\"og:type\" content=\"article\" \/>\n<meta property=\"og:title\" content=\"El Festival Equinoccio 2025 sigue vibrando en el Parque Soria - AliadosPuebla\" \/>\n<meta property=\"og:description\" content=\"San Pedro Cholula.\u2013 El Festival Equinoccio 2025 sigue llenando de cultura, tradici\u00f3n y entretenimiento a San Pedro Cholula. Bajo el liderazgo de la presidenta municipal Tonantzin Fern\u00e1ndez, el Gobierno Municipal, a trav\u00e9s de la Secretar\u00eda de Turismo, Cultura y Desarrollo Econ\u00f3mico, contin\u00faa ofreciendo una amplia variedad de actividades para ciudadanos y visitantes. En su segundo d\u00eda, el Parque Soria se convirti\u00f3 en un punto de encuentro para el arte y la convivencia. Clases de yoga, obras de teatro, talleres de barro, juegos de pelota y espect\u00e1culos de danza y m\u00fasica hicieron que los asistentes vivieran una jornada llena de energ\u00eda y tradici\u00f3n. Adem\u00e1s, el festival ha sido un importante impulso para la econom\u00eda local, con espacios dedicados a comerciantes y artesanos que exhiben y venden&hellip;Leer m\u00e1s...\" \/>\n<meta property=\"og:url\" content=\"https:\/\/www.aliadospuebla.com\/?p=103376\" \/>\n<meta property=\"og:site_name\" content=\"AliadosPuebla\" \/>\n<meta property=\"article:author\" content=\"https:\/\/www.facebook.com\/Aliados17Pue\" \/>\n<meta property=\"article:published_time\" content=\"2025-03-23T22:05:06+00:00\" \/>\n<meta property=\"og:image\" content=\"https:\/\/www.aliadospuebla.com\/web2017\/wp-content\/uploads\/2025\/03\/909.jpg\" \/>\n\t<meta property=\"og:image:width\" content=\"600\" \/>\n\t<meta property=\"og:image:height\" content=\"450\" \/>\n\t<meta property=\"og:image:type\" content=\"image\/jpeg\" \/>\n<meta name=\"author\" content=\"Aliados17\" \/>\n<meta name=\"twitter:card\" content=\"summary_large_image\" \/>\n<meta name=\"twitter:creator\" content=\"@AliadosPuebla\" \/>\n<meta name=\"twitter:label1\" content=\"Escrito por\" \/>\n\t<meta name=\"twitter:data1\" content=\"Aliados17\" \/>\n\t<meta name=\"twitter:label2\" content=\"Tiempo de lectura\" \/>\n\t<meta name=\"twitter:data2\" content=\"2 minutos\" \/>\n<script type=\"application\/ld+json\" class=\"yoast-schema-graph\">{\"@context\":\"https:\\\/\\\/schema.org\",\"@graph\":[{\"@type\":\"Article\",\"@id\":\"https:\\\/\\\/www.aliadospuebla.com\\\/?p=103376#article\",\"isPartOf\":{\"@id\":\"https:\\\/\\\/www.aliadospuebla.com\\\/?p=103376\"},\"author\":{\"name\":\"Aliados17\",\"@id\":\"https:\\\/\\\/www.aliadospuebla.com\\\/#\\\/schema\\\/person\\\/5da7dd09320bd4f392b710017ed5f8ad\"},\"headline\":\"El Festival Equinoccio 2025 sigue vibrando en el Parque Soria\",\"datePublished\":\"2025-03-23T22:05:06+00:00\",\"mainEntityOfPage\":{\"@id\":\"https:\\\/\\\/www.aliadospuebla.com\\\/?p=103376\"},\"wordCount\":294,\"commentCount\":0,\"image\":{\"@id\":\"https:\\\/\\\/www.aliadospuebla.com\\\/?p=103376#primaryimage\"},\"thumbnailUrl\":\"https:\\\/\\\/www.aliadospuebla.com\\\/web2017\\\/wp-content\\\/uploads\\\/2025\\\/03\\\/909.jpg\",\"keywords\":[\"espect\u00e1culos de danza\",\"Festival Equinoccio 2025\",\"Parque Soria\",\"TONANTZIN FERN\u00c1NDEZ\"],\"articleSection\":[\"Municipios\"],\"inLanguage\":\"es\",\"potentialAction\":[{\"@type\":\"CommentAction\",\"name\":\"Comment\",\"target\":[\"https:\\\/\\\/www.aliadospuebla.com\\\/?p=103376#respond\"]}]},{\"@type\":\"WebPage\",\"@id\":\"https:\\\/\\\/www.aliadospuebla.com\\\/?p=103376\",\"url\":\"https:\\\/\\\/www.aliadospuebla.com\\\/?p=103376\",\"name\":\"El Festival Equinoccio 2025 sigue vibrando en el Parque Soria - AliadosPuebla\",\"isPartOf\":{\"@id\":\"https:\\\/\\\/www.aliadospuebla.com\\\/#website\"},\"primaryImageOfPage\":{\"@id\":\"https:\\\/\\\/www.aliadospuebla.com\\\/?p=103376#primaryimage\"},\"image\":{\"@id\":\"https:\\\/\\\/www.aliadospuebla.com\\\/?p=103376#primaryimage\"},\"thumbnailUrl\":\"https:\\\/\\\/www.aliadospuebla.com\\\/web2017\\\/wp-content\\\/uploads\\\/2025\\\/03\\\/909.jpg\",\"datePublished\":\"2025-03-23T22:05:06+00:00\",\"author\":{\"@id\":\"https:\\\/\\\/www.aliadospuebla.com\\\/#\\\/schema\\\/person\\\/5da7dd09320bd4f392b710017ed5f8ad\"},\"breadcrumb\":{\"@id\":\"https:\\\/\\\/www.aliadospuebla.com\\\/?p=103376#breadcrumb\"},\"inLanguage\":\"es\",\"potentialAction\":[{\"@type\":\"ReadAction\",\"target\":[\"https:\\\/\\\/www.aliadospuebla.com\\\/?p=103376\"]}]},{\"@type\":\"ImageObject\",\"inLanguage\":\"es\",\"@id\":\"https:\\\/\\\/www.aliadospuebla.com\\\/?p=103376#primaryimage\",\"url\":\"https:\\\/\\\/www.aliadospuebla.com\\\/web2017\\\/wp-content\\\/uploads\\\/2025\\\/03\\\/909.jpg\",\"contentUrl\":\"https:\\\/\\\/www.aliadospuebla.com\\\/web2017\\\/wp-content\\\/uploads\\\/2025\\\/03\\\/909.jpg\",\"width\":600,\"height\":450},{\"@type\":\"BreadcrumbList\",\"@id\":\"https:\\\/\\\/www.aliadospuebla.com\\\/?p=103376#breadcrumb\",\"itemListElement\":[{\"@type\":\"ListItem\",\"position\":1,\"name\":\"Portada\",\"item\":\"https:\\\/\\\/www.aliadospuebla.com\\\/\"},{\"@type\":\"ListItem\",\"position\":2,\"name\":\"El Festival Equinoccio 2025 sigue vibrando en el Parque Soria\"}]},{\"@type\":\"WebSite\",\"@id\":\"https:\\\/\\\/www.aliadospuebla.com\\\/#website\",\"url\":\"https:\\\/\\\/www.aliadospuebla.com\\\/\",\"name\":\"AliadosPuebla\",\"description\":\"La informaci\u00f3n en tus manos\",\"potentialAction\":[{\"@type\":\"SearchAction\",\"target\":{\"@type\":\"EntryPoint\",\"urlTemplate\":\"https:\\\/\\\/www.aliadospuebla.com\\\/?s={search_term_string}\"},\"query-input\":{\"@type\":\"PropertyValueSpecification\",\"valueRequired\":true,\"valueName\":\"search_term_string\"}}],\"inLanguage\":\"es\"},{\"@type\":\"Person\",\"@id\":\"https:\\\/\\\/www.aliadospuebla.com\\\/#\\\/schema\\\/person\\\/5da7dd09320bd4f392b710017ed5f8ad\",\"name\":\"Aliados17\",\"image\":{\"@type\":\"ImageObject\",\"inLanguage\":\"es\",\"@id\":\"https:\\\/\\\/www.aliadospuebla.com\\\/web2017\\\/wp-content\\\/uploads\\\/2025\\\/03\\\/cropped-para-perfil-8-anos-1-96x96.jpg\",\"url\":\"https:\\\/\\\/www.aliadospuebla.com\\\/web2017\\\/wp-content\\\/uploads\\\/2025\\\/03\\\/cropped-para-perfil-8-anos-1-96x96.jpg\",\"contentUrl\":\"https:\\\/\\\/www.aliadospuebla.com\\\/web2017\\\/wp-content\\\/uploads\\\/2025\\\/03\\\/cropped-para-perfil-8-anos-1-96x96.jpg\",\"caption\":\"Aliados17\"},\"sameAs\":[\"https:\\\/\\\/www.aliados17.com\",\"https:\\\/\\\/www.facebook.com\\\/Aliados17Pue\",\"https:\\\/\\\/x.com\\\/AliadosPuebla\"],\"url\":\"https:\\\/\\\/www.aliadospuebla.com\\\/?author=2\"}]}<\/script>\n<!-- \/ Yoast SEO plugin. -->","yoast_head_json":{"title":"El Festival Equinoccio 2025 sigue vibrando en el Parque Soria - AliadosPuebla","robots":{"index":"index","follow":"follow","max-snippet":"max-snippet:-1","max-image-preview":"max-image-preview:large","max-video-preview":"max-video-preview:-1"},"canonical":"https:\/\/www.aliadospuebla.com\/?p=103376","og_locale":"es_ES","og_type":"article","og_title":"El Festival Equinoccio 2025 sigue vibrando en el Parque Soria - AliadosPuebla","og_description":"San Pedro Cholula.\u2013 El Festival Equinoccio 2025 sigue llenando de cultura, tradici\u00f3n y entretenimiento a San Pedro Cholula. Bajo el liderazgo de la presidenta municipal Tonantzin Fern\u00e1ndez, el Gobierno Municipal, a trav\u00e9s de la Secretar\u00eda de Turismo, Cultura y Desarrollo Econ\u00f3mico, contin\u00faa ofreciendo una amplia variedad de actividades para ciudadanos y visitantes. En su segundo d\u00eda, el Parque Soria se convirti\u00f3 en un punto de encuentro para el arte y la convivencia. Clases de yoga, obras de teatro, talleres de barro, juegos de pelota y espect\u00e1culos de danza y m\u00fasica hicieron que los asistentes vivieran una jornada llena de energ\u00eda y tradici\u00f3n. Adem\u00e1s, el festival ha sido un importante impulso para la econom\u00eda local, con espacios dedicados a comerciantes y artesanos que exhiben y venden&hellip;Leer m\u00e1s...","og_url":"https:\/\/www.aliadospuebla.com\/?p=103376","og_site_name":"AliadosPuebla","article_author":"https:\/\/www.facebook.com\/Aliados17Pue","article_published_time":"2025-03-23T22:05:06+00:00","og_image":[{"width":600,"height":450,"url":"https:\/\/www.aliadospuebla.com\/web2017\/wp-content\/uploads\/2025\/03\/909.jpg","type":"image\/jpeg"}],"author":"Aliados17","twitter_card":"summary_large_image","twitter_creator":"@AliadosPuebla","twitter_misc":{"Escrito por":"Aliados17","Tiempo de lectura":"2 minutos"},"schema":{"@context":"https:\/\/schema.org","@graph":[{"@type":"Article","@id":"https:\/\/www.aliadospuebla.com\/?p=103376#article","isPartOf":{"@id":"https:\/\/www.aliadospuebla.com\/?p=103376"},"author":{"name":"Aliados17","@id":"https:\/\/www.aliadospuebla.com\/#\/schema\/person\/5da7dd09320bd4f392b710017ed5f8ad"},"headline":"El Festival Equinoccio 2025 sigue vibrando en el Parque Soria","datePublished":"2025-03-23T22:05:06+00:00","mainEntityOfPage":{"@id":"https:\/\/www.aliadospuebla.com\/?p=103376"},"wordCount":294,"commentCount":0,"image":{"@id":"https:\/\/www.aliadospuebla.com\/?p=103376#primaryimage"},"thumbnailUrl":"https:\/\/www.aliadospuebla.com\/web2017\/wp-content\/uploads\/2025\/03\/909.jpg","keywords":["espect\u00e1culos de danza","Festival Equinoccio 2025","Parque Soria","TONANTZIN FERN\u00c1NDEZ"],"articleSection":["Municipios"],"inLanguage":"es","potentialAction":[{"@type":"CommentAction","name":"Comment","target":["https:\/\/www.aliadospuebla.com\/?p=103376#respond"]}]},{"@type":"WebPage","@id":"https:\/\/www.aliadospuebla.com\/?p=103376","url":"https:\/\/www.aliadospuebla.com\/?p=103376","name":"El Festival Equinoccio 2025 sigue vibrando en el Parque Soria - AliadosPuebla","isPartOf":{"@id":"https:\/\/www.aliadospuebla.com\/#website"},"primaryImageOfPage":{"@id":"https:\/\/www.aliadospuebla.com\/?p=103376#primaryimage"},"image":{"@id":"https:\/\/www.aliadospuebla.com\/?p=103376#primaryimage"},"thumbnailUrl":"https:\/\/www.aliadospuebla.com\/web2017\/wp-content\/uploads\/2025\/03\/909.jpg","datePublished":"2025-03-23T22:05:06+00:00","author":{"@id":"https:\/\/www.aliadospuebla.com\/#\/schema\/person\/5da7dd09320bd4f392b710017ed5f8ad"},"breadcrumb":{"@id":"https:\/\/www.aliadospuebla.com\/?p=103376#breadcrumb"},"inLanguage":"es","potentialAction":[{"@type":"ReadAction","target":["https:\/\/www.aliadospuebla.com\/?p=103376"]}]},{"@type":"ImageObject","inLanguage":"es","@id":"https:\/\/www.aliadospuebla.com\/?p=103376#primaryimage","url":"https:\/\/www.aliadospuebla.com\/web2017\/wp-content\/uploads\/2025\/03\/909.jpg","contentUrl":"https:\/\/www.aliadospuebla.com\/web2017\/wp-content\/uploads\/2025\/03\/909.jpg","width":600,"height":450},{"@type":"BreadcrumbList","@id":"https:\/\/www.aliadospuebla.com\/?p=103376#breadcrumb","itemListElement":[{"@type":"ListItem","position":1,"name":"Portada","item":"https:\/\/www.aliadospuebla.com\/"},{"@type":"ListItem","position":2,"name":"El Festival Equinoccio 2025 sigue vibrando en el Parque Soria"}]},{"@type":"WebSite","@id":"https:\/\/www.aliadospuebla.com\/#website","url":"https:\/\/www.aliadospuebla.com\/","name":"AliadosPuebla","description":"La informaci\u00f3n en tus manos","potentialAction":[{"@type":"SearchAction","target":{"@type":"EntryPoint","urlTemplate":"https:\/\/www.aliadospuebla.com\/?s={search_term_string}"},"query-input":{"@type":"PropertyValueSpecification","valueRequired":true,"valueName":"search_term_string"}}],"inLanguage":"es"},{"@type":"Person","@id":"https:\/\/www.aliadospuebla.com\/#\/schema\/person\/5da7dd09320bd4f392b710017ed5f8ad","name":"Aliados17","image":{"@type":"ImageObject","inLanguage":"es","@id":"https:\/\/www.aliadospuebla.com\/web2017\/wp-content\/uploads\/2025\/03\/cropped-para-perfil-8-anos-1-96x96.jpg","url":"https:\/\/www.aliadospuebla.com\/web2017\/wp-content\/uploads\/2025\/03\/cropped-para-perfil-8-anos-1-96x96.jpg","contentUrl":"https:\/\/www.aliadospuebla.com\/web2017\/wp-content\/uploads\/2025\/03\/cropped-para-perfil-8-anos-1-96x96.jpg","caption":"Aliados17"},"sameAs":["https:\/\/www.aliados17.com","https:\/\/www.facebook.com\/Aliados17Pue","https:\/\/x.com\/AliadosPuebla"],"url":"https:\/\/www.aliadospuebla.com\/?author=2"}]}},"views":10,"_links":{"self":[{"href":"https:\/\/www.aliadospuebla.com\/index.php?rest_route=\/wp\/v2\/posts\/103376","targetHints":{"allow":["GET"]}}],"collection":[{"href":"https:\/\/www.aliadospuebla.com\/index.php?rest_route=\/wp\/v2\/posts"}],"about":[{"href":"https:\/\/www.aliadospuebla.com\/index.php?rest_route=\/wp\/v2\/types\/post"}],"author":[{"embeddable":true,"href":"https:\/\/www.aliadospuebla.com\/index.php?rest_route=\/wp\/v2\/users\/2"}],"replies":[{"embeddable":true,"href":"https:\/\/www.aliadospuebla.com\/index.php?rest_route=%2Fwp%2Fv2%2Fcomments&post=103376"}],"version-history":[{"count":1,"href":"https:\/\/www.aliadospuebla.com\/index.php?rest_route=\/wp\/v2\/posts\/103376\/revisions"}],"predecessor-version":[{"id":103378,"href":"https:\/\/www.aliadospuebla.com\/index.php?rest_route=\/wp\/v2\/posts\/103376\/revisions\/103378"}],"wp:featuredmedia":[{"embeddable":true,"href":"https:\/\/www.aliadospuebla.com\/index.php?rest_route=\/wp\/v2\/media\/103377"}],"wp:attachment":[{"href":"https:\/\/www.aliadospuebla.com\/index.php?rest_route=%2Fwp%2Fv2%2Fmedia&parent=103376"}],"wp:term":[{"taxonomy":"category","embeddable":true,"href":"https:\/\/www.aliadospuebla.com\/index.php?rest_route=%2Fwp%2Fv2%2Fcategories&post=103376"},{"taxonomy":"post_tag","embeddable":true,"href":"https:\/\/www.aliadospuebla.com\/index.php?rest_route=%2Fwp%2Fv2%2Ftags&post=103376"}],"curies":[{"name":"wp","href":"https:\/\/api.w.org\/{rel}","templated":true}]}}