{"id":103301,"date":"2025-03-21T07:14:39","date_gmt":"2025-03-21T13:14:39","guid":{"rendered":"https:\/\/www.aliadospuebla.com\/?p=103301"},"modified":"2025-03-21T07:14:39","modified_gmt":"2025-03-21T13:14:39","slug":"gobierno-de-puebla-refuerza-combate-de-incendios-forestales","status":"publish","type":"post","link":"https:\/\/www.aliadospuebla.com\/?p=103301","title":{"rendered":"Gobierno de Puebla refuerza combate de incendios forestales"},"content":{"rendered":"<h4>&#8211; Los siniestros reportados se atienden en un lapso de 30 a 60 minutos.<\/h4>\n<div><\/div>\n<div>&#8211; Se ha empleado el sistema de baldeo, maniobra de alta precisi\u00f3n.<\/div>\n<div><\/div>\n<div>CIUDAD DE PUEBLA, Pue. \u2013 Ante el incremento de incendios forestales en la entidad,<\/div>\n<div>el gobierno ha intensificado las estrategias para su combate al implementar operativos<\/div>\n<div>con helic\u00f3pteros de la Marina, fortalecer la vigilancia y asegurar que se aplique la ley contra quienes provocan estos siniestros.<\/div>\n<div><\/div>\n<div>El gobernador Alejandro Armenta destac\u00f3 que las acciones de respuesta se han agilizado<\/div>\n<div>significativamente al permitir que los equipos lleguen en un m\u00e1ximo de una hora a las zonas afectadas.<\/div>\n<div>\u201cNosotros llegamos en 30 minutos, m\u00e1ximo una hora, donde hay un incendio que nos reportan.<\/div>\n<div>No hemos permitido que se salgan de control\u201d.<\/div>\n<div><\/div>\n<div>Adem\u00e1s, subray\u00f3 la labor de los pilotos de la Marina en el uso de helic\u00f3pteros<\/div>\n<div>para el sistema de baldeo de agua, una maniobra de alta precisi\u00f3n que requiere entrenamiento especializado.<\/div>\n<div>\u201cLlevar una carga especial implica saber maniobrar el helic\u00f3ptero, y el lanzamiento de agua debe ser exacto,<\/div>\n<div>ya que la distancia puede generar fallas y hacer que la operaci\u00f3n no sea efectiva\u201d, explic\u00f3.<\/div>\n<div><\/div>\n<h4>El gobernador mencion\u00f3 que el 75 por ciento de los incendios registrados en los \u00faltimos 15 d\u00edas han sido provocados de manera intencional, por lo que la Fiscal\u00eda ya abri\u00f3 carpetas de investigaci\u00f3n y se prev\u00e9 la detenci\u00f3n de los responsables.<\/h4>\n<div><\/div>\n<div>\u201cSon delincuentes, son ecocidas y est\u00e1n da\u00f1ando el medio ambiente. El gobierno tiene la obligaci\u00f3n de poner orden y evitar la devastaci\u00f3n de nuestros bosques\u201d.<\/div>\n<div><\/div>\n<div><\/div>\n<div><\/div>\n<div>Seg\u00fan datos oficiales, el 99 % de los incendios forestales son causados por el ser humano. La mayor\u00eda se originan por quemas agropecuarias o para generar pastizales para el ganado. Es importante recordar que la legislaci\u00f3n proh\u00edbe cambiar el uso de suelo en terrenos incendiados durante los 20 a\u00f1os posteriores al siniestro, conforme al art\u00edculo 155, fracci\u00f3n XXV, de la Ley General de Desarrollo Forestal Sustentable.<\/div>\n<div><\/div>\n<div>El mandatario estatal hizo un llamado a la poblaci\u00f3n para reportar incendios de manera inmediata y denunciar a quienes incurren en estos delitos. \u201cNo podemos seguir permitiendo que se provoquen incendios. La aplicaci\u00f3n de la ley ser\u00e1 estricta contra quienes atenten contra nuestros ecosistemas\u201d, concluy\u00f3.<\/div>\n<div><\/div>\n<div>El ejecutivo reiter\u00f3 su compromiso con la protecci\u00f3n del medio ambiente y anunci\u00f3 que seguir\u00e1n las acciones de prevenci\u00f3n y combate para evitar que la situaci\u00f3n se agrave en los pr\u00f3ximos meses.<\/div>\n<div><\/div>\n<div>La titular de la Secretar\u00eda de Medio Ambiente y Desarrollo Territorial, Rebeca Ba\u00f1uelos, detall\u00f3 que del 14 de diciembre de 2024 al 17 de marzo de 2025, se han registrado 742 incendios forestales, siendo el a\u00f1o 2024 el m\u00e1s cr\u00edtico, con 133 siniestros que afectaron 9,205 hect\u00e1reas.<\/div>\n<div><\/div>\n<div>Los 10 municipios con mayor superficie da\u00f1ada son:<\/div>\n<div>1.Tlachichuca \u2013 205.48 hect\u00e1reas<\/div>\n<div>2.Chiconcuautla \u2013 200 hect\u00e1reas<\/div>\n<div>3.Cohetzala \u2013 80 hect\u00e1reas<\/div>\n<div>4.Xiutetelco \u2013 65 hect\u00e1reas<\/div>\n<div>5.San Nicol\u00e1s de los Ranchos \u2013 50.38 hect\u00e1reas<\/div>\n<div>6.Santiago Miahuatl\u00e1n \u2013 50 hect\u00e1reas<\/div>\n<div>7.Tetela de Ocampo \u2013 37 hect\u00e1reas<\/div>\n<div>8.Zacatl\u00e1n \u2013 36 hect\u00e1reas<\/div>\n<div>9.Lafragua \u2013 28 hect\u00e1reas<\/div>\n<div>10.Tianguismanalco \u2013 24.15 hect\u00e1reas<\/div>\n<div><\/div>\n<div>En el combate a estos siniestros han participado 1,772 brigadistas desde diciembre de 2024 hasta marzo de 2025.<\/div>\n","protected":false},"excerpt":{"rendered":"<p>&#8211; Los siniestros reportados se atienden en un lapso de 30 a 60 minutos. &#8211; Se ha empleado el sistema de baldeo, maniobra de alta precisi\u00f3n. CIUDAD DE PUEBLA, Pue. \u2013 Ante el incremento de incendios forestales en la entidad, el gobierno ha intensificado las estrategias para su combate al implementar operativos con helic\u00f3pteros de la Marina, fortalecer la vigilancia y asegurar que se aplique la ley contra quienes provocan estos siniestros. El gobernador Alejandro Armenta destac\u00f3 que las acciones de respuesta se han agilizado significativamente al permitir que los equipos lleguen en un m\u00e1ximo de una hora a las zonas afectadas. \u201cNosotros llegamos en 30 minutos, m\u00e1ximo una hora, donde hay un incendio que nos reportan. No hemos permitido que se salgan de control\u201d.&hellip;<\/p>\n<p class=\"excerpt-more\"><a class=\"blog-excerpt button\" href=\"https:\/\/www.aliadospuebla.com\/?p=103301\">Leer m\u00e1s&#8230;<\/a><\/p>\n","protected":false},"author":2,"featured_media":103302,"comment_status":"open","ping_status":"open","sticky":false,"template":"","format":"standard","meta":{"_monsterinsights_skip_tracking":false,"footnotes":""},"categories":[61],"tags":[4780,28227,28230,28228,584,28229],"class_list":["post-103301","post","type-post","status-publish","format-standard","has-post-thumbnail","hentry","category-gobierno","tag-alejandro-armenta","tag-combate-de-incendios-forestales","tag-ecocidas","tag-helicopteros","tag-medio-ambiente","tag-provocados"],"yoast_head":"<!-- This site is optimized with the Yoast SEO plugin v28.4 - https:\/\/yoast.com\/product\/yoast-seo-wordpress\/ -->\n<title>Gobierno de Puebla refuerza combate de incendios forestales - AliadosPuebla<\/title>\n<meta name=\"robots\" content=\"index, follow, max-snippet:-1, max-image-preview:large, max-video-preview:-1\" \/>\n<link rel=\"canonical\" href=\"https:\/\/www.aliadospuebla.com\/?p=103301\" \/>\n<meta property=\"og:locale\" content=\"es_ES\" \/>\n<meta property=\"og:type\" content=\"article\" \/>\n<meta property=\"og:title\" content=\"Gobierno de Puebla refuerza combate de incendios forestales - AliadosPuebla\" \/>\n<meta property=\"og:description\" content=\"&#8211; Los siniestros reportados se atienden en un lapso de 30 a 60 minutos. &#8211; Se ha empleado el sistema de baldeo, maniobra de alta precisi\u00f3n. CIUDAD DE PUEBLA, Pue. \u2013 Ante el incremento de incendios forestales en la entidad, el gobierno ha intensificado las estrategias para su combate al implementar operativos con helic\u00f3pteros de la Marina, fortalecer la vigilancia y asegurar que se aplique la ley contra quienes provocan estos siniestros. El gobernador Alejandro Armenta destac\u00f3 que las acciones de respuesta se han agilizado significativamente al permitir que los equipos lleguen en un m\u00e1ximo de una hora a las zonas afectadas. \u201cNosotros llegamos en 30 minutos, m\u00e1ximo una hora, donde hay un incendio que nos reportan. No hemos permitido que se salgan de control\u201d.&hellip;Leer m\u00e1s...\" \/>\n<meta property=\"og:url\" content=\"https:\/\/www.aliadospuebla.com\/?p=103301\" \/>\n<meta property=\"og:site_name\" content=\"AliadosPuebla\" \/>\n<meta property=\"article:author\" content=\"https:\/\/www.facebook.com\/Aliados17Pue\" \/>\n<meta property=\"article:published_time\" content=\"2025-03-21T13:14:39+00:00\" \/>\n<meta property=\"og:image\" content=\"https:\/\/www.aliadospuebla.com\/web2017\/wp-content\/uploads\/2025\/03\/887.jpg\" \/>\n\t<meta property=\"og:image:width\" content=\"600\" \/>\n\t<meta property=\"og:image:height\" content=\"450\" \/>\n\t<meta property=\"og:image:type\" content=\"image\/jpeg\" \/>\n<meta name=\"author\" content=\"Aliados17\" \/>\n<meta name=\"twitter:card\" content=\"summary_large_image\" \/>\n<meta name=\"twitter:creator\" content=\"@AliadosPuebla\" \/>\n<meta name=\"twitter:label1\" content=\"Escrito por\" \/>\n\t<meta name=\"twitter:data1\" content=\"Aliados17\" \/>\n\t<meta name=\"twitter:label2\" content=\"Tiempo de lectura\" \/>\n\t<meta name=\"twitter:data2\" content=\"3 minutos\" \/>\n<script type=\"application\/ld+json\" class=\"yoast-schema-graph\">{\"@context\":\"https:\\\/\\\/schema.org\",\"@graph\":[{\"@type\":\"Article\",\"@id\":\"https:\\\/\\\/www.aliadospuebla.com\\\/?p=103301#article\",\"isPartOf\":{\"@id\":\"https:\\\/\\\/www.aliadospuebla.com\\\/?p=103301\"},\"author\":{\"name\":\"Aliados17\",\"@id\":\"https:\\\/\\\/www.aliadospuebla.com\\\/#\\\/schema\\\/person\\\/5da7dd09320bd4f392b710017ed5f8ad\"},\"headline\":\"Gobierno de Puebla refuerza combate de incendios forestales\",\"datePublished\":\"2025-03-21T13:14:39+00:00\",\"mainEntityOfPage\":{\"@id\":\"https:\\\/\\\/www.aliadospuebla.com\\\/?p=103301\"},\"wordCount\":535,\"commentCount\":0,\"image\":{\"@id\":\"https:\\\/\\\/www.aliadospuebla.com\\\/?p=103301#primaryimage\"},\"thumbnailUrl\":\"https:\\\/\\\/www.aliadospuebla.com\\\/web2017\\\/wp-content\\\/uploads\\\/2025\\\/03\\\/887.jpg\",\"keywords\":[\"ALEJANDRO ARMENTA\",\"combate de incendios forestales\",\"ecocidas\",\"helic\u00f3pteros\",\"MEDIO AMBIENTE\",\"provocados\"],\"articleSection\":[\"Gobierno\"],\"inLanguage\":\"es\",\"potentialAction\":[{\"@type\":\"CommentAction\",\"name\":\"Comment\",\"target\":[\"https:\\\/\\\/www.aliadospuebla.com\\\/?p=103301#respond\"]}]},{\"@type\":\"WebPage\",\"@id\":\"https:\\\/\\\/www.aliadospuebla.com\\\/?p=103301\",\"url\":\"https:\\\/\\\/www.aliadospuebla.com\\\/?p=103301\",\"name\":\"Gobierno de Puebla refuerza combate de incendios forestales - AliadosPuebla\",\"isPartOf\":{\"@id\":\"https:\\\/\\\/www.aliadospuebla.com\\\/#website\"},\"primaryImageOfPage\":{\"@id\":\"https:\\\/\\\/www.aliadospuebla.com\\\/?p=103301#primaryimage\"},\"image\":{\"@id\":\"https:\\\/\\\/www.aliadospuebla.com\\\/?p=103301#primaryimage\"},\"thumbnailUrl\":\"https:\\\/\\\/www.aliadospuebla.com\\\/web2017\\\/wp-content\\\/uploads\\\/2025\\\/03\\\/887.jpg\",\"datePublished\":\"2025-03-21T13:14:39+00:00\",\"author\":{\"@id\":\"https:\\\/\\\/www.aliadospuebla.com\\\/#\\\/schema\\\/person\\\/5da7dd09320bd4f392b710017ed5f8ad\"},\"breadcrumb\":{\"@id\":\"https:\\\/\\\/www.aliadospuebla.com\\\/?p=103301#breadcrumb\"},\"inLanguage\":\"es\",\"potentialAction\":[{\"@type\":\"ReadAction\",\"target\":[\"https:\\\/\\\/www.aliadospuebla.com\\\/?p=103301\"]}]},{\"@type\":\"ImageObject\",\"inLanguage\":\"es\",\"@id\":\"https:\\\/\\\/www.aliadospuebla.com\\\/?p=103301#primaryimage\",\"url\":\"https:\\\/\\\/www.aliadospuebla.com\\\/web2017\\\/wp-content\\\/uploads\\\/2025\\\/03\\\/887.jpg\",\"contentUrl\":\"https:\\\/\\\/www.aliadospuebla.com\\\/web2017\\\/wp-content\\\/uploads\\\/2025\\\/03\\\/887.jpg\",\"width\":600,\"height\":450},{\"@type\":\"BreadcrumbList\",\"@id\":\"https:\\\/\\\/www.aliadospuebla.com\\\/?p=103301#breadcrumb\",\"itemListElement\":[{\"@type\":\"ListItem\",\"position\":1,\"name\":\"Portada\",\"item\":\"https:\\\/\\\/www.aliadospuebla.com\\\/\"},{\"@type\":\"ListItem\",\"position\":2,\"name\":\"Gobierno de Puebla refuerza combate de incendios forestales\"}]},{\"@type\":\"WebSite\",\"@id\":\"https:\\\/\\\/www.aliadospuebla.com\\\/#website\",\"url\":\"https:\\\/\\\/www.aliadospuebla.com\\\/\",\"name\":\"AliadosPuebla\",\"description\":\"La informaci\u00f3n en tus manos\",\"potentialAction\":[{\"@type\":\"SearchAction\",\"target\":{\"@type\":\"EntryPoint\",\"urlTemplate\":\"https:\\\/\\\/www.aliadospuebla.com\\\/?s={search_term_string}\"},\"query-input\":{\"@type\":\"PropertyValueSpecification\",\"valueRequired\":true,\"valueName\":\"search_term_string\"}}],\"inLanguage\":\"es\"},{\"@type\":\"Person\",\"@id\":\"https:\\\/\\\/www.aliadospuebla.com\\\/#\\\/schema\\\/person\\\/5da7dd09320bd4f392b710017ed5f8ad\",\"name\":\"Aliados17\",\"image\":{\"@type\":\"ImageObject\",\"inLanguage\":\"es\",\"@id\":\"https:\\\/\\\/www.aliadospuebla.com\\\/web2017\\\/wp-content\\\/uploads\\\/2025\\\/03\\\/cropped-para-perfil-8-anos-1-96x96.jpg\",\"url\":\"https:\\\/\\\/www.aliadospuebla.com\\\/web2017\\\/wp-content\\\/uploads\\\/2025\\\/03\\\/cropped-para-perfil-8-anos-1-96x96.jpg\",\"contentUrl\":\"https:\\\/\\\/www.aliadospuebla.com\\\/web2017\\\/wp-content\\\/uploads\\\/2025\\\/03\\\/cropped-para-perfil-8-anos-1-96x96.jpg\",\"caption\":\"Aliados17\"},\"sameAs\":[\"https:\\\/\\\/www.aliados17.com\",\"https:\\\/\\\/www.facebook.com\\\/Aliados17Pue\",\"https:\\\/\\\/x.com\\\/AliadosPuebla\"],\"url\":\"https:\\\/\\\/www.aliadospuebla.com\\\/?author=2\"}]}<\/script>\n<!-- \/ Yoast SEO plugin. -->","yoast_head_json":{"title":"Gobierno de Puebla refuerza combate de incendios forestales - AliadosPuebla","robots":{"index":"index","follow":"follow","max-snippet":"max-snippet:-1","max-image-preview":"max-image-preview:large","max-video-preview":"max-video-preview:-1"},"canonical":"https:\/\/www.aliadospuebla.com\/?p=103301","og_locale":"es_ES","og_type":"article","og_title":"Gobierno de Puebla refuerza combate de incendios forestales - AliadosPuebla","og_description":"&#8211; Los siniestros reportados se atienden en un lapso de 30 a 60 minutos. &#8211; Se ha empleado el sistema de baldeo, maniobra de alta precisi\u00f3n. CIUDAD DE PUEBLA, Pue. \u2013 Ante el incremento de incendios forestales en la entidad, el gobierno ha intensificado las estrategias para su combate al implementar operativos con helic\u00f3pteros de la Marina, fortalecer la vigilancia y asegurar que se aplique la ley contra quienes provocan estos siniestros. El gobernador Alejandro Armenta destac\u00f3 que las acciones de respuesta se han agilizado significativamente al permitir que los equipos lleguen en un m\u00e1ximo de una hora a las zonas afectadas. \u201cNosotros llegamos en 30 minutos, m\u00e1ximo una hora, donde hay un incendio que nos reportan. No hemos permitido que se salgan de control\u201d.&hellip;Leer m\u00e1s...","og_url":"https:\/\/www.aliadospuebla.com\/?p=103301","og_site_name":"AliadosPuebla","article_author":"https:\/\/www.facebook.com\/Aliados17Pue","article_published_time":"2025-03-21T13:14:39+00:00","og_image":[{"width":600,"height":450,"url":"https:\/\/www.aliadospuebla.com\/web2017\/wp-content\/uploads\/2025\/03\/887.jpg","type":"image\/jpeg"}],"author":"Aliados17","twitter_card":"summary_large_image","twitter_creator":"@AliadosPuebla","twitter_misc":{"Escrito por":"Aliados17","Tiempo de lectura":"3 minutos"},"schema":{"@context":"https:\/\/schema.org","@graph":[{"@type":"Article","@id":"https:\/\/www.aliadospuebla.com\/?p=103301#article","isPartOf":{"@id":"https:\/\/www.aliadospuebla.com\/?p=103301"},"author":{"name":"Aliados17","@id":"https:\/\/www.aliadospuebla.com\/#\/schema\/person\/5da7dd09320bd4f392b710017ed5f8ad"},"headline":"Gobierno de Puebla refuerza combate de incendios forestales","datePublished":"2025-03-21T13:14:39+00:00","mainEntityOfPage":{"@id":"https:\/\/www.aliadospuebla.com\/?p=103301"},"wordCount":535,"commentCount":0,"image":{"@id":"https:\/\/www.aliadospuebla.com\/?p=103301#primaryimage"},"thumbnailUrl":"https:\/\/www.aliadospuebla.com\/web2017\/wp-content\/uploads\/2025\/03\/887.jpg","keywords":["ALEJANDRO ARMENTA","combate de incendios forestales","ecocidas","helic\u00f3pteros","MEDIO AMBIENTE","provocados"],"articleSection":["Gobierno"],"inLanguage":"es","potentialAction":[{"@type":"CommentAction","name":"Comment","target":["https:\/\/www.aliadospuebla.com\/?p=103301#respond"]}]},{"@type":"WebPage","@id":"https:\/\/www.aliadospuebla.com\/?p=103301","url":"https:\/\/www.aliadospuebla.com\/?p=103301","name":"Gobierno de Puebla refuerza combate de incendios forestales - AliadosPuebla","isPartOf":{"@id":"https:\/\/www.aliadospuebla.com\/#website"},"primaryImageOfPage":{"@id":"https:\/\/www.aliadospuebla.com\/?p=103301#primaryimage"},"image":{"@id":"https:\/\/www.aliadospuebla.com\/?p=103301#primaryimage"},"thumbnailUrl":"https:\/\/www.aliadospuebla.com\/web2017\/wp-content\/uploads\/2025\/03\/887.jpg","datePublished":"2025-03-21T13:14:39+00:00","author":{"@id":"https:\/\/www.aliadospuebla.com\/#\/schema\/person\/5da7dd09320bd4f392b710017ed5f8ad"},"breadcrumb":{"@id":"https:\/\/www.aliadospuebla.com\/?p=103301#breadcrumb"},"inLanguage":"es","potentialAction":[{"@type":"ReadAction","target":["https:\/\/www.aliadospuebla.com\/?p=103301"]}]},{"@type":"ImageObject","inLanguage":"es","@id":"https:\/\/www.aliadospuebla.com\/?p=103301#primaryimage","url":"https:\/\/www.aliadospuebla.com\/web2017\/wp-content\/uploads\/2025\/03\/887.jpg","contentUrl":"https:\/\/www.aliadospuebla.com\/web2017\/wp-content\/uploads\/2025\/03\/887.jpg","width":600,"height":450},{"@type":"BreadcrumbList","@id":"https:\/\/www.aliadospuebla.com\/?p=103301#breadcrumb","itemListElement":[{"@type":"ListItem","position":1,"name":"Portada","item":"https:\/\/www.aliadospuebla.com\/"},{"@type":"ListItem","position":2,"name":"Gobierno de Puebla refuerza combate de incendios forestales"}]},{"@type":"WebSite","@id":"https:\/\/www.aliadospuebla.com\/#website","url":"https:\/\/www.aliadospuebla.com\/","name":"AliadosPuebla","description":"La informaci\u00f3n en tus manos","potentialAction":[{"@type":"SearchAction","target":{"@type":"EntryPoint","urlTemplate":"https:\/\/www.aliadospuebla.com\/?s={search_term_string}"},"query-input":{"@type":"PropertyValueSpecification","valueRequired":true,"valueName":"search_term_string"}}],"inLanguage":"es"},{"@type":"Person","@id":"https:\/\/www.aliadospuebla.com\/#\/schema\/person\/5da7dd09320bd4f392b710017ed5f8ad","name":"Aliados17","image":{"@type":"ImageObject","inLanguage":"es","@id":"https:\/\/www.aliadospuebla.com\/web2017\/wp-content\/uploads\/2025\/03\/cropped-para-perfil-8-anos-1-96x96.jpg","url":"https:\/\/www.aliadospuebla.com\/web2017\/wp-content\/uploads\/2025\/03\/cropped-para-perfil-8-anos-1-96x96.jpg","contentUrl":"https:\/\/www.aliadospuebla.com\/web2017\/wp-content\/uploads\/2025\/03\/cropped-para-perfil-8-anos-1-96x96.jpg","caption":"Aliados17"},"sameAs":["https:\/\/www.aliados17.com","https:\/\/www.facebook.com\/Aliados17Pue","https:\/\/x.com\/AliadosPuebla"],"url":"https:\/\/www.aliadospuebla.com\/?author=2"}]}},"views":12,"_links":{"self":[{"href":"https:\/\/www.aliadospuebla.com\/index.php?rest_route=\/wp\/v2\/posts\/103301","targetHints":{"allow":["GET"]}}],"collection":[{"href":"https:\/\/www.aliadospuebla.com\/index.php?rest_route=\/wp\/v2\/posts"}],"about":[{"href":"https:\/\/www.aliadospuebla.com\/index.php?rest_route=\/wp\/v2\/types\/post"}],"author":[{"embeddable":true,"href":"https:\/\/www.aliadospuebla.com\/index.php?rest_route=\/wp\/v2\/users\/2"}],"replies":[{"embeddable":true,"href":"https:\/\/www.aliadospuebla.com\/index.php?rest_route=%2Fwp%2Fv2%2Fcomments&post=103301"}],"version-history":[{"count":1,"href":"https:\/\/www.aliadospuebla.com\/index.php?rest_route=\/wp\/v2\/posts\/103301\/revisions"}],"predecessor-version":[{"id":103303,"href":"https:\/\/www.aliadospuebla.com\/index.php?rest_route=\/wp\/v2\/posts\/103301\/revisions\/103303"}],"wp:featuredmedia":[{"embeddable":true,"href":"https:\/\/www.aliadospuebla.com\/index.php?rest_route=\/wp\/v2\/media\/103302"}],"wp:attachment":[{"href":"https:\/\/www.aliadospuebla.com\/index.php?rest_route=%2Fwp%2Fv2%2Fmedia&parent=103301"}],"wp:term":[{"taxonomy":"category","embeddable":true,"href":"https:\/\/www.aliadospuebla.com\/index.php?rest_route=%2Fwp%2Fv2%2Fcategories&post=103301"},{"taxonomy":"post_tag","embeddable":true,"href":"https:\/\/www.aliadospuebla.com\/index.php?rest_route=%2Fwp%2Fv2%2Ftags&post=103301"}],"curies":[{"name":"wp","href":"https:\/\/api.w.org\/{rel}","templated":true}]}}