{"id":103156,"date":"2025-03-17T20:31:09","date_gmt":"2025-03-18T02:31:09","guid":{"rendered":"https:\/\/www.aliadospuebla.com\/?p=103156"},"modified":"2025-03-17T20:31:09","modified_gmt":"2025-03-18T02:31:09","slug":"rinde-protesta-nueva-presidencia-auxiliar-de-santiago-momoxpan","status":"publish","type":"post","link":"https:\/\/www.aliadospuebla.com\/?p=103156","title":{"rendered":"Rinde protesta nueva presidencia auxiliar de Santiago Momoxpan"},"content":{"rendered":"<h4>La presidenta municipal extern\u00f3 su confianza, respaldo y apoyo para este nuevo periodo<\/h4>\n<p>San Pedro Cholula, Pue.- La presidenta municipal de San Pedro Cholula, Tonantzin Fern\u00e1ndez,<\/p>\n<p>tom\u00f3 protesta al nuevo edil auxiliar, as\u00ed como a los miembros de la junta auxiliar de Santiago Momoxpan,<\/p>\n<p>luego de que resultaran electos en los pasados plebiscitos extraordinarios en la demarcaci\u00f3n.<\/p>\n<p>En sesi\u00f3n de Cabildo, Jos\u00e9 Antonio Z\u00fa\u00f1iga Avenda\u00f1o, junto con su equipo de trabajo,<\/p>\n<p>rindieron protesta ante las y los regidores para el periodo 2025-2028, en el que llevar\u00e1n las riendas de la junta auxiliar,<\/p>\n<p>en coordinaci\u00f3n con la administraci\u00f3n municipal.<\/p>\n<p>En su mensaje, la presidenta municipal reafirm\u00f3 su respaldo a la voluntad del pueblo de Santiago Momoxpan y afirm\u00f3 que su administraci\u00f3n siempre ser\u00e1 de puertas abiertas y de apoyo a la junta auxiliar y sus representantes, en pro de que la transformaci\u00f3n llegue a cada rinc\u00f3n del municipio.<\/p>\n<p>Por su parte, Antonio Z\u00fa\u00f1iga agradeci\u00f3 a los ciudadanos que lo eligieron como presidente auxiliar y sentenci\u00f3 que, a partir de este d\u00eda y hasta el final de su gesti\u00f3n, trabajar\u00e1 mano a mano con el Gobierno Municipal, a fin de traer m\u00e1s y mejores obras a la demarcaci\u00f3n.<\/p>\n<p>Finalmente, en un acto civil y conjunto, exhortaron a los ciudadanos a continuar brindando ese voto de confianza a las autoridades, a fin de crear sinergia entre gobierno y ciudadan\u00eda para generar mejores condiciones de vida.<\/p>\n","protected":false},"excerpt":{"rendered":"<p>La presidenta municipal extern\u00f3 su confianza, respaldo y apoyo para este nuevo periodo San Pedro Cholula, Pue.- La presidenta municipal de San Pedro Cholula, Tonantzin Fern\u00e1ndez, tom\u00f3 protesta al nuevo edil auxiliar, as\u00ed como a los miembros de la junta auxiliar de Santiago Momoxpan, luego de que resultaran electos en los pasados plebiscitos extraordinarios en la demarcaci\u00f3n. En sesi\u00f3n de Cabildo, Jos\u00e9 Antonio Z\u00fa\u00f1iga Avenda\u00f1o, junto con su equipo de trabajo, rindieron protesta ante las y los regidores para el periodo 2025-2028, en el que llevar\u00e1n las riendas de la junta auxiliar, en coordinaci\u00f3n con la administraci\u00f3n municipal. En su mensaje, la presidenta municipal reafirm\u00f3 su respaldo a la voluntad del pueblo de Santiago Momoxpan y afirm\u00f3 que su administraci\u00f3n siempre ser\u00e1 de puertas abiertas&hellip;<\/p>\n<p class=\"excerpt-more\"><a class=\"blog-excerpt button\" href=\"https:\/\/www.aliadospuebla.com\/?p=103156\">Leer m\u00e1s&#8230;<\/a><\/p>\n","protected":false},"author":2,"featured_media":103161,"comment_status":"open","ping_status":"open","sticky":false,"template":"","format":"standard","meta":{"_monsterinsights_skip_tracking":false,"footnotes":""},"categories":[4],"tags":[28148,8281,387,17802,7394],"class_list":["post-103156","post","type-post","status-publish","format-standard","has-post-thumbnail","hentry","category-municipios","tag-jose-antonio-zuniga-avendano","tag-presidente-auxiliar","tag-san-pedro-cholula","tag-santiago-momoxpan","tag-tonantzin-fernandez"],"yoast_head":"<!-- This site is optimized with the Yoast SEO plugin v28.4 - https:\/\/yoast.com\/product\/yoast-seo-wordpress\/ -->\n<title>Rinde protesta nueva presidencia auxiliar de Santiago Momoxpan - AliadosPuebla<\/title>\n<meta name=\"robots\" content=\"index, follow, max-snippet:-1, max-image-preview:large, max-video-preview:-1\" \/>\n<link rel=\"canonical\" href=\"https:\/\/www.aliadospuebla.com\/?p=103156\" \/>\n<meta property=\"og:locale\" content=\"es_ES\" \/>\n<meta property=\"og:type\" content=\"article\" \/>\n<meta property=\"og:title\" content=\"Rinde protesta nueva presidencia auxiliar de Santiago Momoxpan - AliadosPuebla\" \/>\n<meta property=\"og:description\" content=\"La presidenta municipal extern\u00f3 su confianza, respaldo y apoyo para este nuevo periodo San Pedro Cholula, Pue.- La presidenta municipal de San Pedro Cholula, Tonantzin Fern\u00e1ndez, tom\u00f3 protesta al nuevo edil auxiliar, as\u00ed como a los miembros de la junta auxiliar de Santiago Momoxpan, luego de que resultaran electos en los pasados plebiscitos extraordinarios en la demarcaci\u00f3n. En sesi\u00f3n de Cabildo, Jos\u00e9 Antonio Z\u00fa\u00f1iga Avenda\u00f1o, junto con su equipo de trabajo, rindieron protesta ante las y los regidores para el periodo 2025-2028, en el que llevar\u00e1n las riendas de la junta auxiliar, en coordinaci\u00f3n con la administraci\u00f3n municipal. En su mensaje, la presidenta municipal reafirm\u00f3 su respaldo a la voluntad del pueblo de Santiago Momoxpan y afirm\u00f3 que su administraci\u00f3n siempre ser\u00e1 de puertas abiertas&hellip;Leer m\u00e1s...\" \/>\n<meta property=\"og:url\" content=\"https:\/\/www.aliadospuebla.com\/?p=103156\" \/>\n<meta property=\"og:site_name\" content=\"AliadosPuebla\" \/>\n<meta property=\"article:author\" content=\"https:\/\/www.facebook.com\/Aliados17Pue\" \/>\n<meta property=\"article:published_time\" content=\"2025-03-18T02:31:09+00:00\" \/>\n<meta property=\"og:image\" content=\"https:\/\/www.aliadospuebla.com\/web2017\/wp-content\/uploads\/2025\/03\/847.jpg\" \/>\n\t<meta property=\"og:image:width\" content=\"600\" \/>\n\t<meta property=\"og:image:height\" content=\"450\" \/>\n\t<meta property=\"og:image:type\" content=\"image\/jpeg\" \/>\n<meta name=\"author\" content=\"Aliados17\" \/>\n<meta name=\"twitter:card\" content=\"summary_large_image\" \/>\n<meta name=\"twitter:creator\" content=\"@AliadosPuebla\" \/>\n<meta name=\"twitter:label1\" content=\"Escrito por\" \/>\n\t<meta name=\"twitter:data1\" content=\"Aliados17\" \/>\n\t<meta name=\"twitter:label2\" content=\"Tiempo de lectura\" \/>\n\t<meta name=\"twitter:data2\" content=\"2 minutos\" \/>\n<script type=\"application\/ld+json\" class=\"yoast-schema-graph\">{\"@context\":\"https:\\\/\\\/schema.org\",\"@graph\":[{\"@type\":\"Article\",\"@id\":\"https:\\\/\\\/www.aliadospuebla.com\\\/?p=103156#article\",\"isPartOf\":{\"@id\":\"https:\\\/\\\/www.aliadospuebla.com\\\/?p=103156\"},\"author\":{\"name\":\"Aliados17\",\"@id\":\"https:\\\/\\\/www.aliadospuebla.com\\\/#\\\/schema\\\/person\\\/5da7dd09320bd4f392b710017ed5f8ad\"},\"headline\":\"Rinde protesta nueva presidencia auxiliar de Santiago Momoxpan\",\"datePublished\":\"2025-03-18T02:31:09+00:00\",\"mainEntityOfPage\":{\"@id\":\"https:\\\/\\\/www.aliadospuebla.com\\\/?p=103156\"},\"wordCount\":258,\"commentCount\":0,\"image\":{\"@id\":\"https:\\\/\\\/www.aliadospuebla.com\\\/?p=103156#primaryimage\"},\"thumbnailUrl\":\"https:\\\/\\\/www.aliadospuebla.com\\\/web2017\\\/wp-content\\\/uploads\\\/2025\\\/03\\\/847.jpg\",\"keywords\":[\"Jos\u00e9 Antonio Z\u00fa\u00f1iga Avenda\u00f1o\",\"PRESIDENTE AUXILIAR\",\"SAN PEDRO CHOLULA\",\"Santiago Momoxpan\",\"TONANTZIN FERN\u00c1NDEZ\"],\"articleSection\":[\"Municipios\"],\"inLanguage\":\"es\",\"potentialAction\":[{\"@type\":\"CommentAction\",\"name\":\"Comment\",\"target\":[\"https:\\\/\\\/www.aliadospuebla.com\\\/?p=103156#respond\"]}]},{\"@type\":\"WebPage\",\"@id\":\"https:\\\/\\\/www.aliadospuebla.com\\\/?p=103156\",\"url\":\"https:\\\/\\\/www.aliadospuebla.com\\\/?p=103156\",\"name\":\"Rinde protesta nueva presidencia auxiliar de Santiago Momoxpan - AliadosPuebla\",\"isPartOf\":{\"@id\":\"https:\\\/\\\/www.aliadospuebla.com\\\/#website\"},\"primaryImageOfPage\":{\"@id\":\"https:\\\/\\\/www.aliadospuebla.com\\\/?p=103156#primaryimage\"},\"image\":{\"@id\":\"https:\\\/\\\/www.aliadospuebla.com\\\/?p=103156#primaryimage\"},\"thumbnailUrl\":\"https:\\\/\\\/www.aliadospuebla.com\\\/web2017\\\/wp-content\\\/uploads\\\/2025\\\/03\\\/847.jpg\",\"datePublished\":\"2025-03-18T02:31:09+00:00\",\"author\":{\"@id\":\"https:\\\/\\\/www.aliadospuebla.com\\\/#\\\/schema\\\/person\\\/5da7dd09320bd4f392b710017ed5f8ad\"},\"breadcrumb\":{\"@id\":\"https:\\\/\\\/www.aliadospuebla.com\\\/?p=103156#breadcrumb\"},\"inLanguage\":\"es\",\"potentialAction\":[{\"@type\":\"ReadAction\",\"target\":[\"https:\\\/\\\/www.aliadospuebla.com\\\/?p=103156\"]}]},{\"@type\":\"ImageObject\",\"inLanguage\":\"es\",\"@id\":\"https:\\\/\\\/www.aliadospuebla.com\\\/?p=103156#primaryimage\",\"url\":\"https:\\\/\\\/www.aliadospuebla.com\\\/web2017\\\/wp-content\\\/uploads\\\/2025\\\/03\\\/847.jpg\",\"contentUrl\":\"https:\\\/\\\/www.aliadospuebla.com\\\/web2017\\\/wp-content\\\/uploads\\\/2025\\\/03\\\/847.jpg\",\"width\":600,\"height\":450},{\"@type\":\"BreadcrumbList\",\"@id\":\"https:\\\/\\\/www.aliadospuebla.com\\\/?p=103156#breadcrumb\",\"itemListElement\":[{\"@type\":\"ListItem\",\"position\":1,\"name\":\"Portada\",\"item\":\"https:\\\/\\\/www.aliadospuebla.com\\\/\"},{\"@type\":\"ListItem\",\"position\":2,\"name\":\"Rinde protesta nueva presidencia auxiliar de Santiago Momoxpan\"}]},{\"@type\":\"WebSite\",\"@id\":\"https:\\\/\\\/www.aliadospuebla.com\\\/#website\",\"url\":\"https:\\\/\\\/www.aliadospuebla.com\\\/\",\"name\":\"AliadosPuebla\",\"description\":\"La informaci\u00f3n en tus manos\",\"potentialAction\":[{\"@type\":\"SearchAction\",\"target\":{\"@type\":\"EntryPoint\",\"urlTemplate\":\"https:\\\/\\\/www.aliadospuebla.com\\\/?s={search_term_string}\"},\"query-input\":{\"@type\":\"PropertyValueSpecification\",\"valueRequired\":true,\"valueName\":\"search_term_string\"}}],\"inLanguage\":\"es\"},{\"@type\":\"Person\",\"@id\":\"https:\\\/\\\/www.aliadospuebla.com\\\/#\\\/schema\\\/person\\\/5da7dd09320bd4f392b710017ed5f8ad\",\"name\":\"Aliados17\",\"image\":{\"@type\":\"ImageObject\",\"inLanguage\":\"es\",\"@id\":\"https:\\\/\\\/www.aliadospuebla.com\\\/web2017\\\/wp-content\\\/uploads\\\/2025\\\/03\\\/cropped-para-perfil-8-anos-1-96x96.jpg\",\"url\":\"https:\\\/\\\/www.aliadospuebla.com\\\/web2017\\\/wp-content\\\/uploads\\\/2025\\\/03\\\/cropped-para-perfil-8-anos-1-96x96.jpg\",\"contentUrl\":\"https:\\\/\\\/www.aliadospuebla.com\\\/web2017\\\/wp-content\\\/uploads\\\/2025\\\/03\\\/cropped-para-perfil-8-anos-1-96x96.jpg\",\"caption\":\"Aliados17\"},\"sameAs\":[\"https:\\\/\\\/www.aliados17.com\",\"https:\\\/\\\/www.facebook.com\\\/Aliados17Pue\",\"https:\\\/\\\/x.com\\\/AliadosPuebla\"],\"url\":\"https:\\\/\\\/www.aliadospuebla.com\\\/?author=2\"}]}<\/script>\n<!-- \/ Yoast SEO plugin. -->","yoast_head_json":{"title":"Rinde protesta nueva presidencia auxiliar de Santiago Momoxpan - AliadosPuebla","robots":{"index":"index","follow":"follow","max-snippet":"max-snippet:-1","max-image-preview":"max-image-preview:large","max-video-preview":"max-video-preview:-1"},"canonical":"https:\/\/www.aliadospuebla.com\/?p=103156","og_locale":"es_ES","og_type":"article","og_title":"Rinde protesta nueva presidencia auxiliar de Santiago Momoxpan - AliadosPuebla","og_description":"La presidenta municipal extern\u00f3 su confianza, respaldo y apoyo para este nuevo periodo San Pedro Cholula, Pue.- La presidenta municipal de San Pedro Cholula, Tonantzin Fern\u00e1ndez, tom\u00f3 protesta al nuevo edil auxiliar, as\u00ed como a los miembros de la junta auxiliar de Santiago Momoxpan, luego de que resultaran electos en los pasados plebiscitos extraordinarios en la demarcaci\u00f3n. En sesi\u00f3n de Cabildo, Jos\u00e9 Antonio Z\u00fa\u00f1iga Avenda\u00f1o, junto con su equipo de trabajo, rindieron protesta ante las y los regidores para el periodo 2025-2028, en el que llevar\u00e1n las riendas de la junta auxiliar, en coordinaci\u00f3n con la administraci\u00f3n municipal. En su mensaje, la presidenta municipal reafirm\u00f3 su respaldo a la voluntad del pueblo de Santiago Momoxpan y afirm\u00f3 que su administraci\u00f3n siempre ser\u00e1 de puertas abiertas&hellip;Leer m\u00e1s...","og_url":"https:\/\/www.aliadospuebla.com\/?p=103156","og_site_name":"AliadosPuebla","article_author":"https:\/\/www.facebook.com\/Aliados17Pue","article_published_time":"2025-03-18T02:31:09+00:00","og_image":[{"width":600,"height":450,"url":"https:\/\/www.aliadospuebla.com\/web2017\/wp-content\/uploads\/2025\/03\/847.jpg","type":"image\/jpeg"}],"author":"Aliados17","twitter_card":"summary_large_image","twitter_creator":"@AliadosPuebla","twitter_misc":{"Escrito por":"Aliados17","Tiempo de lectura":"2 minutos"},"schema":{"@context":"https:\/\/schema.org","@graph":[{"@type":"Article","@id":"https:\/\/www.aliadospuebla.com\/?p=103156#article","isPartOf":{"@id":"https:\/\/www.aliadospuebla.com\/?p=103156"},"author":{"name":"Aliados17","@id":"https:\/\/www.aliadospuebla.com\/#\/schema\/person\/5da7dd09320bd4f392b710017ed5f8ad"},"headline":"Rinde protesta nueva presidencia auxiliar de Santiago Momoxpan","datePublished":"2025-03-18T02:31:09+00:00","mainEntityOfPage":{"@id":"https:\/\/www.aliadospuebla.com\/?p=103156"},"wordCount":258,"commentCount":0,"image":{"@id":"https:\/\/www.aliadospuebla.com\/?p=103156#primaryimage"},"thumbnailUrl":"https:\/\/www.aliadospuebla.com\/web2017\/wp-content\/uploads\/2025\/03\/847.jpg","keywords":["Jos\u00e9 Antonio Z\u00fa\u00f1iga Avenda\u00f1o","PRESIDENTE AUXILIAR","SAN PEDRO CHOLULA","Santiago Momoxpan","TONANTZIN FERN\u00c1NDEZ"],"articleSection":["Municipios"],"inLanguage":"es","potentialAction":[{"@type":"CommentAction","name":"Comment","target":["https:\/\/www.aliadospuebla.com\/?p=103156#respond"]}]},{"@type":"WebPage","@id":"https:\/\/www.aliadospuebla.com\/?p=103156","url":"https:\/\/www.aliadospuebla.com\/?p=103156","name":"Rinde protesta nueva presidencia auxiliar de Santiago Momoxpan - AliadosPuebla","isPartOf":{"@id":"https:\/\/www.aliadospuebla.com\/#website"},"primaryImageOfPage":{"@id":"https:\/\/www.aliadospuebla.com\/?p=103156#primaryimage"},"image":{"@id":"https:\/\/www.aliadospuebla.com\/?p=103156#primaryimage"},"thumbnailUrl":"https:\/\/www.aliadospuebla.com\/web2017\/wp-content\/uploads\/2025\/03\/847.jpg","datePublished":"2025-03-18T02:31:09+00:00","author":{"@id":"https:\/\/www.aliadospuebla.com\/#\/schema\/person\/5da7dd09320bd4f392b710017ed5f8ad"},"breadcrumb":{"@id":"https:\/\/www.aliadospuebla.com\/?p=103156#breadcrumb"},"inLanguage":"es","potentialAction":[{"@type":"ReadAction","target":["https:\/\/www.aliadospuebla.com\/?p=103156"]}]},{"@type":"ImageObject","inLanguage":"es","@id":"https:\/\/www.aliadospuebla.com\/?p=103156#primaryimage","url":"https:\/\/www.aliadospuebla.com\/web2017\/wp-content\/uploads\/2025\/03\/847.jpg","contentUrl":"https:\/\/www.aliadospuebla.com\/web2017\/wp-content\/uploads\/2025\/03\/847.jpg","width":600,"height":450},{"@type":"BreadcrumbList","@id":"https:\/\/www.aliadospuebla.com\/?p=103156#breadcrumb","itemListElement":[{"@type":"ListItem","position":1,"name":"Portada","item":"https:\/\/www.aliadospuebla.com\/"},{"@type":"ListItem","position":2,"name":"Rinde protesta nueva presidencia auxiliar de Santiago Momoxpan"}]},{"@type":"WebSite","@id":"https:\/\/www.aliadospuebla.com\/#website","url":"https:\/\/www.aliadospuebla.com\/","name":"AliadosPuebla","description":"La informaci\u00f3n en tus manos","potentialAction":[{"@type":"SearchAction","target":{"@type":"EntryPoint","urlTemplate":"https:\/\/www.aliadospuebla.com\/?s={search_term_string}"},"query-input":{"@type":"PropertyValueSpecification","valueRequired":true,"valueName":"search_term_string"}}],"inLanguage":"es"},{"@type":"Person","@id":"https:\/\/www.aliadospuebla.com\/#\/schema\/person\/5da7dd09320bd4f392b710017ed5f8ad","name":"Aliados17","image":{"@type":"ImageObject","inLanguage":"es","@id":"https:\/\/www.aliadospuebla.com\/web2017\/wp-content\/uploads\/2025\/03\/cropped-para-perfil-8-anos-1-96x96.jpg","url":"https:\/\/www.aliadospuebla.com\/web2017\/wp-content\/uploads\/2025\/03\/cropped-para-perfil-8-anos-1-96x96.jpg","contentUrl":"https:\/\/www.aliadospuebla.com\/web2017\/wp-content\/uploads\/2025\/03\/cropped-para-perfil-8-anos-1-96x96.jpg","caption":"Aliados17"},"sameAs":["https:\/\/www.aliados17.com","https:\/\/www.facebook.com\/Aliados17Pue","https:\/\/x.com\/AliadosPuebla"],"url":"https:\/\/www.aliadospuebla.com\/?author=2"}]}},"views":6,"_links":{"self":[{"href":"https:\/\/www.aliadospuebla.com\/index.php?rest_route=\/wp\/v2\/posts\/103156","targetHints":{"allow":["GET"]}}],"collection":[{"href":"https:\/\/www.aliadospuebla.com\/index.php?rest_route=\/wp\/v2\/posts"}],"about":[{"href":"https:\/\/www.aliadospuebla.com\/index.php?rest_route=\/wp\/v2\/types\/post"}],"author":[{"embeddable":true,"href":"https:\/\/www.aliadospuebla.com\/index.php?rest_route=\/wp\/v2\/users\/2"}],"replies":[{"embeddable":true,"href":"https:\/\/www.aliadospuebla.com\/index.php?rest_route=%2Fwp%2Fv2%2Fcomments&post=103156"}],"version-history":[{"count":1,"href":"https:\/\/www.aliadospuebla.com\/index.php?rest_route=\/wp\/v2\/posts\/103156\/revisions"}],"predecessor-version":[{"id":103162,"href":"https:\/\/www.aliadospuebla.com\/index.php?rest_route=\/wp\/v2\/posts\/103156\/revisions\/103162"}],"wp:featuredmedia":[{"embeddable":true,"href":"https:\/\/www.aliadospuebla.com\/index.php?rest_route=\/wp\/v2\/media\/103161"}],"wp:attachment":[{"href":"https:\/\/www.aliadospuebla.com\/index.php?rest_route=%2Fwp%2Fv2%2Fmedia&parent=103156"}],"wp:term":[{"taxonomy":"category","embeddable":true,"href":"https:\/\/www.aliadospuebla.com\/index.php?rest_route=%2Fwp%2Fv2%2Fcategories&post=103156"},{"taxonomy":"post_tag","embeddable":true,"href":"https:\/\/www.aliadospuebla.com\/index.php?rest_route=%2Fwp%2Fv2%2Ftags&post=103156"}],"curies":[{"name":"wp","href":"https:\/\/api.w.org\/{rel}","templated":true}]}}