{"id":103131,"date":"2025-03-17T16:23:44","date_gmt":"2025-03-17T22:23:44","guid":{"rendered":"https:\/\/www.aliadospuebla.com\/?p=103131"},"modified":"2025-03-17T16:23:44","modified_gmt":"2025-03-17T22:23:44","slug":"puebla-impulsa-estrategias-para-el-cuidado-del-medio-ambiente","status":"publish","type":"post","link":"https:\/\/www.aliadospuebla.com\/?p=103131","title":{"rendered":"Puebla Impulsa Estrategias para el Cuidado del Medio Ambiente"},"content":{"rendered":"<h4>&#8211; Reciclat\u00f3n 2025, una campa\u00f1a que busca sensibilizar a la poblaci\u00f3n sobre la importancia del reciclaje y el manejo responsable de residuos industriales.<\/h4>\n<p>&#8211; El gobernador Alejandro Armenta entreg\u00f3 un reconocimiento a la presidenta y socia fundadora de Green Carson A.C, Nalisa \u00c1vila Trevi\u00f1o.<\/p>\n<p>CIUDAD DE PUEBLA, Pue.- En un esfuerzo por combatir el deterioro ambiental y fomentar el desarrollo sostenible,<\/p>\n<p>el gobierno del Estado que preside Alejandro Armenta, puso en marcha el \u201cReciclat\u00f3n 2025\u201d,<\/p>\n<p>una campa\u00f1a que busca sensibilizar a la poblaci\u00f3n sobre la importancia del reciclaje<\/p>\n<p>y el manejo responsable de residuos industriales.<\/p>\n<p>Durante el evento realizado en el Parque Ecol\u00f3gico \u201cRevoluci\u00f3n Mexicana\u201d, el mandatario estatal<\/p>\n<p>enfatiz\u00f3 la urgencia de cambiar los modelos extractivos de desarrollo que han causado contaminaci\u00f3n en r\u00edos y suelos.<\/p>\n<p>Como parte de este compromiso, se anunci\u00f3 un plan de saneamiento del r\u00edo Atoyac,<\/p>\n<p>en colaboraci\u00f3n con la BUAP y el Instituto Polit\u00e9cnico Nacional, para mejorar la calidad del agua<\/p>\n<p>y reducir la contaminaci\u00f3n generada por el lirio acu\u00e1tico.<\/p>\n<p>Adem\u00e1s, se invertir\u00e1n 500 millones de pesos en sistemas de riego por goteo,<\/p>\n<p>con el objetivo de optimizar el uso del agua en el sector agr\u00edcola y evitar la sobreexplotaci\u00f3n de los mantos fre\u00e1ticos.<\/p>\n<h4>En esta l\u00ednea, el gobierno promueve la reutilizaci\u00f3n del agua en la industria y la agricultura, buscando reducir el desperdicio de este recurso vital.<\/h4>\n<p>Otro de los proyectos clave es la transformaci\u00f3n de residuos. Actualmente, Puebla cuenta con 19 rellenos sanitarios y 70 tiraderos irregulares, lo que representa un desaf\u00edo ambiental significativo. Para enfrentar este problema, se impulsar\u00e1 la separaci\u00f3n de desechos en mercados, con la finalidad de aprovechar los residuos org\u00e1nicos para la producci\u00f3n de composta y reutilizar pl\u00e1sticos en la fabricaci\u00f3n de nuevos productos.<\/p>\n<p>Alejandro Armenta destac\u00f3 que el gobierno que encabeza promover\u00e1 la reforestaci\u00f3n con la entrega de \u00e1rboles frutales y especies nativas, incluso en formatos hidrop\u00f3nicos, para que m\u00e1s personas puedan contribuir a la mejora del aire y la generaci\u00f3n de microclimas urbanos.<\/p>\n<p>Por su parte, la secretaria de Medio Ambiente, Desarrollo Sustentable y Ordenamiento Territorial, Rebeca Ba\u00f1uelos Guadarrama explic\u00f3 que, durante el Reciclat\u00f3n 2025 y con la colaboraci\u00f3n de los municipios de Cuautlancingo, Nealtican e Iz\u00facar de Matamoros, se impuso una meta inicial de reunir 20 toneladas de art\u00edculos el\u00e9ctricos, electr\u00f3nicas, llantas, papel, cart\u00f3n y pl\u00e1stico que ser\u00e1n materia prima para un segundo uso.<\/p>\n<p>La funcionaria estatal destac\u00f3 la colaboraci\u00f3n de la Benem\u00e9rita Universidad Aut\u00f3noma de Puebla en la captaci\u00f3n de art\u00edculos a fin de promover una cultura de reciclaje en la entidad, con lo que se extender\u00e1 la vida \u00fatil de los sitios de disposici\u00f3n; se disminuir\u00e1 la sobre explotaci\u00f3n de recursos naturales y tambi\u00e9n se mitiga la contaminaci\u00f3n de los ecosistemas.<\/p>\n<p>Como parte del evento, el gobernador Alejandro Armenta entreg\u00f3 un reconocimiento a Nalisa \u00c1vila Trevi\u00f1o, presidenta y socia fundadora de Green Carson A.C. por su labor a favor del medio ambiente en Puebla.<\/p>\n","protected":false},"excerpt":{"rendered":"<p>&#8211; Reciclat\u00f3n 2025, una campa\u00f1a que busca sensibilizar a la poblaci\u00f3n sobre la importancia del reciclaje y el manejo responsable de residuos industriales. &#8211; El gobernador Alejandro Armenta entreg\u00f3 un reconocimiento a la presidenta y socia fundadora de Green Carson A.C, Nalisa \u00c1vila Trevi\u00f1o. CIUDAD DE PUEBLA, Pue.- En un esfuerzo por combatir el deterioro ambiental y fomentar el desarrollo sostenible, el gobierno del Estado que preside Alejandro Armenta, puso en marcha el \u201cReciclat\u00f3n 2025\u201d, una campa\u00f1a que busca sensibilizar a la poblaci\u00f3n sobre la importancia del reciclaje y el manejo responsable de residuos industriales. Durante el evento realizado en el Parque Ecol\u00f3gico \u201cRevoluci\u00f3n Mexicana\u201d, el mandatario estatal enfatiz\u00f3 la urgencia de cambiar los modelos extractivos de desarrollo que han causado contaminaci\u00f3n en r\u00edos y&hellip;<\/p>\n<p class=\"excerpt-more\"><a class=\"blog-excerpt button\" href=\"https:\/\/www.aliadospuebla.com\/?p=103131\">Leer m\u00e1s&#8230;<\/a><\/p>\n","protected":false},"author":2,"featured_media":103132,"comment_status":"open","ping_status":"open","sticky":false,"template":"","format":"standard","meta":{"_monsterinsights_skip_tracking":false,"footnotes":""},"categories":[61],"tags":[4780,28128,947,584,27204,28129,24524],"class_list":["post-103131","post","type-post","status-publish","format-standard","has-post-thumbnail","hentry","category-gobierno","tag-alejandro-armenta","tag-combatir-el-deterioro-ambiental","tag-desarrollo-sostenible","tag-medio-ambiente","tag-reciclaton-2025","tag-rellenos-sanitarios","tag-saneamiento-del-rio-atoyac"],"yoast_head":"<!-- This site is optimized with the Yoast SEO plugin v28.4 - https:\/\/yoast.com\/product\/yoast-seo-wordpress\/ -->\n<title>Puebla Impulsa Estrategias para el Cuidado del Medio Ambiente - AliadosPuebla<\/title>\n<meta name=\"robots\" content=\"index, follow, max-snippet:-1, max-image-preview:large, max-video-preview:-1\" \/>\n<link rel=\"canonical\" href=\"https:\/\/www.aliadospuebla.com\/?p=103131\" \/>\n<meta property=\"og:locale\" content=\"es_ES\" \/>\n<meta property=\"og:type\" content=\"article\" \/>\n<meta property=\"og:title\" content=\"Puebla Impulsa Estrategias para el Cuidado del Medio Ambiente - AliadosPuebla\" \/>\n<meta property=\"og:description\" content=\"&#8211; Reciclat\u00f3n 2025, una campa\u00f1a que busca sensibilizar a la poblaci\u00f3n sobre la importancia del reciclaje y el manejo responsable de residuos industriales. &#8211; El gobernador Alejandro Armenta entreg\u00f3 un reconocimiento a la presidenta y socia fundadora de Green Carson A.C, Nalisa \u00c1vila Trevi\u00f1o. CIUDAD DE PUEBLA, Pue.- En un esfuerzo por combatir el deterioro ambiental y fomentar el desarrollo sostenible, el gobierno del Estado que preside Alejandro Armenta, puso en marcha el \u201cReciclat\u00f3n 2025\u201d, una campa\u00f1a que busca sensibilizar a la poblaci\u00f3n sobre la importancia del reciclaje y el manejo responsable de residuos industriales. Durante el evento realizado en el Parque Ecol\u00f3gico \u201cRevoluci\u00f3n Mexicana\u201d, el mandatario estatal enfatiz\u00f3 la urgencia de cambiar los modelos extractivos de desarrollo que han causado contaminaci\u00f3n en r\u00edos y&hellip;Leer m\u00e1s...\" \/>\n<meta property=\"og:url\" content=\"https:\/\/www.aliadospuebla.com\/?p=103131\" \/>\n<meta property=\"og:site_name\" content=\"AliadosPuebla\" \/>\n<meta property=\"article:author\" content=\"https:\/\/www.facebook.com\/Aliados17Pue\" \/>\n<meta property=\"article:published_time\" content=\"2025-03-17T22:23:44+00:00\" \/>\n<meta property=\"og:image\" content=\"https:\/\/www.aliadospuebla.com\/web2017\/wp-content\/uploads\/2025\/03\/839.jpg\" \/>\n\t<meta property=\"og:image:width\" content=\"600\" \/>\n\t<meta property=\"og:image:height\" content=\"450\" \/>\n\t<meta property=\"og:image:type\" content=\"image\/jpeg\" \/>\n<meta name=\"author\" content=\"Aliados17\" \/>\n<meta name=\"twitter:card\" content=\"summary_large_image\" \/>\n<meta name=\"twitter:creator\" content=\"@AliadosPuebla\" \/>\n<meta name=\"twitter:label1\" content=\"Escrito por\" \/>\n\t<meta name=\"twitter:data1\" content=\"Aliados17\" \/>\n\t<meta name=\"twitter:label2\" content=\"Tiempo de lectura\" \/>\n\t<meta name=\"twitter:data2\" content=\"3 minutos\" \/>\n<script type=\"application\/ld+json\" class=\"yoast-schema-graph\">{\"@context\":\"https:\\\/\\\/schema.org\",\"@graph\":[{\"@type\":\"Article\",\"@id\":\"https:\\\/\\\/www.aliadospuebla.com\\\/?p=103131#article\",\"isPartOf\":{\"@id\":\"https:\\\/\\\/www.aliadospuebla.com\\\/?p=103131\"},\"author\":{\"name\":\"Aliados17\",\"@id\":\"https:\\\/\\\/www.aliadospuebla.com\\\/#\\\/schema\\\/person\\\/5da7dd09320bd4f392b710017ed5f8ad\"},\"headline\":\"Puebla Impulsa Estrategias para el Cuidado del Medio Ambiente\",\"datePublished\":\"2025-03-17T22:23:44+00:00\",\"mainEntityOfPage\":{\"@id\":\"https:\\\/\\\/www.aliadospuebla.com\\\/?p=103131\"},\"wordCount\":539,\"commentCount\":0,\"image\":{\"@id\":\"https:\\\/\\\/www.aliadospuebla.com\\\/?p=103131#primaryimage\"},\"thumbnailUrl\":\"https:\\\/\\\/www.aliadospuebla.com\\\/web2017\\\/wp-content\\\/uploads\\\/2025\\\/03\\\/839.jpg\",\"keywords\":[\"ALEJANDRO ARMENTA\",\"combatir el deterioro ambiental\",\"DESARROLLO SOSTENIBLE\",\"MEDIO AMBIENTE\",\"RECICLAT\u00d3N 2025\",\"rellenos sanitarios\",\"saneamiento del R\u00edo Atoyac\"],\"articleSection\":[\"Gobierno\"],\"inLanguage\":\"es\",\"potentialAction\":[{\"@type\":\"CommentAction\",\"name\":\"Comment\",\"target\":[\"https:\\\/\\\/www.aliadospuebla.com\\\/?p=103131#respond\"]}]},{\"@type\":\"WebPage\",\"@id\":\"https:\\\/\\\/www.aliadospuebla.com\\\/?p=103131\",\"url\":\"https:\\\/\\\/www.aliadospuebla.com\\\/?p=103131\",\"name\":\"Puebla Impulsa Estrategias para el Cuidado del Medio Ambiente - AliadosPuebla\",\"isPartOf\":{\"@id\":\"https:\\\/\\\/www.aliadospuebla.com\\\/#website\"},\"primaryImageOfPage\":{\"@id\":\"https:\\\/\\\/www.aliadospuebla.com\\\/?p=103131#primaryimage\"},\"image\":{\"@id\":\"https:\\\/\\\/www.aliadospuebla.com\\\/?p=103131#primaryimage\"},\"thumbnailUrl\":\"https:\\\/\\\/www.aliadospuebla.com\\\/web2017\\\/wp-content\\\/uploads\\\/2025\\\/03\\\/839.jpg\",\"datePublished\":\"2025-03-17T22:23:44+00:00\",\"author\":{\"@id\":\"https:\\\/\\\/www.aliadospuebla.com\\\/#\\\/schema\\\/person\\\/5da7dd09320bd4f392b710017ed5f8ad\"},\"breadcrumb\":{\"@id\":\"https:\\\/\\\/www.aliadospuebla.com\\\/?p=103131#breadcrumb\"},\"inLanguage\":\"es\",\"potentialAction\":[{\"@type\":\"ReadAction\",\"target\":[\"https:\\\/\\\/www.aliadospuebla.com\\\/?p=103131\"]}]},{\"@type\":\"ImageObject\",\"inLanguage\":\"es\",\"@id\":\"https:\\\/\\\/www.aliadospuebla.com\\\/?p=103131#primaryimage\",\"url\":\"https:\\\/\\\/www.aliadospuebla.com\\\/web2017\\\/wp-content\\\/uploads\\\/2025\\\/03\\\/839.jpg\",\"contentUrl\":\"https:\\\/\\\/www.aliadospuebla.com\\\/web2017\\\/wp-content\\\/uploads\\\/2025\\\/03\\\/839.jpg\",\"width\":600,\"height\":450},{\"@type\":\"BreadcrumbList\",\"@id\":\"https:\\\/\\\/www.aliadospuebla.com\\\/?p=103131#breadcrumb\",\"itemListElement\":[{\"@type\":\"ListItem\",\"position\":1,\"name\":\"Portada\",\"item\":\"https:\\\/\\\/www.aliadospuebla.com\\\/\"},{\"@type\":\"ListItem\",\"position\":2,\"name\":\"Puebla Impulsa Estrategias para el Cuidado del Medio Ambiente\"}]},{\"@type\":\"WebSite\",\"@id\":\"https:\\\/\\\/www.aliadospuebla.com\\\/#website\",\"url\":\"https:\\\/\\\/www.aliadospuebla.com\\\/\",\"name\":\"AliadosPuebla\",\"description\":\"La informaci\u00f3n en tus manos\",\"potentialAction\":[{\"@type\":\"SearchAction\",\"target\":{\"@type\":\"EntryPoint\",\"urlTemplate\":\"https:\\\/\\\/www.aliadospuebla.com\\\/?s={search_term_string}\"},\"query-input\":{\"@type\":\"PropertyValueSpecification\",\"valueRequired\":true,\"valueName\":\"search_term_string\"}}],\"inLanguage\":\"es\"},{\"@type\":\"Person\",\"@id\":\"https:\\\/\\\/www.aliadospuebla.com\\\/#\\\/schema\\\/person\\\/5da7dd09320bd4f392b710017ed5f8ad\",\"name\":\"Aliados17\",\"image\":{\"@type\":\"ImageObject\",\"inLanguage\":\"es\",\"@id\":\"https:\\\/\\\/www.aliadospuebla.com\\\/web2017\\\/wp-content\\\/uploads\\\/2025\\\/03\\\/cropped-para-perfil-8-anos-1-96x96.jpg\",\"url\":\"https:\\\/\\\/www.aliadospuebla.com\\\/web2017\\\/wp-content\\\/uploads\\\/2025\\\/03\\\/cropped-para-perfil-8-anos-1-96x96.jpg\",\"contentUrl\":\"https:\\\/\\\/www.aliadospuebla.com\\\/web2017\\\/wp-content\\\/uploads\\\/2025\\\/03\\\/cropped-para-perfil-8-anos-1-96x96.jpg\",\"caption\":\"Aliados17\"},\"sameAs\":[\"https:\\\/\\\/www.aliados17.com\",\"https:\\\/\\\/www.facebook.com\\\/Aliados17Pue\",\"https:\\\/\\\/x.com\\\/AliadosPuebla\"],\"url\":\"https:\\\/\\\/www.aliadospuebla.com\\\/?author=2\"}]}<\/script>\n<!-- \/ Yoast SEO plugin. -->","yoast_head_json":{"title":"Puebla Impulsa Estrategias para el Cuidado del Medio Ambiente - AliadosPuebla","robots":{"index":"index","follow":"follow","max-snippet":"max-snippet:-1","max-image-preview":"max-image-preview:large","max-video-preview":"max-video-preview:-1"},"canonical":"https:\/\/www.aliadospuebla.com\/?p=103131","og_locale":"es_ES","og_type":"article","og_title":"Puebla Impulsa Estrategias para el Cuidado del Medio Ambiente - AliadosPuebla","og_description":"&#8211; Reciclat\u00f3n 2025, una campa\u00f1a que busca sensibilizar a la poblaci\u00f3n sobre la importancia del reciclaje y el manejo responsable de residuos industriales. &#8211; El gobernador Alejandro Armenta entreg\u00f3 un reconocimiento a la presidenta y socia fundadora de Green Carson A.C, Nalisa \u00c1vila Trevi\u00f1o. CIUDAD DE PUEBLA, Pue.- En un esfuerzo por combatir el deterioro ambiental y fomentar el desarrollo sostenible, el gobierno del Estado que preside Alejandro Armenta, puso en marcha el \u201cReciclat\u00f3n 2025\u201d, una campa\u00f1a que busca sensibilizar a la poblaci\u00f3n sobre la importancia del reciclaje y el manejo responsable de residuos industriales. Durante el evento realizado en el Parque Ecol\u00f3gico \u201cRevoluci\u00f3n Mexicana\u201d, el mandatario estatal enfatiz\u00f3 la urgencia de cambiar los modelos extractivos de desarrollo que han causado contaminaci\u00f3n en r\u00edos y&hellip;Leer m\u00e1s...","og_url":"https:\/\/www.aliadospuebla.com\/?p=103131","og_site_name":"AliadosPuebla","article_author":"https:\/\/www.facebook.com\/Aliados17Pue","article_published_time":"2025-03-17T22:23:44+00:00","og_image":[{"width":600,"height":450,"url":"https:\/\/www.aliadospuebla.com\/web2017\/wp-content\/uploads\/2025\/03\/839.jpg","type":"image\/jpeg"}],"author":"Aliados17","twitter_card":"summary_large_image","twitter_creator":"@AliadosPuebla","twitter_misc":{"Escrito por":"Aliados17","Tiempo de lectura":"3 minutos"},"schema":{"@context":"https:\/\/schema.org","@graph":[{"@type":"Article","@id":"https:\/\/www.aliadospuebla.com\/?p=103131#article","isPartOf":{"@id":"https:\/\/www.aliadospuebla.com\/?p=103131"},"author":{"name":"Aliados17","@id":"https:\/\/www.aliadospuebla.com\/#\/schema\/person\/5da7dd09320bd4f392b710017ed5f8ad"},"headline":"Puebla Impulsa Estrategias para el Cuidado del Medio Ambiente","datePublished":"2025-03-17T22:23:44+00:00","mainEntityOfPage":{"@id":"https:\/\/www.aliadospuebla.com\/?p=103131"},"wordCount":539,"commentCount":0,"image":{"@id":"https:\/\/www.aliadospuebla.com\/?p=103131#primaryimage"},"thumbnailUrl":"https:\/\/www.aliadospuebla.com\/web2017\/wp-content\/uploads\/2025\/03\/839.jpg","keywords":["ALEJANDRO ARMENTA","combatir el deterioro ambiental","DESARROLLO SOSTENIBLE","MEDIO AMBIENTE","RECICLAT\u00d3N 2025","rellenos sanitarios","saneamiento del R\u00edo Atoyac"],"articleSection":["Gobierno"],"inLanguage":"es","potentialAction":[{"@type":"CommentAction","name":"Comment","target":["https:\/\/www.aliadospuebla.com\/?p=103131#respond"]}]},{"@type":"WebPage","@id":"https:\/\/www.aliadospuebla.com\/?p=103131","url":"https:\/\/www.aliadospuebla.com\/?p=103131","name":"Puebla Impulsa Estrategias para el Cuidado del Medio Ambiente - AliadosPuebla","isPartOf":{"@id":"https:\/\/www.aliadospuebla.com\/#website"},"primaryImageOfPage":{"@id":"https:\/\/www.aliadospuebla.com\/?p=103131#primaryimage"},"image":{"@id":"https:\/\/www.aliadospuebla.com\/?p=103131#primaryimage"},"thumbnailUrl":"https:\/\/www.aliadospuebla.com\/web2017\/wp-content\/uploads\/2025\/03\/839.jpg","datePublished":"2025-03-17T22:23:44+00:00","author":{"@id":"https:\/\/www.aliadospuebla.com\/#\/schema\/person\/5da7dd09320bd4f392b710017ed5f8ad"},"breadcrumb":{"@id":"https:\/\/www.aliadospuebla.com\/?p=103131#breadcrumb"},"inLanguage":"es","potentialAction":[{"@type":"ReadAction","target":["https:\/\/www.aliadospuebla.com\/?p=103131"]}]},{"@type":"ImageObject","inLanguage":"es","@id":"https:\/\/www.aliadospuebla.com\/?p=103131#primaryimage","url":"https:\/\/www.aliadospuebla.com\/web2017\/wp-content\/uploads\/2025\/03\/839.jpg","contentUrl":"https:\/\/www.aliadospuebla.com\/web2017\/wp-content\/uploads\/2025\/03\/839.jpg","width":600,"height":450},{"@type":"BreadcrumbList","@id":"https:\/\/www.aliadospuebla.com\/?p=103131#breadcrumb","itemListElement":[{"@type":"ListItem","position":1,"name":"Portada","item":"https:\/\/www.aliadospuebla.com\/"},{"@type":"ListItem","position":2,"name":"Puebla Impulsa Estrategias para el Cuidado del Medio Ambiente"}]},{"@type":"WebSite","@id":"https:\/\/www.aliadospuebla.com\/#website","url":"https:\/\/www.aliadospuebla.com\/","name":"AliadosPuebla","description":"La informaci\u00f3n en tus manos","potentialAction":[{"@type":"SearchAction","target":{"@type":"EntryPoint","urlTemplate":"https:\/\/www.aliadospuebla.com\/?s={search_term_string}"},"query-input":{"@type":"PropertyValueSpecification","valueRequired":true,"valueName":"search_term_string"}}],"inLanguage":"es"},{"@type":"Person","@id":"https:\/\/www.aliadospuebla.com\/#\/schema\/person\/5da7dd09320bd4f392b710017ed5f8ad","name":"Aliados17","image":{"@type":"ImageObject","inLanguage":"es","@id":"https:\/\/www.aliadospuebla.com\/web2017\/wp-content\/uploads\/2025\/03\/cropped-para-perfil-8-anos-1-96x96.jpg","url":"https:\/\/www.aliadospuebla.com\/web2017\/wp-content\/uploads\/2025\/03\/cropped-para-perfil-8-anos-1-96x96.jpg","contentUrl":"https:\/\/www.aliadospuebla.com\/web2017\/wp-content\/uploads\/2025\/03\/cropped-para-perfil-8-anos-1-96x96.jpg","caption":"Aliados17"},"sameAs":["https:\/\/www.aliados17.com","https:\/\/www.facebook.com\/Aliados17Pue","https:\/\/x.com\/AliadosPuebla"],"url":"https:\/\/www.aliadospuebla.com\/?author=2"}]}},"views":10,"_links":{"self":[{"href":"https:\/\/www.aliadospuebla.com\/index.php?rest_route=\/wp\/v2\/posts\/103131","targetHints":{"allow":["GET"]}}],"collection":[{"href":"https:\/\/www.aliadospuebla.com\/index.php?rest_route=\/wp\/v2\/posts"}],"about":[{"href":"https:\/\/www.aliadospuebla.com\/index.php?rest_route=\/wp\/v2\/types\/post"}],"author":[{"embeddable":true,"href":"https:\/\/www.aliadospuebla.com\/index.php?rest_route=\/wp\/v2\/users\/2"}],"replies":[{"embeddable":true,"href":"https:\/\/www.aliadospuebla.com\/index.php?rest_route=%2Fwp%2Fv2%2Fcomments&post=103131"}],"version-history":[{"count":1,"href":"https:\/\/www.aliadospuebla.com\/index.php?rest_route=\/wp\/v2\/posts\/103131\/revisions"}],"predecessor-version":[{"id":103133,"href":"https:\/\/www.aliadospuebla.com\/index.php?rest_route=\/wp\/v2\/posts\/103131\/revisions\/103133"}],"wp:featuredmedia":[{"embeddable":true,"href":"https:\/\/www.aliadospuebla.com\/index.php?rest_route=\/wp\/v2\/media\/103132"}],"wp:attachment":[{"href":"https:\/\/www.aliadospuebla.com\/index.php?rest_route=%2Fwp%2Fv2%2Fmedia&parent=103131"}],"wp:term":[{"taxonomy":"category","embeddable":true,"href":"https:\/\/www.aliadospuebla.com\/index.php?rest_route=%2Fwp%2Fv2%2Fcategories&post=103131"},{"taxonomy":"post_tag","embeddable":true,"href":"https:\/\/www.aliadospuebla.com\/index.php?rest_route=%2Fwp%2Fv2%2Ftags&post=103131"}],"curies":[{"name":"wp","href":"https:\/\/api.w.org\/{rel}","templated":true}]}}