{"id":103093,"date":"2025-03-16T13:26:16","date_gmt":"2025-03-16T19:26:16","guid":{"rendered":"https:\/\/www.aliadospuebla.com\/?p=103093"},"modified":"2025-03-16T13:26:16","modified_gmt":"2025-03-16T19:26:16","slug":"gobierno-de-cholula-se-suma-a-las-faenas-comunitarias-de-alejandro-armenta","status":"publish","type":"post","link":"https:\/\/www.aliadospuebla.com\/?p=103093","title":{"rendered":"Gobierno de Cholula se suma a las Faenas Comunitarias de Alejandro Armenta"},"content":{"rendered":"<h4>Existe coordinaci\u00f3n entre los \u00f3rdenes de gobierno para ofrecer mejores condiciones de vida a las y los cholultecas<\/h4>\n<p>San Pedro Cholula, Pue.\u2013 El Gobierno Municipal de San Pedro Cholula, presidido por Tonantzin Fern\u00e1ndez,\u00a0 en congruencia con la pol\u00edtica de gobierno de la administraci\u00f3n estatal, encabezada por el gobernador Alejandro Armenta, se sum\u00f3 a la iniciativa de las Faenas Comunitarias.<\/p>\n<p>En territorio cholulteca, concretamente en el cruce del Bulevar Forjadores y el Perif\u00e9rico Ecol\u00f3gico, Alejandro Armenta y Tonantzin Fern\u00e1ndez encabezaron acciones de limpieza, como poda y retiro de maleza, pintura de puentes, guarniciones y reforestaci\u00f3n, as\u00ed como limpieza de la ciclov\u00eda y el paso vehicular.<\/p>\n<p>En su mensaje, la presidenta municipal reconoci\u00f3 al gobernador por no solo emprender esta acci\u00f3n, sino tambi\u00e9n por sumarse a las tareas y poner el ejemplo al resto de los servidores p\u00fablicos al realizar las faenas junto a las y los trabajadores. Afirm\u00f3 que su gobierno tambi\u00e9n se suma a las Faenas Comunitarias, realizando acciones locales en las juntas auxiliares y barrios del municipio.<\/p>\n<p>Por su parte, Alejandro Armenta afirm\u00f3 que los servidores p\u00fablicos deben estar al servicio del pueblo, pues est\u00e1n para obedecer. Por ello, agradeci\u00f3 la coordinaci\u00f3n con la presidenta municipal para llevar a cabo estas faenas y exhort\u00f3 a las y los cholultecas a participar y coadyuvar en mejorar la imagen urbana del municipio y del estado.<\/p>\n<p>Finalmente, coincidieron en que, actualmente, los \u00f3rdenes de gobierno mantienen coordinaci\u00f3n y comunicaci\u00f3n para consolidar el segundo piso de la Cuarta Transformaci\u00f3n y, con ello, ofrecer mejores condiciones de vida a las y los poblanos, a trav\u00e9s del bienestar, la seguridad y el progreso.<\/p>\n","protected":false},"excerpt":{"rendered":"<p>Existe coordinaci\u00f3n entre los \u00f3rdenes de gobierno para ofrecer mejores condiciones de vida a las y los cholultecas San Pedro Cholula, Pue.\u2013 El Gobierno Municipal de San Pedro Cholula, presidido por Tonantzin Fern\u00e1ndez,\u00a0 en congruencia con la pol\u00edtica de gobierno de la administraci\u00f3n estatal, encabezada por el gobernador Alejandro Armenta, se sum\u00f3 a la iniciativa de las Faenas Comunitarias. En territorio cholulteca, concretamente en el cruce del Bulevar Forjadores y el Perif\u00e9rico Ecol\u00f3gico, Alejandro Armenta y Tonantzin Fern\u00e1ndez encabezaron acciones de limpieza, como poda y retiro de maleza, pintura de puentes, guarniciones y reforestaci\u00f3n, as\u00ed como limpieza de la ciclov\u00eda y el paso vehicular. En su mensaje, la presidenta municipal reconoci\u00f3 al gobernador por no solo emprender esta acci\u00f3n, sino tambi\u00e9n por sumarse a las&hellip;<\/p>\n<p class=\"excerpt-more\"><a class=\"blog-excerpt button\" href=\"https:\/\/www.aliadospuebla.com\/?p=103093\">Leer m\u00e1s&#8230;<\/a><\/p>\n","protected":false},"author":2,"featured_media":103094,"comment_status":"open","ping_status":"open","sticky":false,"template":"","format":"standard","meta":{"_monsterinsights_skip_tracking":false,"footnotes":""},"categories":[4],"tags":[4780,28107,387,7394],"class_list":["post-103093","post","type-post","status-publish","format-standard","has-post-thumbnail","hentry","category-municipios","tag-alejandro-armenta","tag-faenas-comunitarias","tag-san-pedro-cholula","tag-tonantzin-fernandez"],"yoast_head":"<!-- This site is optimized with the Yoast SEO plugin v28.4 - https:\/\/yoast.com\/product\/yoast-seo-wordpress\/ -->\n<title>Gobierno de Cholula se suma a las Faenas Comunitarias de Alejandro Armenta - AliadosPuebla<\/title>\n<meta name=\"robots\" content=\"index, follow, max-snippet:-1, max-image-preview:large, max-video-preview:-1\" \/>\n<link rel=\"canonical\" href=\"https:\/\/www.aliadospuebla.com\/?p=103093\" \/>\n<meta property=\"og:locale\" content=\"es_ES\" \/>\n<meta property=\"og:type\" content=\"article\" \/>\n<meta property=\"og:title\" content=\"Gobierno de Cholula se suma a las Faenas Comunitarias de Alejandro Armenta - AliadosPuebla\" \/>\n<meta property=\"og:description\" content=\"Existe coordinaci\u00f3n entre los \u00f3rdenes de gobierno para ofrecer mejores condiciones de vida a las y los cholultecas San Pedro Cholula, Pue.\u2013 El Gobierno Municipal de San Pedro Cholula, presidido por Tonantzin Fern\u00e1ndez,\u00a0 en congruencia con la pol\u00edtica de gobierno de la administraci\u00f3n estatal, encabezada por el gobernador Alejandro Armenta, se sum\u00f3 a la iniciativa de las Faenas Comunitarias. En territorio cholulteca, concretamente en el cruce del Bulevar Forjadores y el Perif\u00e9rico Ecol\u00f3gico, Alejandro Armenta y Tonantzin Fern\u00e1ndez encabezaron acciones de limpieza, como poda y retiro de maleza, pintura de puentes, guarniciones y reforestaci\u00f3n, as\u00ed como limpieza de la ciclov\u00eda y el paso vehicular. En su mensaje, la presidenta municipal reconoci\u00f3 al gobernador por no solo emprender esta acci\u00f3n, sino tambi\u00e9n por sumarse a las&hellip;Leer m\u00e1s...\" \/>\n<meta property=\"og:url\" content=\"https:\/\/www.aliadospuebla.com\/?p=103093\" \/>\n<meta property=\"og:site_name\" content=\"AliadosPuebla\" \/>\n<meta property=\"article:author\" content=\"https:\/\/www.facebook.com\/Aliados17Pue\" \/>\n<meta property=\"article:published_time\" content=\"2025-03-16T19:26:16+00:00\" \/>\n<meta property=\"og:image\" content=\"https:\/\/www.aliadospuebla.com\/web2017\/wp-content\/uploads\/2025\/03\/828.jpg\" \/>\n\t<meta property=\"og:image:width\" content=\"600\" \/>\n\t<meta property=\"og:image:height\" content=\"450\" \/>\n\t<meta property=\"og:image:type\" content=\"image\/jpeg\" \/>\n<meta name=\"author\" content=\"Aliados17\" \/>\n<meta name=\"twitter:card\" content=\"summary_large_image\" \/>\n<meta name=\"twitter:creator\" content=\"@AliadosPuebla\" \/>\n<meta name=\"twitter:label1\" content=\"Escrito por\" \/>\n\t<meta name=\"twitter:data1\" content=\"Aliados17\" \/>\n\t<meta name=\"twitter:label2\" content=\"Tiempo de lectura\" \/>\n\t<meta name=\"twitter:data2\" content=\"2 minutos\" \/>\n<script type=\"application\/ld+json\" class=\"yoast-schema-graph\">{\"@context\":\"https:\\\/\\\/schema.org\",\"@graph\":[{\"@type\":\"Article\",\"@id\":\"https:\\\/\\\/www.aliadospuebla.com\\\/?p=103093#article\",\"isPartOf\":{\"@id\":\"https:\\\/\\\/www.aliadospuebla.com\\\/?p=103093\"},\"author\":{\"name\":\"Aliados17\",\"@id\":\"https:\\\/\\\/www.aliadospuebla.com\\\/#\\\/schema\\\/person\\\/5da7dd09320bd4f392b710017ed5f8ad\"},\"headline\":\"Gobierno de Cholula se suma a las Faenas Comunitarias de Alejandro Armenta\",\"datePublished\":\"2025-03-16T19:26:16+00:00\",\"mainEntityOfPage\":{\"@id\":\"https:\\\/\\\/www.aliadospuebla.com\\\/?p=103093\"},\"wordCount\":300,\"commentCount\":0,\"image\":{\"@id\":\"https:\\\/\\\/www.aliadospuebla.com\\\/?p=103093#primaryimage\"},\"thumbnailUrl\":\"https:\\\/\\\/www.aliadospuebla.com\\\/web2017\\\/wp-content\\\/uploads\\\/2025\\\/03\\\/828.jpg\",\"keywords\":[\"ALEJANDRO ARMENTA\",\"Faenas Comunitarias\",\"SAN PEDRO CHOLULA\",\"TONANTZIN FERN\u00c1NDEZ\"],\"articleSection\":[\"Municipios\"],\"inLanguage\":\"es\",\"potentialAction\":[{\"@type\":\"CommentAction\",\"name\":\"Comment\",\"target\":[\"https:\\\/\\\/www.aliadospuebla.com\\\/?p=103093#respond\"]}]},{\"@type\":\"WebPage\",\"@id\":\"https:\\\/\\\/www.aliadospuebla.com\\\/?p=103093\",\"url\":\"https:\\\/\\\/www.aliadospuebla.com\\\/?p=103093\",\"name\":\"Gobierno de Cholula se suma a las Faenas Comunitarias de Alejandro Armenta - AliadosPuebla\",\"isPartOf\":{\"@id\":\"https:\\\/\\\/www.aliadospuebla.com\\\/#website\"},\"primaryImageOfPage\":{\"@id\":\"https:\\\/\\\/www.aliadospuebla.com\\\/?p=103093#primaryimage\"},\"image\":{\"@id\":\"https:\\\/\\\/www.aliadospuebla.com\\\/?p=103093#primaryimage\"},\"thumbnailUrl\":\"https:\\\/\\\/www.aliadospuebla.com\\\/web2017\\\/wp-content\\\/uploads\\\/2025\\\/03\\\/828.jpg\",\"datePublished\":\"2025-03-16T19:26:16+00:00\",\"author\":{\"@id\":\"https:\\\/\\\/www.aliadospuebla.com\\\/#\\\/schema\\\/person\\\/5da7dd09320bd4f392b710017ed5f8ad\"},\"breadcrumb\":{\"@id\":\"https:\\\/\\\/www.aliadospuebla.com\\\/?p=103093#breadcrumb\"},\"inLanguage\":\"es\",\"potentialAction\":[{\"@type\":\"ReadAction\",\"target\":[\"https:\\\/\\\/www.aliadospuebla.com\\\/?p=103093\"]}]},{\"@type\":\"ImageObject\",\"inLanguage\":\"es\",\"@id\":\"https:\\\/\\\/www.aliadospuebla.com\\\/?p=103093#primaryimage\",\"url\":\"https:\\\/\\\/www.aliadospuebla.com\\\/web2017\\\/wp-content\\\/uploads\\\/2025\\\/03\\\/828.jpg\",\"contentUrl\":\"https:\\\/\\\/www.aliadospuebla.com\\\/web2017\\\/wp-content\\\/uploads\\\/2025\\\/03\\\/828.jpg\",\"width\":600,\"height\":450},{\"@type\":\"BreadcrumbList\",\"@id\":\"https:\\\/\\\/www.aliadospuebla.com\\\/?p=103093#breadcrumb\",\"itemListElement\":[{\"@type\":\"ListItem\",\"position\":1,\"name\":\"Portada\",\"item\":\"https:\\\/\\\/www.aliadospuebla.com\\\/\"},{\"@type\":\"ListItem\",\"position\":2,\"name\":\"Gobierno de Cholula se suma a las Faenas Comunitarias de Alejandro Armenta\"}]},{\"@type\":\"WebSite\",\"@id\":\"https:\\\/\\\/www.aliadospuebla.com\\\/#website\",\"url\":\"https:\\\/\\\/www.aliadospuebla.com\\\/\",\"name\":\"AliadosPuebla\",\"description\":\"La informaci\u00f3n en tus manos\",\"potentialAction\":[{\"@type\":\"SearchAction\",\"target\":{\"@type\":\"EntryPoint\",\"urlTemplate\":\"https:\\\/\\\/www.aliadospuebla.com\\\/?s={search_term_string}\"},\"query-input\":{\"@type\":\"PropertyValueSpecification\",\"valueRequired\":true,\"valueName\":\"search_term_string\"}}],\"inLanguage\":\"es\"},{\"@type\":\"Person\",\"@id\":\"https:\\\/\\\/www.aliadospuebla.com\\\/#\\\/schema\\\/person\\\/5da7dd09320bd4f392b710017ed5f8ad\",\"name\":\"Aliados17\",\"image\":{\"@type\":\"ImageObject\",\"inLanguage\":\"es\",\"@id\":\"https:\\\/\\\/www.aliadospuebla.com\\\/web2017\\\/wp-content\\\/uploads\\\/2025\\\/03\\\/cropped-para-perfil-8-anos-1-96x96.jpg\",\"url\":\"https:\\\/\\\/www.aliadospuebla.com\\\/web2017\\\/wp-content\\\/uploads\\\/2025\\\/03\\\/cropped-para-perfil-8-anos-1-96x96.jpg\",\"contentUrl\":\"https:\\\/\\\/www.aliadospuebla.com\\\/web2017\\\/wp-content\\\/uploads\\\/2025\\\/03\\\/cropped-para-perfil-8-anos-1-96x96.jpg\",\"caption\":\"Aliados17\"},\"sameAs\":[\"https:\\\/\\\/www.aliados17.com\",\"https:\\\/\\\/www.facebook.com\\\/Aliados17Pue\",\"https:\\\/\\\/x.com\\\/AliadosPuebla\"],\"url\":\"https:\\\/\\\/www.aliadospuebla.com\\\/?author=2\"}]}<\/script>\n<!-- \/ Yoast SEO plugin. -->","yoast_head_json":{"title":"Gobierno de Cholula se suma a las Faenas Comunitarias de Alejandro Armenta - AliadosPuebla","robots":{"index":"index","follow":"follow","max-snippet":"max-snippet:-1","max-image-preview":"max-image-preview:large","max-video-preview":"max-video-preview:-1"},"canonical":"https:\/\/www.aliadospuebla.com\/?p=103093","og_locale":"es_ES","og_type":"article","og_title":"Gobierno de Cholula se suma a las Faenas Comunitarias de Alejandro Armenta - AliadosPuebla","og_description":"Existe coordinaci\u00f3n entre los \u00f3rdenes de gobierno para ofrecer mejores condiciones de vida a las y los cholultecas San Pedro Cholula, Pue.\u2013 El Gobierno Municipal de San Pedro Cholula, presidido por Tonantzin Fern\u00e1ndez,\u00a0 en congruencia con la pol\u00edtica de gobierno de la administraci\u00f3n estatal, encabezada por el gobernador Alejandro Armenta, se sum\u00f3 a la iniciativa de las Faenas Comunitarias. En territorio cholulteca, concretamente en el cruce del Bulevar Forjadores y el Perif\u00e9rico Ecol\u00f3gico, Alejandro Armenta y Tonantzin Fern\u00e1ndez encabezaron acciones de limpieza, como poda y retiro de maleza, pintura de puentes, guarniciones y reforestaci\u00f3n, as\u00ed como limpieza de la ciclov\u00eda y el paso vehicular. En su mensaje, la presidenta municipal reconoci\u00f3 al gobernador por no solo emprender esta acci\u00f3n, sino tambi\u00e9n por sumarse a las&hellip;Leer m\u00e1s...","og_url":"https:\/\/www.aliadospuebla.com\/?p=103093","og_site_name":"AliadosPuebla","article_author":"https:\/\/www.facebook.com\/Aliados17Pue","article_published_time":"2025-03-16T19:26:16+00:00","og_image":[{"width":600,"height":450,"url":"https:\/\/www.aliadospuebla.com\/web2017\/wp-content\/uploads\/2025\/03\/828.jpg","type":"image\/jpeg"}],"author":"Aliados17","twitter_card":"summary_large_image","twitter_creator":"@AliadosPuebla","twitter_misc":{"Escrito por":"Aliados17","Tiempo de lectura":"2 minutos"},"schema":{"@context":"https:\/\/schema.org","@graph":[{"@type":"Article","@id":"https:\/\/www.aliadospuebla.com\/?p=103093#article","isPartOf":{"@id":"https:\/\/www.aliadospuebla.com\/?p=103093"},"author":{"name":"Aliados17","@id":"https:\/\/www.aliadospuebla.com\/#\/schema\/person\/5da7dd09320bd4f392b710017ed5f8ad"},"headline":"Gobierno de Cholula se suma a las Faenas Comunitarias de Alejandro Armenta","datePublished":"2025-03-16T19:26:16+00:00","mainEntityOfPage":{"@id":"https:\/\/www.aliadospuebla.com\/?p=103093"},"wordCount":300,"commentCount":0,"image":{"@id":"https:\/\/www.aliadospuebla.com\/?p=103093#primaryimage"},"thumbnailUrl":"https:\/\/www.aliadospuebla.com\/web2017\/wp-content\/uploads\/2025\/03\/828.jpg","keywords":["ALEJANDRO ARMENTA","Faenas Comunitarias","SAN PEDRO CHOLULA","TONANTZIN FERN\u00c1NDEZ"],"articleSection":["Municipios"],"inLanguage":"es","potentialAction":[{"@type":"CommentAction","name":"Comment","target":["https:\/\/www.aliadospuebla.com\/?p=103093#respond"]}]},{"@type":"WebPage","@id":"https:\/\/www.aliadospuebla.com\/?p=103093","url":"https:\/\/www.aliadospuebla.com\/?p=103093","name":"Gobierno de Cholula se suma a las Faenas Comunitarias de Alejandro Armenta - AliadosPuebla","isPartOf":{"@id":"https:\/\/www.aliadospuebla.com\/#website"},"primaryImageOfPage":{"@id":"https:\/\/www.aliadospuebla.com\/?p=103093#primaryimage"},"image":{"@id":"https:\/\/www.aliadospuebla.com\/?p=103093#primaryimage"},"thumbnailUrl":"https:\/\/www.aliadospuebla.com\/web2017\/wp-content\/uploads\/2025\/03\/828.jpg","datePublished":"2025-03-16T19:26:16+00:00","author":{"@id":"https:\/\/www.aliadospuebla.com\/#\/schema\/person\/5da7dd09320bd4f392b710017ed5f8ad"},"breadcrumb":{"@id":"https:\/\/www.aliadospuebla.com\/?p=103093#breadcrumb"},"inLanguage":"es","potentialAction":[{"@type":"ReadAction","target":["https:\/\/www.aliadospuebla.com\/?p=103093"]}]},{"@type":"ImageObject","inLanguage":"es","@id":"https:\/\/www.aliadospuebla.com\/?p=103093#primaryimage","url":"https:\/\/www.aliadospuebla.com\/web2017\/wp-content\/uploads\/2025\/03\/828.jpg","contentUrl":"https:\/\/www.aliadospuebla.com\/web2017\/wp-content\/uploads\/2025\/03\/828.jpg","width":600,"height":450},{"@type":"BreadcrumbList","@id":"https:\/\/www.aliadospuebla.com\/?p=103093#breadcrumb","itemListElement":[{"@type":"ListItem","position":1,"name":"Portada","item":"https:\/\/www.aliadospuebla.com\/"},{"@type":"ListItem","position":2,"name":"Gobierno de Cholula se suma a las Faenas Comunitarias de Alejandro Armenta"}]},{"@type":"WebSite","@id":"https:\/\/www.aliadospuebla.com\/#website","url":"https:\/\/www.aliadospuebla.com\/","name":"AliadosPuebla","description":"La informaci\u00f3n en tus manos","potentialAction":[{"@type":"SearchAction","target":{"@type":"EntryPoint","urlTemplate":"https:\/\/www.aliadospuebla.com\/?s={search_term_string}"},"query-input":{"@type":"PropertyValueSpecification","valueRequired":true,"valueName":"search_term_string"}}],"inLanguage":"es"},{"@type":"Person","@id":"https:\/\/www.aliadospuebla.com\/#\/schema\/person\/5da7dd09320bd4f392b710017ed5f8ad","name":"Aliados17","image":{"@type":"ImageObject","inLanguage":"es","@id":"https:\/\/www.aliadospuebla.com\/web2017\/wp-content\/uploads\/2025\/03\/cropped-para-perfil-8-anos-1-96x96.jpg","url":"https:\/\/www.aliadospuebla.com\/web2017\/wp-content\/uploads\/2025\/03\/cropped-para-perfil-8-anos-1-96x96.jpg","contentUrl":"https:\/\/www.aliadospuebla.com\/web2017\/wp-content\/uploads\/2025\/03\/cropped-para-perfil-8-anos-1-96x96.jpg","caption":"Aliados17"},"sameAs":["https:\/\/www.aliados17.com","https:\/\/www.facebook.com\/Aliados17Pue","https:\/\/x.com\/AliadosPuebla"],"url":"https:\/\/www.aliadospuebla.com\/?author=2"}]}},"views":8,"_links":{"self":[{"href":"https:\/\/www.aliadospuebla.com\/index.php?rest_route=\/wp\/v2\/posts\/103093","targetHints":{"allow":["GET"]}}],"collection":[{"href":"https:\/\/www.aliadospuebla.com\/index.php?rest_route=\/wp\/v2\/posts"}],"about":[{"href":"https:\/\/www.aliadospuebla.com\/index.php?rest_route=\/wp\/v2\/types\/post"}],"author":[{"embeddable":true,"href":"https:\/\/www.aliadospuebla.com\/index.php?rest_route=\/wp\/v2\/users\/2"}],"replies":[{"embeddable":true,"href":"https:\/\/www.aliadospuebla.com\/index.php?rest_route=%2Fwp%2Fv2%2Fcomments&post=103093"}],"version-history":[{"count":1,"href":"https:\/\/www.aliadospuebla.com\/index.php?rest_route=\/wp\/v2\/posts\/103093\/revisions"}],"predecessor-version":[{"id":103095,"href":"https:\/\/www.aliadospuebla.com\/index.php?rest_route=\/wp\/v2\/posts\/103093\/revisions\/103095"}],"wp:featuredmedia":[{"embeddable":true,"href":"https:\/\/www.aliadospuebla.com\/index.php?rest_route=\/wp\/v2\/media\/103094"}],"wp:attachment":[{"href":"https:\/\/www.aliadospuebla.com\/index.php?rest_route=%2Fwp%2Fv2%2Fmedia&parent=103093"}],"wp:term":[{"taxonomy":"category","embeddable":true,"href":"https:\/\/www.aliadospuebla.com\/index.php?rest_route=%2Fwp%2Fv2%2Fcategories&post=103093"},{"taxonomy":"post_tag","embeddable":true,"href":"https:\/\/www.aliadospuebla.com\/index.php?rest_route=%2Fwp%2Fv2%2Ftags&post=103093"}],"curies":[{"name":"wp","href":"https:\/\/api.w.org\/{rel}","templated":true}]}}