{"id":103020,"date":"2025-02-20T17:39:36","date_gmt":"2025-02-20T23:39:36","guid":{"rendered":"https:\/\/www.aliadospuebla.com\/?p=103020"},"modified":"2025-03-14T17:48:59","modified_gmt":"2025-03-14T23:48:59","slug":"arranca-gobierno-de-tecamachalco-adoquinamiento-en-tecolco","status":"publish","type":"post","link":"https:\/\/www.aliadospuebla.com\/?p=103020","title":{"rendered":"Arranca gobierno de Tecamachalco adoquinamiento en Tecolco"},"content":{"rendered":"<div class=\"x11i5rnm xat24cr x1mh8g0r x1vvkbs xtlvy1s x126k92a\">\n<h4 dir=\"auto\">Da inicio obra solicitada por muchos a\u00f1os atr\u00e1s, hoy los vecinos fueron escuchados.<\/h4>\n<div dir=\"auto\"><\/div>\n<div dir=\"auto\">El Presidente Municipal <span class=\"html-span xdj266r x11i5rnm xat24cr x1mh8g0r xexx8yu x4uap5 x18d9i69 xkhd6sd x1hl2dhg x16tdsg8 x1vvkbs\"><a class=\"x1i10hfl xjbqb8w x1ejq31n xd10rxx x1sy0etr x17r0tee x972fbf xcfux6l x1qhh985 xm0m39n x9f619 x1ypdohk xt0psk2 xe8uvvx xdj266r x11i5rnm xat24cr x1mh8g0r xexx8yu x4uap5 x18d9i69 xkhd6sd x16tdsg8 x1hl2dhg xggy1nq x1a2a7pz xkrqix3 x1sur9pj x1fey0fg x1s688f\" tabindex=\"0\" role=\"link\" href=\"https:\/\/www.facebook.com\/MateoHernandezLopezOficial?__cft__[0]=AZUmSGBREaFIIxZaroKEbaSLNgfOO8yRfXNRoUe4XCpMuARTubkNHeFBCB1xTMSNrNZ2cCZyTWvOrZbgB3VMPEJvGkeX7pZPqLY0aueJxFMeoGU6r9vBxwaV_MvWe-RBQ0yOfZyiC-63mzaWAtmyVewrfw6u6DgYBCDuDAZrzHO3mVDmdGd4iLgRaSBwN65E6yU&amp;__tn__=-]K-R\"><span class=\"xt0psk2\"><span class=\"xjp7ctv\">Mateo Hern\u00e1ndez<\/span><\/span><\/a><\/span>, acompa\u00f1ado de regidores, dieron el banderazo de arranque de la obra de adoquinaci\u00f3n en la Av. Reforma en San Antonio Tecolco.<\/div>\n<\/div>\n<div class=\"x11i5rnm xat24cr x1mh8g0r x1vvkbs xtlvy1s x126k92a\">\n<div dir=\"auto\">Esta importante obra beneficiar\u00e1 a miles de habitantes que diariamente transitan por esta zona, mejorando la seguridad y comodidad en su camino al trabajo, o a la escuela.<\/div>\n<\/div>\n<div class=\"x11i5rnm xat24cr x1mh8g0r x1vvkbs xtlvy1s x126k92a\">\n<div dir=\"auto\">Esto es parte de nuestros esfuerzos para mejorar la infraestructura y calidad de vida de nuestros habitantes.<\/div>\n<\/div>\n<div class=\"x11i5rnm xat24cr x1mh8g0r x1vvkbs xtlvy1s x126k92a\">\n<div dir=\"auto\">\u00a1Estamos trabajando por un Tecamachalco m\u00e1s pr\u00f3spero para todos!<\/div>\n<\/div>\n","protected":false},"excerpt":{"rendered":"<p>Da inicio obra solicitada por muchos a\u00f1os atr\u00e1s, hoy los vecinos fueron escuchados. El Presidente Municipal Mateo Hern\u00e1ndez, acompa\u00f1ado de regidores, dieron el banderazo de arranque de la obra de adoquinaci\u00f3n en la Av. Reforma en San Antonio Tecolco. Esta importante obra beneficiar\u00e1 a miles de habitantes que diariamente transitan por esta zona, mejorando la seguridad y comodidad en su camino al trabajo, o a la escuela. Esto es parte de nuestros esfuerzos para mejorar la infraestructura y calidad de vida de nuestros habitantes. \u00a1Estamos trabajando por un Tecamachalco m\u00e1s pr\u00f3spero para todos!<\/p>\n","protected":false},"author":2,"featured_media":103021,"comment_status":"open","ping_status":"open","sticky":false,"template":"","format":"standard","meta":{"_monsterinsights_skip_tracking":false,"footnotes":""},"categories":[4],"tags":[565,1692,337,25975,129,28067],"class_list":["post-103020","post","type-post","status-publish","format-standard","has-post-thumbnail","hentry","category-municipios","tag-adoquinamiento","tag-calidad-de-vida","tag-infraestructura","tag-mateo-hernandez","tag-tecamachalco","tag-tecolco"],"yoast_head":"<!-- This site is optimized with the Yoast SEO plugin v28.4 - https:\/\/yoast.com\/product\/yoast-seo-wordpress\/ -->\n<title>Arranca gobierno de Tecamachalco adoquinamiento en Tecolco - AliadosPuebla<\/title>\n<meta name=\"robots\" content=\"index, follow, max-snippet:-1, max-image-preview:large, max-video-preview:-1\" \/>\n<link rel=\"canonical\" href=\"https:\/\/www.aliadospuebla.com\/?p=103020\" \/>\n<meta property=\"og:locale\" content=\"es_ES\" \/>\n<meta property=\"og:type\" content=\"article\" \/>\n<meta property=\"og:title\" content=\"Arranca gobierno de Tecamachalco adoquinamiento en Tecolco - AliadosPuebla\" \/>\n<meta property=\"og:description\" content=\"Da inicio obra solicitada por muchos a\u00f1os atr\u00e1s, hoy los vecinos fueron escuchados. El Presidente Municipal Mateo Hern\u00e1ndez, acompa\u00f1ado de regidores, dieron el banderazo de arranque de la obra de adoquinaci\u00f3n en la Av. Reforma en San Antonio Tecolco. Esta importante obra beneficiar\u00e1 a miles de habitantes que diariamente transitan por esta zona, mejorando la seguridad y comodidad en su camino al trabajo, o a la escuela. Esto es parte de nuestros esfuerzos para mejorar la infraestructura y calidad de vida de nuestros habitantes. \u00a1Estamos trabajando por un Tecamachalco m\u00e1s pr\u00f3spero para todos!\" \/>\n<meta property=\"og:url\" content=\"https:\/\/www.aliadospuebla.com\/?p=103020\" \/>\n<meta property=\"og:site_name\" content=\"AliadosPuebla\" \/>\n<meta property=\"article:author\" content=\"https:\/\/www.facebook.com\/Aliados17Pue\" \/>\n<meta property=\"article:published_time\" content=\"2025-02-20T23:39:36+00:00\" \/>\n<meta property=\"article:modified_time\" content=\"2025-03-14T23:48:59+00:00\" \/>\n<meta property=\"og:image\" content=\"https:\/\/www.aliadospuebla.com\/web2017\/wp-content\/uploads\/2025\/03\/811.jpg\" \/>\n\t<meta property=\"og:image:width\" content=\"600\" \/>\n\t<meta property=\"og:image:height\" content=\"450\" \/>\n\t<meta property=\"og:image:type\" content=\"image\/jpeg\" \/>\n<meta name=\"author\" content=\"Aliados17\" \/>\n<meta name=\"twitter:card\" content=\"summary_large_image\" \/>\n<meta name=\"twitter:creator\" content=\"@AliadosPuebla\" \/>\n<meta name=\"twitter:label1\" content=\"Escrito por\" \/>\n\t<meta name=\"twitter:data1\" content=\"Aliados17\" \/>\n\t<meta name=\"twitter:label2\" content=\"Tiempo de lectura\" \/>\n\t<meta name=\"twitter:data2\" content=\"1 minuto\" \/>\n<script type=\"application\/ld+json\" class=\"yoast-schema-graph\">{\"@context\":\"https:\\\/\\\/schema.org\",\"@graph\":[{\"@type\":\"Article\",\"@id\":\"https:\\\/\\\/www.aliadospuebla.com\\\/?p=103020#article\",\"isPartOf\":{\"@id\":\"https:\\\/\\\/www.aliadospuebla.com\\\/?p=103020\"},\"author\":{\"name\":\"Aliados17\",\"@id\":\"https:\\\/\\\/www.aliadospuebla.com\\\/#\\\/schema\\\/person\\\/5da7dd09320bd4f392b710017ed5f8ad\"},\"headline\":\"Arranca gobierno de Tecamachalco adoquinamiento en Tecolco\",\"datePublished\":\"2025-02-20T23:39:36+00:00\",\"dateModified\":\"2025-03-14T23:48:59+00:00\",\"mainEntityOfPage\":{\"@id\":\"https:\\\/\\\/www.aliadospuebla.com\\\/?p=103020\"},\"wordCount\":107,\"commentCount\":0,\"image\":{\"@id\":\"https:\\\/\\\/www.aliadospuebla.com\\\/?p=103020#primaryimage\"},\"thumbnailUrl\":\"https:\\\/\\\/www.aliadospuebla.com\\\/web2017\\\/wp-content\\\/uploads\\\/2025\\\/03\\\/811.jpg\",\"keywords\":[\"ADOQUINAMIENTO\",\"CALIDAD DE VIDA\",\"INFRAESTRUCTURA\",\"Mateo Hern\u00e1ndez\",\"Tecamachalco\",\"Tecolco\"],\"articleSection\":[\"Municipios\"],\"inLanguage\":\"es\",\"potentialAction\":[{\"@type\":\"CommentAction\",\"name\":\"Comment\",\"target\":[\"https:\\\/\\\/www.aliadospuebla.com\\\/?p=103020#respond\"]}]},{\"@type\":\"WebPage\",\"@id\":\"https:\\\/\\\/www.aliadospuebla.com\\\/?p=103020\",\"url\":\"https:\\\/\\\/www.aliadospuebla.com\\\/?p=103020\",\"name\":\"Arranca gobierno de Tecamachalco adoquinamiento en Tecolco - AliadosPuebla\",\"isPartOf\":{\"@id\":\"https:\\\/\\\/www.aliadospuebla.com\\\/#website\"},\"primaryImageOfPage\":{\"@id\":\"https:\\\/\\\/www.aliadospuebla.com\\\/?p=103020#primaryimage\"},\"image\":{\"@id\":\"https:\\\/\\\/www.aliadospuebla.com\\\/?p=103020#primaryimage\"},\"thumbnailUrl\":\"https:\\\/\\\/www.aliadospuebla.com\\\/web2017\\\/wp-content\\\/uploads\\\/2025\\\/03\\\/811.jpg\",\"datePublished\":\"2025-02-20T23:39:36+00:00\",\"dateModified\":\"2025-03-14T23:48:59+00:00\",\"author\":{\"@id\":\"https:\\\/\\\/www.aliadospuebla.com\\\/#\\\/schema\\\/person\\\/5da7dd09320bd4f392b710017ed5f8ad\"},\"breadcrumb\":{\"@id\":\"https:\\\/\\\/www.aliadospuebla.com\\\/?p=103020#breadcrumb\"},\"inLanguage\":\"es\",\"potentialAction\":[{\"@type\":\"ReadAction\",\"target\":[\"https:\\\/\\\/www.aliadospuebla.com\\\/?p=103020\"]}]},{\"@type\":\"ImageObject\",\"inLanguage\":\"es\",\"@id\":\"https:\\\/\\\/www.aliadospuebla.com\\\/?p=103020#primaryimage\",\"url\":\"https:\\\/\\\/www.aliadospuebla.com\\\/web2017\\\/wp-content\\\/uploads\\\/2025\\\/03\\\/811.jpg\",\"contentUrl\":\"https:\\\/\\\/www.aliadospuebla.com\\\/web2017\\\/wp-content\\\/uploads\\\/2025\\\/03\\\/811.jpg\",\"width\":600,\"height\":450},{\"@type\":\"BreadcrumbList\",\"@id\":\"https:\\\/\\\/www.aliadospuebla.com\\\/?p=103020#breadcrumb\",\"itemListElement\":[{\"@type\":\"ListItem\",\"position\":1,\"name\":\"Portada\",\"item\":\"https:\\\/\\\/www.aliadospuebla.com\\\/\"},{\"@type\":\"ListItem\",\"position\":2,\"name\":\"Arranca gobierno de Tecamachalco adoquinamiento en Tecolco\"}]},{\"@type\":\"WebSite\",\"@id\":\"https:\\\/\\\/www.aliadospuebla.com\\\/#website\",\"url\":\"https:\\\/\\\/www.aliadospuebla.com\\\/\",\"name\":\"AliadosPuebla\",\"description\":\"La informaci\u00f3n en tus manos\",\"potentialAction\":[{\"@type\":\"SearchAction\",\"target\":{\"@type\":\"EntryPoint\",\"urlTemplate\":\"https:\\\/\\\/www.aliadospuebla.com\\\/?s={search_term_string}\"},\"query-input\":{\"@type\":\"PropertyValueSpecification\",\"valueRequired\":true,\"valueName\":\"search_term_string\"}}],\"inLanguage\":\"es\"},{\"@type\":\"Person\",\"@id\":\"https:\\\/\\\/www.aliadospuebla.com\\\/#\\\/schema\\\/person\\\/5da7dd09320bd4f392b710017ed5f8ad\",\"name\":\"Aliados17\",\"image\":{\"@type\":\"ImageObject\",\"inLanguage\":\"es\",\"@id\":\"https:\\\/\\\/www.aliadospuebla.com\\\/web2017\\\/wp-content\\\/uploads\\\/2025\\\/03\\\/cropped-para-perfil-8-anos-1-96x96.jpg\",\"url\":\"https:\\\/\\\/www.aliadospuebla.com\\\/web2017\\\/wp-content\\\/uploads\\\/2025\\\/03\\\/cropped-para-perfil-8-anos-1-96x96.jpg\",\"contentUrl\":\"https:\\\/\\\/www.aliadospuebla.com\\\/web2017\\\/wp-content\\\/uploads\\\/2025\\\/03\\\/cropped-para-perfil-8-anos-1-96x96.jpg\",\"caption\":\"Aliados17\"},\"sameAs\":[\"https:\\\/\\\/www.aliados17.com\",\"https:\\\/\\\/www.facebook.com\\\/Aliados17Pue\",\"https:\\\/\\\/x.com\\\/AliadosPuebla\"],\"url\":\"https:\\\/\\\/www.aliadospuebla.com\\\/?author=2\"}]}<\/script>\n<!-- \/ Yoast SEO plugin. -->","yoast_head_json":{"title":"Arranca gobierno de Tecamachalco adoquinamiento en Tecolco - AliadosPuebla","robots":{"index":"index","follow":"follow","max-snippet":"max-snippet:-1","max-image-preview":"max-image-preview:large","max-video-preview":"max-video-preview:-1"},"canonical":"https:\/\/www.aliadospuebla.com\/?p=103020","og_locale":"es_ES","og_type":"article","og_title":"Arranca gobierno de Tecamachalco adoquinamiento en Tecolco - AliadosPuebla","og_description":"Da inicio obra solicitada por muchos a\u00f1os atr\u00e1s, hoy los vecinos fueron escuchados. El Presidente Municipal Mateo Hern\u00e1ndez, acompa\u00f1ado de regidores, dieron el banderazo de arranque de la obra de adoquinaci\u00f3n en la Av. Reforma en San Antonio Tecolco. Esta importante obra beneficiar\u00e1 a miles de habitantes que diariamente transitan por esta zona, mejorando la seguridad y comodidad en su camino al trabajo, o a la escuela. Esto es parte de nuestros esfuerzos para mejorar la infraestructura y calidad de vida de nuestros habitantes. \u00a1Estamos trabajando por un Tecamachalco m\u00e1s pr\u00f3spero para todos!","og_url":"https:\/\/www.aliadospuebla.com\/?p=103020","og_site_name":"AliadosPuebla","article_author":"https:\/\/www.facebook.com\/Aliados17Pue","article_published_time":"2025-02-20T23:39:36+00:00","article_modified_time":"2025-03-14T23:48:59+00:00","og_image":[{"width":600,"height":450,"url":"https:\/\/www.aliadospuebla.com\/web2017\/wp-content\/uploads\/2025\/03\/811.jpg","type":"image\/jpeg"}],"author":"Aliados17","twitter_card":"summary_large_image","twitter_creator":"@AliadosPuebla","twitter_misc":{"Escrito por":"Aliados17","Tiempo de lectura":"1 minuto"},"schema":{"@context":"https:\/\/schema.org","@graph":[{"@type":"Article","@id":"https:\/\/www.aliadospuebla.com\/?p=103020#article","isPartOf":{"@id":"https:\/\/www.aliadospuebla.com\/?p=103020"},"author":{"name":"Aliados17","@id":"https:\/\/www.aliadospuebla.com\/#\/schema\/person\/5da7dd09320bd4f392b710017ed5f8ad"},"headline":"Arranca gobierno de Tecamachalco adoquinamiento en Tecolco","datePublished":"2025-02-20T23:39:36+00:00","dateModified":"2025-03-14T23:48:59+00:00","mainEntityOfPage":{"@id":"https:\/\/www.aliadospuebla.com\/?p=103020"},"wordCount":107,"commentCount":0,"image":{"@id":"https:\/\/www.aliadospuebla.com\/?p=103020#primaryimage"},"thumbnailUrl":"https:\/\/www.aliadospuebla.com\/web2017\/wp-content\/uploads\/2025\/03\/811.jpg","keywords":["ADOQUINAMIENTO","CALIDAD DE VIDA","INFRAESTRUCTURA","Mateo Hern\u00e1ndez","Tecamachalco","Tecolco"],"articleSection":["Municipios"],"inLanguage":"es","potentialAction":[{"@type":"CommentAction","name":"Comment","target":["https:\/\/www.aliadospuebla.com\/?p=103020#respond"]}]},{"@type":"WebPage","@id":"https:\/\/www.aliadospuebla.com\/?p=103020","url":"https:\/\/www.aliadospuebla.com\/?p=103020","name":"Arranca gobierno de Tecamachalco adoquinamiento en Tecolco - AliadosPuebla","isPartOf":{"@id":"https:\/\/www.aliadospuebla.com\/#website"},"primaryImageOfPage":{"@id":"https:\/\/www.aliadospuebla.com\/?p=103020#primaryimage"},"image":{"@id":"https:\/\/www.aliadospuebla.com\/?p=103020#primaryimage"},"thumbnailUrl":"https:\/\/www.aliadospuebla.com\/web2017\/wp-content\/uploads\/2025\/03\/811.jpg","datePublished":"2025-02-20T23:39:36+00:00","dateModified":"2025-03-14T23:48:59+00:00","author":{"@id":"https:\/\/www.aliadospuebla.com\/#\/schema\/person\/5da7dd09320bd4f392b710017ed5f8ad"},"breadcrumb":{"@id":"https:\/\/www.aliadospuebla.com\/?p=103020#breadcrumb"},"inLanguage":"es","potentialAction":[{"@type":"ReadAction","target":["https:\/\/www.aliadospuebla.com\/?p=103020"]}]},{"@type":"ImageObject","inLanguage":"es","@id":"https:\/\/www.aliadospuebla.com\/?p=103020#primaryimage","url":"https:\/\/www.aliadospuebla.com\/web2017\/wp-content\/uploads\/2025\/03\/811.jpg","contentUrl":"https:\/\/www.aliadospuebla.com\/web2017\/wp-content\/uploads\/2025\/03\/811.jpg","width":600,"height":450},{"@type":"BreadcrumbList","@id":"https:\/\/www.aliadospuebla.com\/?p=103020#breadcrumb","itemListElement":[{"@type":"ListItem","position":1,"name":"Portada","item":"https:\/\/www.aliadospuebla.com\/"},{"@type":"ListItem","position":2,"name":"Arranca gobierno de Tecamachalco adoquinamiento en Tecolco"}]},{"@type":"WebSite","@id":"https:\/\/www.aliadospuebla.com\/#website","url":"https:\/\/www.aliadospuebla.com\/","name":"AliadosPuebla","description":"La informaci\u00f3n en tus manos","potentialAction":[{"@type":"SearchAction","target":{"@type":"EntryPoint","urlTemplate":"https:\/\/www.aliadospuebla.com\/?s={search_term_string}"},"query-input":{"@type":"PropertyValueSpecification","valueRequired":true,"valueName":"search_term_string"}}],"inLanguage":"es"},{"@type":"Person","@id":"https:\/\/www.aliadospuebla.com\/#\/schema\/person\/5da7dd09320bd4f392b710017ed5f8ad","name":"Aliados17","image":{"@type":"ImageObject","inLanguage":"es","@id":"https:\/\/www.aliadospuebla.com\/web2017\/wp-content\/uploads\/2025\/03\/cropped-para-perfil-8-anos-1-96x96.jpg","url":"https:\/\/www.aliadospuebla.com\/web2017\/wp-content\/uploads\/2025\/03\/cropped-para-perfil-8-anos-1-96x96.jpg","contentUrl":"https:\/\/www.aliadospuebla.com\/web2017\/wp-content\/uploads\/2025\/03\/cropped-para-perfil-8-anos-1-96x96.jpg","caption":"Aliados17"},"sameAs":["https:\/\/www.aliados17.com","https:\/\/www.facebook.com\/Aliados17Pue","https:\/\/x.com\/AliadosPuebla"],"url":"https:\/\/www.aliadospuebla.com\/?author=2"}]}},"views":6,"_links":{"self":[{"href":"https:\/\/www.aliadospuebla.com\/index.php?rest_route=\/wp\/v2\/posts\/103020","targetHints":{"allow":["GET"]}}],"collection":[{"href":"https:\/\/www.aliadospuebla.com\/index.php?rest_route=\/wp\/v2\/posts"}],"about":[{"href":"https:\/\/www.aliadospuebla.com\/index.php?rest_route=\/wp\/v2\/types\/post"}],"author":[{"embeddable":true,"href":"https:\/\/www.aliadospuebla.com\/index.php?rest_route=\/wp\/v2\/users\/2"}],"replies":[{"embeddable":true,"href":"https:\/\/www.aliadospuebla.com\/index.php?rest_route=%2Fwp%2Fv2%2Fcomments&post=103020"}],"version-history":[{"count":1,"href":"https:\/\/www.aliadospuebla.com\/index.php?rest_route=\/wp\/v2\/posts\/103020\/revisions"}],"predecessor-version":[{"id":103022,"href":"https:\/\/www.aliadospuebla.com\/index.php?rest_route=\/wp\/v2\/posts\/103020\/revisions\/103022"}],"wp:featuredmedia":[{"embeddable":true,"href":"https:\/\/www.aliadospuebla.com\/index.php?rest_route=\/wp\/v2\/media\/103021"}],"wp:attachment":[{"href":"https:\/\/www.aliadospuebla.com\/index.php?rest_route=%2Fwp%2Fv2%2Fmedia&parent=103020"}],"wp:term":[{"taxonomy":"category","embeddable":true,"href":"https:\/\/www.aliadospuebla.com\/index.php?rest_route=%2Fwp%2Fv2%2Fcategories&post=103020"},{"taxonomy":"post_tag","embeddable":true,"href":"https:\/\/www.aliadospuebla.com\/index.php?rest_route=%2Fwp%2Fv2%2Ftags&post=103020"}],"curies":[{"name":"wp","href":"https:\/\/api.w.org\/{rel}","templated":true}]}}