{"id":103000,"date":"2025-02-16T15:22:54","date_gmt":"2025-02-16T21:22:54","guid":{"rendered":"https:\/\/www.aliadospuebla.com\/?p=103000"},"modified":"2025-03-14T15:40:54","modified_gmt":"2025-03-14T21:40:54","slug":"realiza-ayuntamiento-de-tecamachalco-faena-en-francisco-villa","status":"publish","type":"post","link":"https:\/\/www.aliadospuebla.com\/?p=103000","title":{"rendered":"Realiza Ayuntamiento de Tecamachalco faena en Francisco Villa"},"content":{"rendered":"<div class=\"xdj266r x11i5rnm xat24cr x1mh8g0r x1vvkbs x126k92a\">\n<h4 dir=\"auto\">Cumpliendo\u00a0 a la ciudadan\u00eda y creando valores de responsabilidad y respeto<\/h4>\n<div dir=\"auto\">Tecamachalco, Pue.- La palabra empe\u00f1ada en campa\u00f1a ha sido recuperada con el trabajo<\/div>\n<div dir=\"auto\">en favor de todas las comunidades del municipio.<\/div>\n<div dir=\"auto\">Tal como lo mencion\u00f3 el presidente municipal Mateo Hern\u00e1ndez L\u00f3pez, diferentes direcciones<\/div>\n<div dir=\"auto\">del H. Ayuntamiento acudieron desde temprana hora para participar en conjunto con las y los vecinos<\/div>\n<div dir=\"auto\">en el cuidado de las \u00e1reas p\u00fablicas que d\u00eda con d\u00eda se transitan para llegar al trabajo o la escuela.<\/div>\n<div dir=\"auto\">\u00a1Cumpliendo promesa de campa\u00f1a, continuamos realizando faenas, esta ocasi\u00f3n fue en FranciscoVilla!<\/div>\n<\/div>\n<div class=\"x11i5rnm xat24cr x1mh8g0r x1vvkbs xtlvy1s x126k92a\">\n<div dir=\"auto\">Con gran entusiasmo las diferentes Direcciones del H. Ayuntamiento de Tecamachalco<\/div>\n<div dir=\"auto\">realizaron faena en calles de la localidad.<\/div>\n<\/div>\n<div class=\"x11i5rnm xat24cr x1mh8g0r x1vvkbs xtlvy1s x126k92a\">\n<div dir=\"auto\">Haciendo la invitaci\u00f3n a la sociedad a ser parte de este cambio generacional y que entre todos juntos<\/div>\n<div dir=\"auto\">hagamos un Tecamachalco m\u00e1s verde.<\/div>\n<\/div>\n","protected":false},"excerpt":{"rendered":"<p>Cumpliendo\u00a0 a la ciudadan\u00eda y creando valores de responsabilidad y respeto Tecamachalco, Pue.- La palabra empe\u00f1ada en campa\u00f1a ha sido recuperada con el trabajo en favor de todas las comunidades del municipio. Tal como lo mencion\u00f3 el presidente municipal Mateo Hern\u00e1ndez L\u00f3pez, diferentes direcciones del H. Ayuntamiento acudieron desde temprana hora para participar en conjunto con las y los vecinos en el cuidado de las \u00e1reas p\u00fablicas que d\u00eda con d\u00eda se transitan para llegar al trabajo o la escuela. \u00a1Cumpliendo promesa de campa\u00f1a, continuamos realizando faenas, esta ocasi\u00f3n fue en FranciscoVilla! Con gran entusiasmo las diferentes Direcciones del H. Ayuntamiento de Tecamachalco realizaron faena en calles de la localidad. Haciendo la invitaci\u00f3n a la sociedad a ser parte de este cambio generacional y que&hellip;<\/p>\n<p class=\"excerpt-more\"><a class=\"blog-excerpt button\" href=\"https:\/\/www.aliadospuebla.com\/?p=103000\">Leer m\u00e1s&#8230;<\/a><\/p>\n","protected":false},"author":2,"featured_media":103001,"comment_status":"open","ping_status":"open","sticky":false,"template":"","format":"standard","meta":{"_monsterinsights_skip_tracking":false,"footnotes":""},"categories":[4],"tags":[28057,28056,27350,28054,28053,28055,1606,129,600],"class_list":["post-103000","post","type-post","status-publish","format-standard","has-post-thumbnail","hentry","category-municipios","tag-areas-publicas","tag-cambio-generacional","tag-faena","tag-francisco-villa","tag-mateo-hernandez-lopez","tag-promesa-de-campana","tag-responsabilidad","tag-tecamachalco","tag-valores"],"yoast_head":"<!-- This site is optimized with the Yoast SEO plugin v28.4 - https:\/\/yoast.com\/product\/yoast-seo-wordpress\/ -->\n<title>Realiza Ayuntamiento de Tecamachalco faena en Francisco Villa - AliadosPuebla<\/title>\n<meta name=\"robots\" content=\"index, follow, max-snippet:-1, max-image-preview:large, max-video-preview:-1\" \/>\n<link rel=\"canonical\" href=\"https:\/\/www.aliadospuebla.com\/?p=103000\" \/>\n<meta property=\"og:locale\" content=\"es_ES\" \/>\n<meta property=\"og:type\" content=\"article\" \/>\n<meta property=\"og:title\" content=\"Realiza Ayuntamiento de Tecamachalco faena en Francisco Villa - AliadosPuebla\" \/>\n<meta property=\"og:description\" content=\"Cumpliendo\u00a0 a la ciudadan\u00eda y creando valores de responsabilidad y respeto Tecamachalco, Pue.- La palabra empe\u00f1ada en campa\u00f1a ha sido recuperada con el trabajo en favor de todas las comunidades del municipio. Tal como lo mencion\u00f3 el presidente municipal Mateo Hern\u00e1ndez L\u00f3pez, diferentes direcciones del H. Ayuntamiento acudieron desde temprana hora para participar en conjunto con las y los vecinos en el cuidado de las \u00e1reas p\u00fablicas que d\u00eda con d\u00eda se transitan para llegar al trabajo o la escuela. \u00a1Cumpliendo promesa de campa\u00f1a, continuamos realizando faenas, esta ocasi\u00f3n fue en FranciscoVilla! Con gran entusiasmo las diferentes Direcciones del H. Ayuntamiento de Tecamachalco realizaron faena en calles de la localidad. Haciendo la invitaci\u00f3n a la sociedad a ser parte de este cambio generacional y que&hellip;Leer m\u00e1s...\" \/>\n<meta property=\"og:url\" content=\"https:\/\/www.aliadospuebla.com\/?p=103000\" \/>\n<meta property=\"og:site_name\" content=\"AliadosPuebla\" \/>\n<meta property=\"article:author\" content=\"https:\/\/www.facebook.com\/Aliados17Pue\" \/>\n<meta property=\"article:published_time\" content=\"2025-02-16T21:22:54+00:00\" \/>\n<meta property=\"article:modified_time\" content=\"2025-03-14T21:40:54+00:00\" \/>\n<meta property=\"og:image\" content=\"https:\/\/www.aliadospuebla.com\/web2017\/wp-content\/uploads\/2025\/03\/806.jpg\" \/>\n\t<meta property=\"og:image:width\" content=\"600\" \/>\n\t<meta property=\"og:image:height\" content=\"450\" \/>\n\t<meta property=\"og:image:type\" content=\"image\/jpeg\" \/>\n<meta name=\"author\" content=\"Aliados17\" \/>\n<meta name=\"twitter:card\" content=\"summary_large_image\" \/>\n<meta name=\"twitter:creator\" content=\"@AliadosPuebla\" \/>\n<meta name=\"twitter:label1\" content=\"Escrito por\" \/>\n\t<meta name=\"twitter:data1\" content=\"Aliados17\" \/>\n\t<meta name=\"twitter:label2\" content=\"Tiempo de lectura\" \/>\n\t<meta name=\"twitter:data2\" content=\"1 minuto\" \/>\n<script type=\"application\/ld+json\" class=\"yoast-schema-graph\">{\"@context\":\"https:\\\/\\\/schema.org\",\"@graph\":[{\"@type\":\"Article\",\"@id\":\"https:\\\/\\\/www.aliadospuebla.com\\\/?p=103000#article\",\"isPartOf\":{\"@id\":\"https:\\\/\\\/www.aliadospuebla.com\\\/?p=103000\"},\"author\":{\"name\":\"Aliados17\",\"@id\":\"https:\\\/\\\/www.aliadospuebla.com\\\/#\\\/schema\\\/person\\\/5da7dd09320bd4f392b710017ed5f8ad\"},\"headline\":\"Realiza Ayuntamiento de Tecamachalco faena en Francisco Villa\",\"datePublished\":\"2025-02-16T21:22:54+00:00\",\"dateModified\":\"2025-03-14T21:40:54+00:00\",\"mainEntityOfPage\":{\"@id\":\"https:\\\/\\\/www.aliadospuebla.com\\\/?p=103000\"},\"wordCount\":154,\"commentCount\":0,\"image\":{\"@id\":\"https:\\\/\\\/www.aliadospuebla.com\\\/?p=103000#primaryimage\"},\"thumbnailUrl\":\"https:\\\/\\\/www.aliadospuebla.com\\\/web2017\\\/wp-content\\\/uploads\\\/2025\\\/03\\\/806.jpg\",\"keywords\":[\"\u00e1reas p\u00fablicas\",\"cambio generacional\",\"Faena\",\"Francisco Villa\",\"Mateo Hern\u00e1ndez L\u00f3pez\",\"promesa de campa\u00f1a\",\"RESPONSABILIDAD\",\"Tecamachalco\",\"VALORES\"],\"articleSection\":[\"Municipios\"],\"inLanguage\":\"es\",\"potentialAction\":[{\"@type\":\"CommentAction\",\"name\":\"Comment\",\"target\":[\"https:\\\/\\\/www.aliadospuebla.com\\\/?p=103000#respond\"]}]},{\"@type\":\"WebPage\",\"@id\":\"https:\\\/\\\/www.aliadospuebla.com\\\/?p=103000\",\"url\":\"https:\\\/\\\/www.aliadospuebla.com\\\/?p=103000\",\"name\":\"Realiza Ayuntamiento de Tecamachalco faena en Francisco Villa - AliadosPuebla\",\"isPartOf\":{\"@id\":\"https:\\\/\\\/www.aliadospuebla.com\\\/#website\"},\"primaryImageOfPage\":{\"@id\":\"https:\\\/\\\/www.aliadospuebla.com\\\/?p=103000#primaryimage\"},\"image\":{\"@id\":\"https:\\\/\\\/www.aliadospuebla.com\\\/?p=103000#primaryimage\"},\"thumbnailUrl\":\"https:\\\/\\\/www.aliadospuebla.com\\\/web2017\\\/wp-content\\\/uploads\\\/2025\\\/03\\\/806.jpg\",\"datePublished\":\"2025-02-16T21:22:54+00:00\",\"dateModified\":\"2025-03-14T21:40:54+00:00\",\"author\":{\"@id\":\"https:\\\/\\\/www.aliadospuebla.com\\\/#\\\/schema\\\/person\\\/5da7dd09320bd4f392b710017ed5f8ad\"},\"breadcrumb\":{\"@id\":\"https:\\\/\\\/www.aliadospuebla.com\\\/?p=103000#breadcrumb\"},\"inLanguage\":\"es\",\"potentialAction\":[{\"@type\":\"ReadAction\",\"target\":[\"https:\\\/\\\/www.aliadospuebla.com\\\/?p=103000\"]}]},{\"@type\":\"ImageObject\",\"inLanguage\":\"es\",\"@id\":\"https:\\\/\\\/www.aliadospuebla.com\\\/?p=103000#primaryimage\",\"url\":\"https:\\\/\\\/www.aliadospuebla.com\\\/web2017\\\/wp-content\\\/uploads\\\/2025\\\/03\\\/806.jpg\",\"contentUrl\":\"https:\\\/\\\/www.aliadospuebla.com\\\/web2017\\\/wp-content\\\/uploads\\\/2025\\\/03\\\/806.jpg\",\"width\":600,\"height\":450},{\"@type\":\"BreadcrumbList\",\"@id\":\"https:\\\/\\\/www.aliadospuebla.com\\\/?p=103000#breadcrumb\",\"itemListElement\":[{\"@type\":\"ListItem\",\"position\":1,\"name\":\"Portada\",\"item\":\"https:\\\/\\\/www.aliadospuebla.com\\\/\"},{\"@type\":\"ListItem\",\"position\":2,\"name\":\"Realiza Ayuntamiento de Tecamachalco faena en Francisco Villa\"}]},{\"@type\":\"WebSite\",\"@id\":\"https:\\\/\\\/www.aliadospuebla.com\\\/#website\",\"url\":\"https:\\\/\\\/www.aliadospuebla.com\\\/\",\"name\":\"AliadosPuebla\",\"description\":\"La informaci\u00f3n en tus manos\",\"potentialAction\":[{\"@type\":\"SearchAction\",\"target\":{\"@type\":\"EntryPoint\",\"urlTemplate\":\"https:\\\/\\\/www.aliadospuebla.com\\\/?s={search_term_string}\"},\"query-input\":{\"@type\":\"PropertyValueSpecification\",\"valueRequired\":true,\"valueName\":\"search_term_string\"}}],\"inLanguage\":\"es\"},{\"@type\":\"Person\",\"@id\":\"https:\\\/\\\/www.aliadospuebla.com\\\/#\\\/schema\\\/person\\\/5da7dd09320bd4f392b710017ed5f8ad\",\"name\":\"Aliados17\",\"image\":{\"@type\":\"ImageObject\",\"inLanguage\":\"es\",\"@id\":\"https:\\\/\\\/www.aliadospuebla.com\\\/web2017\\\/wp-content\\\/uploads\\\/2025\\\/03\\\/cropped-para-perfil-8-anos-1-96x96.jpg\",\"url\":\"https:\\\/\\\/www.aliadospuebla.com\\\/web2017\\\/wp-content\\\/uploads\\\/2025\\\/03\\\/cropped-para-perfil-8-anos-1-96x96.jpg\",\"contentUrl\":\"https:\\\/\\\/www.aliadospuebla.com\\\/web2017\\\/wp-content\\\/uploads\\\/2025\\\/03\\\/cropped-para-perfil-8-anos-1-96x96.jpg\",\"caption\":\"Aliados17\"},\"sameAs\":[\"https:\\\/\\\/www.aliados17.com\",\"https:\\\/\\\/www.facebook.com\\\/Aliados17Pue\",\"https:\\\/\\\/x.com\\\/AliadosPuebla\"],\"url\":\"https:\\\/\\\/www.aliadospuebla.com\\\/?author=2\"}]}<\/script>\n<!-- \/ Yoast SEO plugin. -->","yoast_head_json":{"title":"Realiza Ayuntamiento de Tecamachalco faena en Francisco Villa - AliadosPuebla","robots":{"index":"index","follow":"follow","max-snippet":"max-snippet:-1","max-image-preview":"max-image-preview:large","max-video-preview":"max-video-preview:-1"},"canonical":"https:\/\/www.aliadospuebla.com\/?p=103000","og_locale":"es_ES","og_type":"article","og_title":"Realiza Ayuntamiento de Tecamachalco faena en Francisco Villa - AliadosPuebla","og_description":"Cumpliendo\u00a0 a la ciudadan\u00eda y creando valores de responsabilidad y respeto Tecamachalco, Pue.- La palabra empe\u00f1ada en campa\u00f1a ha sido recuperada con el trabajo en favor de todas las comunidades del municipio. Tal como lo mencion\u00f3 el presidente municipal Mateo Hern\u00e1ndez L\u00f3pez, diferentes direcciones del H. Ayuntamiento acudieron desde temprana hora para participar en conjunto con las y los vecinos en el cuidado de las \u00e1reas p\u00fablicas que d\u00eda con d\u00eda se transitan para llegar al trabajo o la escuela. \u00a1Cumpliendo promesa de campa\u00f1a, continuamos realizando faenas, esta ocasi\u00f3n fue en FranciscoVilla! Con gran entusiasmo las diferentes Direcciones del H. Ayuntamiento de Tecamachalco realizaron faena en calles de la localidad. Haciendo la invitaci\u00f3n a la sociedad a ser parte de este cambio generacional y que&hellip;Leer m\u00e1s...","og_url":"https:\/\/www.aliadospuebla.com\/?p=103000","og_site_name":"AliadosPuebla","article_author":"https:\/\/www.facebook.com\/Aliados17Pue","article_published_time":"2025-02-16T21:22:54+00:00","article_modified_time":"2025-03-14T21:40:54+00:00","og_image":[{"width":600,"height":450,"url":"https:\/\/www.aliadospuebla.com\/web2017\/wp-content\/uploads\/2025\/03\/806.jpg","type":"image\/jpeg"}],"author":"Aliados17","twitter_card":"summary_large_image","twitter_creator":"@AliadosPuebla","twitter_misc":{"Escrito por":"Aliados17","Tiempo de lectura":"1 minuto"},"schema":{"@context":"https:\/\/schema.org","@graph":[{"@type":"Article","@id":"https:\/\/www.aliadospuebla.com\/?p=103000#article","isPartOf":{"@id":"https:\/\/www.aliadospuebla.com\/?p=103000"},"author":{"name":"Aliados17","@id":"https:\/\/www.aliadospuebla.com\/#\/schema\/person\/5da7dd09320bd4f392b710017ed5f8ad"},"headline":"Realiza Ayuntamiento de Tecamachalco faena en Francisco Villa","datePublished":"2025-02-16T21:22:54+00:00","dateModified":"2025-03-14T21:40:54+00:00","mainEntityOfPage":{"@id":"https:\/\/www.aliadospuebla.com\/?p=103000"},"wordCount":154,"commentCount":0,"image":{"@id":"https:\/\/www.aliadospuebla.com\/?p=103000#primaryimage"},"thumbnailUrl":"https:\/\/www.aliadospuebla.com\/web2017\/wp-content\/uploads\/2025\/03\/806.jpg","keywords":["\u00e1reas p\u00fablicas","cambio generacional","Faena","Francisco Villa","Mateo Hern\u00e1ndez L\u00f3pez","promesa de campa\u00f1a","RESPONSABILIDAD","Tecamachalco","VALORES"],"articleSection":["Municipios"],"inLanguage":"es","potentialAction":[{"@type":"CommentAction","name":"Comment","target":["https:\/\/www.aliadospuebla.com\/?p=103000#respond"]}]},{"@type":"WebPage","@id":"https:\/\/www.aliadospuebla.com\/?p=103000","url":"https:\/\/www.aliadospuebla.com\/?p=103000","name":"Realiza Ayuntamiento de Tecamachalco faena en Francisco Villa - AliadosPuebla","isPartOf":{"@id":"https:\/\/www.aliadospuebla.com\/#website"},"primaryImageOfPage":{"@id":"https:\/\/www.aliadospuebla.com\/?p=103000#primaryimage"},"image":{"@id":"https:\/\/www.aliadospuebla.com\/?p=103000#primaryimage"},"thumbnailUrl":"https:\/\/www.aliadospuebla.com\/web2017\/wp-content\/uploads\/2025\/03\/806.jpg","datePublished":"2025-02-16T21:22:54+00:00","dateModified":"2025-03-14T21:40:54+00:00","author":{"@id":"https:\/\/www.aliadospuebla.com\/#\/schema\/person\/5da7dd09320bd4f392b710017ed5f8ad"},"breadcrumb":{"@id":"https:\/\/www.aliadospuebla.com\/?p=103000#breadcrumb"},"inLanguage":"es","potentialAction":[{"@type":"ReadAction","target":["https:\/\/www.aliadospuebla.com\/?p=103000"]}]},{"@type":"ImageObject","inLanguage":"es","@id":"https:\/\/www.aliadospuebla.com\/?p=103000#primaryimage","url":"https:\/\/www.aliadospuebla.com\/web2017\/wp-content\/uploads\/2025\/03\/806.jpg","contentUrl":"https:\/\/www.aliadospuebla.com\/web2017\/wp-content\/uploads\/2025\/03\/806.jpg","width":600,"height":450},{"@type":"BreadcrumbList","@id":"https:\/\/www.aliadospuebla.com\/?p=103000#breadcrumb","itemListElement":[{"@type":"ListItem","position":1,"name":"Portada","item":"https:\/\/www.aliadospuebla.com\/"},{"@type":"ListItem","position":2,"name":"Realiza Ayuntamiento de Tecamachalco faena en Francisco Villa"}]},{"@type":"WebSite","@id":"https:\/\/www.aliadospuebla.com\/#website","url":"https:\/\/www.aliadospuebla.com\/","name":"AliadosPuebla","description":"La informaci\u00f3n en tus manos","potentialAction":[{"@type":"SearchAction","target":{"@type":"EntryPoint","urlTemplate":"https:\/\/www.aliadospuebla.com\/?s={search_term_string}"},"query-input":{"@type":"PropertyValueSpecification","valueRequired":true,"valueName":"search_term_string"}}],"inLanguage":"es"},{"@type":"Person","@id":"https:\/\/www.aliadospuebla.com\/#\/schema\/person\/5da7dd09320bd4f392b710017ed5f8ad","name":"Aliados17","image":{"@type":"ImageObject","inLanguage":"es","@id":"https:\/\/www.aliadospuebla.com\/web2017\/wp-content\/uploads\/2025\/03\/cropped-para-perfil-8-anos-1-96x96.jpg","url":"https:\/\/www.aliadospuebla.com\/web2017\/wp-content\/uploads\/2025\/03\/cropped-para-perfil-8-anos-1-96x96.jpg","contentUrl":"https:\/\/www.aliadospuebla.com\/web2017\/wp-content\/uploads\/2025\/03\/cropped-para-perfil-8-anos-1-96x96.jpg","caption":"Aliados17"},"sameAs":["https:\/\/www.aliados17.com","https:\/\/www.facebook.com\/Aliados17Pue","https:\/\/x.com\/AliadosPuebla"],"url":"https:\/\/www.aliadospuebla.com\/?author=2"}]}},"views":8,"_links":{"self":[{"href":"https:\/\/www.aliadospuebla.com\/index.php?rest_route=\/wp\/v2\/posts\/103000","targetHints":{"allow":["GET"]}}],"collection":[{"href":"https:\/\/www.aliadospuebla.com\/index.php?rest_route=\/wp\/v2\/posts"}],"about":[{"href":"https:\/\/www.aliadospuebla.com\/index.php?rest_route=\/wp\/v2\/types\/post"}],"author":[{"embeddable":true,"href":"https:\/\/www.aliadospuebla.com\/index.php?rest_route=\/wp\/v2\/users\/2"}],"replies":[{"embeddable":true,"href":"https:\/\/www.aliadospuebla.com\/index.php?rest_route=%2Fwp%2Fv2%2Fcomments&post=103000"}],"version-history":[{"count":1,"href":"https:\/\/www.aliadospuebla.com\/index.php?rest_route=\/wp\/v2\/posts\/103000\/revisions"}],"predecessor-version":[{"id":103002,"href":"https:\/\/www.aliadospuebla.com\/index.php?rest_route=\/wp\/v2\/posts\/103000\/revisions\/103002"}],"wp:featuredmedia":[{"embeddable":true,"href":"https:\/\/www.aliadospuebla.com\/index.php?rest_route=\/wp\/v2\/media\/103001"}],"wp:attachment":[{"href":"https:\/\/www.aliadospuebla.com\/index.php?rest_route=%2Fwp%2Fv2%2Fmedia&parent=103000"}],"wp:term":[{"taxonomy":"category","embeddable":true,"href":"https:\/\/www.aliadospuebla.com\/index.php?rest_route=%2Fwp%2Fv2%2Fcategories&post=103000"},{"taxonomy":"post_tag","embeddable":true,"href":"https:\/\/www.aliadospuebla.com\/index.php?rest_route=%2Fwp%2Fv2%2Ftags&post=103000"}],"curies":[{"name":"wp","href":"https:\/\/api.w.org\/{rel}","templated":true}]}}