{"id":102753,"date":"2025-03-08T22:15:22","date_gmt":"2025-03-09T04:15:22","guid":{"rendered":"https:\/\/www.aliadospuebla.com\/?p=102753"},"modified":"2025-03-08T22:15:22","modified_gmt":"2025-03-09T04:15:22","slug":"mujeres-de-san-andres-cholulapaso-a-paso-rumbo-a-la-igualdad","status":"publish","type":"post","link":"https:\/\/www.aliadospuebla.com\/?p=102753","title":{"rendered":"Mujeres de San Andr\u00e9s Cholula\u00bbPaso a Paso Rumbo a la Igualdad\u00bb"},"content":{"rendered":"<h4>&#8211; M\u00e1s de 350 asistentes corrieron por las calles de la cabecera municipal.<\/h4>\n<p>San Andr\u00e9s Cholula, Puebla.- En el marco del D\u00eda Internacional de las Mujeres<\/p>\n<p>y como parte de las actividades conmemorativas, la presidenta municipal Lupita Cuautle<\/p>\n<p>encabez\u00f3 la primera carrera femenil \u00abPaso a Paso Rumbo a la Igualdad\u00bb.<\/p>\n<p>Durante el evento, la alcaldesa destac\u00f3 que esta fecha es un recordatorio de la lucha hist\u00f3rica por mejores condiciones, menos discriminaci\u00f3n y m\u00e1s justicia para todas las mujeres. Asimismo, subray\u00f3 la importancia de seguir avanzando hacia una sociedad m\u00e1s justa y equitativa, promoviendo la igualdad sustantiva.<\/p>\n<p>M\u00e1s de 350 mujeres, ni\u00f1as y adolescentes participaron en el circuito de 5 kil\u00f3metros, con salida y meta en las instalaciones del albergue Casa Violeta, un espacio de resguardo para v\u00edctimas de violencia.<\/p>\n<p>Resultados de la primera edici\u00f3n:<\/p>\n<p>La competencia se dividi\u00f3 en tres categor\u00edas:<\/p>\n<p>Juvenil (18 a 35 a\u00f1os)<br \/>\nVeteranas (36 a 45 a\u00f1os)<br \/>\nM\u00e1ster (46 a\u00f1os en adelante)<br \/>\nGanadoras:<\/p>\n<p>Categor\u00eda Juvenil:<\/p>\n<p>\ud83c\udfc6 1er lugar: In\u00e9s Sarah\u00ed Z\u00e1rate Gil<br \/>\n\ud83e\udd48 2do lugar: Guadalupe Samantha Zepeda B\u00e1ez<br \/>\n\ud83e\udd49 3er lugar: Hortencia Tecuatl Moyotl<\/p>\n<p>Categor\u00eda Veteranas:<br \/>\n\ud83c\udfc6 1er lugar: Yara El\u00edas Coatl<br \/>\n\ud83e\udd48 2do lugar: \u00c1gueda Grande Xomtepec<br \/>\n\ud83e\udd49 3er lugar: M\u00f3nica Navarro Garc\u00eda<\/p>\n<p>Categor\u00eda M\u00e1ster:<br \/>\n\ud83c\udfc6 1er lugar: Mar\u00eda Remedios Lira Navarro<br \/>\n\ud83e\udd48 2do lugar: Mar\u00eda Cecilia Bautista Dami\u00e1n<br \/>\n\ud83e\udd49 3er lugar: Teresa Franco Carreto<\/p>\n<p>El gobierno municipal, contin\u00faa impulsando acciones para promover la igualdad de g\u00e9nero, visibilizar los derechos de las mujeres y fortalecer estrategias de prevenci\u00f3n, atenci\u00f3n, sanci\u00f3n y erradicaci\u00f3n de la violencia.<\/p>\n","protected":false},"excerpt":{"rendered":"<p>&#8211; M\u00e1s de 350 asistentes corrieron por las calles de la cabecera municipal. San Andr\u00e9s Cholula, Puebla.- En el marco del D\u00eda Internacional de las Mujeres y como parte de las actividades conmemorativas, la presidenta municipal Lupita Cuautle encabez\u00f3 la primera carrera femenil \u00abPaso a Paso Rumbo a la Igualdad\u00bb. Durante el evento, la alcaldesa destac\u00f3 que esta fecha es un recordatorio de la lucha hist\u00f3rica por mejores condiciones, menos discriminaci\u00f3n y m\u00e1s justicia para todas las mujeres. Asimismo, subray\u00f3 la importancia de seguir avanzando hacia una sociedad m\u00e1s justa y equitativa, promoviendo la igualdad sustantiva. M\u00e1s de 350 mujeres, ni\u00f1as y adolescentes participaron en el circuito de 5 kil\u00f3metros, con salida y meta en las instalaciones del albergue Casa Violeta, un espacio de resguardo&hellip;<\/p>\n<p class=\"excerpt-more\"><a class=\"blog-excerpt button\" href=\"https:\/\/www.aliadospuebla.com\/?p=102753\">Leer m\u00e1s&#8230;<\/a><\/p>\n","protected":false},"author":2,"featured_media":102754,"comment_status":"open","ping_status":"open","sticky":false,"template":"","format":"standard","meta":{"_monsterinsights_skip_tracking":false,"footnotes":""},"categories":[4],"tags":[18614,9886,27932,16664,27931,84],"class_list":["post-102753","post","type-post","status-publish","format-standard","has-post-thumbnail","hentry","category-municipios","tag-dia-internacional-de-las-mujeres","tag-igualdad-sustantiva","tag-lucha-historica","tag-lupita-cuautle","tag-paso-a-paso-rumbo-a-la-igualdad","tag-san-andres-cholula"],"yoast_head":"<!-- This site is optimized with the Yoast SEO plugin v28.4 - https:\/\/yoast.com\/product\/yoast-seo-wordpress\/ -->\n<title>Mujeres de San Andr\u00e9s Cholula&quot;Paso a Paso Rumbo a la Igualdad&quot; - AliadosPuebla<\/title>\n<meta name=\"robots\" content=\"index, follow, max-snippet:-1, max-image-preview:large, max-video-preview:-1\" \/>\n<link rel=\"canonical\" href=\"https:\/\/www.aliadospuebla.com\/?p=102753\" \/>\n<meta property=\"og:locale\" content=\"es_ES\" \/>\n<meta property=\"og:type\" content=\"article\" \/>\n<meta property=\"og:title\" content=\"Mujeres de San Andr\u00e9s Cholula&quot;Paso a Paso Rumbo a la Igualdad&quot; - AliadosPuebla\" \/>\n<meta property=\"og:description\" content=\"&#8211; M\u00e1s de 350 asistentes corrieron por las calles de la cabecera municipal. San Andr\u00e9s Cholula, Puebla.- En el marco del D\u00eda Internacional de las Mujeres y como parte de las actividades conmemorativas, la presidenta municipal Lupita Cuautle encabez\u00f3 la primera carrera femenil \u00abPaso a Paso Rumbo a la Igualdad\u00bb. Durante el evento, la alcaldesa destac\u00f3 que esta fecha es un recordatorio de la lucha hist\u00f3rica por mejores condiciones, menos discriminaci\u00f3n y m\u00e1s justicia para todas las mujeres. Asimismo, subray\u00f3 la importancia de seguir avanzando hacia una sociedad m\u00e1s justa y equitativa, promoviendo la igualdad sustantiva. M\u00e1s de 350 mujeres, ni\u00f1as y adolescentes participaron en el circuito de 5 kil\u00f3metros, con salida y meta en las instalaciones del albergue Casa Violeta, un espacio de resguardo&hellip;Leer m\u00e1s...\" \/>\n<meta property=\"og:url\" content=\"https:\/\/www.aliadospuebla.com\/?p=102753\" \/>\n<meta property=\"og:site_name\" content=\"AliadosPuebla\" \/>\n<meta property=\"article:author\" content=\"https:\/\/www.facebook.com\/Aliados17Pue\" \/>\n<meta property=\"article:published_time\" content=\"2025-03-09T04:15:22+00:00\" \/>\n<meta property=\"og:image\" content=\"https:\/\/www.aliadospuebla.com\/web2017\/wp-content\/uploads\/2025\/03\/746.jpg\" \/>\n\t<meta property=\"og:image:width\" content=\"600\" \/>\n\t<meta property=\"og:image:height\" content=\"450\" \/>\n\t<meta property=\"og:image:type\" content=\"image\/jpeg\" \/>\n<meta name=\"author\" content=\"Aliados17\" \/>\n<meta name=\"twitter:card\" content=\"summary_large_image\" \/>\n<meta name=\"twitter:creator\" content=\"@AliadosPuebla\" \/>\n<meta name=\"twitter:label1\" content=\"Escrito por\" \/>\n\t<meta name=\"twitter:data1\" content=\"Aliados17\" \/>\n\t<meta name=\"twitter:label2\" content=\"Tiempo de lectura\" \/>\n\t<meta name=\"twitter:data2\" content=\"2 minutos\" \/>\n<script type=\"application\/ld+json\" class=\"yoast-schema-graph\">{\"@context\":\"https:\\\/\\\/schema.org\",\"@graph\":[{\"@type\":\"Article\",\"@id\":\"https:\\\/\\\/www.aliadospuebla.com\\\/?p=102753#article\",\"isPartOf\":{\"@id\":\"https:\\\/\\\/www.aliadospuebla.com\\\/?p=102753\"},\"author\":{\"name\":\"Aliados17\",\"@id\":\"https:\\\/\\\/www.aliadospuebla.com\\\/#\\\/schema\\\/person\\\/5da7dd09320bd4f392b710017ed5f8ad\"},\"headline\":\"Mujeres de San Andr\u00e9s Cholula\u00bbPaso a Paso Rumbo a la Igualdad\u00bb\",\"datePublished\":\"2025-03-09T04:15:22+00:00\",\"mainEntityOfPage\":{\"@id\":\"https:\\\/\\\/www.aliadospuebla.com\\\/?p=102753\"},\"wordCount\":284,\"commentCount\":0,\"image\":{\"@id\":\"https:\\\/\\\/www.aliadospuebla.com\\\/?p=102753#primaryimage\"},\"thumbnailUrl\":\"https:\\\/\\\/www.aliadospuebla.com\\\/web2017\\\/wp-content\\\/uploads\\\/2025\\\/03\\\/746.jpg\",\"keywords\":[\"D\u00eda Internacional de las Mujeres\",\"Igualdad sustantiva\",\"lucha hist\u00f3rica\",\"Lupita Cuautle\",\"Paso a Paso Rumbo a la Igualdad\",\"San Andr\u00e9s Cholula\"],\"articleSection\":[\"Municipios\"],\"inLanguage\":\"es\",\"potentialAction\":[{\"@type\":\"CommentAction\",\"name\":\"Comment\",\"target\":[\"https:\\\/\\\/www.aliadospuebla.com\\\/?p=102753#respond\"]}]},{\"@type\":\"WebPage\",\"@id\":\"https:\\\/\\\/www.aliadospuebla.com\\\/?p=102753\",\"url\":\"https:\\\/\\\/www.aliadospuebla.com\\\/?p=102753\",\"name\":\"Mujeres de San Andr\u00e9s Cholula\\\"Paso a Paso Rumbo a la Igualdad\\\" - AliadosPuebla\",\"isPartOf\":{\"@id\":\"https:\\\/\\\/www.aliadospuebla.com\\\/#website\"},\"primaryImageOfPage\":{\"@id\":\"https:\\\/\\\/www.aliadospuebla.com\\\/?p=102753#primaryimage\"},\"image\":{\"@id\":\"https:\\\/\\\/www.aliadospuebla.com\\\/?p=102753#primaryimage\"},\"thumbnailUrl\":\"https:\\\/\\\/www.aliadospuebla.com\\\/web2017\\\/wp-content\\\/uploads\\\/2025\\\/03\\\/746.jpg\",\"datePublished\":\"2025-03-09T04:15:22+00:00\",\"author\":{\"@id\":\"https:\\\/\\\/www.aliadospuebla.com\\\/#\\\/schema\\\/person\\\/5da7dd09320bd4f392b710017ed5f8ad\"},\"breadcrumb\":{\"@id\":\"https:\\\/\\\/www.aliadospuebla.com\\\/?p=102753#breadcrumb\"},\"inLanguage\":\"es\",\"potentialAction\":[{\"@type\":\"ReadAction\",\"target\":[\"https:\\\/\\\/www.aliadospuebla.com\\\/?p=102753\"]}]},{\"@type\":\"ImageObject\",\"inLanguage\":\"es\",\"@id\":\"https:\\\/\\\/www.aliadospuebla.com\\\/?p=102753#primaryimage\",\"url\":\"https:\\\/\\\/www.aliadospuebla.com\\\/web2017\\\/wp-content\\\/uploads\\\/2025\\\/03\\\/746.jpg\",\"contentUrl\":\"https:\\\/\\\/www.aliadospuebla.com\\\/web2017\\\/wp-content\\\/uploads\\\/2025\\\/03\\\/746.jpg\",\"width\":600,\"height\":450},{\"@type\":\"BreadcrumbList\",\"@id\":\"https:\\\/\\\/www.aliadospuebla.com\\\/?p=102753#breadcrumb\",\"itemListElement\":[{\"@type\":\"ListItem\",\"position\":1,\"name\":\"Portada\",\"item\":\"https:\\\/\\\/www.aliadospuebla.com\\\/\"},{\"@type\":\"ListItem\",\"position\":2,\"name\":\"Mujeres de San Andr\u00e9s Cholula\u00bbPaso a Paso Rumbo a la Igualdad\u00bb\"}]},{\"@type\":\"WebSite\",\"@id\":\"https:\\\/\\\/www.aliadospuebla.com\\\/#website\",\"url\":\"https:\\\/\\\/www.aliadospuebla.com\\\/\",\"name\":\"AliadosPuebla\",\"description\":\"La informaci\u00f3n en tus manos\",\"potentialAction\":[{\"@type\":\"SearchAction\",\"target\":{\"@type\":\"EntryPoint\",\"urlTemplate\":\"https:\\\/\\\/www.aliadospuebla.com\\\/?s={search_term_string}\"},\"query-input\":{\"@type\":\"PropertyValueSpecification\",\"valueRequired\":true,\"valueName\":\"search_term_string\"}}],\"inLanguage\":\"es\"},{\"@type\":\"Person\",\"@id\":\"https:\\\/\\\/www.aliadospuebla.com\\\/#\\\/schema\\\/person\\\/5da7dd09320bd4f392b710017ed5f8ad\",\"name\":\"Aliados17\",\"image\":{\"@type\":\"ImageObject\",\"inLanguage\":\"es\",\"@id\":\"https:\\\/\\\/www.aliadospuebla.com\\\/web2017\\\/wp-content\\\/uploads\\\/2025\\\/03\\\/cropped-para-perfil-8-anos-1-96x96.jpg\",\"url\":\"https:\\\/\\\/www.aliadospuebla.com\\\/web2017\\\/wp-content\\\/uploads\\\/2025\\\/03\\\/cropped-para-perfil-8-anos-1-96x96.jpg\",\"contentUrl\":\"https:\\\/\\\/www.aliadospuebla.com\\\/web2017\\\/wp-content\\\/uploads\\\/2025\\\/03\\\/cropped-para-perfil-8-anos-1-96x96.jpg\",\"caption\":\"Aliados17\"},\"sameAs\":[\"https:\\\/\\\/www.aliados17.com\",\"https:\\\/\\\/www.facebook.com\\\/Aliados17Pue\",\"https:\\\/\\\/x.com\\\/AliadosPuebla\"],\"url\":\"https:\\\/\\\/www.aliadospuebla.com\\\/?author=2\"}]}<\/script>\n<!-- \/ Yoast SEO plugin. -->","yoast_head_json":{"title":"Mujeres de San Andr\u00e9s Cholula\"Paso a Paso Rumbo a la Igualdad\" - AliadosPuebla","robots":{"index":"index","follow":"follow","max-snippet":"max-snippet:-1","max-image-preview":"max-image-preview:large","max-video-preview":"max-video-preview:-1"},"canonical":"https:\/\/www.aliadospuebla.com\/?p=102753","og_locale":"es_ES","og_type":"article","og_title":"Mujeres de San Andr\u00e9s Cholula\"Paso a Paso Rumbo a la Igualdad\" - AliadosPuebla","og_description":"&#8211; M\u00e1s de 350 asistentes corrieron por las calles de la cabecera municipal. San Andr\u00e9s Cholula, Puebla.- En el marco del D\u00eda Internacional de las Mujeres y como parte de las actividades conmemorativas, la presidenta municipal Lupita Cuautle encabez\u00f3 la primera carrera femenil \u00abPaso a Paso Rumbo a la Igualdad\u00bb. Durante el evento, la alcaldesa destac\u00f3 que esta fecha es un recordatorio de la lucha hist\u00f3rica por mejores condiciones, menos discriminaci\u00f3n y m\u00e1s justicia para todas las mujeres. Asimismo, subray\u00f3 la importancia de seguir avanzando hacia una sociedad m\u00e1s justa y equitativa, promoviendo la igualdad sustantiva. M\u00e1s de 350 mujeres, ni\u00f1as y adolescentes participaron en el circuito de 5 kil\u00f3metros, con salida y meta en las instalaciones del albergue Casa Violeta, un espacio de resguardo&hellip;Leer m\u00e1s...","og_url":"https:\/\/www.aliadospuebla.com\/?p=102753","og_site_name":"AliadosPuebla","article_author":"https:\/\/www.facebook.com\/Aliados17Pue","article_published_time":"2025-03-09T04:15:22+00:00","og_image":[{"width":600,"height":450,"url":"https:\/\/www.aliadospuebla.com\/web2017\/wp-content\/uploads\/2025\/03\/746.jpg","type":"image\/jpeg"}],"author":"Aliados17","twitter_card":"summary_large_image","twitter_creator":"@AliadosPuebla","twitter_misc":{"Escrito por":"Aliados17","Tiempo de lectura":"2 minutos"},"schema":{"@context":"https:\/\/schema.org","@graph":[{"@type":"Article","@id":"https:\/\/www.aliadospuebla.com\/?p=102753#article","isPartOf":{"@id":"https:\/\/www.aliadospuebla.com\/?p=102753"},"author":{"name":"Aliados17","@id":"https:\/\/www.aliadospuebla.com\/#\/schema\/person\/5da7dd09320bd4f392b710017ed5f8ad"},"headline":"Mujeres de San Andr\u00e9s Cholula\u00bbPaso a Paso Rumbo a la Igualdad\u00bb","datePublished":"2025-03-09T04:15:22+00:00","mainEntityOfPage":{"@id":"https:\/\/www.aliadospuebla.com\/?p=102753"},"wordCount":284,"commentCount":0,"image":{"@id":"https:\/\/www.aliadospuebla.com\/?p=102753#primaryimage"},"thumbnailUrl":"https:\/\/www.aliadospuebla.com\/web2017\/wp-content\/uploads\/2025\/03\/746.jpg","keywords":["D\u00eda Internacional de las Mujeres","Igualdad sustantiva","lucha hist\u00f3rica","Lupita Cuautle","Paso a Paso Rumbo a la Igualdad","San Andr\u00e9s Cholula"],"articleSection":["Municipios"],"inLanguage":"es","potentialAction":[{"@type":"CommentAction","name":"Comment","target":["https:\/\/www.aliadospuebla.com\/?p=102753#respond"]}]},{"@type":"WebPage","@id":"https:\/\/www.aliadospuebla.com\/?p=102753","url":"https:\/\/www.aliadospuebla.com\/?p=102753","name":"Mujeres de San Andr\u00e9s Cholula\"Paso a Paso Rumbo a la Igualdad\" - AliadosPuebla","isPartOf":{"@id":"https:\/\/www.aliadospuebla.com\/#website"},"primaryImageOfPage":{"@id":"https:\/\/www.aliadospuebla.com\/?p=102753#primaryimage"},"image":{"@id":"https:\/\/www.aliadospuebla.com\/?p=102753#primaryimage"},"thumbnailUrl":"https:\/\/www.aliadospuebla.com\/web2017\/wp-content\/uploads\/2025\/03\/746.jpg","datePublished":"2025-03-09T04:15:22+00:00","author":{"@id":"https:\/\/www.aliadospuebla.com\/#\/schema\/person\/5da7dd09320bd4f392b710017ed5f8ad"},"breadcrumb":{"@id":"https:\/\/www.aliadospuebla.com\/?p=102753#breadcrumb"},"inLanguage":"es","potentialAction":[{"@type":"ReadAction","target":["https:\/\/www.aliadospuebla.com\/?p=102753"]}]},{"@type":"ImageObject","inLanguage":"es","@id":"https:\/\/www.aliadospuebla.com\/?p=102753#primaryimage","url":"https:\/\/www.aliadospuebla.com\/web2017\/wp-content\/uploads\/2025\/03\/746.jpg","contentUrl":"https:\/\/www.aliadospuebla.com\/web2017\/wp-content\/uploads\/2025\/03\/746.jpg","width":600,"height":450},{"@type":"BreadcrumbList","@id":"https:\/\/www.aliadospuebla.com\/?p=102753#breadcrumb","itemListElement":[{"@type":"ListItem","position":1,"name":"Portada","item":"https:\/\/www.aliadospuebla.com\/"},{"@type":"ListItem","position":2,"name":"Mujeres de San Andr\u00e9s Cholula\u00bbPaso a Paso Rumbo a la Igualdad\u00bb"}]},{"@type":"WebSite","@id":"https:\/\/www.aliadospuebla.com\/#website","url":"https:\/\/www.aliadospuebla.com\/","name":"AliadosPuebla","description":"La informaci\u00f3n en tus manos","potentialAction":[{"@type":"SearchAction","target":{"@type":"EntryPoint","urlTemplate":"https:\/\/www.aliadospuebla.com\/?s={search_term_string}"},"query-input":{"@type":"PropertyValueSpecification","valueRequired":true,"valueName":"search_term_string"}}],"inLanguage":"es"},{"@type":"Person","@id":"https:\/\/www.aliadospuebla.com\/#\/schema\/person\/5da7dd09320bd4f392b710017ed5f8ad","name":"Aliados17","image":{"@type":"ImageObject","inLanguage":"es","@id":"https:\/\/www.aliadospuebla.com\/web2017\/wp-content\/uploads\/2025\/03\/cropped-para-perfil-8-anos-1-96x96.jpg","url":"https:\/\/www.aliadospuebla.com\/web2017\/wp-content\/uploads\/2025\/03\/cropped-para-perfil-8-anos-1-96x96.jpg","contentUrl":"https:\/\/www.aliadospuebla.com\/web2017\/wp-content\/uploads\/2025\/03\/cropped-para-perfil-8-anos-1-96x96.jpg","caption":"Aliados17"},"sameAs":["https:\/\/www.aliados17.com","https:\/\/www.facebook.com\/Aliados17Pue","https:\/\/x.com\/AliadosPuebla"],"url":"https:\/\/www.aliadospuebla.com\/?author=2"}]}},"views":6,"_links":{"self":[{"href":"https:\/\/www.aliadospuebla.com\/index.php?rest_route=\/wp\/v2\/posts\/102753","targetHints":{"allow":["GET"]}}],"collection":[{"href":"https:\/\/www.aliadospuebla.com\/index.php?rest_route=\/wp\/v2\/posts"}],"about":[{"href":"https:\/\/www.aliadospuebla.com\/index.php?rest_route=\/wp\/v2\/types\/post"}],"author":[{"embeddable":true,"href":"https:\/\/www.aliadospuebla.com\/index.php?rest_route=\/wp\/v2\/users\/2"}],"replies":[{"embeddable":true,"href":"https:\/\/www.aliadospuebla.com\/index.php?rest_route=%2Fwp%2Fv2%2Fcomments&post=102753"}],"version-history":[{"count":1,"href":"https:\/\/www.aliadospuebla.com\/index.php?rest_route=\/wp\/v2\/posts\/102753\/revisions"}],"predecessor-version":[{"id":102755,"href":"https:\/\/www.aliadospuebla.com\/index.php?rest_route=\/wp\/v2\/posts\/102753\/revisions\/102755"}],"wp:featuredmedia":[{"embeddable":true,"href":"https:\/\/www.aliadospuebla.com\/index.php?rest_route=\/wp\/v2\/media\/102754"}],"wp:attachment":[{"href":"https:\/\/www.aliadospuebla.com\/index.php?rest_route=%2Fwp%2Fv2%2Fmedia&parent=102753"}],"wp:term":[{"taxonomy":"category","embeddable":true,"href":"https:\/\/www.aliadospuebla.com\/index.php?rest_route=%2Fwp%2Fv2%2Fcategories&post=102753"},{"taxonomy":"post_tag","embeddable":true,"href":"https:\/\/www.aliadospuebla.com\/index.php?rest_route=%2Fwp%2Fv2%2Ftags&post=102753"}],"curies":[{"name":"wp","href":"https:\/\/api.w.org\/{rel}","templated":true}]}}