{"id":102693,"date":"2025-03-07T21:29:15","date_gmt":"2025-03-08T03:29:15","guid":{"rendered":"https:\/\/www.aliadospuebla.com\/?p=102693"},"modified":"2025-03-07T21:29:15","modified_gmt":"2025-03-08T03:29:15","slug":"conmemora-pri-aniversario-luctuoso-de-carmen-caballero-camarillo-de-cortes","status":"publish","type":"post","link":"https:\/\/www.aliadospuebla.com\/?p=102693","title":{"rendered":"CONMEMORA PRI ANIVERSARIO LUCTUOSO DE CARMEN CABALLERO CAMARILLO DE CORT\u00c9S"},"content":{"rendered":"<h4>En el marco del D\u00eda de la Mujer, el presidente estatal del partido destac\u00f3 la importancia de mantener vigente la memoria de quienes abrieron brecha en los derechos pol\u00edticos de las mujeres.<\/h4>\n<p>El presidente del Comit\u00e9 Directivo Estatal (CDE) del PRI, senador N\u00e9stor Camarillo Medina<\/p>\n<p>y la presidenta del Organismo Nacional de Mujeres Priistas (ONMPRI) en Puebla capital,<\/p>\n<p>regidora Shirley Ponce Luna, rindieron un homenaje<\/p>\n<p>con motivo del aniversario luctuoso<\/p>\n<p>n\u00famero 34 de Carmen Caballero Camarillo de Cort\u00e9s, impulsora<\/p>\n<p>del voto femenino en M\u00e9xico.<br \/>\nAcompa\u00f1ado por priistas, el senador coloc\u00f3 una ofrenda floral<\/p>\n<p>en el monumento<\/p>\n<p>de la promotora de los derechos pol\u00edticos de las mujeres, que se encuentra ubicado<\/p>\n<p>sobre el camell\u00f3n central de la 43 Poniente, a la altura de la 3 Sur.<br \/>\nEn su mensaje, record\u00f3 la trayectoria de la poblana nacida en Acatl\u00e1n de Osorio,<\/p>\n<p>como haber sido regidora del Ayuntamiento de Puebla, diputada local y la primera<\/p>\n<p>presidenta del municipio de Tetela de Ocampo.<br \/>\n\u201cNosotros los priistas respetamos a quienes entregaron toda su vida, su tiempo, en favor<\/p>\n<p>de los derechos de las mujeres, de votar y ser votadas, \u00a1que viva Carmen Caballero Camarillo de Cort\u00e9s!\u201d,<\/p>\n<p>dijo el senador N\u00e9stor Camarillo Medina.<br \/>\nFinalmente, destac\u00f3 que en el marco del D\u00eda Internacional de la Mujer,<\/p>\n<p>que se conmemora el d\u00eda de ma\u00f1ana, hay poco que celebrar,<\/p>\n<p>por lo cual las mujeres deben ser escuchadas en sus demandas y expresiones.<\/p>\n","protected":false},"excerpt":{"rendered":"<p>En el marco del D\u00eda de la Mujer, el presidente estatal del partido destac\u00f3 la importancia de mantener vigente la memoria de quienes abrieron brecha en los derechos pol\u00edticos de las mujeres. El presidente del Comit\u00e9 Directivo Estatal (CDE) del PRI, senador N\u00e9stor Camarillo Medina y la presidenta del Organismo Nacional de Mujeres Priistas (ONMPRI) en Puebla capital, regidora Shirley Ponce Luna, rindieron un homenaje con motivo del aniversario luctuoso n\u00famero 34 de Carmen Caballero Camarillo de Cort\u00e9s, impulsora del voto femenino en M\u00e9xico. Acompa\u00f1ado por priistas, el senador coloc\u00f3 una ofrenda floral en el monumento de la promotora de los derechos pol\u00edticos de las mujeres, que se encuentra ubicado sobre el camell\u00f3n central de la 43 Poniente, a la altura de la 3 Sur.&hellip;<\/p>\n<p class=\"excerpt-more\"><a class=\"blog-excerpt button\" href=\"https:\/\/www.aliadospuebla.com\/?p=102693\">Leer m\u00e1s&#8230;<\/a><\/p>\n","protected":false},"author":2,"featured_media":102694,"comment_status":"open","ping_status":"open","sticky":false,"template":"","format":"standard","meta":{"_monsterinsights_skip_tracking":false,"footnotes":""},"categories":[6],"tags":[976,27914,6154,2318,12869],"class_list":["post-102693","post","type-post","status-publish","format-standard","has-post-thumbnail","hentry","category-politica","tag-aniversario-luctuoso","tag-carmen-caballero-camarillo-de-cortes","tag-cde","tag-derechos-politicos-de-las-mujeres","tag-nestor-camarillo-medina"],"yoast_head":"<!-- This site is optimized with the Yoast SEO plugin v28.3 - https:\/\/yoast.com\/product\/yoast-seo-wordpress\/ -->\n<title>CONMEMORA PRI ANIVERSARIO LUCTUOSO DE CARMEN CABALLERO CAMARILLO DE CORT\u00c9S - AliadosPuebla<\/title>\n<meta name=\"robots\" content=\"index, follow, max-snippet:-1, max-image-preview:large, max-video-preview:-1\" \/>\n<link rel=\"canonical\" href=\"https:\/\/www.aliadospuebla.com\/?p=102693\" \/>\n<meta property=\"og:locale\" content=\"es_ES\" \/>\n<meta property=\"og:type\" content=\"article\" \/>\n<meta property=\"og:title\" content=\"CONMEMORA PRI ANIVERSARIO LUCTUOSO DE CARMEN CABALLERO CAMARILLO DE CORT\u00c9S - AliadosPuebla\" \/>\n<meta property=\"og:description\" content=\"En el marco del D\u00eda de la Mujer, el presidente estatal del partido destac\u00f3 la importancia de mantener vigente la memoria de quienes abrieron brecha en los derechos pol\u00edticos de las mujeres. El presidente del Comit\u00e9 Directivo Estatal (CDE) del PRI, senador N\u00e9stor Camarillo Medina y la presidenta del Organismo Nacional de Mujeres Priistas (ONMPRI) en Puebla capital, regidora Shirley Ponce Luna, rindieron un homenaje con motivo del aniversario luctuoso n\u00famero 34 de Carmen Caballero Camarillo de Cort\u00e9s, impulsora del voto femenino en M\u00e9xico. Acompa\u00f1ado por priistas, el senador coloc\u00f3 una ofrenda floral en el monumento de la promotora de los derechos pol\u00edticos de las mujeres, que se encuentra ubicado sobre el camell\u00f3n central de la 43 Poniente, a la altura de la 3 Sur.&hellip;Leer m\u00e1s...\" \/>\n<meta property=\"og:url\" content=\"https:\/\/www.aliadospuebla.com\/?p=102693\" \/>\n<meta property=\"og:site_name\" content=\"AliadosPuebla\" \/>\n<meta property=\"article:author\" content=\"https:\/\/www.facebook.com\/Aliados17Pue\" \/>\n<meta property=\"article:published_time\" content=\"2025-03-08T03:29:15+00:00\" \/>\n<meta property=\"og:image\" content=\"https:\/\/www.aliadospuebla.com\/web2017\/wp-content\/uploads\/2025\/03\/732.jpg\" \/>\n\t<meta property=\"og:image:width\" content=\"600\" \/>\n\t<meta property=\"og:image:height\" content=\"450\" \/>\n\t<meta property=\"og:image:type\" content=\"image\/jpeg\" \/>\n<meta name=\"author\" content=\"Aliados17\" \/>\n<meta name=\"twitter:card\" content=\"summary_large_image\" \/>\n<meta name=\"twitter:creator\" content=\"@AliadosPuebla\" \/>\n<meta name=\"twitter:label1\" content=\"Escrito por\" \/>\n\t<meta name=\"twitter:data1\" content=\"Aliados17\" \/>\n\t<meta name=\"twitter:label2\" content=\"Tiempo de lectura\" \/>\n\t<meta name=\"twitter:data2\" content=\"2 minutos\" \/>\n<script type=\"application\/ld+json\" class=\"yoast-schema-graph\">{\"@context\":\"https:\\\/\\\/schema.org\",\"@graph\":[{\"@type\":\"Article\",\"@id\":\"https:\\\/\\\/www.aliadospuebla.com\\\/?p=102693#article\",\"isPartOf\":{\"@id\":\"https:\\\/\\\/www.aliadospuebla.com\\\/?p=102693\"},\"author\":{\"name\":\"Aliados17\",\"@id\":\"https:\\\/\\\/www.aliadospuebla.com\\\/#\\\/schema\\\/person\\\/5da7dd09320bd4f392b710017ed5f8ad\"},\"headline\":\"CONMEMORA PRI ANIVERSARIO LUCTUOSO DE CARMEN CABALLERO CAMARILLO DE CORT\u00c9S\",\"datePublished\":\"2025-03-08T03:29:15+00:00\",\"mainEntityOfPage\":{\"@id\":\"https:\\\/\\\/www.aliadospuebla.com\\\/?p=102693\"},\"wordCount\":256,\"commentCount\":0,\"image\":{\"@id\":\"https:\\\/\\\/www.aliadospuebla.com\\\/?p=102693#primaryimage\"},\"thumbnailUrl\":\"https:\\\/\\\/www.aliadospuebla.com\\\/web2017\\\/wp-content\\\/uploads\\\/2025\\\/03\\\/732.jpg\",\"keywords\":[\"ANIVERSARIO LUCTUOSO\",\"Carmen Caballero Camarillo de Cort\u00e9s\",\"CDE\",\"DERECHOS POL\u00cdTICOS DE LAS MUJERES\",\"N\u00e9stor Camarillo Medina\"],\"articleSection\":[\"Pol\u00edtica\"],\"inLanguage\":\"es\",\"potentialAction\":[{\"@type\":\"CommentAction\",\"name\":\"Comment\",\"target\":[\"https:\\\/\\\/www.aliadospuebla.com\\\/?p=102693#respond\"]}]},{\"@type\":\"WebPage\",\"@id\":\"https:\\\/\\\/www.aliadospuebla.com\\\/?p=102693\",\"url\":\"https:\\\/\\\/www.aliadospuebla.com\\\/?p=102693\",\"name\":\"CONMEMORA PRI ANIVERSARIO LUCTUOSO DE CARMEN CABALLERO CAMARILLO DE CORT\u00c9S - AliadosPuebla\",\"isPartOf\":{\"@id\":\"https:\\\/\\\/www.aliadospuebla.com\\\/#website\"},\"primaryImageOfPage\":{\"@id\":\"https:\\\/\\\/www.aliadospuebla.com\\\/?p=102693#primaryimage\"},\"image\":{\"@id\":\"https:\\\/\\\/www.aliadospuebla.com\\\/?p=102693#primaryimage\"},\"thumbnailUrl\":\"https:\\\/\\\/www.aliadospuebla.com\\\/web2017\\\/wp-content\\\/uploads\\\/2025\\\/03\\\/732.jpg\",\"datePublished\":\"2025-03-08T03:29:15+00:00\",\"author\":{\"@id\":\"https:\\\/\\\/www.aliadospuebla.com\\\/#\\\/schema\\\/person\\\/5da7dd09320bd4f392b710017ed5f8ad\"},\"breadcrumb\":{\"@id\":\"https:\\\/\\\/www.aliadospuebla.com\\\/?p=102693#breadcrumb\"},\"inLanguage\":\"es\",\"potentialAction\":[{\"@type\":\"ReadAction\",\"target\":[\"https:\\\/\\\/www.aliadospuebla.com\\\/?p=102693\"]}]},{\"@type\":\"ImageObject\",\"inLanguage\":\"es\",\"@id\":\"https:\\\/\\\/www.aliadospuebla.com\\\/?p=102693#primaryimage\",\"url\":\"https:\\\/\\\/www.aliadospuebla.com\\\/web2017\\\/wp-content\\\/uploads\\\/2025\\\/03\\\/732.jpg\",\"contentUrl\":\"https:\\\/\\\/www.aliadospuebla.com\\\/web2017\\\/wp-content\\\/uploads\\\/2025\\\/03\\\/732.jpg\",\"width\":600,\"height\":450},{\"@type\":\"BreadcrumbList\",\"@id\":\"https:\\\/\\\/www.aliadospuebla.com\\\/?p=102693#breadcrumb\",\"itemListElement\":[{\"@type\":\"ListItem\",\"position\":1,\"name\":\"Portada\",\"item\":\"https:\\\/\\\/www.aliadospuebla.com\\\/\"},{\"@type\":\"ListItem\",\"position\":2,\"name\":\"CONMEMORA PRI ANIVERSARIO LUCTUOSO DE CARMEN CABALLERO CAMARILLO DE CORT\u00c9S\"}]},{\"@type\":\"WebSite\",\"@id\":\"https:\\\/\\\/www.aliadospuebla.com\\\/#website\",\"url\":\"https:\\\/\\\/www.aliadospuebla.com\\\/\",\"name\":\"AliadosPuebla\",\"description\":\"La informaci\u00f3n en tus manos\",\"potentialAction\":[{\"@type\":\"SearchAction\",\"target\":{\"@type\":\"EntryPoint\",\"urlTemplate\":\"https:\\\/\\\/www.aliadospuebla.com\\\/?s={search_term_string}\"},\"query-input\":{\"@type\":\"PropertyValueSpecification\",\"valueRequired\":true,\"valueName\":\"search_term_string\"}}],\"inLanguage\":\"es\"},{\"@type\":\"Person\",\"@id\":\"https:\\\/\\\/www.aliadospuebla.com\\\/#\\\/schema\\\/person\\\/5da7dd09320bd4f392b710017ed5f8ad\",\"name\":\"Aliados17\",\"image\":{\"@type\":\"ImageObject\",\"inLanguage\":\"es\",\"@id\":\"https:\\\/\\\/www.aliadospuebla.com\\\/web2017\\\/wp-content\\\/uploads\\\/2025\\\/03\\\/cropped-para-perfil-8-anos-1-96x96.jpg\",\"url\":\"https:\\\/\\\/www.aliadospuebla.com\\\/web2017\\\/wp-content\\\/uploads\\\/2025\\\/03\\\/cropped-para-perfil-8-anos-1-96x96.jpg\",\"contentUrl\":\"https:\\\/\\\/www.aliadospuebla.com\\\/web2017\\\/wp-content\\\/uploads\\\/2025\\\/03\\\/cropped-para-perfil-8-anos-1-96x96.jpg\",\"caption\":\"Aliados17\"},\"sameAs\":[\"https:\\\/\\\/www.aliados17.com\",\"https:\\\/\\\/www.facebook.com\\\/Aliados17Pue\",\"https:\\\/\\\/x.com\\\/AliadosPuebla\"],\"url\":\"https:\\\/\\\/www.aliadospuebla.com\\\/?author=2\"}]}<\/script>\n<!-- \/ Yoast SEO plugin. -->","yoast_head_json":{"title":"CONMEMORA PRI ANIVERSARIO LUCTUOSO DE CARMEN CABALLERO CAMARILLO DE CORT\u00c9S - AliadosPuebla","robots":{"index":"index","follow":"follow","max-snippet":"max-snippet:-1","max-image-preview":"max-image-preview:large","max-video-preview":"max-video-preview:-1"},"canonical":"https:\/\/www.aliadospuebla.com\/?p=102693","og_locale":"es_ES","og_type":"article","og_title":"CONMEMORA PRI ANIVERSARIO LUCTUOSO DE CARMEN CABALLERO CAMARILLO DE CORT\u00c9S - AliadosPuebla","og_description":"En el marco del D\u00eda de la Mujer, el presidente estatal del partido destac\u00f3 la importancia de mantener vigente la memoria de quienes abrieron brecha en los derechos pol\u00edticos de las mujeres. El presidente del Comit\u00e9 Directivo Estatal (CDE) del PRI, senador N\u00e9stor Camarillo Medina y la presidenta del Organismo Nacional de Mujeres Priistas (ONMPRI) en Puebla capital, regidora Shirley Ponce Luna, rindieron un homenaje con motivo del aniversario luctuoso n\u00famero 34 de Carmen Caballero Camarillo de Cort\u00e9s, impulsora del voto femenino en M\u00e9xico. Acompa\u00f1ado por priistas, el senador coloc\u00f3 una ofrenda floral en el monumento de la promotora de los derechos pol\u00edticos de las mujeres, que se encuentra ubicado sobre el camell\u00f3n central de la 43 Poniente, a la altura de la 3 Sur.&hellip;Leer m\u00e1s...","og_url":"https:\/\/www.aliadospuebla.com\/?p=102693","og_site_name":"AliadosPuebla","article_author":"https:\/\/www.facebook.com\/Aliados17Pue","article_published_time":"2025-03-08T03:29:15+00:00","og_image":[{"width":600,"height":450,"url":"https:\/\/www.aliadospuebla.com\/web2017\/wp-content\/uploads\/2025\/03\/732.jpg","type":"image\/jpeg"}],"author":"Aliados17","twitter_card":"summary_large_image","twitter_creator":"@AliadosPuebla","twitter_misc":{"Escrito por":"Aliados17","Tiempo de lectura":"2 minutos"},"schema":{"@context":"https:\/\/schema.org","@graph":[{"@type":"Article","@id":"https:\/\/www.aliadospuebla.com\/?p=102693#article","isPartOf":{"@id":"https:\/\/www.aliadospuebla.com\/?p=102693"},"author":{"name":"Aliados17","@id":"https:\/\/www.aliadospuebla.com\/#\/schema\/person\/5da7dd09320bd4f392b710017ed5f8ad"},"headline":"CONMEMORA PRI ANIVERSARIO LUCTUOSO DE CARMEN CABALLERO CAMARILLO DE CORT\u00c9S","datePublished":"2025-03-08T03:29:15+00:00","mainEntityOfPage":{"@id":"https:\/\/www.aliadospuebla.com\/?p=102693"},"wordCount":256,"commentCount":0,"image":{"@id":"https:\/\/www.aliadospuebla.com\/?p=102693#primaryimage"},"thumbnailUrl":"https:\/\/www.aliadospuebla.com\/web2017\/wp-content\/uploads\/2025\/03\/732.jpg","keywords":["ANIVERSARIO LUCTUOSO","Carmen Caballero Camarillo de Cort\u00e9s","CDE","DERECHOS POL\u00cdTICOS DE LAS MUJERES","N\u00e9stor Camarillo Medina"],"articleSection":["Pol\u00edtica"],"inLanguage":"es","potentialAction":[{"@type":"CommentAction","name":"Comment","target":["https:\/\/www.aliadospuebla.com\/?p=102693#respond"]}]},{"@type":"WebPage","@id":"https:\/\/www.aliadospuebla.com\/?p=102693","url":"https:\/\/www.aliadospuebla.com\/?p=102693","name":"CONMEMORA PRI ANIVERSARIO LUCTUOSO DE CARMEN CABALLERO CAMARILLO DE CORT\u00c9S - AliadosPuebla","isPartOf":{"@id":"https:\/\/www.aliadospuebla.com\/#website"},"primaryImageOfPage":{"@id":"https:\/\/www.aliadospuebla.com\/?p=102693#primaryimage"},"image":{"@id":"https:\/\/www.aliadospuebla.com\/?p=102693#primaryimage"},"thumbnailUrl":"https:\/\/www.aliadospuebla.com\/web2017\/wp-content\/uploads\/2025\/03\/732.jpg","datePublished":"2025-03-08T03:29:15+00:00","author":{"@id":"https:\/\/www.aliadospuebla.com\/#\/schema\/person\/5da7dd09320bd4f392b710017ed5f8ad"},"breadcrumb":{"@id":"https:\/\/www.aliadospuebla.com\/?p=102693#breadcrumb"},"inLanguage":"es","potentialAction":[{"@type":"ReadAction","target":["https:\/\/www.aliadospuebla.com\/?p=102693"]}]},{"@type":"ImageObject","inLanguage":"es","@id":"https:\/\/www.aliadospuebla.com\/?p=102693#primaryimage","url":"https:\/\/www.aliadospuebla.com\/web2017\/wp-content\/uploads\/2025\/03\/732.jpg","contentUrl":"https:\/\/www.aliadospuebla.com\/web2017\/wp-content\/uploads\/2025\/03\/732.jpg","width":600,"height":450},{"@type":"BreadcrumbList","@id":"https:\/\/www.aliadospuebla.com\/?p=102693#breadcrumb","itemListElement":[{"@type":"ListItem","position":1,"name":"Portada","item":"https:\/\/www.aliadospuebla.com\/"},{"@type":"ListItem","position":2,"name":"CONMEMORA PRI ANIVERSARIO LUCTUOSO DE CARMEN CABALLERO CAMARILLO DE CORT\u00c9S"}]},{"@type":"WebSite","@id":"https:\/\/www.aliadospuebla.com\/#website","url":"https:\/\/www.aliadospuebla.com\/","name":"AliadosPuebla","description":"La informaci\u00f3n en tus manos","potentialAction":[{"@type":"SearchAction","target":{"@type":"EntryPoint","urlTemplate":"https:\/\/www.aliadospuebla.com\/?s={search_term_string}"},"query-input":{"@type":"PropertyValueSpecification","valueRequired":true,"valueName":"search_term_string"}}],"inLanguage":"es"},{"@type":"Person","@id":"https:\/\/www.aliadospuebla.com\/#\/schema\/person\/5da7dd09320bd4f392b710017ed5f8ad","name":"Aliados17","image":{"@type":"ImageObject","inLanguage":"es","@id":"https:\/\/www.aliadospuebla.com\/web2017\/wp-content\/uploads\/2025\/03\/cropped-para-perfil-8-anos-1-96x96.jpg","url":"https:\/\/www.aliadospuebla.com\/web2017\/wp-content\/uploads\/2025\/03\/cropped-para-perfil-8-anos-1-96x96.jpg","contentUrl":"https:\/\/www.aliadospuebla.com\/web2017\/wp-content\/uploads\/2025\/03\/cropped-para-perfil-8-anos-1-96x96.jpg","caption":"Aliados17"},"sameAs":["https:\/\/www.aliados17.com","https:\/\/www.facebook.com\/Aliados17Pue","https:\/\/x.com\/AliadosPuebla"],"url":"https:\/\/www.aliadospuebla.com\/?author=2"}]}},"views":9,"_links":{"self":[{"href":"https:\/\/www.aliadospuebla.com\/index.php?rest_route=\/wp\/v2\/posts\/102693","targetHints":{"allow":["GET"]}}],"collection":[{"href":"https:\/\/www.aliadospuebla.com\/index.php?rest_route=\/wp\/v2\/posts"}],"about":[{"href":"https:\/\/www.aliadospuebla.com\/index.php?rest_route=\/wp\/v2\/types\/post"}],"author":[{"embeddable":true,"href":"https:\/\/www.aliadospuebla.com\/index.php?rest_route=\/wp\/v2\/users\/2"}],"replies":[{"embeddable":true,"href":"https:\/\/www.aliadospuebla.com\/index.php?rest_route=%2Fwp%2Fv2%2Fcomments&post=102693"}],"version-history":[{"count":1,"href":"https:\/\/www.aliadospuebla.com\/index.php?rest_route=\/wp\/v2\/posts\/102693\/revisions"}],"predecessor-version":[{"id":102695,"href":"https:\/\/www.aliadospuebla.com\/index.php?rest_route=\/wp\/v2\/posts\/102693\/revisions\/102695"}],"wp:featuredmedia":[{"embeddable":true,"href":"https:\/\/www.aliadospuebla.com\/index.php?rest_route=\/wp\/v2\/media\/102694"}],"wp:attachment":[{"href":"https:\/\/www.aliadospuebla.com\/index.php?rest_route=%2Fwp%2Fv2%2Fmedia&parent=102693"}],"wp:term":[{"taxonomy":"category","embeddable":true,"href":"https:\/\/www.aliadospuebla.com\/index.php?rest_route=%2Fwp%2Fv2%2Fcategories&post=102693"},{"taxonomy":"post_tag","embeddable":true,"href":"https:\/\/www.aliadospuebla.com\/index.php?rest_route=%2Fwp%2Fv2%2Ftags&post=102693"}],"curies":[{"name":"wp","href":"https:\/\/api.w.org\/{rel}","templated":true}]}}