{"id":102488,"date":"2025-03-03T11:39:25","date_gmt":"2025-03-03T17:39:25","guid":{"rendered":"https:\/\/www.aliadospuebla.com\/?p=102488"},"modified":"2025-03-03T11:39:25","modified_gmt":"2025-03-03T17:39:25","slug":"policia-municipal-de-cuautlancingo-detiene-a-sujeto-agresivo-en-la-uh-volkswagen-ii","status":"publish","type":"post","link":"https:\/\/www.aliadospuebla.com\/?p=102488","title":{"rendered":"Polic\u00eda Municipal de Cuautlancingo detiene a sujeto agresivo en la UH Volkswagen II"},"content":{"rendered":"<h4>Jos\u00e9 \u00abN\u00bb fue puesto a disposici\u00f3n del Ministerio P\u00fablico por delitos cometidos contra servidores p\u00fablicos<\/h4>\n<p>CUAUTLANCINGO, PUE. En atenci\u00f3n a una llamada de auxilio, elementos<\/p>\n<p>de la Secretar\u00eda de Seguridad Ciudadana y Protecci\u00f3n Civil de Cuautlancingo,<\/p>\n<p>detuvieron a Jos\u00e9 \u201cN\u201d, de 45 a\u00f1os, por delitos cometidos contra funcionarios p\u00fablicos<\/p>\n<p>en la Unidad Habitacional Volkswagen II, donde se report\u00f3 la presencia de un sujeto agresivo.<\/p>\n<p>En el lugar, los oficiales se entrevistaron con una mujer quien inform\u00f3 que su hijo<\/p>\n<p>se encontraba en estado de ebriedad y mostraba una conducta violenta,<\/p>\n<p>autorizando su ingreso al domicilio para proceder con su retiro.<\/p>\n<p>Al entrar un elemento fue agredido con un fuerte golpe en la cabeza; en respuesta, emple\u00f3 t\u00e9cnicas de contenci\u00f3n para neutralizar al individuo lo que deriv\u00f3 en una ca\u00edda de ambos, siendo trasladado a un hospital donde recibi\u00f3 los primeros auxilios.<\/p>\n<p>Por su parte, Jos\u00e9 \u00abN\u00bb fue puesto a disposici\u00f3n del Ministerio P\u00fablico por delitos cometidos contra servidores p\u00fablicos.<\/p>\n<p>Cabe destacar que, seg\u00fan informaci\u00f3n de Plataforma M\u00e9xico, el detenido cuenta con antecedentes por el mismo delito en el a\u00f1o 2007.<\/p>\n<p>El Gobierno Municipal de Cuautlancingo reitera su compromiso con la seguridad y el bienestar de la ciudadan\u00eda, as\u00ed como con la protecci\u00f3n de la integridad de los elementos de la corporaci\u00f3n en el cumplimiento de su deber.<\/p>\n","protected":false},"excerpt":{"rendered":"<p>Jos\u00e9 \u00abN\u00bb fue puesto a disposici\u00f3n del Ministerio P\u00fablico por delitos cometidos contra servidores p\u00fablicos CUAUTLANCINGO, PUE. En atenci\u00f3n a una llamada de auxilio, elementos de la Secretar\u00eda de Seguridad Ciudadana y Protecci\u00f3n Civil de Cuautlancingo, detuvieron a Jos\u00e9 \u201cN\u201d, de 45 a\u00f1os, por delitos cometidos contra funcionarios p\u00fablicos en la Unidad Habitacional Volkswagen II, donde se report\u00f3 la presencia de un sujeto agresivo. En el lugar, los oficiales se entrevistaron con una mujer quien inform\u00f3 que su hijo se encontraba en estado de ebriedad y mostraba una conducta violenta, autorizando su ingreso al domicilio para proceder con su retiro. Al entrar un elemento fue agredido con un fuerte golpe en la cabeza; en respuesta, emple\u00f3 t\u00e9cnicas de contenci\u00f3n para neutralizar al individuo lo que&hellip;<\/p>\n<p class=\"excerpt-more\"><a class=\"blog-excerpt button\" href=\"https:\/\/www.aliadospuebla.com\/?p=102488\">Leer m\u00e1s&#8230;<\/a><\/p>\n","protected":false},"author":2,"featured_media":102489,"comment_status":"open","ping_status":"open","sticky":false,"template":"","format":"standard","meta":{"_monsterinsights_skip_tracking":false,"footnotes":""},"categories":[4],"tags":[27819,18,9856,18559,27818],"class_list":["post-102488","post","type-post","status-publish","format-standard","has-post-thumbnail","hentry","category-municipios","tag-conducta-violenta","tag-cuautlancingo","tag-ministerio-publico","tag-plataforma-mexico","tag-sujeto-agresivo"],"yoast_head":"<!-- This site is optimized with the Yoast SEO plugin v28.4 - https:\/\/yoast.com\/product\/yoast-seo-wordpress\/ -->\n<title>Polic\u00eda Municipal de Cuautlancingo detiene a sujeto agresivo en la UH Volkswagen II - AliadosPuebla<\/title>\n<meta name=\"robots\" content=\"index, follow, max-snippet:-1, max-image-preview:large, max-video-preview:-1\" \/>\n<link rel=\"canonical\" href=\"https:\/\/www.aliadospuebla.com\/?p=102488\" \/>\n<meta property=\"og:locale\" content=\"es_ES\" \/>\n<meta property=\"og:type\" content=\"article\" \/>\n<meta property=\"og:title\" content=\"Polic\u00eda Municipal de Cuautlancingo detiene a sujeto agresivo en la UH Volkswagen II - AliadosPuebla\" \/>\n<meta property=\"og:description\" content=\"Jos\u00e9 \u00abN\u00bb fue puesto a disposici\u00f3n del Ministerio P\u00fablico por delitos cometidos contra servidores p\u00fablicos CUAUTLANCINGO, PUE. En atenci\u00f3n a una llamada de auxilio, elementos de la Secretar\u00eda de Seguridad Ciudadana y Protecci\u00f3n Civil de Cuautlancingo, detuvieron a Jos\u00e9 \u201cN\u201d, de 45 a\u00f1os, por delitos cometidos contra funcionarios p\u00fablicos en la Unidad Habitacional Volkswagen II, donde se report\u00f3 la presencia de un sujeto agresivo. En el lugar, los oficiales se entrevistaron con una mujer quien inform\u00f3 que su hijo se encontraba en estado de ebriedad y mostraba una conducta violenta, autorizando su ingreso al domicilio para proceder con su retiro. Al entrar un elemento fue agredido con un fuerte golpe en la cabeza; en respuesta, emple\u00f3 t\u00e9cnicas de contenci\u00f3n para neutralizar al individuo lo que&hellip;Leer m\u00e1s...\" \/>\n<meta property=\"og:url\" content=\"https:\/\/www.aliadospuebla.com\/?p=102488\" \/>\n<meta property=\"og:site_name\" content=\"AliadosPuebla\" \/>\n<meta property=\"article:author\" content=\"https:\/\/www.facebook.com\/Aliados17Pue\" \/>\n<meta property=\"article:published_time\" content=\"2025-03-03T17:39:25+00:00\" \/>\n<meta property=\"og:image\" content=\"https:\/\/www.aliadospuebla.com\/web2017\/wp-content\/uploads\/2025\/03\/681.jpg\" \/>\n\t<meta property=\"og:image:width\" content=\"600\" \/>\n\t<meta property=\"og:image:height\" content=\"450\" \/>\n\t<meta property=\"og:image:type\" content=\"image\/jpeg\" \/>\n<meta name=\"author\" content=\"Aliados17\" \/>\n<meta name=\"twitter:card\" content=\"summary_large_image\" \/>\n<meta name=\"twitter:creator\" content=\"@AliadosPuebla\" \/>\n<meta name=\"twitter:label1\" content=\"Escrito por\" \/>\n\t<meta name=\"twitter:data1\" content=\"Aliados17\" \/>\n\t<meta name=\"twitter:label2\" content=\"Tiempo de lectura\" \/>\n\t<meta name=\"twitter:data2\" content=\"1 minuto\" \/>\n<script type=\"application\/ld+json\" class=\"yoast-schema-graph\">{\"@context\":\"https:\\\/\\\/schema.org\",\"@graph\":[{\"@type\":\"Article\",\"@id\":\"https:\\\/\\\/www.aliadospuebla.com\\\/?p=102488#article\",\"isPartOf\":{\"@id\":\"https:\\\/\\\/www.aliadospuebla.com\\\/?p=102488\"},\"author\":{\"name\":\"Aliados17\",\"@id\":\"https:\\\/\\\/www.aliadospuebla.com\\\/#\\\/schema\\\/person\\\/5da7dd09320bd4f392b710017ed5f8ad\"},\"headline\":\"Polic\u00eda Municipal de Cuautlancingo detiene a sujeto agresivo en la UH Volkswagen II\",\"datePublished\":\"2025-03-03T17:39:25+00:00\",\"mainEntityOfPage\":{\"@id\":\"https:\\\/\\\/www.aliadospuebla.com\\\/?p=102488\"},\"wordCount\":250,\"commentCount\":0,\"image\":{\"@id\":\"https:\\\/\\\/www.aliadospuebla.com\\\/?p=102488#primaryimage\"},\"thumbnailUrl\":\"https:\\\/\\\/www.aliadospuebla.com\\\/web2017\\\/wp-content\\\/uploads\\\/2025\\\/03\\\/681.jpg\",\"keywords\":[\"conducta violenta\",\"Cuautlancingo\",\"ministerio p\u00fablico\",\"plataforma M\u00e9xico\",\"sujeto agresivo\"],\"articleSection\":[\"Municipios\"],\"inLanguage\":\"es\",\"potentialAction\":[{\"@type\":\"CommentAction\",\"name\":\"Comment\",\"target\":[\"https:\\\/\\\/www.aliadospuebla.com\\\/?p=102488#respond\"]}]},{\"@type\":\"WebPage\",\"@id\":\"https:\\\/\\\/www.aliadospuebla.com\\\/?p=102488\",\"url\":\"https:\\\/\\\/www.aliadospuebla.com\\\/?p=102488\",\"name\":\"Polic\u00eda Municipal de Cuautlancingo detiene a sujeto agresivo en la UH Volkswagen II - AliadosPuebla\",\"isPartOf\":{\"@id\":\"https:\\\/\\\/www.aliadospuebla.com\\\/#website\"},\"primaryImageOfPage\":{\"@id\":\"https:\\\/\\\/www.aliadospuebla.com\\\/?p=102488#primaryimage\"},\"image\":{\"@id\":\"https:\\\/\\\/www.aliadospuebla.com\\\/?p=102488#primaryimage\"},\"thumbnailUrl\":\"https:\\\/\\\/www.aliadospuebla.com\\\/web2017\\\/wp-content\\\/uploads\\\/2025\\\/03\\\/681.jpg\",\"datePublished\":\"2025-03-03T17:39:25+00:00\",\"author\":{\"@id\":\"https:\\\/\\\/www.aliadospuebla.com\\\/#\\\/schema\\\/person\\\/5da7dd09320bd4f392b710017ed5f8ad\"},\"breadcrumb\":{\"@id\":\"https:\\\/\\\/www.aliadospuebla.com\\\/?p=102488#breadcrumb\"},\"inLanguage\":\"es\",\"potentialAction\":[{\"@type\":\"ReadAction\",\"target\":[\"https:\\\/\\\/www.aliadospuebla.com\\\/?p=102488\"]}]},{\"@type\":\"ImageObject\",\"inLanguage\":\"es\",\"@id\":\"https:\\\/\\\/www.aliadospuebla.com\\\/?p=102488#primaryimage\",\"url\":\"https:\\\/\\\/www.aliadospuebla.com\\\/web2017\\\/wp-content\\\/uploads\\\/2025\\\/03\\\/681.jpg\",\"contentUrl\":\"https:\\\/\\\/www.aliadospuebla.com\\\/web2017\\\/wp-content\\\/uploads\\\/2025\\\/03\\\/681.jpg\",\"width\":600,\"height\":450},{\"@type\":\"BreadcrumbList\",\"@id\":\"https:\\\/\\\/www.aliadospuebla.com\\\/?p=102488#breadcrumb\",\"itemListElement\":[{\"@type\":\"ListItem\",\"position\":1,\"name\":\"Portada\",\"item\":\"https:\\\/\\\/www.aliadospuebla.com\\\/\"},{\"@type\":\"ListItem\",\"position\":2,\"name\":\"Polic\u00eda Municipal de Cuautlancingo detiene a sujeto agresivo en la UH Volkswagen II\"}]},{\"@type\":\"WebSite\",\"@id\":\"https:\\\/\\\/www.aliadospuebla.com\\\/#website\",\"url\":\"https:\\\/\\\/www.aliadospuebla.com\\\/\",\"name\":\"AliadosPuebla\",\"description\":\"La informaci\u00f3n en tus manos\",\"potentialAction\":[{\"@type\":\"SearchAction\",\"target\":{\"@type\":\"EntryPoint\",\"urlTemplate\":\"https:\\\/\\\/www.aliadospuebla.com\\\/?s={search_term_string}\"},\"query-input\":{\"@type\":\"PropertyValueSpecification\",\"valueRequired\":true,\"valueName\":\"search_term_string\"}}],\"inLanguage\":\"es\"},{\"@type\":\"Person\",\"@id\":\"https:\\\/\\\/www.aliadospuebla.com\\\/#\\\/schema\\\/person\\\/5da7dd09320bd4f392b710017ed5f8ad\",\"name\":\"Aliados17\",\"image\":{\"@type\":\"ImageObject\",\"inLanguage\":\"es\",\"@id\":\"https:\\\/\\\/www.aliadospuebla.com\\\/web2017\\\/wp-content\\\/uploads\\\/2025\\\/03\\\/cropped-para-perfil-8-anos-1-96x96.jpg\",\"url\":\"https:\\\/\\\/www.aliadospuebla.com\\\/web2017\\\/wp-content\\\/uploads\\\/2025\\\/03\\\/cropped-para-perfil-8-anos-1-96x96.jpg\",\"contentUrl\":\"https:\\\/\\\/www.aliadospuebla.com\\\/web2017\\\/wp-content\\\/uploads\\\/2025\\\/03\\\/cropped-para-perfil-8-anos-1-96x96.jpg\",\"caption\":\"Aliados17\"},\"sameAs\":[\"https:\\\/\\\/www.aliados17.com\",\"https:\\\/\\\/www.facebook.com\\\/Aliados17Pue\",\"https:\\\/\\\/x.com\\\/AliadosPuebla\"],\"url\":\"https:\\\/\\\/www.aliadospuebla.com\\\/?author=2\"}]}<\/script>\n<!-- \/ Yoast SEO plugin. -->","yoast_head_json":{"title":"Polic\u00eda Municipal de Cuautlancingo detiene a sujeto agresivo en la UH Volkswagen II - AliadosPuebla","robots":{"index":"index","follow":"follow","max-snippet":"max-snippet:-1","max-image-preview":"max-image-preview:large","max-video-preview":"max-video-preview:-1"},"canonical":"https:\/\/www.aliadospuebla.com\/?p=102488","og_locale":"es_ES","og_type":"article","og_title":"Polic\u00eda Municipal de Cuautlancingo detiene a sujeto agresivo en la UH Volkswagen II - AliadosPuebla","og_description":"Jos\u00e9 \u00abN\u00bb fue puesto a disposici\u00f3n del Ministerio P\u00fablico por delitos cometidos contra servidores p\u00fablicos CUAUTLANCINGO, PUE. En atenci\u00f3n a una llamada de auxilio, elementos de la Secretar\u00eda de Seguridad Ciudadana y Protecci\u00f3n Civil de Cuautlancingo, detuvieron a Jos\u00e9 \u201cN\u201d, de 45 a\u00f1os, por delitos cometidos contra funcionarios p\u00fablicos en la Unidad Habitacional Volkswagen II, donde se report\u00f3 la presencia de un sujeto agresivo. En el lugar, los oficiales se entrevistaron con una mujer quien inform\u00f3 que su hijo se encontraba en estado de ebriedad y mostraba una conducta violenta, autorizando su ingreso al domicilio para proceder con su retiro. Al entrar un elemento fue agredido con un fuerte golpe en la cabeza; en respuesta, emple\u00f3 t\u00e9cnicas de contenci\u00f3n para neutralizar al individuo lo que&hellip;Leer m\u00e1s...","og_url":"https:\/\/www.aliadospuebla.com\/?p=102488","og_site_name":"AliadosPuebla","article_author":"https:\/\/www.facebook.com\/Aliados17Pue","article_published_time":"2025-03-03T17:39:25+00:00","og_image":[{"width":600,"height":450,"url":"https:\/\/www.aliadospuebla.com\/web2017\/wp-content\/uploads\/2025\/03\/681.jpg","type":"image\/jpeg"}],"author":"Aliados17","twitter_card":"summary_large_image","twitter_creator":"@AliadosPuebla","twitter_misc":{"Escrito por":"Aliados17","Tiempo de lectura":"1 minuto"},"schema":{"@context":"https:\/\/schema.org","@graph":[{"@type":"Article","@id":"https:\/\/www.aliadospuebla.com\/?p=102488#article","isPartOf":{"@id":"https:\/\/www.aliadospuebla.com\/?p=102488"},"author":{"name":"Aliados17","@id":"https:\/\/www.aliadospuebla.com\/#\/schema\/person\/5da7dd09320bd4f392b710017ed5f8ad"},"headline":"Polic\u00eda Municipal de Cuautlancingo detiene a sujeto agresivo en la UH Volkswagen II","datePublished":"2025-03-03T17:39:25+00:00","mainEntityOfPage":{"@id":"https:\/\/www.aliadospuebla.com\/?p=102488"},"wordCount":250,"commentCount":0,"image":{"@id":"https:\/\/www.aliadospuebla.com\/?p=102488#primaryimage"},"thumbnailUrl":"https:\/\/www.aliadospuebla.com\/web2017\/wp-content\/uploads\/2025\/03\/681.jpg","keywords":["conducta violenta","Cuautlancingo","ministerio p\u00fablico","plataforma M\u00e9xico","sujeto agresivo"],"articleSection":["Municipios"],"inLanguage":"es","potentialAction":[{"@type":"CommentAction","name":"Comment","target":["https:\/\/www.aliadospuebla.com\/?p=102488#respond"]}]},{"@type":"WebPage","@id":"https:\/\/www.aliadospuebla.com\/?p=102488","url":"https:\/\/www.aliadospuebla.com\/?p=102488","name":"Polic\u00eda Municipal de Cuautlancingo detiene a sujeto agresivo en la UH Volkswagen II - AliadosPuebla","isPartOf":{"@id":"https:\/\/www.aliadospuebla.com\/#website"},"primaryImageOfPage":{"@id":"https:\/\/www.aliadospuebla.com\/?p=102488#primaryimage"},"image":{"@id":"https:\/\/www.aliadospuebla.com\/?p=102488#primaryimage"},"thumbnailUrl":"https:\/\/www.aliadospuebla.com\/web2017\/wp-content\/uploads\/2025\/03\/681.jpg","datePublished":"2025-03-03T17:39:25+00:00","author":{"@id":"https:\/\/www.aliadospuebla.com\/#\/schema\/person\/5da7dd09320bd4f392b710017ed5f8ad"},"breadcrumb":{"@id":"https:\/\/www.aliadospuebla.com\/?p=102488#breadcrumb"},"inLanguage":"es","potentialAction":[{"@type":"ReadAction","target":["https:\/\/www.aliadospuebla.com\/?p=102488"]}]},{"@type":"ImageObject","inLanguage":"es","@id":"https:\/\/www.aliadospuebla.com\/?p=102488#primaryimage","url":"https:\/\/www.aliadospuebla.com\/web2017\/wp-content\/uploads\/2025\/03\/681.jpg","contentUrl":"https:\/\/www.aliadospuebla.com\/web2017\/wp-content\/uploads\/2025\/03\/681.jpg","width":600,"height":450},{"@type":"BreadcrumbList","@id":"https:\/\/www.aliadospuebla.com\/?p=102488#breadcrumb","itemListElement":[{"@type":"ListItem","position":1,"name":"Portada","item":"https:\/\/www.aliadospuebla.com\/"},{"@type":"ListItem","position":2,"name":"Polic\u00eda Municipal de Cuautlancingo detiene a sujeto agresivo en la UH Volkswagen II"}]},{"@type":"WebSite","@id":"https:\/\/www.aliadospuebla.com\/#website","url":"https:\/\/www.aliadospuebla.com\/","name":"AliadosPuebla","description":"La informaci\u00f3n en tus manos","potentialAction":[{"@type":"SearchAction","target":{"@type":"EntryPoint","urlTemplate":"https:\/\/www.aliadospuebla.com\/?s={search_term_string}"},"query-input":{"@type":"PropertyValueSpecification","valueRequired":true,"valueName":"search_term_string"}}],"inLanguage":"es"},{"@type":"Person","@id":"https:\/\/www.aliadospuebla.com\/#\/schema\/person\/5da7dd09320bd4f392b710017ed5f8ad","name":"Aliados17","image":{"@type":"ImageObject","inLanguage":"es","@id":"https:\/\/www.aliadospuebla.com\/web2017\/wp-content\/uploads\/2025\/03\/cropped-para-perfil-8-anos-1-96x96.jpg","url":"https:\/\/www.aliadospuebla.com\/web2017\/wp-content\/uploads\/2025\/03\/cropped-para-perfil-8-anos-1-96x96.jpg","contentUrl":"https:\/\/www.aliadospuebla.com\/web2017\/wp-content\/uploads\/2025\/03\/cropped-para-perfil-8-anos-1-96x96.jpg","caption":"Aliados17"},"sameAs":["https:\/\/www.aliados17.com","https:\/\/www.facebook.com\/Aliados17Pue","https:\/\/x.com\/AliadosPuebla"],"url":"https:\/\/www.aliadospuebla.com\/?author=2"}]}},"views":9,"_links":{"self":[{"href":"https:\/\/www.aliadospuebla.com\/index.php?rest_route=\/wp\/v2\/posts\/102488","targetHints":{"allow":["GET"]}}],"collection":[{"href":"https:\/\/www.aliadospuebla.com\/index.php?rest_route=\/wp\/v2\/posts"}],"about":[{"href":"https:\/\/www.aliadospuebla.com\/index.php?rest_route=\/wp\/v2\/types\/post"}],"author":[{"embeddable":true,"href":"https:\/\/www.aliadospuebla.com\/index.php?rest_route=\/wp\/v2\/users\/2"}],"replies":[{"embeddable":true,"href":"https:\/\/www.aliadospuebla.com\/index.php?rest_route=%2Fwp%2Fv2%2Fcomments&post=102488"}],"version-history":[{"count":1,"href":"https:\/\/www.aliadospuebla.com\/index.php?rest_route=\/wp\/v2\/posts\/102488\/revisions"}],"predecessor-version":[{"id":102490,"href":"https:\/\/www.aliadospuebla.com\/index.php?rest_route=\/wp\/v2\/posts\/102488\/revisions\/102490"}],"wp:featuredmedia":[{"embeddable":true,"href":"https:\/\/www.aliadospuebla.com\/index.php?rest_route=\/wp\/v2\/media\/102489"}],"wp:attachment":[{"href":"https:\/\/www.aliadospuebla.com\/index.php?rest_route=%2Fwp%2Fv2%2Fmedia&parent=102488"}],"wp:term":[{"taxonomy":"category","embeddable":true,"href":"https:\/\/www.aliadospuebla.com\/index.php?rest_route=%2Fwp%2Fv2%2Fcategories&post=102488"},{"taxonomy":"post_tag","embeddable":true,"href":"https:\/\/www.aliadospuebla.com\/index.php?rest_route=%2Fwp%2Fv2%2Ftags&post=102488"}],"curies":[{"name":"wp","href":"https:\/\/api.w.org\/{rel}","templated":true}]}}