{"id":102465,"date":"2025-03-02T23:41:48","date_gmt":"2025-03-03T05:41:48","guid":{"rendered":"https:\/\/www.aliadospuebla.com\/?p=102465"},"modified":"2025-03-02T23:41:48","modified_gmt":"2025-03-03T05:41:48","slug":"alcalde-de-coronango-armando-aguirre-invita-a-la-jornada-de-martes-ciudadano","status":"publish","type":"post","link":"https:\/\/www.aliadospuebla.com\/?p=102465","title":{"rendered":"Alcalde de Coronango, Armando Aguirre, invita a la jornada de Martes Ciudadano"},"content":{"rendered":"<h4>&#8211; El Martes Ciudadano se realizar\u00e1 el pr\u00f3ximo 04 de marzo en la explanada de la cabecera municipal.<\/p>\n<p>&#8211; Los interesados podr\u00e1s asistir en un horario de 10:00 a 13:00 donde tambi\u00e9n estar\u00e1 el DIF municipal y el ICATEP.<\/h4>\n<p>Con el objetivo de atender de manera directa a los habitantes de Coronango, el presidente municipal,<\/p>\n<p>Armando Aguirre, invita a la jornada de Martes Ciudadano que se realizar\u00e1 el pr\u00f3ximo 04 de marzo<\/p>\n<p>en la explanada de la cabecera municipal de Coronango en un horario de 10:00 a 13:00 horas.<\/p>\n<p>El edil indic\u00f3 que junto con el Cabildo, coordinadores y directores del Ayuntamiento atender\u00e1n a todas las ciudadanas y ciudadanos para dar respuesta a sus peticiones.<\/p>\n<p>\u00abCualquier duda o petici\u00f3n ser\u00e1 atendida y tendr\u00e1 una respuesta inmediata porque como servidores p\u00fablicos tenemos la responsabilidad de solucionar los problemas que tiene el pueblo\u00bb.<\/p>\n<p>Armando Aguirre detall\u00f3 que adem\u00e1s de su gabinete, habr\u00e1 otros servicios como el del DIF municipal, encabezado por la presidenta honoraria, Mar\u00eda del Pilar Tototzintle, con una clase de activaci\u00f3n f\u00edsica, previo a iniciar el Martes Ciudadano, adem\u00e1s de los servicios complementarios que tiene como atenci\u00f3n visual, vacunaci\u00f3n contra influenza, aplicaci\u00f3n de pruebas de detecci\u00f3n de VIH, VPH, s\u00edfilis y ant\u00edgeno prost\u00e1tico.<\/p>\n<p>Tambi\u00e9n el Instituto de Capacitaci\u00f3n para el Trabajo del Estado de Puebla (ICATEP), realizar\u00e1 cortes de cabello, ex\u00e1men de la vista y un taller sobre preparaci\u00f3n de bebidas.<\/p>\n<p>El presidente municipal de Coronango, reiter\u00f3 el compromiso de su administraci\u00f3n para atender a las ciudadanas y ciudadanos de manera pronta, transparente y buscando en todo momento que reciba el respaldo de su gobierno.<\/p>\n","protected":false},"excerpt":{"rendered":"<p>&#8211; El Martes Ciudadano se realizar\u00e1 el pr\u00f3ximo 04 de marzo en la explanada de la cabecera municipal. &#8211; Los interesados podr\u00e1s asistir en un horario de 10:00 a 13:00 donde tambi\u00e9n estar\u00e1 el DIF municipal y el ICATEP. Con el objetivo de atender de manera directa a los habitantes de Coronango, el presidente municipal, Armando Aguirre, invita a la jornada de Martes Ciudadano que se realizar\u00e1 el pr\u00f3ximo 04 de marzo en la explanada de la cabecera municipal de Coronango en un horario de 10:00 a 13:00 horas. El edil indic\u00f3 que junto con el Cabildo, coordinadores y directores del Ayuntamiento atender\u00e1n a todas las ciudadanas y ciudadanos para dar respuesta a sus peticiones. \u00abCualquier duda o petici\u00f3n ser\u00e1 atendida y tendr\u00e1 una respuesta&hellip;<\/p>\n<p class=\"excerpt-more\"><a class=\"blog-excerpt button\" href=\"https:\/\/www.aliadospuebla.com\/?p=102465\">Leer m\u00e1s&#8230;<\/a><\/p>\n","protected":false},"author":2,"featured_media":102466,"comment_status":"open","ping_status":"open","sticky":false,"template":"","format":"standard","meta":{"_monsterinsights_skip_tracking":false,"footnotes":""},"categories":[4],"tags":[23275,253,26405,10000,1992],"class_list":["post-102465","post","type-post","status-publish","format-standard","has-post-thumbnail","hentry","category-municipios","tag-armando-aguirre","tag-coronango","tag-maria-del-pilar-tototzintle","tag-martes-ciudadano","tag-peticiones"],"yoast_head":"<!-- This site is optimized with the Yoast SEO plugin v28.4 - https:\/\/yoast.com\/product\/yoast-seo-wordpress\/ -->\n<title>Alcalde de Coronango, Armando Aguirre, invita a la jornada de Martes Ciudadano - AliadosPuebla<\/title>\n<meta name=\"robots\" content=\"index, follow, max-snippet:-1, max-image-preview:large, max-video-preview:-1\" \/>\n<link rel=\"canonical\" href=\"https:\/\/www.aliadospuebla.com\/?p=102465\" \/>\n<meta property=\"og:locale\" content=\"es_ES\" \/>\n<meta property=\"og:type\" content=\"article\" \/>\n<meta property=\"og:title\" content=\"Alcalde de Coronango, Armando Aguirre, invita a la jornada de Martes Ciudadano - AliadosPuebla\" \/>\n<meta property=\"og:description\" content=\"&#8211; El Martes Ciudadano se realizar\u00e1 el pr\u00f3ximo 04 de marzo en la explanada de la cabecera municipal. &#8211; Los interesados podr\u00e1s asistir en un horario de 10:00 a 13:00 donde tambi\u00e9n estar\u00e1 el DIF municipal y el ICATEP. Con el objetivo de atender de manera directa a los habitantes de Coronango, el presidente municipal, Armando Aguirre, invita a la jornada de Martes Ciudadano que se realizar\u00e1 el pr\u00f3ximo 04 de marzo en la explanada de la cabecera municipal de Coronango en un horario de 10:00 a 13:00 horas. El edil indic\u00f3 que junto con el Cabildo, coordinadores y directores del Ayuntamiento atender\u00e1n a todas las ciudadanas y ciudadanos para dar respuesta a sus peticiones. \u00abCualquier duda o petici\u00f3n ser\u00e1 atendida y tendr\u00e1 una respuesta&hellip;Leer m\u00e1s...\" \/>\n<meta property=\"og:url\" content=\"https:\/\/www.aliadospuebla.com\/?p=102465\" \/>\n<meta property=\"og:site_name\" content=\"AliadosPuebla\" \/>\n<meta property=\"article:author\" content=\"https:\/\/www.facebook.com\/Aliados17Pue\" \/>\n<meta property=\"article:published_time\" content=\"2025-03-03T05:41:48+00:00\" \/>\n<meta property=\"og:image\" content=\"https:\/\/www.aliadospuebla.com\/web2017\/wp-content\/uploads\/2025\/03\/674.jpg\" \/>\n\t<meta property=\"og:image:width\" content=\"600\" \/>\n\t<meta property=\"og:image:height\" content=\"450\" \/>\n\t<meta property=\"og:image:type\" content=\"image\/jpeg\" \/>\n<meta name=\"author\" content=\"Aliados17\" \/>\n<meta name=\"twitter:card\" content=\"summary_large_image\" \/>\n<meta name=\"twitter:creator\" content=\"@AliadosPuebla\" \/>\n<meta name=\"twitter:label1\" content=\"Escrito por\" \/>\n\t<meta name=\"twitter:data1\" content=\"Aliados17\" \/>\n\t<meta name=\"twitter:label2\" content=\"Tiempo de lectura\" \/>\n\t<meta name=\"twitter:data2\" content=\"2 minutos\" \/>\n<script type=\"application\/ld+json\" class=\"yoast-schema-graph\">{\"@context\":\"https:\\\/\\\/schema.org\",\"@graph\":[{\"@type\":\"Article\",\"@id\":\"https:\\\/\\\/www.aliadospuebla.com\\\/?p=102465#article\",\"isPartOf\":{\"@id\":\"https:\\\/\\\/www.aliadospuebla.com\\\/?p=102465\"},\"author\":{\"name\":\"Aliados17\",\"@id\":\"https:\\\/\\\/www.aliadospuebla.com\\\/#\\\/schema\\\/person\\\/5da7dd09320bd4f392b710017ed5f8ad\"},\"headline\":\"Alcalde de Coronango, Armando Aguirre, invita a la jornada de Martes Ciudadano\",\"datePublished\":\"2025-03-03T05:41:48+00:00\",\"mainEntityOfPage\":{\"@id\":\"https:\\\/\\\/www.aliadospuebla.com\\\/?p=102465\"},\"wordCount\":295,\"commentCount\":0,\"image\":{\"@id\":\"https:\\\/\\\/www.aliadospuebla.com\\\/?p=102465#primaryimage\"},\"thumbnailUrl\":\"https:\\\/\\\/www.aliadospuebla.com\\\/web2017\\\/wp-content\\\/uploads\\\/2025\\\/03\\\/674.jpg\",\"keywords\":[\"Armando Aguirre\",\"Coronango\",\"Mar\u00eda del Pilar Tototzintle\",\"MARTES CIUDADANO\",\"PETICIONES\"],\"articleSection\":[\"Municipios\"],\"inLanguage\":\"es\",\"potentialAction\":[{\"@type\":\"CommentAction\",\"name\":\"Comment\",\"target\":[\"https:\\\/\\\/www.aliadospuebla.com\\\/?p=102465#respond\"]}]},{\"@type\":\"WebPage\",\"@id\":\"https:\\\/\\\/www.aliadospuebla.com\\\/?p=102465\",\"url\":\"https:\\\/\\\/www.aliadospuebla.com\\\/?p=102465\",\"name\":\"Alcalde de Coronango, Armando Aguirre, invita a la jornada de Martes Ciudadano - AliadosPuebla\",\"isPartOf\":{\"@id\":\"https:\\\/\\\/www.aliadospuebla.com\\\/#website\"},\"primaryImageOfPage\":{\"@id\":\"https:\\\/\\\/www.aliadospuebla.com\\\/?p=102465#primaryimage\"},\"image\":{\"@id\":\"https:\\\/\\\/www.aliadospuebla.com\\\/?p=102465#primaryimage\"},\"thumbnailUrl\":\"https:\\\/\\\/www.aliadospuebla.com\\\/web2017\\\/wp-content\\\/uploads\\\/2025\\\/03\\\/674.jpg\",\"datePublished\":\"2025-03-03T05:41:48+00:00\",\"author\":{\"@id\":\"https:\\\/\\\/www.aliadospuebla.com\\\/#\\\/schema\\\/person\\\/5da7dd09320bd4f392b710017ed5f8ad\"},\"breadcrumb\":{\"@id\":\"https:\\\/\\\/www.aliadospuebla.com\\\/?p=102465#breadcrumb\"},\"inLanguage\":\"es\",\"potentialAction\":[{\"@type\":\"ReadAction\",\"target\":[\"https:\\\/\\\/www.aliadospuebla.com\\\/?p=102465\"]}]},{\"@type\":\"ImageObject\",\"inLanguage\":\"es\",\"@id\":\"https:\\\/\\\/www.aliadospuebla.com\\\/?p=102465#primaryimage\",\"url\":\"https:\\\/\\\/www.aliadospuebla.com\\\/web2017\\\/wp-content\\\/uploads\\\/2025\\\/03\\\/674.jpg\",\"contentUrl\":\"https:\\\/\\\/www.aliadospuebla.com\\\/web2017\\\/wp-content\\\/uploads\\\/2025\\\/03\\\/674.jpg\",\"width\":600,\"height\":450},{\"@type\":\"BreadcrumbList\",\"@id\":\"https:\\\/\\\/www.aliadospuebla.com\\\/?p=102465#breadcrumb\",\"itemListElement\":[{\"@type\":\"ListItem\",\"position\":1,\"name\":\"Portada\",\"item\":\"https:\\\/\\\/www.aliadospuebla.com\\\/\"},{\"@type\":\"ListItem\",\"position\":2,\"name\":\"Alcalde de Coronango, Armando Aguirre, invita a la jornada de Martes Ciudadano\"}]},{\"@type\":\"WebSite\",\"@id\":\"https:\\\/\\\/www.aliadospuebla.com\\\/#website\",\"url\":\"https:\\\/\\\/www.aliadospuebla.com\\\/\",\"name\":\"AliadosPuebla\",\"description\":\"La informaci\u00f3n en tus manos\",\"potentialAction\":[{\"@type\":\"SearchAction\",\"target\":{\"@type\":\"EntryPoint\",\"urlTemplate\":\"https:\\\/\\\/www.aliadospuebla.com\\\/?s={search_term_string}\"},\"query-input\":{\"@type\":\"PropertyValueSpecification\",\"valueRequired\":true,\"valueName\":\"search_term_string\"}}],\"inLanguage\":\"es\"},{\"@type\":\"Person\",\"@id\":\"https:\\\/\\\/www.aliadospuebla.com\\\/#\\\/schema\\\/person\\\/5da7dd09320bd4f392b710017ed5f8ad\",\"name\":\"Aliados17\",\"image\":{\"@type\":\"ImageObject\",\"inLanguage\":\"es\",\"@id\":\"https:\\\/\\\/www.aliadospuebla.com\\\/web2017\\\/wp-content\\\/uploads\\\/2025\\\/03\\\/cropped-para-perfil-8-anos-1-96x96.jpg\",\"url\":\"https:\\\/\\\/www.aliadospuebla.com\\\/web2017\\\/wp-content\\\/uploads\\\/2025\\\/03\\\/cropped-para-perfil-8-anos-1-96x96.jpg\",\"contentUrl\":\"https:\\\/\\\/www.aliadospuebla.com\\\/web2017\\\/wp-content\\\/uploads\\\/2025\\\/03\\\/cropped-para-perfil-8-anos-1-96x96.jpg\",\"caption\":\"Aliados17\"},\"sameAs\":[\"https:\\\/\\\/www.aliados17.com\",\"https:\\\/\\\/www.facebook.com\\\/Aliados17Pue\",\"https:\\\/\\\/x.com\\\/AliadosPuebla\"],\"url\":\"https:\\\/\\\/www.aliadospuebla.com\\\/?author=2\"}]}<\/script>\n<!-- \/ Yoast SEO plugin. -->","yoast_head_json":{"title":"Alcalde de Coronango, Armando Aguirre, invita a la jornada de Martes Ciudadano - AliadosPuebla","robots":{"index":"index","follow":"follow","max-snippet":"max-snippet:-1","max-image-preview":"max-image-preview:large","max-video-preview":"max-video-preview:-1"},"canonical":"https:\/\/www.aliadospuebla.com\/?p=102465","og_locale":"es_ES","og_type":"article","og_title":"Alcalde de Coronango, Armando Aguirre, invita a la jornada de Martes Ciudadano - AliadosPuebla","og_description":"&#8211; El Martes Ciudadano se realizar\u00e1 el pr\u00f3ximo 04 de marzo en la explanada de la cabecera municipal. &#8211; Los interesados podr\u00e1s asistir en un horario de 10:00 a 13:00 donde tambi\u00e9n estar\u00e1 el DIF municipal y el ICATEP. Con el objetivo de atender de manera directa a los habitantes de Coronango, el presidente municipal, Armando Aguirre, invita a la jornada de Martes Ciudadano que se realizar\u00e1 el pr\u00f3ximo 04 de marzo en la explanada de la cabecera municipal de Coronango en un horario de 10:00 a 13:00 horas. El edil indic\u00f3 que junto con el Cabildo, coordinadores y directores del Ayuntamiento atender\u00e1n a todas las ciudadanas y ciudadanos para dar respuesta a sus peticiones. \u00abCualquier duda o petici\u00f3n ser\u00e1 atendida y tendr\u00e1 una respuesta&hellip;Leer m\u00e1s...","og_url":"https:\/\/www.aliadospuebla.com\/?p=102465","og_site_name":"AliadosPuebla","article_author":"https:\/\/www.facebook.com\/Aliados17Pue","article_published_time":"2025-03-03T05:41:48+00:00","og_image":[{"width":600,"height":450,"url":"https:\/\/www.aliadospuebla.com\/web2017\/wp-content\/uploads\/2025\/03\/674.jpg","type":"image\/jpeg"}],"author":"Aliados17","twitter_card":"summary_large_image","twitter_creator":"@AliadosPuebla","twitter_misc":{"Escrito por":"Aliados17","Tiempo de lectura":"2 minutos"},"schema":{"@context":"https:\/\/schema.org","@graph":[{"@type":"Article","@id":"https:\/\/www.aliadospuebla.com\/?p=102465#article","isPartOf":{"@id":"https:\/\/www.aliadospuebla.com\/?p=102465"},"author":{"name":"Aliados17","@id":"https:\/\/www.aliadospuebla.com\/#\/schema\/person\/5da7dd09320bd4f392b710017ed5f8ad"},"headline":"Alcalde de Coronango, Armando Aguirre, invita a la jornada de Martes Ciudadano","datePublished":"2025-03-03T05:41:48+00:00","mainEntityOfPage":{"@id":"https:\/\/www.aliadospuebla.com\/?p=102465"},"wordCount":295,"commentCount":0,"image":{"@id":"https:\/\/www.aliadospuebla.com\/?p=102465#primaryimage"},"thumbnailUrl":"https:\/\/www.aliadospuebla.com\/web2017\/wp-content\/uploads\/2025\/03\/674.jpg","keywords":["Armando Aguirre","Coronango","Mar\u00eda del Pilar Tototzintle","MARTES CIUDADANO","PETICIONES"],"articleSection":["Municipios"],"inLanguage":"es","potentialAction":[{"@type":"CommentAction","name":"Comment","target":["https:\/\/www.aliadospuebla.com\/?p=102465#respond"]}]},{"@type":"WebPage","@id":"https:\/\/www.aliadospuebla.com\/?p=102465","url":"https:\/\/www.aliadospuebla.com\/?p=102465","name":"Alcalde de Coronango, Armando Aguirre, invita a la jornada de Martes Ciudadano - AliadosPuebla","isPartOf":{"@id":"https:\/\/www.aliadospuebla.com\/#website"},"primaryImageOfPage":{"@id":"https:\/\/www.aliadospuebla.com\/?p=102465#primaryimage"},"image":{"@id":"https:\/\/www.aliadospuebla.com\/?p=102465#primaryimage"},"thumbnailUrl":"https:\/\/www.aliadospuebla.com\/web2017\/wp-content\/uploads\/2025\/03\/674.jpg","datePublished":"2025-03-03T05:41:48+00:00","author":{"@id":"https:\/\/www.aliadospuebla.com\/#\/schema\/person\/5da7dd09320bd4f392b710017ed5f8ad"},"breadcrumb":{"@id":"https:\/\/www.aliadospuebla.com\/?p=102465#breadcrumb"},"inLanguage":"es","potentialAction":[{"@type":"ReadAction","target":["https:\/\/www.aliadospuebla.com\/?p=102465"]}]},{"@type":"ImageObject","inLanguage":"es","@id":"https:\/\/www.aliadospuebla.com\/?p=102465#primaryimage","url":"https:\/\/www.aliadospuebla.com\/web2017\/wp-content\/uploads\/2025\/03\/674.jpg","contentUrl":"https:\/\/www.aliadospuebla.com\/web2017\/wp-content\/uploads\/2025\/03\/674.jpg","width":600,"height":450},{"@type":"BreadcrumbList","@id":"https:\/\/www.aliadospuebla.com\/?p=102465#breadcrumb","itemListElement":[{"@type":"ListItem","position":1,"name":"Portada","item":"https:\/\/www.aliadospuebla.com\/"},{"@type":"ListItem","position":2,"name":"Alcalde de Coronango, Armando Aguirre, invita a la jornada de Martes Ciudadano"}]},{"@type":"WebSite","@id":"https:\/\/www.aliadospuebla.com\/#website","url":"https:\/\/www.aliadospuebla.com\/","name":"AliadosPuebla","description":"La informaci\u00f3n en tus manos","potentialAction":[{"@type":"SearchAction","target":{"@type":"EntryPoint","urlTemplate":"https:\/\/www.aliadospuebla.com\/?s={search_term_string}"},"query-input":{"@type":"PropertyValueSpecification","valueRequired":true,"valueName":"search_term_string"}}],"inLanguage":"es"},{"@type":"Person","@id":"https:\/\/www.aliadospuebla.com\/#\/schema\/person\/5da7dd09320bd4f392b710017ed5f8ad","name":"Aliados17","image":{"@type":"ImageObject","inLanguage":"es","@id":"https:\/\/www.aliadospuebla.com\/web2017\/wp-content\/uploads\/2025\/03\/cropped-para-perfil-8-anos-1-96x96.jpg","url":"https:\/\/www.aliadospuebla.com\/web2017\/wp-content\/uploads\/2025\/03\/cropped-para-perfil-8-anos-1-96x96.jpg","contentUrl":"https:\/\/www.aliadospuebla.com\/web2017\/wp-content\/uploads\/2025\/03\/cropped-para-perfil-8-anos-1-96x96.jpg","caption":"Aliados17"},"sameAs":["https:\/\/www.aliados17.com","https:\/\/www.facebook.com\/Aliados17Pue","https:\/\/x.com\/AliadosPuebla"],"url":"https:\/\/www.aliadospuebla.com\/?author=2"}]}},"views":12,"_links":{"self":[{"href":"https:\/\/www.aliadospuebla.com\/index.php?rest_route=\/wp\/v2\/posts\/102465","targetHints":{"allow":["GET"]}}],"collection":[{"href":"https:\/\/www.aliadospuebla.com\/index.php?rest_route=\/wp\/v2\/posts"}],"about":[{"href":"https:\/\/www.aliadospuebla.com\/index.php?rest_route=\/wp\/v2\/types\/post"}],"author":[{"embeddable":true,"href":"https:\/\/www.aliadospuebla.com\/index.php?rest_route=\/wp\/v2\/users\/2"}],"replies":[{"embeddable":true,"href":"https:\/\/www.aliadospuebla.com\/index.php?rest_route=%2Fwp%2Fv2%2Fcomments&post=102465"}],"version-history":[{"count":1,"href":"https:\/\/www.aliadospuebla.com\/index.php?rest_route=\/wp\/v2\/posts\/102465\/revisions"}],"predecessor-version":[{"id":102467,"href":"https:\/\/www.aliadospuebla.com\/index.php?rest_route=\/wp\/v2\/posts\/102465\/revisions\/102467"}],"wp:featuredmedia":[{"embeddable":true,"href":"https:\/\/www.aliadospuebla.com\/index.php?rest_route=\/wp\/v2\/media\/102466"}],"wp:attachment":[{"href":"https:\/\/www.aliadospuebla.com\/index.php?rest_route=%2Fwp%2Fv2%2Fmedia&parent=102465"}],"wp:term":[{"taxonomy":"category","embeddable":true,"href":"https:\/\/www.aliadospuebla.com\/index.php?rest_route=%2Fwp%2Fv2%2Fcategories&post=102465"},{"taxonomy":"post_tag","embeddable":true,"href":"https:\/\/www.aliadospuebla.com\/index.php?rest_route=%2Fwp%2Fv2%2Ftags&post=102465"}],"curies":[{"name":"wp","href":"https:\/\/api.w.org\/{rel}","templated":true}]}}