{"id":102414,"date":"2025-02-28T01:16:21","date_gmt":"2025-02-28T07:16:21","guid":{"rendered":"https:\/\/www.aliadospuebla.com\/?p=102414"},"modified":"2025-02-28T01:17:43","modified_gmt":"2025-02-28T07:17:43","slug":"firma-gobierno-de-cholula-convenio-de-colaboracion-con-la-camara-de-comercio","status":"publish","type":"post","link":"https:\/\/www.aliadospuebla.com\/?p=102414","title":{"rendered":"Firma Gobierno de Cholula convenio de colaboraci\u00f3n con la C\u00e1mara de Comercio"},"content":{"rendered":"<h4>En favor del turismo y la prestaci\u00f3n de servicios en el municipio<\/h4>\n<p>San Pedro Cholula, Pue.- El Gobierno Municipal de San Pedro Cholula, presidido por Tonantzin Fern\u00e1ndez, signo\u0301 un convenio de colaboraci\u00f3n con la C\u00e1mara de Comercio, a fin de generar mejores condiciones tur\u00edsticas, a trav\u00e9s de la prestaci\u00f3n de servicios en comercios y establecimientos del municipio.<\/p>\n<p>Sobre ello, la presidenta municipal sentencio\u0301 que este tipo de acciones por parte del Gobierno Municipal reflejan la apertura y la disposici\u00f3n para atraer el turismo y hacer que se quede por m\u00e1s tiempo en San Pedro Cholula y que, a su vez, puedan recomendar al municipio.<\/p>\n<p>Por su parte, Juan Pablo Cisneros Madrid, presidente de la C\u00e1mara de Comercio agradeci\u00f3 la colaboraci\u00f3n del Ayuntamiento de Cholula, pues este convenio no s\u00f3lo sirve para estrechar lazos, sino para promover y potenciar la derrama econ\u00f3mica y la dignificaci\u00f3n del servicio al cliente.<\/p>\n<p>Cabe mencionar que este pacto contempla diversas mejoras, entre ellas el uso de tecnolog\u00edas en el servicio, la implementaci\u00f3n de programas encaminados a potenciar el emprendimiento, la capacitaci\u00f3n de aquellos que prestan un servicio, entre otras.<\/p>\n","protected":false},"excerpt":{"rendered":"<p>En favor del turismo y la prestaci\u00f3n de servicios en el municipio San Pedro Cholula, Pue.- El Gobierno Municipal de San Pedro Cholula, presidido por Tonantzin Fern\u00e1ndez, signo\u0301 un convenio de colaboraci\u00f3n con la C\u00e1mara de Comercio, a fin de generar mejores condiciones tur\u00edsticas, a trav\u00e9s de la prestaci\u00f3n de servicios en comercios y establecimientos del municipio. Sobre ello, la presidenta municipal sentencio\u0301 que este tipo de acciones por parte del Gobierno Municipal reflejan la apertura y la disposici\u00f3n para atraer el turismo y hacer que se quede por m\u00e1s tiempo en San Pedro Cholula y que, a su vez, puedan recomendar al municipio. Por su parte, Juan Pablo Cisneros Madrid, presidente de la C\u00e1mara de Comercio agradeci\u00f3 la colaboraci\u00f3n del Ayuntamiento de Cholula, pues&hellip;<\/p>\n<p class=\"excerpt-more\"><a class=\"blog-excerpt button\" href=\"https:\/\/www.aliadospuebla.com\/?p=102414\">Leer m\u00e1s&#8230;<\/a><\/p>\n","protected":false},"author":2,"featured_media":102415,"comment_status":"open","ping_status":"open","sticky":false,"template":"","format":"standard","meta":{"_monsterinsights_skip_tracking":false,"footnotes":""},"categories":[4],"tags":[27789,2513,27791,27267,27790,387,7394],"class_list":["post-102414","post","type-post","status-publish","format-standard","has-post-thumbnail","hentry","category-municipios","tag-camara-de-comercio","tag-convenio-de-colaboracion","tag-dignificacion-del-servicio","tag-juan-pablo-cisneros-madrid","tag-prestacion-de-servicios","tag-san-pedro-cholula","tag-tonantzin-fernandez"],"yoast_head":"<!-- This site is optimized with the Yoast SEO plugin v28.4 - https:\/\/yoast.com\/product\/yoast-seo-wordpress\/ -->\n<title>Firma Gobierno de Cholula convenio de colaboraci\u00f3n con la C\u00e1mara de Comercio - AliadosPuebla<\/title>\n<meta name=\"robots\" content=\"index, follow, max-snippet:-1, max-image-preview:large, max-video-preview:-1\" \/>\n<link rel=\"canonical\" href=\"https:\/\/www.aliadospuebla.com\/?p=102414\" \/>\n<meta property=\"og:locale\" content=\"es_ES\" \/>\n<meta property=\"og:type\" content=\"article\" \/>\n<meta property=\"og:title\" content=\"Firma Gobierno de Cholula convenio de colaboraci\u00f3n con la C\u00e1mara de Comercio - AliadosPuebla\" \/>\n<meta property=\"og:description\" content=\"En favor del turismo y la prestaci\u00f3n de servicios en el municipio San Pedro Cholula, Pue.- El Gobierno Municipal de San Pedro Cholula, presidido por Tonantzin Fern\u00e1ndez, signo\u0301 un convenio de colaboraci\u00f3n con la C\u00e1mara de Comercio, a fin de generar mejores condiciones tur\u00edsticas, a trav\u00e9s de la prestaci\u00f3n de servicios en comercios y establecimientos del municipio. Sobre ello, la presidenta municipal sentencio\u0301 que este tipo de acciones por parte del Gobierno Municipal reflejan la apertura y la disposici\u00f3n para atraer el turismo y hacer que se quede por m\u00e1s tiempo en San Pedro Cholula y que, a su vez, puedan recomendar al municipio. Por su parte, Juan Pablo Cisneros Madrid, presidente de la C\u00e1mara de Comercio agradeci\u00f3 la colaboraci\u00f3n del Ayuntamiento de Cholula, pues&hellip;Leer m\u00e1s...\" \/>\n<meta property=\"og:url\" content=\"https:\/\/www.aliadospuebla.com\/?p=102414\" \/>\n<meta property=\"og:site_name\" content=\"AliadosPuebla\" \/>\n<meta property=\"article:author\" content=\"https:\/\/www.facebook.com\/Aliados17Pue\" \/>\n<meta property=\"article:published_time\" content=\"2025-02-28T07:16:21+00:00\" \/>\n<meta property=\"article:modified_time\" content=\"2025-02-28T07:17:43+00:00\" \/>\n<meta property=\"og:image\" content=\"https:\/\/www.aliadospuebla.com\/web2017\/wp-content\/uploads\/2025\/02\/660.jpg\" \/>\n\t<meta property=\"og:image:width\" content=\"600\" \/>\n\t<meta property=\"og:image:height\" content=\"450\" \/>\n\t<meta property=\"og:image:type\" content=\"image\/jpeg\" \/>\n<meta name=\"author\" content=\"Aliados17\" \/>\n<meta name=\"twitter:card\" content=\"summary_large_image\" \/>\n<meta name=\"twitter:creator\" content=\"@AliadosPuebla\" \/>\n<meta name=\"twitter:label1\" content=\"Escrito por\" \/>\n\t<meta name=\"twitter:data1\" content=\"Aliados17\" \/>\n\t<meta name=\"twitter:label2\" content=\"Tiempo de lectura\" \/>\n\t<meta name=\"twitter:data2\" content=\"2 minutos\" \/>\n<script type=\"application\/ld+json\" class=\"yoast-schema-graph\">{\"@context\":\"https:\\\/\\\/schema.org\",\"@graph\":[{\"@type\":\"Article\",\"@id\":\"https:\\\/\\\/www.aliadospuebla.com\\\/?p=102414#article\",\"isPartOf\":{\"@id\":\"https:\\\/\\\/www.aliadospuebla.com\\\/?p=102414\"},\"author\":{\"name\":\"Aliados17\",\"@id\":\"https:\\\/\\\/www.aliadospuebla.com\\\/#\\\/schema\\\/person\\\/5da7dd09320bd4f392b710017ed5f8ad\"},\"headline\":\"Firma Gobierno de Cholula convenio de colaboraci\u00f3n con la C\u00e1mara de Comercio\",\"datePublished\":\"2025-02-28T07:16:21+00:00\",\"dateModified\":\"2025-02-28T07:17:43+00:00\",\"mainEntityOfPage\":{\"@id\":\"https:\\\/\\\/www.aliadospuebla.com\\\/?p=102414\"},\"wordCount\":216,\"commentCount\":0,\"image\":{\"@id\":\"https:\\\/\\\/www.aliadospuebla.com\\\/?p=102414#primaryimage\"},\"thumbnailUrl\":\"https:\\\/\\\/www.aliadospuebla.com\\\/web2017\\\/wp-content\\\/uploads\\\/2025\\\/02\\\/660.jpg\",\"keywords\":[\"C\u00e1mara de Comercio\",\"CONVENIO DE COLABORACI\u00d3N\",\"dignificaci\u00f3n del servicio\",\"Juan Pablo Cisneros Madrid\",\"prestaci\u00f3n de servicios\",\"SAN PEDRO CHOLULA\",\"TONANTZIN FERN\u00c1NDEZ\"],\"articleSection\":[\"Municipios\"],\"inLanguage\":\"es\",\"potentialAction\":[{\"@type\":\"CommentAction\",\"name\":\"Comment\",\"target\":[\"https:\\\/\\\/www.aliadospuebla.com\\\/?p=102414#respond\"]}]},{\"@type\":\"WebPage\",\"@id\":\"https:\\\/\\\/www.aliadospuebla.com\\\/?p=102414\",\"url\":\"https:\\\/\\\/www.aliadospuebla.com\\\/?p=102414\",\"name\":\"Firma Gobierno de Cholula convenio de colaboraci\u00f3n con la C\u00e1mara de Comercio - AliadosPuebla\",\"isPartOf\":{\"@id\":\"https:\\\/\\\/www.aliadospuebla.com\\\/#website\"},\"primaryImageOfPage\":{\"@id\":\"https:\\\/\\\/www.aliadospuebla.com\\\/?p=102414#primaryimage\"},\"image\":{\"@id\":\"https:\\\/\\\/www.aliadospuebla.com\\\/?p=102414#primaryimage\"},\"thumbnailUrl\":\"https:\\\/\\\/www.aliadospuebla.com\\\/web2017\\\/wp-content\\\/uploads\\\/2025\\\/02\\\/660.jpg\",\"datePublished\":\"2025-02-28T07:16:21+00:00\",\"dateModified\":\"2025-02-28T07:17:43+00:00\",\"author\":{\"@id\":\"https:\\\/\\\/www.aliadospuebla.com\\\/#\\\/schema\\\/person\\\/5da7dd09320bd4f392b710017ed5f8ad\"},\"breadcrumb\":{\"@id\":\"https:\\\/\\\/www.aliadospuebla.com\\\/?p=102414#breadcrumb\"},\"inLanguage\":\"es\",\"potentialAction\":[{\"@type\":\"ReadAction\",\"target\":[\"https:\\\/\\\/www.aliadospuebla.com\\\/?p=102414\"]}]},{\"@type\":\"ImageObject\",\"inLanguage\":\"es\",\"@id\":\"https:\\\/\\\/www.aliadospuebla.com\\\/?p=102414#primaryimage\",\"url\":\"https:\\\/\\\/www.aliadospuebla.com\\\/web2017\\\/wp-content\\\/uploads\\\/2025\\\/02\\\/660.jpg\",\"contentUrl\":\"https:\\\/\\\/www.aliadospuebla.com\\\/web2017\\\/wp-content\\\/uploads\\\/2025\\\/02\\\/660.jpg\",\"width\":600,\"height\":450},{\"@type\":\"BreadcrumbList\",\"@id\":\"https:\\\/\\\/www.aliadospuebla.com\\\/?p=102414#breadcrumb\",\"itemListElement\":[{\"@type\":\"ListItem\",\"position\":1,\"name\":\"Portada\",\"item\":\"https:\\\/\\\/www.aliadospuebla.com\\\/\"},{\"@type\":\"ListItem\",\"position\":2,\"name\":\"Firma Gobierno de Cholula convenio de colaboraci\u00f3n con la C\u00e1mara de Comercio\"}]},{\"@type\":\"WebSite\",\"@id\":\"https:\\\/\\\/www.aliadospuebla.com\\\/#website\",\"url\":\"https:\\\/\\\/www.aliadospuebla.com\\\/\",\"name\":\"AliadosPuebla\",\"description\":\"La informaci\u00f3n en tus manos\",\"potentialAction\":[{\"@type\":\"SearchAction\",\"target\":{\"@type\":\"EntryPoint\",\"urlTemplate\":\"https:\\\/\\\/www.aliadospuebla.com\\\/?s={search_term_string}\"},\"query-input\":{\"@type\":\"PropertyValueSpecification\",\"valueRequired\":true,\"valueName\":\"search_term_string\"}}],\"inLanguage\":\"es\"},{\"@type\":\"Person\",\"@id\":\"https:\\\/\\\/www.aliadospuebla.com\\\/#\\\/schema\\\/person\\\/5da7dd09320bd4f392b710017ed5f8ad\",\"name\":\"Aliados17\",\"image\":{\"@type\":\"ImageObject\",\"inLanguage\":\"es\",\"@id\":\"https:\\\/\\\/www.aliadospuebla.com\\\/web2017\\\/wp-content\\\/uploads\\\/2025\\\/03\\\/cropped-para-perfil-8-anos-1-96x96.jpg\",\"url\":\"https:\\\/\\\/www.aliadospuebla.com\\\/web2017\\\/wp-content\\\/uploads\\\/2025\\\/03\\\/cropped-para-perfil-8-anos-1-96x96.jpg\",\"contentUrl\":\"https:\\\/\\\/www.aliadospuebla.com\\\/web2017\\\/wp-content\\\/uploads\\\/2025\\\/03\\\/cropped-para-perfil-8-anos-1-96x96.jpg\",\"caption\":\"Aliados17\"},\"sameAs\":[\"https:\\\/\\\/www.aliados17.com\",\"https:\\\/\\\/www.facebook.com\\\/Aliados17Pue\",\"https:\\\/\\\/x.com\\\/AliadosPuebla\"],\"url\":\"https:\\\/\\\/www.aliadospuebla.com\\\/?author=2\"}]}<\/script>\n<!-- \/ Yoast SEO plugin. -->","yoast_head_json":{"title":"Firma Gobierno de Cholula convenio de colaboraci\u00f3n con la C\u00e1mara de Comercio - AliadosPuebla","robots":{"index":"index","follow":"follow","max-snippet":"max-snippet:-1","max-image-preview":"max-image-preview:large","max-video-preview":"max-video-preview:-1"},"canonical":"https:\/\/www.aliadospuebla.com\/?p=102414","og_locale":"es_ES","og_type":"article","og_title":"Firma Gobierno de Cholula convenio de colaboraci\u00f3n con la C\u00e1mara de Comercio - AliadosPuebla","og_description":"En favor del turismo y la prestaci\u00f3n de servicios en el municipio San Pedro Cholula, Pue.- El Gobierno Municipal de San Pedro Cholula, presidido por Tonantzin Fern\u00e1ndez, signo\u0301 un convenio de colaboraci\u00f3n con la C\u00e1mara de Comercio, a fin de generar mejores condiciones tur\u00edsticas, a trav\u00e9s de la prestaci\u00f3n de servicios en comercios y establecimientos del municipio. Sobre ello, la presidenta municipal sentencio\u0301 que este tipo de acciones por parte del Gobierno Municipal reflejan la apertura y la disposici\u00f3n para atraer el turismo y hacer que se quede por m\u00e1s tiempo en San Pedro Cholula y que, a su vez, puedan recomendar al municipio. Por su parte, Juan Pablo Cisneros Madrid, presidente de la C\u00e1mara de Comercio agradeci\u00f3 la colaboraci\u00f3n del Ayuntamiento de Cholula, pues&hellip;Leer m\u00e1s...","og_url":"https:\/\/www.aliadospuebla.com\/?p=102414","og_site_name":"AliadosPuebla","article_author":"https:\/\/www.facebook.com\/Aliados17Pue","article_published_time":"2025-02-28T07:16:21+00:00","article_modified_time":"2025-02-28T07:17:43+00:00","og_image":[{"width":600,"height":450,"url":"https:\/\/www.aliadospuebla.com\/web2017\/wp-content\/uploads\/2025\/02\/660.jpg","type":"image\/jpeg"}],"author":"Aliados17","twitter_card":"summary_large_image","twitter_creator":"@AliadosPuebla","twitter_misc":{"Escrito por":"Aliados17","Tiempo de lectura":"2 minutos"},"schema":{"@context":"https:\/\/schema.org","@graph":[{"@type":"Article","@id":"https:\/\/www.aliadospuebla.com\/?p=102414#article","isPartOf":{"@id":"https:\/\/www.aliadospuebla.com\/?p=102414"},"author":{"name":"Aliados17","@id":"https:\/\/www.aliadospuebla.com\/#\/schema\/person\/5da7dd09320bd4f392b710017ed5f8ad"},"headline":"Firma Gobierno de Cholula convenio de colaboraci\u00f3n con la C\u00e1mara de Comercio","datePublished":"2025-02-28T07:16:21+00:00","dateModified":"2025-02-28T07:17:43+00:00","mainEntityOfPage":{"@id":"https:\/\/www.aliadospuebla.com\/?p=102414"},"wordCount":216,"commentCount":0,"image":{"@id":"https:\/\/www.aliadospuebla.com\/?p=102414#primaryimage"},"thumbnailUrl":"https:\/\/www.aliadospuebla.com\/web2017\/wp-content\/uploads\/2025\/02\/660.jpg","keywords":["C\u00e1mara de Comercio","CONVENIO DE COLABORACI\u00d3N","dignificaci\u00f3n del servicio","Juan Pablo Cisneros Madrid","prestaci\u00f3n de servicios","SAN PEDRO CHOLULA","TONANTZIN FERN\u00c1NDEZ"],"articleSection":["Municipios"],"inLanguage":"es","potentialAction":[{"@type":"CommentAction","name":"Comment","target":["https:\/\/www.aliadospuebla.com\/?p=102414#respond"]}]},{"@type":"WebPage","@id":"https:\/\/www.aliadospuebla.com\/?p=102414","url":"https:\/\/www.aliadospuebla.com\/?p=102414","name":"Firma Gobierno de Cholula convenio de colaboraci\u00f3n con la C\u00e1mara de Comercio - AliadosPuebla","isPartOf":{"@id":"https:\/\/www.aliadospuebla.com\/#website"},"primaryImageOfPage":{"@id":"https:\/\/www.aliadospuebla.com\/?p=102414#primaryimage"},"image":{"@id":"https:\/\/www.aliadospuebla.com\/?p=102414#primaryimage"},"thumbnailUrl":"https:\/\/www.aliadospuebla.com\/web2017\/wp-content\/uploads\/2025\/02\/660.jpg","datePublished":"2025-02-28T07:16:21+00:00","dateModified":"2025-02-28T07:17:43+00:00","author":{"@id":"https:\/\/www.aliadospuebla.com\/#\/schema\/person\/5da7dd09320bd4f392b710017ed5f8ad"},"breadcrumb":{"@id":"https:\/\/www.aliadospuebla.com\/?p=102414#breadcrumb"},"inLanguage":"es","potentialAction":[{"@type":"ReadAction","target":["https:\/\/www.aliadospuebla.com\/?p=102414"]}]},{"@type":"ImageObject","inLanguage":"es","@id":"https:\/\/www.aliadospuebla.com\/?p=102414#primaryimage","url":"https:\/\/www.aliadospuebla.com\/web2017\/wp-content\/uploads\/2025\/02\/660.jpg","contentUrl":"https:\/\/www.aliadospuebla.com\/web2017\/wp-content\/uploads\/2025\/02\/660.jpg","width":600,"height":450},{"@type":"BreadcrumbList","@id":"https:\/\/www.aliadospuebla.com\/?p=102414#breadcrumb","itemListElement":[{"@type":"ListItem","position":1,"name":"Portada","item":"https:\/\/www.aliadospuebla.com\/"},{"@type":"ListItem","position":2,"name":"Firma Gobierno de Cholula convenio de colaboraci\u00f3n con la C\u00e1mara de Comercio"}]},{"@type":"WebSite","@id":"https:\/\/www.aliadospuebla.com\/#website","url":"https:\/\/www.aliadospuebla.com\/","name":"AliadosPuebla","description":"La informaci\u00f3n en tus manos","potentialAction":[{"@type":"SearchAction","target":{"@type":"EntryPoint","urlTemplate":"https:\/\/www.aliadospuebla.com\/?s={search_term_string}"},"query-input":{"@type":"PropertyValueSpecification","valueRequired":true,"valueName":"search_term_string"}}],"inLanguage":"es"},{"@type":"Person","@id":"https:\/\/www.aliadospuebla.com\/#\/schema\/person\/5da7dd09320bd4f392b710017ed5f8ad","name":"Aliados17","image":{"@type":"ImageObject","inLanguage":"es","@id":"https:\/\/www.aliadospuebla.com\/web2017\/wp-content\/uploads\/2025\/03\/cropped-para-perfil-8-anos-1-96x96.jpg","url":"https:\/\/www.aliadospuebla.com\/web2017\/wp-content\/uploads\/2025\/03\/cropped-para-perfil-8-anos-1-96x96.jpg","contentUrl":"https:\/\/www.aliadospuebla.com\/web2017\/wp-content\/uploads\/2025\/03\/cropped-para-perfil-8-anos-1-96x96.jpg","caption":"Aliados17"},"sameAs":["https:\/\/www.aliados17.com","https:\/\/www.facebook.com\/Aliados17Pue","https:\/\/x.com\/AliadosPuebla"],"url":"https:\/\/www.aliadospuebla.com\/?author=2"}]}},"views":3,"_links":{"self":[{"href":"https:\/\/www.aliadospuebla.com\/index.php?rest_route=\/wp\/v2\/posts\/102414","targetHints":{"allow":["GET"]}}],"collection":[{"href":"https:\/\/www.aliadospuebla.com\/index.php?rest_route=\/wp\/v2\/posts"}],"about":[{"href":"https:\/\/www.aliadospuebla.com\/index.php?rest_route=\/wp\/v2\/types\/post"}],"author":[{"embeddable":true,"href":"https:\/\/www.aliadospuebla.com\/index.php?rest_route=\/wp\/v2\/users\/2"}],"replies":[{"embeddable":true,"href":"https:\/\/www.aliadospuebla.com\/index.php?rest_route=%2Fwp%2Fv2%2Fcomments&post=102414"}],"version-history":[{"count":1,"href":"https:\/\/www.aliadospuebla.com\/index.php?rest_route=\/wp\/v2\/posts\/102414\/revisions"}],"predecessor-version":[{"id":102416,"href":"https:\/\/www.aliadospuebla.com\/index.php?rest_route=\/wp\/v2\/posts\/102414\/revisions\/102416"}],"wp:featuredmedia":[{"embeddable":true,"href":"https:\/\/www.aliadospuebla.com\/index.php?rest_route=\/wp\/v2\/media\/102415"}],"wp:attachment":[{"href":"https:\/\/www.aliadospuebla.com\/index.php?rest_route=%2Fwp%2Fv2%2Fmedia&parent=102414"}],"wp:term":[{"taxonomy":"category","embeddable":true,"href":"https:\/\/www.aliadospuebla.com\/index.php?rest_route=%2Fwp%2Fv2%2Fcategories&post=102414"},{"taxonomy":"post_tag","embeddable":true,"href":"https:\/\/www.aliadospuebla.com\/index.php?rest_route=%2Fwp%2Fv2%2Ftags&post=102414"}],"curies":[{"name":"wp","href":"https:\/\/api.w.org\/{rel}","templated":true}]}}