{"id":102403,"date":"2025-02-27T22:49:20","date_gmt":"2025-02-28T04:49:20","guid":{"rendered":"https:\/\/www.aliadospuebla.com\/?p=102403"},"modified":"2025-02-27T22:49:20","modified_gmt":"2025-02-28T04:49:20","slug":"detiene-policia-de-san-andres-cholula-a-presuntos-responsables-de-detentacion-de-vehiculo-con-reporte-de-robo","status":"publish","type":"post","link":"https:\/\/www.aliadospuebla.com\/?p=102403","title":{"rendered":"Detiene Polic\u00eda de San Andr\u00e9s Cholula a presuntos responsables de detentaci\u00f3n de veh\u00edculo con reporte de robo"},"content":{"rendered":"<h4>San Andr\u00e9s Cholula, Puebla \u2013 Gracias a los esfuerzos coordinados entre la Guardia Nacional, el Ej\u00e9rcito Mexicano, la Polic\u00eda Estatal Preventiva y la Secretar\u00eda de Seguridad P\u00fablica y Protecci\u00f3n Ciudadana (SSPPC) de San Andr\u00e9s Cholula, se logr\u00f3 la detenci\u00f3n de Jos\u00e9 Antonio \u201cN.\u201d y Juan Jes\u00fas \u201cN.\u201d de 44 y 48 a\u00f1os de edad, respectivamente, como presuntos responsables de detentar un veh\u00edculo con reporte de robo.<\/h4>\n<p>En la primera acci\u00f3n, integrantes de los anteriores cuerpos de seguridad se movilizaron al Perif\u00e9rico Ecol\u00f3gico,<\/p>\n<p>a la altura de la Recta a Cholula, tras recibir una alerta de la Direcci\u00f3n del Centro de Emergencias (DCE)<\/p>\n<p>y del C5i, sobre un veh\u00edculo Volkswagen Jetta, color rojo, con reporte de robo.<\/p>\n<p>Como resultado, se detuvo a Jos\u00e9 Antonio \u201cN.\u201d<\/p>\n<p>Por otra parte, tambi\u00e9n mediante el monitoreo de la red de videovigilancia,<\/p>\n<p>los operadores se percataron que el conductor de una camioneta Chevrolet Equinox, color gris, circulaba de manera inusual sobre la carretera federal Puebla-Atlixco, a la altura del kil\u00f3metro 8.5, por lo que se les dio aviso a los uniformados para trasladarse al punto.<\/p>\n<p>En el lugar, aseguraron a Juan Jes\u00fas \u201cN\u201d. debido a que la unidad contaba con reporte de robo vigente.<\/p>\n<p>En apego a la ley y respetando sus derechos humanos, ambos varones fueron puestos a disposici\u00f3n del Ministerio P\u00fablico, quien iniciar\u00e1 las investigaciones correspondientes y determinar\u00e1 su situaci\u00f3n legal.<\/p>\n<p>El Gobierno Municipal, a trav\u00e9s de la SSPPC, reafirma su compromiso para combatir el delito de robo de veh\u00edculo y garantizar la seguridad del patrimonio de las y los habitantes de San Andr\u00e9s Cholula.<\/p>\n","protected":false},"excerpt":{"rendered":"<p>San Andr\u00e9s Cholula, Puebla \u2013 Gracias a los esfuerzos coordinados entre la Guardia Nacional, el Ej\u00e9rcito Mexicano, la Polic\u00eda Estatal Preventiva y la Secretar\u00eda de Seguridad P\u00fablica y Protecci\u00f3n Ciudadana (SSPPC) de San Andr\u00e9s Cholula, se logr\u00f3 la detenci\u00f3n de Jos\u00e9 Antonio \u201cN.\u201d y Juan Jes\u00fas \u201cN.\u201d de 44 y 48 a\u00f1os de edad, respectivamente, como presuntos responsables de detentar un veh\u00edculo con reporte de robo. En la primera acci\u00f3n, integrantes de los anteriores cuerpos de seguridad se movilizaron al Perif\u00e9rico Ecol\u00f3gico, a la altura de la Recta a Cholula, tras recibir una alerta de la Direcci\u00f3n del Centro de Emergencias (DCE) y del C5i, sobre un veh\u00edculo Volkswagen Jetta, color rojo, con reporte de robo. Como resultado, se detuvo a Jos\u00e9 Antonio \u201cN.\u201d Por&hellip;<\/p>\n<p class=\"excerpt-more\"><a class=\"blog-excerpt button\" href=\"https:\/\/www.aliadospuebla.com\/?p=102403\">Leer m\u00e1s&#8230;<\/a><\/p>\n","protected":false},"author":2,"featured_media":102404,"comment_status":"open","ping_status":"open","sticky":false,"template":"","format":"standard","meta":{"_monsterinsights_skip_tracking":false,"footnotes":""},"categories":[4],"tags":[27787,19904,107,26370,84,16778],"class_list":["post-102403","post","type-post","status-publish","format-standard","has-post-thumbnail","hentry","category-municipios","tag-dce","tag-detentacion-de-vehiculo","tag-policia","tag-presuntos-responsables","tag-san-andres-cholula","tag-ssppc"],"yoast_head":"<!-- This site is optimized with the Yoast SEO plugin v28.4 - https:\/\/yoast.com\/product\/yoast-seo-wordpress\/ -->\n<title>Detiene Polic\u00eda de San Andr\u00e9s Cholula a presuntos responsables de detentaci\u00f3n de veh\u00edculo con reporte de robo - AliadosPuebla<\/title>\n<meta name=\"robots\" content=\"index, follow, max-snippet:-1, max-image-preview:large, max-video-preview:-1\" \/>\n<link rel=\"canonical\" href=\"https:\/\/www.aliadospuebla.com\/?p=102403\" \/>\n<meta property=\"og:locale\" content=\"es_ES\" \/>\n<meta property=\"og:type\" content=\"article\" \/>\n<meta property=\"og:title\" content=\"Detiene Polic\u00eda de San Andr\u00e9s Cholula a presuntos responsables de detentaci\u00f3n de veh\u00edculo con reporte de robo - AliadosPuebla\" \/>\n<meta property=\"og:description\" content=\"San Andr\u00e9s Cholula, Puebla \u2013 Gracias a los esfuerzos coordinados entre la Guardia Nacional, el Ej\u00e9rcito Mexicano, la Polic\u00eda Estatal Preventiva y la Secretar\u00eda de Seguridad P\u00fablica y Protecci\u00f3n Ciudadana (SSPPC) de San Andr\u00e9s Cholula, se logr\u00f3 la detenci\u00f3n de Jos\u00e9 Antonio \u201cN.\u201d y Juan Jes\u00fas \u201cN.\u201d de 44 y 48 a\u00f1os de edad, respectivamente, como presuntos responsables de detentar un veh\u00edculo con reporte de robo. En la primera acci\u00f3n, integrantes de los anteriores cuerpos de seguridad se movilizaron al Perif\u00e9rico Ecol\u00f3gico, a la altura de la Recta a Cholula, tras recibir una alerta de la Direcci\u00f3n del Centro de Emergencias (DCE) y del C5i, sobre un veh\u00edculo Volkswagen Jetta, color rojo, con reporte de robo. Como resultado, se detuvo a Jos\u00e9 Antonio \u201cN.\u201d Por&hellip;Leer m\u00e1s...\" \/>\n<meta property=\"og:url\" content=\"https:\/\/www.aliadospuebla.com\/?p=102403\" \/>\n<meta property=\"og:site_name\" content=\"AliadosPuebla\" \/>\n<meta property=\"article:author\" content=\"https:\/\/www.facebook.com\/Aliados17Pue\" \/>\n<meta property=\"article:published_time\" content=\"2025-02-28T04:49:20+00:00\" \/>\n<meta property=\"og:image\" content=\"https:\/\/www.aliadospuebla.com\/web2017\/wp-content\/uploads\/2025\/02\/657.jpg\" \/>\n\t<meta property=\"og:image:width\" content=\"600\" \/>\n\t<meta property=\"og:image:height\" content=\"450\" \/>\n\t<meta property=\"og:image:type\" content=\"image\/jpeg\" \/>\n<meta name=\"author\" content=\"Aliados17\" \/>\n<meta name=\"twitter:card\" content=\"summary_large_image\" \/>\n<meta name=\"twitter:creator\" content=\"@AliadosPuebla\" \/>\n<meta name=\"twitter:label1\" content=\"Escrito por\" \/>\n\t<meta name=\"twitter:data1\" content=\"Aliados17\" \/>\n\t<meta name=\"twitter:label2\" content=\"Tiempo de lectura\" \/>\n\t<meta name=\"twitter:data2\" content=\"2 minutos\" \/>\n<script type=\"application\/ld+json\" class=\"yoast-schema-graph\">{\"@context\":\"https:\\\/\\\/schema.org\",\"@graph\":[{\"@type\":\"Article\",\"@id\":\"https:\\\/\\\/www.aliadospuebla.com\\\/?p=102403#article\",\"isPartOf\":{\"@id\":\"https:\\\/\\\/www.aliadospuebla.com\\\/?p=102403\"},\"author\":{\"name\":\"Aliados17\",\"@id\":\"https:\\\/\\\/www.aliadospuebla.com\\\/#\\\/schema\\\/person\\\/5da7dd09320bd4f392b710017ed5f8ad\"},\"headline\":\"Detiene Polic\u00eda de San Andr\u00e9s Cholula a presuntos responsables de detentaci\u00f3n de veh\u00edculo con reporte de robo\",\"datePublished\":\"2025-02-28T04:49:20+00:00\",\"mainEntityOfPage\":{\"@id\":\"https:\\\/\\\/www.aliadospuebla.com\\\/?p=102403\"},\"wordCount\":304,\"commentCount\":0,\"image\":{\"@id\":\"https:\\\/\\\/www.aliadospuebla.com\\\/?p=102403#primaryimage\"},\"thumbnailUrl\":\"https:\\\/\\\/www.aliadospuebla.com\\\/web2017\\\/wp-content\\\/uploads\\\/2025\\\/02\\\/657.jpg\",\"keywords\":[\"DCE\",\"detentaci\u00f3n de veh\u00edculo\",\"policia\",\"presuntos responsables\",\"San Andr\u00e9s Cholula\",\"SSPPC\"],\"articleSection\":[\"Municipios\"],\"inLanguage\":\"es\",\"potentialAction\":[{\"@type\":\"CommentAction\",\"name\":\"Comment\",\"target\":[\"https:\\\/\\\/www.aliadospuebla.com\\\/?p=102403#respond\"]}]},{\"@type\":\"WebPage\",\"@id\":\"https:\\\/\\\/www.aliadospuebla.com\\\/?p=102403\",\"url\":\"https:\\\/\\\/www.aliadospuebla.com\\\/?p=102403\",\"name\":\"Detiene Polic\u00eda de San Andr\u00e9s Cholula a presuntos responsables de detentaci\u00f3n de veh\u00edculo con reporte de robo - AliadosPuebla\",\"isPartOf\":{\"@id\":\"https:\\\/\\\/www.aliadospuebla.com\\\/#website\"},\"primaryImageOfPage\":{\"@id\":\"https:\\\/\\\/www.aliadospuebla.com\\\/?p=102403#primaryimage\"},\"image\":{\"@id\":\"https:\\\/\\\/www.aliadospuebla.com\\\/?p=102403#primaryimage\"},\"thumbnailUrl\":\"https:\\\/\\\/www.aliadospuebla.com\\\/web2017\\\/wp-content\\\/uploads\\\/2025\\\/02\\\/657.jpg\",\"datePublished\":\"2025-02-28T04:49:20+00:00\",\"author\":{\"@id\":\"https:\\\/\\\/www.aliadospuebla.com\\\/#\\\/schema\\\/person\\\/5da7dd09320bd4f392b710017ed5f8ad\"},\"breadcrumb\":{\"@id\":\"https:\\\/\\\/www.aliadospuebla.com\\\/?p=102403#breadcrumb\"},\"inLanguage\":\"es\",\"potentialAction\":[{\"@type\":\"ReadAction\",\"target\":[\"https:\\\/\\\/www.aliadospuebla.com\\\/?p=102403\"]}]},{\"@type\":\"ImageObject\",\"inLanguage\":\"es\",\"@id\":\"https:\\\/\\\/www.aliadospuebla.com\\\/?p=102403#primaryimage\",\"url\":\"https:\\\/\\\/www.aliadospuebla.com\\\/web2017\\\/wp-content\\\/uploads\\\/2025\\\/02\\\/657.jpg\",\"contentUrl\":\"https:\\\/\\\/www.aliadospuebla.com\\\/web2017\\\/wp-content\\\/uploads\\\/2025\\\/02\\\/657.jpg\",\"width\":600,\"height\":450},{\"@type\":\"BreadcrumbList\",\"@id\":\"https:\\\/\\\/www.aliadospuebla.com\\\/?p=102403#breadcrumb\",\"itemListElement\":[{\"@type\":\"ListItem\",\"position\":1,\"name\":\"Portada\",\"item\":\"https:\\\/\\\/www.aliadospuebla.com\\\/\"},{\"@type\":\"ListItem\",\"position\":2,\"name\":\"Detiene Polic\u00eda de San Andr\u00e9s Cholula a presuntos responsables de detentaci\u00f3n de veh\u00edculo con reporte de robo\"}]},{\"@type\":\"WebSite\",\"@id\":\"https:\\\/\\\/www.aliadospuebla.com\\\/#website\",\"url\":\"https:\\\/\\\/www.aliadospuebla.com\\\/\",\"name\":\"AliadosPuebla\",\"description\":\"La informaci\u00f3n en tus manos\",\"potentialAction\":[{\"@type\":\"SearchAction\",\"target\":{\"@type\":\"EntryPoint\",\"urlTemplate\":\"https:\\\/\\\/www.aliadospuebla.com\\\/?s={search_term_string}\"},\"query-input\":{\"@type\":\"PropertyValueSpecification\",\"valueRequired\":true,\"valueName\":\"search_term_string\"}}],\"inLanguage\":\"es\"},{\"@type\":\"Person\",\"@id\":\"https:\\\/\\\/www.aliadospuebla.com\\\/#\\\/schema\\\/person\\\/5da7dd09320bd4f392b710017ed5f8ad\",\"name\":\"Aliados17\",\"image\":{\"@type\":\"ImageObject\",\"inLanguage\":\"es\",\"@id\":\"https:\\\/\\\/www.aliadospuebla.com\\\/web2017\\\/wp-content\\\/uploads\\\/2025\\\/03\\\/cropped-para-perfil-8-anos-1-96x96.jpg\",\"url\":\"https:\\\/\\\/www.aliadospuebla.com\\\/web2017\\\/wp-content\\\/uploads\\\/2025\\\/03\\\/cropped-para-perfil-8-anos-1-96x96.jpg\",\"contentUrl\":\"https:\\\/\\\/www.aliadospuebla.com\\\/web2017\\\/wp-content\\\/uploads\\\/2025\\\/03\\\/cropped-para-perfil-8-anos-1-96x96.jpg\",\"caption\":\"Aliados17\"},\"sameAs\":[\"https:\\\/\\\/www.aliados17.com\",\"https:\\\/\\\/www.facebook.com\\\/Aliados17Pue\",\"https:\\\/\\\/x.com\\\/AliadosPuebla\"],\"url\":\"https:\\\/\\\/www.aliadospuebla.com\\\/?author=2\"}]}<\/script>\n<!-- \/ Yoast SEO plugin. -->","yoast_head_json":{"title":"Detiene Polic\u00eda de San Andr\u00e9s Cholula a presuntos responsables de detentaci\u00f3n de veh\u00edculo con reporte de robo - AliadosPuebla","robots":{"index":"index","follow":"follow","max-snippet":"max-snippet:-1","max-image-preview":"max-image-preview:large","max-video-preview":"max-video-preview:-1"},"canonical":"https:\/\/www.aliadospuebla.com\/?p=102403","og_locale":"es_ES","og_type":"article","og_title":"Detiene Polic\u00eda de San Andr\u00e9s Cholula a presuntos responsables de detentaci\u00f3n de veh\u00edculo con reporte de robo - AliadosPuebla","og_description":"San Andr\u00e9s Cholula, Puebla \u2013 Gracias a los esfuerzos coordinados entre la Guardia Nacional, el Ej\u00e9rcito Mexicano, la Polic\u00eda Estatal Preventiva y la Secretar\u00eda de Seguridad P\u00fablica y Protecci\u00f3n Ciudadana (SSPPC) de San Andr\u00e9s Cholula, se logr\u00f3 la detenci\u00f3n de Jos\u00e9 Antonio \u201cN.\u201d y Juan Jes\u00fas \u201cN.\u201d de 44 y 48 a\u00f1os de edad, respectivamente, como presuntos responsables de detentar un veh\u00edculo con reporte de robo. En la primera acci\u00f3n, integrantes de los anteriores cuerpos de seguridad se movilizaron al Perif\u00e9rico Ecol\u00f3gico, a la altura de la Recta a Cholula, tras recibir una alerta de la Direcci\u00f3n del Centro de Emergencias (DCE) y del C5i, sobre un veh\u00edculo Volkswagen Jetta, color rojo, con reporte de robo. Como resultado, se detuvo a Jos\u00e9 Antonio \u201cN.\u201d Por&hellip;Leer m\u00e1s...","og_url":"https:\/\/www.aliadospuebla.com\/?p=102403","og_site_name":"AliadosPuebla","article_author":"https:\/\/www.facebook.com\/Aliados17Pue","article_published_time":"2025-02-28T04:49:20+00:00","og_image":[{"width":600,"height":450,"url":"https:\/\/www.aliadospuebla.com\/web2017\/wp-content\/uploads\/2025\/02\/657.jpg","type":"image\/jpeg"}],"author":"Aliados17","twitter_card":"summary_large_image","twitter_creator":"@AliadosPuebla","twitter_misc":{"Escrito por":"Aliados17","Tiempo de lectura":"2 minutos"},"schema":{"@context":"https:\/\/schema.org","@graph":[{"@type":"Article","@id":"https:\/\/www.aliadospuebla.com\/?p=102403#article","isPartOf":{"@id":"https:\/\/www.aliadospuebla.com\/?p=102403"},"author":{"name":"Aliados17","@id":"https:\/\/www.aliadospuebla.com\/#\/schema\/person\/5da7dd09320bd4f392b710017ed5f8ad"},"headline":"Detiene Polic\u00eda de San Andr\u00e9s Cholula a presuntos responsables de detentaci\u00f3n de veh\u00edculo con reporte de robo","datePublished":"2025-02-28T04:49:20+00:00","mainEntityOfPage":{"@id":"https:\/\/www.aliadospuebla.com\/?p=102403"},"wordCount":304,"commentCount":0,"image":{"@id":"https:\/\/www.aliadospuebla.com\/?p=102403#primaryimage"},"thumbnailUrl":"https:\/\/www.aliadospuebla.com\/web2017\/wp-content\/uploads\/2025\/02\/657.jpg","keywords":["DCE","detentaci\u00f3n de veh\u00edculo","policia","presuntos responsables","San Andr\u00e9s Cholula","SSPPC"],"articleSection":["Municipios"],"inLanguage":"es","potentialAction":[{"@type":"CommentAction","name":"Comment","target":["https:\/\/www.aliadospuebla.com\/?p=102403#respond"]}]},{"@type":"WebPage","@id":"https:\/\/www.aliadospuebla.com\/?p=102403","url":"https:\/\/www.aliadospuebla.com\/?p=102403","name":"Detiene Polic\u00eda de San Andr\u00e9s Cholula a presuntos responsables de detentaci\u00f3n de veh\u00edculo con reporte de robo - AliadosPuebla","isPartOf":{"@id":"https:\/\/www.aliadospuebla.com\/#website"},"primaryImageOfPage":{"@id":"https:\/\/www.aliadospuebla.com\/?p=102403#primaryimage"},"image":{"@id":"https:\/\/www.aliadospuebla.com\/?p=102403#primaryimage"},"thumbnailUrl":"https:\/\/www.aliadospuebla.com\/web2017\/wp-content\/uploads\/2025\/02\/657.jpg","datePublished":"2025-02-28T04:49:20+00:00","author":{"@id":"https:\/\/www.aliadospuebla.com\/#\/schema\/person\/5da7dd09320bd4f392b710017ed5f8ad"},"breadcrumb":{"@id":"https:\/\/www.aliadospuebla.com\/?p=102403#breadcrumb"},"inLanguage":"es","potentialAction":[{"@type":"ReadAction","target":["https:\/\/www.aliadospuebla.com\/?p=102403"]}]},{"@type":"ImageObject","inLanguage":"es","@id":"https:\/\/www.aliadospuebla.com\/?p=102403#primaryimage","url":"https:\/\/www.aliadospuebla.com\/web2017\/wp-content\/uploads\/2025\/02\/657.jpg","contentUrl":"https:\/\/www.aliadospuebla.com\/web2017\/wp-content\/uploads\/2025\/02\/657.jpg","width":600,"height":450},{"@type":"BreadcrumbList","@id":"https:\/\/www.aliadospuebla.com\/?p=102403#breadcrumb","itemListElement":[{"@type":"ListItem","position":1,"name":"Portada","item":"https:\/\/www.aliadospuebla.com\/"},{"@type":"ListItem","position":2,"name":"Detiene Polic\u00eda de San Andr\u00e9s Cholula a presuntos responsables de detentaci\u00f3n de veh\u00edculo con reporte de robo"}]},{"@type":"WebSite","@id":"https:\/\/www.aliadospuebla.com\/#website","url":"https:\/\/www.aliadospuebla.com\/","name":"AliadosPuebla","description":"La informaci\u00f3n en tus manos","potentialAction":[{"@type":"SearchAction","target":{"@type":"EntryPoint","urlTemplate":"https:\/\/www.aliadospuebla.com\/?s={search_term_string}"},"query-input":{"@type":"PropertyValueSpecification","valueRequired":true,"valueName":"search_term_string"}}],"inLanguage":"es"},{"@type":"Person","@id":"https:\/\/www.aliadospuebla.com\/#\/schema\/person\/5da7dd09320bd4f392b710017ed5f8ad","name":"Aliados17","image":{"@type":"ImageObject","inLanguage":"es","@id":"https:\/\/www.aliadospuebla.com\/web2017\/wp-content\/uploads\/2025\/03\/cropped-para-perfil-8-anos-1-96x96.jpg","url":"https:\/\/www.aliadospuebla.com\/web2017\/wp-content\/uploads\/2025\/03\/cropped-para-perfil-8-anos-1-96x96.jpg","contentUrl":"https:\/\/www.aliadospuebla.com\/web2017\/wp-content\/uploads\/2025\/03\/cropped-para-perfil-8-anos-1-96x96.jpg","caption":"Aliados17"},"sameAs":["https:\/\/www.aliados17.com","https:\/\/www.facebook.com\/Aliados17Pue","https:\/\/x.com\/AliadosPuebla"],"url":"https:\/\/www.aliadospuebla.com\/?author=2"}]}},"views":6,"_links":{"self":[{"href":"https:\/\/www.aliadospuebla.com\/index.php?rest_route=\/wp\/v2\/posts\/102403","targetHints":{"allow":["GET"]}}],"collection":[{"href":"https:\/\/www.aliadospuebla.com\/index.php?rest_route=\/wp\/v2\/posts"}],"about":[{"href":"https:\/\/www.aliadospuebla.com\/index.php?rest_route=\/wp\/v2\/types\/post"}],"author":[{"embeddable":true,"href":"https:\/\/www.aliadospuebla.com\/index.php?rest_route=\/wp\/v2\/users\/2"}],"replies":[{"embeddable":true,"href":"https:\/\/www.aliadospuebla.com\/index.php?rest_route=%2Fwp%2Fv2%2Fcomments&post=102403"}],"version-history":[{"count":1,"href":"https:\/\/www.aliadospuebla.com\/index.php?rest_route=\/wp\/v2\/posts\/102403\/revisions"}],"predecessor-version":[{"id":102405,"href":"https:\/\/www.aliadospuebla.com\/index.php?rest_route=\/wp\/v2\/posts\/102403\/revisions\/102405"}],"wp:featuredmedia":[{"embeddable":true,"href":"https:\/\/www.aliadospuebla.com\/index.php?rest_route=\/wp\/v2\/media\/102404"}],"wp:attachment":[{"href":"https:\/\/www.aliadospuebla.com\/index.php?rest_route=%2Fwp%2Fv2%2Fmedia&parent=102403"}],"wp:term":[{"taxonomy":"category","embeddable":true,"href":"https:\/\/www.aliadospuebla.com\/index.php?rest_route=%2Fwp%2Fv2%2Fcategories&post=102403"},{"taxonomy":"post_tag","embeddable":true,"href":"https:\/\/www.aliadospuebla.com\/index.php?rest_route=%2Fwp%2Fv2%2Ftags&post=102403"}],"curies":[{"name":"wp","href":"https:\/\/api.w.org\/{rel}","templated":true}]}}