{"id":102268,"date":"2025-02-24T04:22:49","date_gmt":"2025-02-24T10:22:49","guid":{"rendered":"https:\/\/www.aliadospuebla.com\/?p=102268"},"modified":"2025-02-24T04:22:49","modified_gmt":"2025-02-24T10:22:49","slug":"policia-de-cuautlancingo-asegura-a-cuatro-personas-por-portacion-de-arma-de-fuego-y-delitos-contra-la-salud","status":"publish","type":"post","link":"https:\/\/www.aliadospuebla.com\/?p=102268","title":{"rendered":"Polic\u00eda de Cuautlancingo asegura a cuatro personas por portaci\u00f3n de arma de fuego y delitos contra la salud"},"content":{"rendered":"<h4 style=\"text-align: right;\">Gracias a la intervenci\u00f3n r\u00e1pida y efectiva de los elementos de la SSCyPC, fueron detenidos y trasladados al Ministerio P\u00fablico para determinar su situaci\u00f3n legal<\/h4>\n<p style=\"text-align: right;\">CUAUTLANCINGO, PUE. En una intervenci\u00f3n r\u00e1pida y efectiva, elementos de la Secretar\u00eda de Seguridad Ciudadana y Protecci\u00f3n Civil<\/p>\n<p style=\"text-align: right;\">de Cuautlancingo, detuvieron a cuatro personas en posesi\u00f3n de armas de fuego sin licencia y presuntas sustancias il\u00edcitas.<\/p>\n<p style=\"text-align: right;\">Mientras realizaban labores de vigilancia,<\/p>\n<p style=\"text-align: right;\">los agentes recibieron un reporte v\u00eda radio sobre la presencia de personas sospechosas<\/p>\n<p style=\"text-align: right;\">y armadas a bordo de una camioneta tipo Voyager, color arena, en la calle Prolongaci\u00f3n San Lorenzo, esquina con Lateral del Perif\u00e9rico Ecol\u00f3gico.<\/p>\n<h4>De inmediato, se trasladaron al lugar donde ubicaron el veh\u00edculo con las caracter\u00edsticas reportadas.<\/h4>\n<p style=\"text-align: right;\">Al notar la presencia policial, tres sujetos descendieron e intentaron huir a pie mientras que el conductor intentaba escapar con la unidad, pero gracias a la r\u00e1pida acci\u00f3n de los oficiales, los cuatro fueron asegurados.<\/p>\n<p style=\"text-align: right;\">Tras la inspecci\u00f3n, se encontr\u00f3 en posesi\u00f3n de Miguel \u00abN\u00bb un arma tipo rev\u00f3lver; de C\u00e9sar \u00abN\u00bb un arma tipo escuadra; a Antonio \u00abN\u00bb se le hallaron envoltorios con una sustancia granulada similar a la piedra y a Jos\u00e9 \u201cN\u201d bolsas con caracter\u00edsticas propias de la coca\u00edna.<\/p>\n<p style=\"text-align: right;\">Fueron trasladados al Complejo de Seguridad y puestos a disposici\u00f3n ante el Ministerio P\u00fablico para las investigaciones correspondientes y la determinaci\u00f3n de su situaci\u00f3n legal, por los delitos de portaci\u00f3n de arma de fuego y delitos contra la salud.<\/p>\n<p style=\"text-align: right;\">Al realizar la consulta en Plataforma M\u00e9xico, se confirm\u00f3 que C\u00e9sar \u00abN\u00bb hab\u00eda sido procesado y sentenciado en 2021 por el delito de robo, mientras que Miguel \u00abN\u00bb tambi\u00e9n ten\u00eda antecedentes por portaci\u00f3n de arma de fuego sin licencia en el mismo a\u00f1o.<\/p>\n<p style=\"text-align: center;\">Con \u00e9stas acciones, el Gobierno Municipal<\/p>\n<p style=\"text-align: center;\">de Cuautlancingo reafirma su compromiso con la seguridad ciudadana y exhorta<\/p>\n<p style=\"text-align: center;\">a la poblaci\u00f3n a reportar cualquier actividad sospechosa a los n\u00fameros 2222 855127<\/p>\n<p style=\"text-align: center;\">(l\u00ednea directa) o v\u00eda WhatsApp al 221 110 5582.<\/p>\n<p style=\"text-align: right;\">\n<p style=\"text-align: right;\">\n<p style=\"text-align: right;\">\n<p style=\"text-align: right;\">\n<p style=\"text-align: right;\">\n<p style=\"text-align: right;\">\n<p style=\"text-align: right;\">\n<p style=\"text-align: right;\">\n","protected":false},"excerpt":{"rendered":"<p>Gracias a la intervenci\u00f3n r\u00e1pida y efectiva de los elementos de la SSCyPC, fueron detenidos y trasladados al Ministerio P\u00fablico para determinar su situaci\u00f3n legal CUAUTLANCINGO, PUE. En una intervenci\u00f3n r\u00e1pida y efectiva, elementos de la Secretar\u00eda de Seguridad Ciudadana y Protecci\u00f3n Civil de Cuautlancingo, detuvieron a cuatro personas en posesi\u00f3n de armas de fuego sin licencia y presuntas sustancias il\u00edcitas. Mientras realizaban labores de vigilancia, los agentes recibieron un reporte v\u00eda radio sobre la presencia de personas sospechosas y armadas a bordo de una camioneta tipo Voyager, color arena, en la calle Prolongaci\u00f3n San Lorenzo, esquina con Lateral del Perif\u00e9rico Ecol\u00f3gico. De inmediato, se trasladaron al lugar donde ubicaron el veh\u00edculo con las caracter\u00edsticas reportadas. Al notar la presencia policial, tres sujetos descendieron e&hellip;<\/p>\n<p class=\"excerpt-more\"><a class=\"blog-excerpt button\" href=\"https:\/\/www.aliadospuebla.com\/?p=102268\">Leer m\u00e1s&#8230;<\/a><\/p>\n","protected":false},"author":2,"featured_media":102269,"comment_status":"open","ping_status":"open","sticky":false,"template":"","format":"standard","meta":{"_monsterinsights_skip_tracking":false,"footnotes":""},"categories":[4],"tags":[12401,18,6681,163,27733,23553],"class_list":["post-102268","post","type-post","status-publish","format-standard","has-post-thumbnail","hentry","category-municipios","tag-armas-de-fuego","tag-cuautlancingo","tag-detenidos","tag-policia-municipal","tag-portacion","tag-sustancias-ilicitas"],"yoast_head":"<!-- This site is optimized with the Yoast SEO plugin v28.4 - https:\/\/yoast.com\/product\/yoast-seo-wordpress\/ -->\n<title>Polic\u00eda de Cuautlancingo asegura a cuatro personas por portaci\u00f3n de arma de fuego y delitos contra la salud - AliadosPuebla<\/title>\n<meta name=\"robots\" content=\"index, follow, max-snippet:-1, max-image-preview:large, max-video-preview:-1\" \/>\n<link rel=\"canonical\" href=\"https:\/\/www.aliadospuebla.com\/?p=102268\" \/>\n<meta property=\"og:locale\" content=\"es_ES\" \/>\n<meta property=\"og:type\" content=\"article\" \/>\n<meta property=\"og:title\" content=\"Polic\u00eda de Cuautlancingo asegura a cuatro personas por portaci\u00f3n de arma de fuego y delitos contra la salud - AliadosPuebla\" \/>\n<meta property=\"og:description\" content=\"Gracias a la intervenci\u00f3n r\u00e1pida y efectiva de los elementos de la SSCyPC, fueron detenidos y trasladados al Ministerio P\u00fablico para determinar su situaci\u00f3n legal CUAUTLANCINGO, PUE. En una intervenci\u00f3n r\u00e1pida y efectiva, elementos de la Secretar\u00eda de Seguridad Ciudadana y Protecci\u00f3n Civil de Cuautlancingo, detuvieron a cuatro personas en posesi\u00f3n de armas de fuego sin licencia y presuntas sustancias il\u00edcitas. Mientras realizaban labores de vigilancia, los agentes recibieron un reporte v\u00eda radio sobre la presencia de personas sospechosas y armadas a bordo de una camioneta tipo Voyager, color arena, en la calle Prolongaci\u00f3n San Lorenzo, esquina con Lateral del Perif\u00e9rico Ecol\u00f3gico. De inmediato, se trasladaron al lugar donde ubicaron el veh\u00edculo con las caracter\u00edsticas reportadas. Al notar la presencia policial, tres sujetos descendieron e&hellip;Leer m\u00e1s...\" \/>\n<meta property=\"og:url\" content=\"https:\/\/www.aliadospuebla.com\/?p=102268\" \/>\n<meta property=\"og:site_name\" content=\"AliadosPuebla\" \/>\n<meta property=\"article:author\" content=\"https:\/\/www.facebook.com\/Aliados17Pue\" \/>\n<meta property=\"article:published_time\" content=\"2025-02-24T10:22:49+00:00\" \/>\n<meta property=\"og:image\" content=\"https:\/\/www.aliadospuebla.com\/web2017\/wp-content\/uploads\/2025\/02\/PSX_20250224_041423.jpg\" \/>\n\t<meta property=\"og:image:width\" content=\"600\" \/>\n\t<meta property=\"og:image:height\" content=\"450\" \/>\n\t<meta property=\"og:image:type\" content=\"image\/jpeg\" \/>\n<meta name=\"author\" content=\"Aliados17\" \/>\n<meta name=\"twitter:card\" content=\"summary_large_image\" \/>\n<meta name=\"twitter:creator\" content=\"@AliadosPuebla\" \/>\n<meta name=\"twitter:label1\" content=\"Escrito por\" \/>\n\t<meta name=\"twitter:data1\" content=\"Aliados17\" \/>\n\t<meta name=\"twitter:label2\" content=\"Tiempo de lectura\" \/>\n\t<meta name=\"twitter:data2\" content=\"2 minutos\" \/>\n<script type=\"application\/ld+json\" class=\"yoast-schema-graph\">{\"@context\":\"https:\\\/\\\/schema.org\",\"@graph\":[{\"@type\":\"Article\",\"@id\":\"https:\\\/\\\/www.aliadospuebla.com\\\/?p=102268#article\",\"isPartOf\":{\"@id\":\"https:\\\/\\\/www.aliadospuebla.com\\\/?p=102268\"},\"author\":{\"name\":\"Aliados17\",\"@id\":\"https:\\\/\\\/www.aliadospuebla.com\\\/#\\\/schema\\\/person\\\/5da7dd09320bd4f392b710017ed5f8ad\"},\"headline\":\"Polic\u00eda de Cuautlancingo asegura a cuatro personas por portaci\u00f3n de arma de fuego y delitos contra la salud\",\"datePublished\":\"2025-02-24T10:22:49+00:00\",\"mainEntityOfPage\":{\"@id\":\"https:\\\/\\\/www.aliadospuebla.com\\\/?p=102268\"},\"wordCount\":373,\"commentCount\":0,\"image\":{\"@id\":\"https:\\\/\\\/www.aliadospuebla.com\\\/?p=102268#primaryimage\"},\"thumbnailUrl\":\"https:\\\/\\\/www.aliadospuebla.com\\\/web2017\\\/wp-content\\\/uploads\\\/2025\\\/02\\\/PSX_20250224_041423.jpg\",\"keywords\":[\"armas de fuego\",\"Cuautlancingo\",\"DETENIDOS\",\"polic\u00eca municipal\",\"Portaci\u00f3n\",\"sustancias il\u00edcitas\"],\"articleSection\":[\"Municipios\"],\"inLanguage\":\"es\",\"potentialAction\":[{\"@type\":\"CommentAction\",\"name\":\"Comment\",\"target\":[\"https:\\\/\\\/www.aliadospuebla.com\\\/?p=102268#respond\"]}]},{\"@type\":\"WebPage\",\"@id\":\"https:\\\/\\\/www.aliadospuebla.com\\\/?p=102268\",\"url\":\"https:\\\/\\\/www.aliadospuebla.com\\\/?p=102268\",\"name\":\"Polic\u00eda de Cuautlancingo asegura a cuatro personas por portaci\u00f3n de arma de fuego y delitos contra la salud - AliadosPuebla\",\"isPartOf\":{\"@id\":\"https:\\\/\\\/www.aliadospuebla.com\\\/#website\"},\"primaryImageOfPage\":{\"@id\":\"https:\\\/\\\/www.aliadospuebla.com\\\/?p=102268#primaryimage\"},\"image\":{\"@id\":\"https:\\\/\\\/www.aliadospuebla.com\\\/?p=102268#primaryimage\"},\"thumbnailUrl\":\"https:\\\/\\\/www.aliadospuebla.com\\\/web2017\\\/wp-content\\\/uploads\\\/2025\\\/02\\\/PSX_20250224_041423.jpg\",\"datePublished\":\"2025-02-24T10:22:49+00:00\",\"author\":{\"@id\":\"https:\\\/\\\/www.aliadospuebla.com\\\/#\\\/schema\\\/person\\\/5da7dd09320bd4f392b710017ed5f8ad\"},\"breadcrumb\":{\"@id\":\"https:\\\/\\\/www.aliadospuebla.com\\\/?p=102268#breadcrumb\"},\"inLanguage\":\"es\",\"potentialAction\":[{\"@type\":\"ReadAction\",\"target\":[\"https:\\\/\\\/www.aliadospuebla.com\\\/?p=102268\"]}]},{\"@type\":\"ImageObject\",\"inLanguage\":\"es\",\"@id\":\"https:\\\/\\\/www.aliadospuebla.com\\\/?p=102268#primaryimage\",\"url\":\"https:\\\/\\\/www.aliadospuebla.com\\\/web2017\\\/wp-content\\\/uploads\\\/2025\\\/02\\\/PSX_20250224_041423.jpg\",\"contentUrl\":\"https:\\\/\\\/www.aliadospuebla.com\\\/web2017\\\/wp-content\\\/uploads\\\/2025\\\/02\\\/PSX_20250224_041423.jpg\",\"width\":600,\"height\":450},{\"@type\":\"BreadcrumbList\",\"@id\":\"https:\\\/\\\/www.aliadospuebla.com\\\/?p=102268#breadcrumb\",\"itemListElement\":[{\"@type\":\"ListItem\",\"position\":1,\"name\":\"Portada\",\"item\":\"https:\\\/\\\/www.aliadospuebla.com\\\/\"},{\"@type\":\"ListItem\",\"position\":2,\"name\":\"Polic\u00eda de Cuautlancingo asegura a cuatro personas por portaci\u00f3n de arma de fuego y delitos contra la salud\"}]},{\"@type\":\"WebSite\",\"@id\":\"https:\\\/\\\/www.aliadospuebla.com\\\/#website\",\"url\":\"https:\\\/\\\/www.aliadospuebla.com\\\/\",\"name\":\"AliadosPuebla\",\"description\":\"La informaci\u00f3n en tus manos\",\"potentialAction\":[{\"@type\":\"SearchAction\",\"target\":{\"@type\":\"EntryPoint\",\"urlTemplate\":\"https:\\\/\\\/www.aliadospuebla.com\\\/?s={search_term_string}\"},\"query-input\":{\"@type\":\"PropertyValueSpecification\",\"valueRequired\":true,\"valueName\":\"search_term_string\"}}],\"inLanguage\":\"es\"},{\"@type\":\"Person\",\"@id\":\"https:\\\/\\\/www.aliadospuebla.com\\\/#\\\/schema\\\/person\\\/5da7dd09320bd4f392b710017ed5f8ad\",\"name\":\"Aliados17\",\"image\":{\"@type\":\"ImageObject\",\"inLanguage\":\"es\",\"@id\":\"https:\\\/\\\/www.aliadospuebla.com\\\/web2017\\\/wp-content\\\/uploads\\\/2025\\\/03\\\/cropped-para-perfil-8-anos-1-96x96.jpg\",\"url\":\"https:\\\/\\\/www.aliadospuebla.com\\\/web2017\\\/wp-content\\\/uploads\\\/2025\\\/03\\\/cropped-para-perfil-8-anos-1-96x96.jpg\",\"contentUrl\":\"https:\\\/\\\/www.aliadospuebla.com\\\/web2017\\\/wp-content\\\/uploads\\\/2025\\\/03\\\/cropped-para-perfil-8-anos-1-96x96.jpg\",\"caption\":\"Aliados17\"},\"sameAs\":[\"https:\\\/\\\/www.aliados17.com\",\"https:\\\/\\\/www.facebook.com\\\/Aliados17Pue\",\"https:\\\/\\\/x.com\\\/AliadosPuebla\"],\"url\":\"https:\\\/\\\/www.aliadospuebla.com\\\/?author=2\"}]}<\/script>\n<!-- \/ Yoast SEO plugin. -->","yoast_head_json":{"title":"Polic\u00eda de Cuautlancingo asegura a cuatro personas por portaci\u00f3n de arma de fuego y delitos contra la salud - AliadosPuebla","robots":{"index":"index","follow":"follow","max-snippet":"max-snippet:-1","max-image-preview":"max-image-preview:large","max-video-preview":"max-video-preview:-1"},"canonical":"https:\/\/www.aliadospuebla.com\/?p=102268","og_locale":"es_ES","og_type":"article","og_title":"Polic\u00eda de Cuautlancingo asegura a cuatro personas por portaci\u00f3n de arma de fuego y delitos contra la salud - AliadosPuebla","og_description":"Gracias a la intervenci\u00f3n r\u00e1pida y efectiva de los elementos de la SSCyPC, fueron detenidos y trasladados al Ministerio P\u00fablico para determinar su situaci\u00f3n legal CUAUTLANCINGO, PUE. En una intervenci\u00f3n r\u00e1pida y efectiva, elementos de la Secretar\u00eda de Seguridad Ciudadana y Protecci\u00f3n Civil de Cuautlancingo, detuvieron a cuatro personas en posesi\u00f3n de armas de fuego sin licencia y presuntas sustancias il\u00edcitas. Mientras realizaban labores de vigilancia, los agentes recibieron un reporte v\u00eda radio sobre la presencia de personas sospechosas y armadas a bordo de una camioneta tipo Voyager, color arena, en la calle Prolongaci\u00f3n San Lorenzo, esquina con Lateral del Perif\u00e9rico Ecol\u00f3gico. De inmediato, se trasladaron al lugar donde ubicaron el veh\u00edculo con las caracter\u00edsticas reportadas. Al notar la presencia policial, tres sujetos descendieron e&hellip;Leer m\u00e1s...","og_url":"https:\/\/www.aliadospuebla.com\/?p=102268","og_site_name":"AliadosPuebla","article_author":"https:\/\/www.facebook.com\/Aliados17Pue","article_published_time":"2025-02-24T10:22:49+00:00","og_image":[{"width":600,"height":450,"url":"https:\/\/www.aliadospuebla.com\/web2017\/wp-content\/uploads\/2025\/02\/PSX_20250224_041423.jpg","type":"image\/jpeg"}],"author":"Aliados17","twitter_card":"summary_large_image","twitter_creator":"@AliadosPuebla","twitter_misc":{"Escrito por":"Aliados17","Tiempo de lectura":"2 minutos"},"schema":{"@context":"https:\/\/schema.org","@graph":[{"@type":"Article","@id":"https:\/\/www.aliadospuebla.com\/?p=102268#article","isPartOf":{"@id":"https:\/\/www.aliadospuebla.com\/?p=102268"},"author":{"name":"Aliados17","@id":"https:\/\/www.aliadospuebla.com\/#\/schema\/person\/5da7dd09320bd4f392b710017ed5f8ad"},"headline":"Polic\u00eda de Cuautlancingo asegura a cuatro personas por portaci\u00f3n de arma de fuego y delitos contra la salud","datePublished":"2025-02-24T10:22:49+00:00","mainEntityOfPage":{"@id":"https:\/\/www.aliadospuebla.com\/?p=102268"},"wordCount":373,"commentCount":0,"image":{"@id":"https:\/\/www.aliadospuebla.com\/?p=102268#primaryimage"},"thumbnailUrl":"https:\/\/www.aliadospuebla.com\/web2017\/wp-content\/uploads\/2025\/02\/PSX_20250224_041423.jpg","keywords":["armas de fuego","Cuautlancingo","DETENIDOS","polic\u00eca municipal","Portaci\u00f3n","sustancias il\u00edcitas"],"articleSection":["Municipios"],"inLanguage":"es","potentialAction":[{"@type":"CommentAction","name":"Comment","target":["https:\/\/www.aliadospuebla.com\/?p=102268#respond"]}]},{"@type":"WebPage","@id":"https:\/\/www.aliadospuebla.com\/?p=102268","url":"https:\/\/www.aliadospuebla.com\/?p=102268","name":"Polic\u00eda de Cuautlancingo asegura a cuatro personas por portaci\u00f3n de arma de fuego y delitos contra la salud - AliadosPuebla","isPartOf":{"@id":"https:\/\/www.aliadospuebla.com\/#website"},"primaryImageOfPage":{"@id":"https:\/\/www.aliadospuebla.com\/?p=102268#primaryimage"},"image":{"@id":"https:\/\/www.aliadospuebla.com\/?p=102268#primaryimage"},"thumbnailUrl":"https:\/\/www.aliadospuebla.com\/web2017\/wp-content\/uploads\/2025\/02\/PSX_20250224_041423.jpg","datePublished":"2025-02-24T10:22:49+00:00","author":{"@id":"https:\/\/www.aliadospuebla.com\/#\/schema\/person\/5da7dd09320bd4f392b710017ed5f8ad"},"breadcrumb":{"@id":"https:\/\/www.aliadospuebla.com\/?p=102268#breadcrumb"},"inLanguage":"es","potentialAction":[{"@type":"ReadAction","target":["https:\/\/www.aliadospuebla.com\/?p=102268"]}]},{"@type":"ImageObject","inLanguage":"es","@id":"https:\/\/www.aliadospuebla.com\/?p=102268#primaryimage","url":"https:\/\/www.aliadospuebla.com\/web2017\/wp-content\/uploads\/2025\/02\/PSX_20250224_041423.jpg","contentUrl":"https:\/\/www.aliadospuebla.com\/web2017\/wp-content\/uploads\/2025\/02\/PSX_20250224_041423.jpg","width":600,"height":450},{"@type":"BreadcrumbList","@id":"https:\/\/www.aliadospuebla.com\/?p=102268#breadcrumb","itemListElement":[{"@type":"ListItem","position":1,"name":"Portada","item":"https:\/\/www.aliadospuebla.com\/"},{"@type":"ListItem","position":2,"name":"Polic\u00eda de Cuautlancingo asegura a cuatro personas por portaci\u00f3n de arma de fuego y delitos contra la salud"}]},{"@type":"WebSite","@id":"https:\/\/www.aliadospuebla.com\/#website","url":"https:\/\/www.aliadospuebla.com\/","name":"AliadosPuebla","description":"La informaci\u00f3n en tus manos","potentialAction":[{"@type":"SearchAction","target":{"@type":"EntryPoint","urlTemplate":"https:\/\/www.aliadospuebla.com\/?s={search_term_string}"},"query-input":{"@type":"PropertyValueSpecification","valueRequired":true,"valueName":"search_term_string"}}],"inLanguage":"es"},{"@type":"Person","@id":"https:\/\/www.aliadospuebla.com\/#\/schema\/person\/5da7dd09320bd4f392b710017ed5f8ad","name":"Aliados17","image":{"@type":"ImageObject","inLanguage":"es","@id":"https:\/\/www.aliadospuebla.com\/web2017\/wp-content\/uploads\/2025\/03\/cropped-para-perfil-8-anos-1-96x96.jpg","url":"https:\/\/www.aliadospuebla.com\/web2017\/wp-content\/uploads\/2025\/03\/cropped-para-perfil-8-anos-1-96x96.jpg","contentUrl":"https:\/\/www.aliadospuebla.com\/web2017\/wp-content\/uploads\/2025\/03\/cropped-para-perfil-8-anos-1-96x96.jpg","caption":"Aliados17"},"sameAs":["https:\/\/www.aliados17.com","https:\/\/www.facebook.com\/Aliados17Pue","https:\/\/x.com\/AliadosPuebla"],"url":"https:\/\/www.aliadospuebla.com\/?author=2"}]}},"views":7,"_links":{"self":[{"href":"https:\/\/www.aliadospuebla.com\/index.php?rest_route=\/wp\/v2\/posts\/102268","targetHints":{"allow":["GET"]}}],"collection":[{"href":"https:\/\/www.aliadospuebla.com\/index.php?rest_route=\/wp\/v2\/posts"}],"about":[{"href":"https:\/\/www.aliadospuebla.com\/index.php?rest_route=\/wp\/v2\/types\/post"}],"author":[{"embeddable":true,"href":"https:\/\/www.aliadospuebla.com\/index.php?rest_route=\/wp\/v2\/users\/2"}],"replies":[{"embeddable":true,"href":"https:\/\/www.aliadospuebla.com\/index.php?rest_route=%2Fwp%2Fv2%2Fcomments&post=102268"}],"version-history":[{"count":1,"href":"https:\/\/www.aliadospuebla.com\/index.php?rest_route=\/wp\/v2\/posts\/102268\/revisions"}],"predecessor-version":[{"id":102270,"href":"https:\/\/www.aliadospuebla.com\/index.php?rest_route=\/wp\/v2\/posts\/102268\/revisions\/102270"}],"wp:featuredmedia":[{"embeddable":true,"href":"https:\/\/www.aliadospuebla.com\/index.php?rest_route=\/wp\/v2\/media\/102269"}],"wp:attachment":[{"href":"https:\/\/www.aliadospuebla.com\/index.php?rest_route=%2Fwp%2Fv2%2Fmedia&parent=102268"}],"wp:term":[{"taxonomy":"category","embeddable":true,"href":"https:\/\/www.aliadospuebla.com\/index.php?rest_route=%2Fwp%2Fv2%2Fcategories&post=102268"},{"taxonomy":"post_tag","embeddable":true,"href":"https:\/\/www.aliadospuebla.com\/index.php?rest_route=%2Fwp%2Fv2%2Ftags&post=102268"}],"curies":[{"name":"wp","href":"https:\/\/api.w.org\/{rel}","templated":true}]}}