{"id":102243,"date":"2025-02-22T16:06:17","date_gmt":"2025-02-22T22:06:17","guid":{"rendered":"https:\/\/www.aliadospuebla.com\/?p=102243"},"modified":"2025-02-22T16:06:17","modified_gmt":"2025-02-22T22:06:17","slug":"san-pedro-cholula-realiza-jornada-de-mujeres-constructoras-de-paz","status":"publish","type":"post","link":"https:\/\/www.aliadospuebla.com\/?p=102243","title":{"rendered":"San Pedro Cholula realiza Jornada de Mujeres Constructoras de Paz"},"content":{"rendered":"<p>San Pedro Cholula, Pue.- Como parte de las acciones enfocadas en erradicar la violencia contra mujeres en San Pedro Cholula, se realizo\u0301 la Jornada \u00abMujeres Constructoras<\/p>\n<p>de Paz\u00bb, con el objetivo de brindar<\/p>\n<p>espacios de informacio\u0301n y difusio\u0301n para erradicar este mal que afecta a nuestra comunidad.<\/p>\n<p>&nbsp;<\/p>\n<p>La presidenta honoraria del Sistema Municipal DIF, Lupita Ferna\u0301ndez, resalto\u0301<\/p>\n<p>la importancia del papel de las mujeres<\/p>\n<p>en la sociedad, es por ello que, por instrucciones de la presidenta municipal, Tonantzin Ferna\u0301ndez, el gobierno<\/p>\n<p>continuara\u0301 impulsando acciones que las empoderen y transmitan una estabilidad para ellas y sus familias.<\/p>\n<p>&nbsp;<\/p>\n<p>Durante su mensaje, el secretario de Seguridad Ciudadana, Capita\u0301n Juan Villegas, resalto\u0301 las acciones que se han impulsado<\/p>\n<p>a trave\u0301s de la Direccio\u0301n de Prevencio\u0301n del Delito y Atencio\u0301n a Vi\u0301ctimas, asi\u0301 como la coordinacio\u0301n que se ha fortalecido con la Secretaria de Seguridad Pu\u0301blica del Estado, para preservar el derecho de las personas a tener una vida libre de violencia, \u00ablas Redes MUCPAZ son clave para fortalecer el tejido social.<\/p>\n<h4>Es importante mantener un dia\u0301logo permanente con su comunidad y con las autoridades\u00bb, enfatizo\u0301.<\/h4>\n<p>&nbsp;<\/p>\n<p>Por su parte, Armando Rami\u0301rez, sirector del Centro Estatal de Prevencio\u0301n Social de la Violencia y la Delincuencia de Puebla, destaco\u0301 lo importante que son las redes de apoyo para que las mujeres tengan herramientas que les brinden independencia econo\u0301mica y puedan romper el ci\u0301rculo de violencia.<\/p>\n<p>&nbsp;<\/p>\n<p>Durante el evento, el presi\u0301dium realizo\u0301 la entrega de 20 alarmas individuales para integrantes de la Red MUCPAZ, adema\u0301s de una demostracio\u0301n de te\u0301cnicas de defensa personal y un bazar por parte de las integrantes de la Red.<\/p>\n<p>&nbsp;<\/p>\n<p>Actualmente, 47 mujeres integran la Red MUCPAZ en San Pedro Cholula, quienes son apoyadas mediante diversos programas, actividades y talleres, encabezados por el Gobierno Municipal de la presidenta, Tonantzin Ferna\u0301ndez.<\/p>\n","protected":false},"excerpt":{"rendered":"<p>San Pedro Cholula, Pue.- Como parte de las acciones enfocadas en erradicar la violencia contra mujeres en San Pedro Cholula, se realizo\u0301 la Jornada \u00abMujeres Constructoras de Paz\u00bb, con el objetivo de brindar espacios de informacio\u0301n y difusio\u0301n para erradicar este mal que afecta a nuestra comunidad. &nbsp; La presidenta honoraria del Sistema Municipal DIF, Lupita Ferna\u0301ndez, resalto\u0301 la importancia del papel de las mujeres en la sociedad, es por ello que, por instrucciones de la presidenta municipal, Tonantzin Ferna\u0301ndez, el gobierno continuara\u0301 impulsando acciones que las empoderen y transmitan una estabilidad para ellas y sus familias. &nbsp; Durante su mensaje, el secretario de Seguridad Ciudadana, Capita\u0301n Juan Villegas, resalto\u0301 las acciones que se han impulsado a trave\u0301s de la Direccio\u0301n de Prevencio\u0301n del Delito&hellip;<\/p>\n<p class=\"excerpt-more\"><a class=\"blog-excerpt button\" href=\"https:\/\/www.aliadospuebla.com\/?p=102243\">Leer m\u00e1s&#8230;<\/a><\/p>\n","protected":false},"author":2,"featured_media":102244,"comment_status":"open","ping_status":"open","sticky":false,"template":"","format":"standard","meta":{"_monsterinsights_skip_tracking":false,"footnotes":""},"categories":[4],"tags":[21699,27729,25905,387,7394],"class_list":["post-102243","post","type-post","status-publish","format-standard","has-post-thumbnail","hentry","category-municipios","tag-independencia-economica","tag-jornadas-de-mujeres","tag-lupita-fernandez","tag-san-pedro-cholula","tag-tonantzin-fernandez"],"yoast_head":"<!-- This site is optimized with the Yoast SEO plugin v28.4 - https:\/\/yoast.com\/product\/yoast-seo-wordpress\/ -->\n<title>San Pedro Cholula realiza Jornada de Mujeres Constructoras de Paz - AliadosPuebla<\/title>\n<meta name=\"robots\" content=\"index, follow, max-snippet:-1, max-image-preview:large, max-video-preview:-1\" \/>\n<link rel=\"canonical\" href=\"https:\/\/www.aliadospuebla.com\/?p=102243\" \/>\n<meta property=\"og:locale\" content=\"es_ES\" \/>\n<meta property=\"og:type\" content=\"article\" \/>\n<meta property=\"og:title\" content=\"San Pedro Cholula realiza Jornada de Mujeres Constructoras de Paz - AliadosPuebla\" \/>\n<meta property=\"og:description\" content=\"San Pedro Cholula, Pue.- Como parte de las acciones enfocadas en erradicar la violencia contra mujeres en San Pedro Cholula, se realizo\u0301 la Jornada \u00abMujeres Constructoras de Paz\u00bb, con el objetivo de brindar espacios de informacio\u0301n y difusio\u0301n para erradicar este mal que afecta a nuestra comunidad. &nbsp; La presidenta honoraria del Sistema Municipal DIF, Lupita Ferna\u0301ndez, resalto\u0301 la importancia del papel de las mujeres en la sociedad, es por ello que, por instrucciones de la presidenta municipal, Tonantzin Ferna\u0301ndez, el gobierno continuara\u0301 impulsando acciones que las empoderen y transmitan una estabilidad para ellas y sus familias. &nbsp; Durante su mensaje, el secretario de Seguridad Ciudadana, Capita\u0301n Juan Villegas, resalto\u0301 las acciones que se han impulsado a trave\u0301s de la Direccio\u0301n de Prevencio\u0301n del Delito&hellip;Leer m\u00e1s...\" \/>\n<meta property=\"og:url\" content=\"https:\/\/www.aliadospuebla.com\/?p=102243\" \/>\n<meta property=\"og:site_name\" content=\"AliadosPuebla\" \/>\n<meta property=\"article:author\" content=\"https:\/\/www.facebook.com\/Aliados17Pue\" \/>\n<meta property=\"article:published_time\" content=\"2025-02-22T22:06:17+00:00\" \/>\n<meta property=\"og:image\" content=\"https:\/\/www.aliadospuebla.com\/web2017\/wp-content\/uploads\/2025\/02\/PSX_20250222_160159.jpg\" \/>\n\t<meta property=\"og:image:width\" content=\"600\" \/>\n\t<meta property=\"og:image:height\" content=\"450\" \/>\n\t<meta property=\"og:image:type\" content=\"image\/jpeg\" \/>\n<meta name=\"author\" content=\"Aliados17\" \/>\n<meta name=\"twitter:card\" content=\"summary_large_image\" \/>\n<meta name=\"twitter:creator\" content=\"@AliadosPuebla\" \/>\n<meta name=\"twitter:label1\" content=\"Escrito por\" \/>\n\t<meta name=\"twitter:data1\" content=\"Aliados17\" \/>\n\t<meta name=\"twitter:label2\" content=\"Tiempo de lectura\" \/>\n\t<meta name=\"twitter:data2\" content=\"2 minutos\" \/>\n<script type=\"application\/ld+json\" class=\"yoast-schema-graph\">{\"@context\":\"https:\\\/\\\/schema.org\",\"@graph\":[{\"@type\":\"Article\",\"@id\":\"https:\\\/\\\/www.aliadospuebla.com\\\/?p=102243#article\",\"isPartOf\":{\"@id\":\"https:\\\/\\\/www.aliadospuebla.com\\\/?p=102243\"},\"author\":{\"name\":\"Aliados17\",\"@id\":\"https:\\\/\\\/www.aliadospuebla.com\\\/#\\\/schema\\\/person\\\/5da7dd09320bd4f392b710017ed5f8ad\"},\"headline\":\"San Pedro Cholula realiza Jornada de Mujeres Constructoras de Paz\",\"datePublished\":\"2025-02-22T22:06:17+00:00\",\"mainEntityOfPage\":{\"@id\":\"https:\\\/\\\/www.aliadospuebla.com\\\/?p=102243\"},\"wordCount\":332,\"commentCount\":0,\"image\":{\"@id\":\"https:\\\/\\\/www.aliadospuebla.com\\\/?p=102243#primaryimage\"},\"thumbnailUrl\":\"https:\\\/\\\/www.aliadospuebla.com\\\/web2017\\\/wp-content\\\/uploads\\\/2025\\\/02\\\/PSX_20250222_160159.jpg\",\"keywords\":[\"independencia econ\u00f3mica\",\"jornadas de mujeres\",\"Lupita Fern\u00e1ndez\",\"SAN PEDRO CHOLULA\",\"TONANTZIN FERN\u00c1NDEZ\"],\"articleSection\":[\"Municipios\"],\"inLanguage\":\"es\",\"potentialAction\":[{\"@type\":\"CommentAction\",\"name\":\"Comment\",\"target\":[\"https:\\\/\\\/www.aliadospuebla.com\\\/?p=102243#respond\"]}]},{\"@type\":\"WebPage\",\"@id\":\"https:\\\/\\\/www.aliadospuebla.com\\\/?p=102243\",\"url\":\"https:\\\/\\\/www.aliadospuebla.com\\\/?p=102243\",\"name\":\"San Pedro Cholula realiza Jornada de Mujeres Constructoras de Paz - AliadosPuebla\",\"isPartOf\":{\"@id\":\"https:\\\/\\\/www.aliadospuebla.com\\\/#website\"},\"primaryImageOfPage\":{\"@id\":\"https:\\\/\\\/www.aliadospuebla.com\\\/?p=102243#primaryimage\"},\"image\":{\"@id\":\"https:\\\/\\\/www.aliadospuebla.com\\\/?p=102243#primaryimage\"},\"thumbnailUrl\":\"https:\\\/\\\/www.aliadospuebla.com\\\/web2017\\\/wp-content\\\/uploads\\\/2025\\\/02\\\/PSX_20250222_160159.jpg\",\"datePublished\":\"2025-02-22T22:06:17+00:00\",\"author\":{\"@id\":\"https:\\\/\\\/www.aliadospuebla.com\\\/#\\\/schema\\\/person\\\/5da7dd09320bd4f392b710017ed5f8ad\"},\"breadcrumb\":{\"@id\":\"https:\\\/\\\/www.aliadospuebla.com\\\/?p=102243#breadcrumb\"},\"inLanguage\":\"es\",\"potentialAction\":[{\"@type\":\"ReadAction\",\"target\":[\"https:\\\/\\\/www.aliadospuebla.com\\\/?p=102243\"]}]},{\"@type\":\"ImageObject\",\"inLanguage\":\"es\",\"@id\":\"https:\\\/\\\/www.aliadospuebla.com\\\/?p=102243#primaryimage\",\"url\":\"https:\\\/\\\/www.aliadospuebla.com\\\/web2017\\\/wp-content\\\/uploads\\\/2025\\\/02\\\/PSX_20250222_160159.jpg\",\"contentUrl\":\"https:\\\/\\\/www.aliadospuebla.com\\\/web2017\\\/wp-content\\\/uploads\\\/2025\\\/02\\\/PSX_20250222_160159.jpg\",\"width\":600,\"height\":450},{\"@type\":\"BreadcrumbList\",\"@id\":\"https:\\\/\\\/www.aliadospuebla.com\\\/?p=102243#breadcrumb\",\"itemListElement\":[{\"@type\":\"ListItem\",\"position\":1,\"name\":\"Portada\",\"item\":\"https:\\\/\\\/www.aliadospuebla.com\\\/\"},{\"@type\":\"ListItem\",\"position\":2,\"name\":\"San Pedro Cholula realiza Jornada de Mujeres Constructoras de Paz\"}]},{\"@type\":\"WebSite\",\"@id\":\"https:\\\/\\\/www.aliadospuebla.com\\\/#website\",\"url\":\"https:\\\/\\\/www.aliadospuebla.com\\\/\",\"name\":\"AliadosPuebla\",\"description\":\"La informaci\u00f3n en tus manos\",\"potentialAction\":[{\"@type\":\"SearchAction\",\"target\":{\"@type\":\"EntryPoint\",\"urlTemplate\":\"https:\\\/\\\/www.aliadospuebla.com\\\/?s={search_term_string}\"},\"query-input\":{\"@type\":\"PropertyValueSpecification\",\"valueRequired\":true,\"valueName\":\"search_term_string\"}}],\"inLanguage\":\"es\"},{\"@type\":\"Person\",\"@id\":\"https:\\\/\\\/www.aliadospuebla.com\\\/#\\\/schema\\\/person\\\/5da7dd09320bd4f392b710017ed5f8ad\",\"name\":\"Aliados17\",\"image\":{\"@type\":\"ImageObject\",\"inLanguage\":\"es\",\"@id\":\"https:\\\/\\\/www.aliadospuebla.com\\\/web2017\\\/wp-content\\\/uploads\\\/2025\\\/03\\\/cropped-para-perfil-8-anos-1-96x96.jpg\",\"url\":\"https:\\\/\\\/www.aliadospuebla.com\\\/web2017\\\/wp-content\\\/uploads\\\/2025\\\/03\\\/cropped-para-perfil-8-anos-1-96x96.jpg\",\"contentUrl\":\"https:\\\/\\\/www.aliadospuebla.com\\\/web2017\\\/wp-content\\\/uploads\\\/2025\\\/03\\\/cropped-para-perfil-8-anos-1-96x96.jpg\",\"caption\":\"Aliados17\"},\"sameAs\":[\"https:\\\/\\\/www.aliados17.com\",\"https:\\\/\\\/www.facebook.com\\\/Aliados17Pue\",\"https:\\\/\\\/x.com\\\/AliadosPuebla\"],\"url\":\"https:\\\/\\\/www.aliadospuebla.com\\\/?author=2\"}]}<\/script>\n<!-- \/ Yoast SEO plugin. -->","yoast_head_json":{"title":"San Pedro Cholula realiza Jornada de Mujeres Constructoras de Paz - AliadosPuebla","robots":{"index":"index","follow":"follow","max-snippet":"max-snippet:-1","max-image-preview":"max-image-preview:large","max-video-preview":"max-video-preview:-1"},"canonical":"https:\/\/www.aliadospuebla.com\/?p=102243","og_locale":"es_ES","og_type":"article","og_title":"San Pedro Cholula realiza Jornada de Mujeres Constructoras de Paz - AliadosPuebla","og_description":"San Pedro Cholula, Pue.- Como parte de las acciones enfocadas en erradicar la violencia contra mujeres en San Pedro Cholula, se realizo\u0301 la Jornada \u00abMujeres Constructoras de Paz\u00bb, con el objetivo de brindar espacios de informacio\u0301n y difusio\u0301n para erradicar este mal que afecta a nuestra comunidad. &nbsp; La presidenta honoraria del Sistema Municipal DIF, Lupita Ferna\u0301ndez, resalto\u0301 la importancia del papel de las mujeres en la sociedad, es por ello que, por instrucciones de la presidenta municipal, Tonantzin Ferna\u0301ndez, el gobierno continuara\u0301 impulsando acciones que las empoderen y transmitan una estabilidad para ellas y sus familias. &nbsp; Durante su mensaje, el secretario de Seguridad Ciudadana, Capita\u0301n Juan Villegas, resalto\u0301 las acciones que se han impulsado a trave\u0301s de la Direccio\u0301n de Prevencio\u0301n del Delito&hellip;Leer m\u00e1s...","og_url":"https:\/\/www.aliadospuebla.com\/?p=102243","og_site_name":"AliadosPuebla","article_author":"https:\/\/www.facebook.com\/Aliados17Pue","article_published_time":"2025-02-22T22:06:17+00:00","og_image":[{"width":600,"height":450,"url":"https:\/\/www.aliadospuebla.com\/web2017\/wp-content\/uploads\/2025\/02\/PSX_20250222_160159.jpg","type":"image\/jpeg"}],"author":"Aliados17","twitter_card":"summary_large_image","twitter_creator":"@AliadosPuebla","twitter_misc":{"Escrito por":"Aliados17","Tiempo de lectura":"2 minutos"},"schema":{"@context":"https:\/\/schema.org","@graph":[{"@type":"Article","@id":"https:\/\/www.aliadospuebla.com\/?p=102243#article","isPartOf":{"@id":"https:\/\/www.aliadospuebla.com\/?p=102243"},"author":{"name":"Aliados17","@id":"https:\/\/www.aliadospuebla.com\/#\/schema\/person\/5da7dd09320bd4f392b710017ed5f8ad"},"headline":"San Pedro Cholula realiza Jornada de Mujeres Constructoras de Paz","datePublished":"2025-02-22T22:06:17+00:00","mainEntityOfPage":{"@id":"https:\/\/www.aliadospuebla.com\/?p=102243"},"wordCount":332,"commentCount":0,"image":{"@id":"https:\/\/www.aliadospuebla.com\/?p=102243#primaryimage"},"thumbnailUrl":"https:\/\/www.aliadospuebla.com\/web2017\/wp-content\/uploads\/2025\/02\/PSX_20250222_160159.jpg","keywords":["independencia econ\u00f3mica","jornadas de mujeres","Lupita Fern\u00e1ndez","SAN PEDRO CHOLULA","TONANTZIN FERN\u00c1NDEZ"],"articleSection":["Municipios"],"inLanguage":"es","potentialAction":[{"@type":"CommentAction","name":"Comment","target":["https:\/\/www.aliadospuebla.com\/?p=102243#respond"]}]},{"@type":"WebPage","@id":"https:\/\/www.aliadospuebla.com\/?p=102243","url":"https:\/\/www.aliadospuebla.com\/?p=102243","name":"San Pedro Cholula realiza Jornada de Mujeres Constructoras de Paz - AliadosPuebla","isPartOf":{"@id":"https:\/\/www.aliadospuebla.com\/#website"},"primaryImageOfPage":{"@id":"https:\/\/www.aliadospuebla.com\/?p=102243#primaryimage"},"image":{"@id":"https:\/\/www.aliadospuebla.com\/?p=102243#primaryimage"},"thumbnailUrl":"https:\/\/www.aliadospuebla.com\/web2017\/wp-content\/uploads\/2025\/02\/PSX_20250222_160159.jpg","datePublished":"2025-02-22T22:06:17+00:00","author":{"@id":"https:\/\/www.aliadospuebla.com\/#\/schema\/person\/5da7dd09320bd4f392b710017ed5f8ad"},"breadcrumb":{"@id":"https:\/\/www.aliadospuebla.com\/?p=102243#breadcrumb"},"inLanguage":"es","potentialAction":[{"@type":"ReadAction","target":["https:\/\/www.aliadospuebla.com\/?p=102243"]}]},{"@type":"ImageObject","inLanguage":"es","@id":"https:\/\/www.aliadospuebla.com\/?p=102243#primaryimage","url":"https:\/\/www.aliadospuebla.com\/web2017\/wp-content\/uploads\/2025\/02\/PSX_20250222_160159.jpg","contentUrl":"https:\/\/www.aliadospuebla.com\/web2017\/wp-content\/uploads\/2025\/02\/PSX_20250222_160159.jpg","width":600,"height":450},{"@type":"BreadcrumbList","@id":"https:\/\/www.aliadospuebla.com\/?p=102243#breadcrumb","itemListElement":[{"@type":"ListItem","position":1,"name":"Portada","item":"https:\/\/www.aliadospuebla.com\/"},{"@type":"ListItem","position":2,"name":"San Pedro Cholula realiza Jornada de Mujeres Constructoras de Paz"}]},{"@type":"WebSite","@id":"https:\/\/www.aliadospuebla.com\/#website","url":"https:\/\/www.aliadospuebla.com\/","name":"AliadosPuebla","description":"La informaci\u00f3n en tus manos","potentialAction":[{"@type":"SearchAction","target":{"@type":"EntryPoint","urlTemplate":"https:\/\/www.aliadospuebla.com\/?s={search_term_string}"},"query-input":{"@type":"PropertyValueSpecification","valueRequired":true,"valueName":"search_term_string"}}],"inLanguage":"es"},{"@type":"Person","@id":"https:\/\/www.aliadospuebla.com\/#\/schema\/person\/5da7dd09320bd4f392b710017ed5f8ad","name":"Aliados17","image":{"@type":"ImageObject","inLanguage":"es","@id":"https:\/\/www.aliadospuebla.com\/web2017\/wp-content\/uploads\/2025\/03\/cropped-para-perfil-8-anos-1-96x96.jpg","url":"https:\/\/www.aliadospuebla.com\/web2017\/wp-content\/uploads\/2025\/03\/cropped-para-perfil-8-anos-1-96x96.jpg","contentUrl":"https:\/\/www.aliadospuebla.com\/web2017\/wp-content\/uploads\/2025\/03\/cropped-para-perfil-8-anos-1-96x96.jpg","caption":"Aliados17"},"sameAs":["https:\/\/www.aliados17.com","https:\/\/www.facebook.com\/Aliados17Pue","https:\/\/x.com\/AliadosPuebla"],"url":"https:\/\/www.aliadospuebla.com\/?author=2"}]}},"views":6,"_links":{"self":[{"href":"https:\/\/www.aliadospuebla.com\/index.php?rest_route=\/wp\/v2\/posts\/102243","targetHints":{"allow":["GET"]}}],"collection":[{"href":"https:\/\/www.aliadospuebla.com\/index.php?rest_route=\/wp\/v2\/posts"}],"about":[{"href":"https:\/\/www.aliadospuebla.com\/index.php?rest_route=\/wp\/v2\/types\/post"}],"author":[{"embeddable":true,"href":"https:\/\/www.aliadospuebla.com\/index.php?rest_route=\/wp\/v2\/users\/2"}],"replies":[{"embeddable":true,"href":"https:\/\/www.aliadospuebla.com\/index.php?rest_route=%2Fwp%2Fv2%2Fcomments&post=102243"}],"version-history":[{"count":1,"href":"https:\/\/www.aliadospuebla.com\/index.php?rest_route=\/wp\/v2\/posts\/102243\/revisions"}],"predecessor-version":[{"id":102245,"href":"https:\/\/www.aliadospuebla.com\/index.php?rest_route=\/wp\/v2\/posts\/102243\/revisions\/102245"}],"wp:featuredmedia":[{"embeddable":true,"href":"https:\/\/www.aliadospuebla.com\/index.php?rest_route=\/wp\/v2\/media\/102244"}],"wp:attachment":[{"href":"https:\/\/www.aliadospuebla.com\/index.php?rest_route=%2Fwp%2Fv2%2Fmedia&parent=102243"}],"wp:term":[{"taxonomy":"category","embeddable":true,"href":"https:\/\/www.aliadospuebla.com\/index.php?rest_route=%2Fwp%2Fv2%2Fcategories&post=102243"},{"taxonomy":"post_tag","embeddable":true,"href":"https:\/\/www.aliadospuebla.com\/index.php?rest_route=%2Fwp%2Fv2%2Ftags&post=102243"}],"curies":[{"name":"wp","href":"https:\/\/api.w.org\/{rel}","templated":true}]}}