{"id":102234,"date":"2025-02-21T22:25:35","date_gmt":"2025-02-22T04:25:35","guid":{"rendered":"https:\/\/www.aliadospuebla.com\/?p=102234"},"modified":"2025-02-21T22:25:35","modified_gmt":"2025-02-22T04:25:35","slug":"gobierno-de-la-ciudad-realizo-con-exito-jornadas-de-proteccion-animal-en-diferentes-puntos","status":"publish","type":"post","link":"https:\/\/www.aliadospuebla.com\/?p=102234","title":{"rendered":"Gobierno de la Ciudad realiz\u00f3 con \u00e9xito jornadas de protecci\u00f3n animal en diferentes puntos"},"content":{"rendered":"<h4>&#8211; De manera gratuita, los servicios fueron llevados a Infonavit Agua Santa, Lomas de San Valent\u00edn y Geo Villas del Sur<\/h4>\n<p>Como parte del compromiso del presidente municipal de Puebla, Pepe Chedraui Budib,<\/p>\n<p>con el bienestar animal, la Secretar\u00eda de Medio Ambiente, encabezada por Iv\u00e1n Herrera,<\/p>\n<p>llev\u00f3 a cabo exitosas jornadas con servicios gratuitos para el cuidado de las mascotas en diferentes puntos de la ciudad.<\/p>\n<p>Las acciones se realizaron en Infonavit Agua Santa, Lomas de San Valent\u00edn y Geo Villas del Sur<\/p>\n<p>donde se ofrecieron consultas veterinarias, vacunaci\u00f3n antirr\u00e1bica, esterilizaciones y pl\u00e1ticas sobre el cuidado responsable de los animales de compa\u00f1\u00eda, a fin de promover una tenencia responsable en la ciudad de Puebla.<\/p>\n<p>En este sentido, el secretario de Medio Ambiente, Iv\u00e1n Herrera, destac\u00f3 la importancia de estas acciones para fomentar una cultura de respeto y protecci\u00f3n hacia los animales.<\/p>\n<p>\u201cDesde el Gobierno Municipal trabajamos para garantizar el bienestar de los animales y generar conciencia sobre la tenencia responsable. Estas jornadas nos permiten acercar servicios esenciales a la ciudadan\u00eda y reforzar el compromiso con una Puebla m\u00e1s justa y emp\u00e1tica con todas las especies\u201d, se\u00f1al\u00f3.<\/p>\n<p>La administraci\u00f3n de Pepe Chedraui continuar\u00e1 impulsando este tipo de jornadas en distintas colonias, promoviendo la salud animal y la convivencia responsable en la comunidad.<\/p>\n","protected":false},"excerpt":{"rendered":"<p>&#8211; De manera gratuita, los servicios fueron llevados a Infonavit Agua Santa, Lomas de San Valent\u00edn y Geo Villas del Sur Como parte del compromiso del presidente municipal de Puebla, Pepe Chedraui Budib, con el bienestar animal, la Secretar\u00eda de Medio Ambiente, encabezada por Iv\u00e1n Herrera, llev\u00f3 a cabo exitosas jornadas con servicios gratuitos para el cuidado de las mascotas en diferentes puntos de la ciudad. Las acciones se realizaron en Infonavit Agua Santa, Lomas de San Valent\u00edn y Geo Villas del Sur donde se ofrecieron consultas veterinarias, vacunaci\u00f3n antirr\u00e1bica, esterilizaciones y pl\u00e1ticas sobre el cuidado responsable de los animales de compa\u00f1\u00eda, a fin de promover una tenencia responsable en la ciudad de Puebla. En este sentido, el secretario de Medio Ambiente, Iv\u00e1n Herrera, destac\u00f3&hellip;<\/p>\n<p class=\"excerpt-more\"><a class=\"blog-excerpt button\" href=\"https:\/\/www.aliadospuebla.com\/?p=102234\">Leer m\u00e1s&#8230;<\/a><\/p>\n","protected":false},"author":2,"featured_media":102235,"comment_status":"open","ping_status":"open","sticky":false,"template":"","format":"standard","meta":{"_monsterinsights_skip_tracking":false,"footnotes":""},"categories":[62],"tags":[21786,10582,12950,27186,27727,24702,10300,9054],"class_list":["post-102234","post","type-post","status-publish","format-standard","has-post-thumbnail","hentry","category-capital","tag-esterilizaciones","tag-gobierno-de-la-ciudad","tag-ivan-herrera","tag-jornadas-de-proteccion-animal","tag-onsultas-veterinarias","tag-pepe-chedraui-budib","tag-tenencia-responsable","tag-vacunacion-antirrabica"],"yoast_head":"<!-- This site is optimized with the Yoast SEO plugin v28.4 - https:\/\/yoast.com\/product\/yoast-seo-wordpress\/ -->\n<title>Gobierno de la Ciudad realiz\u00f3 con \u00e9xito jornadas de protecci\u00f3n animal en diferentes puntos - AliadosPuebla<\/title>\n<meta name=\"robots\" content=\"index, follow, max-snippet:-1, max-image-preview:large, max-video-preview:-1\" \/>\n<link rel=\"canonical\" href=\"https:\/\/www.aliadospuebla.com\/?p=102234\" \/>\n<meta property=\"og:locale\" content=\"es_ES\" \/>\n<meta property=\"og:type\" content=\"article\" \/>\n<meta property=\"og:title\" content=\"Gobierno de la Ciudad realiz\u00f3 con \u00e9xito jornadas de protecci\u00f3n animal en diferentes puntos - AliadosPuebla\" \/>\n<meta property=\"og:description\" content=\"&#8211; De manera gratuita, los servicios fueron llevados a Infonavit Agua Santa, Lomas de San Valent\u00edn y Geo Villas del Sur Como parte del compromiso del presidente municipal de Puebla, Pepe Chedraui Budib, con el bienestar animal, la Secretar\u00eda de Medio Ambiente, encabezada por Iv\u00e1n Herrera, llev\u00f3 a cabo exitosas jornadas con servicios gratuitos para el cuidado de las mascotas en diferentes puntos de la ciudad. Las acciones se realizaron en Infonavit Agua Santa, Lomas de San Valent\u00edn y Geo Villas del Sur donde se ofrecieron consultas veterinarias, vacunaci\u00f3n antirr\u00e1bica, esterilizaciones y pl\u00e1ticas sobre el cuidado responsable de los animales de compa\u00f1\u00eda, a fin de promover una tenencia responsable en la ciudad de Puebla. En este sentido, el secretario de Medio Ambiente, Iv\u00e1n Herrera, destac\u00f3&hellip;Leer m\u00e1s...\" \/>\n<meta property=\"og:url\" content=\"https:\/\/www.aliadospuebla.com\/?p=102234\" \/>\n<meta property=\"og:site_name\" content=\"AliadosPuebla\" \/>\n<meta property=\"article:author\" content=\"https:\/\/www.facebook.com\/Aliados17Pue\" \/>\n<meta property=\"article:published_time\" content=\"2025-02-22T04:25:35+00:00\" \/>\n<meta property=\"og:image\" content=\"https:\/\/www.aliadospuebla.com\/web2017\/wp-content\/uploads\/2025\/02\/620.jpg\" \/>\n\t<meta property=\"og:image:width\" content=\"600\" \/>\n\t<meta property=\"og:image:height\" content=\"450\" \/>\n\t<meta property=\"og:image:type\" content=\"image\/jpeg\" \/>\n<meta name=\"author\" content=\"Aliados17\" \/>\n<meta name=\"twitter:card\" content=\"summary_large_image\" \/>\n<meta name=\"twitter:creator\" content=\"@AliadosPuebla\" \/>\n<meta name=\"twitter:label1\" content=\"Escrito por\" \/>\n\t<meta name=\"twitter:data1\" content=\"Aliados17\" \/>\n\t<meta name=\"twitter:label2\" content=\"Tiempo de lectura\" \/>\n\t<meta name=\"twitter:data2\" content=\"2 minutos\" \/>\n<script type=\"application\/ld+json\" class=\"yoast-schema-graph\">{\"@context\":\"https:\\\/\\\/schema.org\",\"@graph\":[{\"@type\":\"Article\",\"@id\":\"https:\\\/\\\/www.aliadospuebla.com\\\/?p=102234#article\",\"isPartOf\":{\"@id\":\"https:\\\/\\\/www.aliadospuebla.com\\\/?p=102234\"},\"author\":{\"name\":\"Aliados17\",\"@id\":\"https:\\\/\\\/www.aliadospuebla.com\\\/#\\\/schema\\\/person\\\/5da7dd09320bd4f392b710017ed5f8ad\"},\"headline\":\"Gobierno de la Ciudad realiz\u00f3 con \u00e9xito jornadas de protecci\u00f3n animal en diferentes puntos\",\"datePublished\":\"2025-02-22T04:25:35+00:00\",\"mainEntityOfPage\":{\"@id\":\"https:\\\/\\\/www.aliadospuebla.com\\\/?p=102234\"},\"wordCount\":241,\"commentCount\":0,\"image\":{\"@id\":\"https:\\\/\\\/www.aliadospuebla.com\\\/?p=102234#primaryimage\"},\"thumbnailUrl\":\"https:\\\/\\\/www.aliadospuebla.com\\\/web2017\\\/wp-content\\\/uploads\\\/2025\\\/02\\\/620.jpg\",\"keywords\":[\"esterilizaciones\",\"GOBIERNO DE LA CIUDAD\",\"Iv\u00e1n Herrera\",\"Jornadas de Protecci\u00f3n Animal\",\"onsultas veterinarias\",\"Pepe Chedraui Budib\",\"tenencia responsable\",\"vacunaci\u00f3n antirr\u00e1bica\"],\"articleSection\":[\"Capital\"],\"inLanguage\":\"es\",\"potentialAction\":[{\"@type\":\"CommentAction\",\"name\":\"Comment\",\"target\":[\"https:\\\/\\\/www.aliadospuebla.com\\\/?p=102234#respond\"]}]},{\"@type\":\"WebPage\",\"@id\":\"https:\\\/\\\/www.aliadospuebla.com\\\/?p=102234\",\"url\":\"https:\\\/\\\/www.aliadospuebla.com\\\/?p=102234\",\"name\":\"Gobierno de la Ciudad realiz\u00f3 con \u00e9xito jornadas de protecci\u00f3n animal en diferentes puntos - AliadosPuebla\",\"isPartOf\":{\"@id\":\"https:\\\/\\\/www.aliadospuebla.com\\\/#website\"},\"primaryImageOfPage\":{\"@id\":\"https:\\\/\\\/www.aliadospuebla.com\\\/?p=102234#primaryimage\"},\"image\":{\"@id\":\"https:\\\/\\\/www.aliadospuebla.com\\\/?p=102234#primaryimage\"},\"thumbnailUrl\":\"https:\\\/\\\/www.aliadospuebla.com\\\/web2017\\\/wp-content\\\/uploads\\\/2025\\\/02\\\/620.jpg\",\"datePublished\":\"2025-02-22T04:25:35+00:00\",\"author\":{\"@id\":\"https:\\\/\\\/www.aliadospuebla.com\\\/#\\\/schema\\\/person\\\/5da7dd09320bd4f392b710017ed5f8ad\"},\"breadcrumb\":{\"@id\":\"https:\\\/\\\/www.aliadospuebla.com\\\/?p=102234#breadcrumb\"},\"inLanguage\":\"es\",\"potentialAction\":[{\"@type\":\"ReadAction\",\"target\":[\"https:\\\/\\\/www.aliadospuebla.com\\\/?p=102234\"]}]},{\"@type\":\"ImageObject\",\"inLanguage\":\"es\",\"@id\":\"https:\\\/\\\/www.aliadospuebla.com\\\/?p=102234#primaryimage\",\"url\":\"https:\\\/\\\/www.aliadospuebla.com\\\/web2017\\\/wp-content\\\/uploads\\\/2025\\\/02\\\/620.jpg\",\"contentUrl\":\"https:\\\/\\\/www.aliadospuebla.com\\\/web2017\\\/wp-content\\\/uploads\\\/2025\\\/02\\\/620.jpg\",\"width\":600,\"height\":450},{\"@type\":\"BreadcrumbList\",\"@id\":\"https:\\\/\\\/www.aliadospuebla.com\\\/?p=102234#breadcrumb\",\"itemListElement\":[{\"@type\":\"ListItem\",\"position\":1,\"name\":\"Portada\",\"item\":\"https:\\\/\\\/www.aliadospuebla.com\\\/\"},{\"@type\":\"ListItem\",\"position\":2,\"name\":\"Gobierno de la Ciudad realiz\u00f3 con \u00e9xito jornadas de protecci\u00f3n animal en diferentes puntos\"}]},{\"@type\":\"WebSite\",\"@id\":\"https:\\\/\\\/www.aliadospuebla.com\\\/#website\",\"url\":\"https:\\\/\\\/www.aliadospuebla.com\\\/\",\"name\":\"AliadosPuebla\",\"description\":\"La informaci\u00f3n en tus manos\",\"potentialAction\":[{\"@type\":\"SearchAction\",\"target\":{\"@type\":\"EntryPoint\",\"urlTemplate\":\"https:\\\/\\\/www.aliadospuebla.com\\\/?s={search_term_string}\"},\"query-input\":{\"@type\":\"PropertyValueSpecification\",\"valueRequired\":true,\"valueName\":\"search_term_string\"}}],\"inLanguage\":\"es\"},{\"@type\":\"Person\",\"@id\":\"https:\\\/\\\/www.aliadospuebla.com\\\/#\\\/schema\\\/person\\\/5da7dd09320bd4f392b710017ed5f8ad\",\"name\":\"Aliados17\",\"image\":{\"@type\":\"ImageObject\",\"inLanguage\":\"es\",\"@id\":\"https:\\\/\\\/www.aliadospuebla.com\\\/web2017\\\/wp-content\\\/uploads\\\/2025\\\/03\\\/cropped-para-perfil-8-anos-1-96x96.jpg\",\"url\":\"https:\\\/\\\/www.aliadospuebla.com\\\/web2017\\\/wp-content\\\/uploads\\\/2025\\\/03\\\/cropped-para-perfil-8-anos-1-96x96.jpg\",\"contentUrl\":\"https:\\\/\\\/www.aliadospuebla.com\\\/web2017\\\/wp-content\\\/uploads\\\/2025\\\/03\\\/cropped-para-perfil-8-anos-1-96x96.jpg\",\"caption\":\"Aliados17\"},\"sameAs\":[\"https:\\\/\\\/www.aliados17.com\",\"https:\\\/\\\/www.facebook.com\\\/Aliados17Pue\",\"https:\\\/\\\/x.com\\\/AliadosPuebla\"],\"url\":\"https:\\\/\\\/www.aliadospuebla.com\\\/?author=2\"}]}<\/script>\n<!-- \/ Yoast SEO plugin. -->","yoast_head_json":{"title":"Gobierno de la Ciudad realiz\u00f3 con \u00e9xito jornadas de protecci\u00f3n animal en diferentes puntos - AliadosPuebla","robots":{"index":"index","follow":"follow","max-snippet":"max-snippet:-1","max-image-preview":"max-image-preview:large","max-video-preview":"max-video-preview:-1"},"canonical":"https:\/\/www.aliadospuebla.com\/?p=102234","og_locale":"es_ES","og_type":"article","og_title":"Gobierno de la Ciudad realiz\u00f3 con \u00e9xito jornadas de protecci\u00f3n animal en diferentes puntos - AliadosPuebla","og_description":"&#8211; De manera gratuita, los servicios fueron llevados a Infonavit Agua Santa, Lomas de San Valent\u00edn y Geo Villas del Sur Como parte del compromiso del presidente municipal de Puebla, Pepe Chedraui Budib, con el bienestar animal, la Secretar\u00eda de Medio Ambiente, encabezada por Iv\u00e1n Herrera, llev\u00f3 a cabo exitosas jornadas con servicios gratuitos para el cuidado de las mascotas en diferentes puntos de la ciudad. Las acciones se realizaron en Infonavit Agua Santa, Lomas de San Valent\u00edn y Geo Villas del Sur donde se ofrecieron consultas veterinarias, vacunaci\u00f3n antirr\u00e1bica, esterilizaciones y pl\u00e1ticas sobre el cuidado responsable de los animales de compa\u00f1\u00eda, a fin de promover una tenencia responsable en la ciudad de Puebla. En este sentido, el secretario de Medio Ambiente, Iv\u00e1n Herrera, destac\u00f3&hellip;Leer m\u00e1s...","og_url":"https:\/\/www.aliadospuebla.com\/?p=102234","og_site_name":"AliadosPuebla","article_author":"https:\/\/www.facebook.com\/Aliados17Pue","article_published_time":"2025-02-22T04:25:35+00:00","og_image":[{"width":600,"height":450,"url":"https:\/\/www.aliadospuebla.com\/web2017\/wp-content\/uploads\/2025\/02\/620.jpg","type":"image\/jpeg"}],"author":"Aliados17","twitter_card":"summary_large_image","twitter_creator":"@AliadosPuebla","twitter_misc":{"Escrito por":"Aliados17","Tiempo de lectura":"2 minutos"},"schema":{"@context":"https:\/\/schema.org","@graph":[{"@type":"Article","@id":"https:\/\/www.aliadospuebla.com\/?p=102234#article","isPartOf":{"@id":"https:\/\/www.aliadospuebla.com\/?p=102234"},"author":{"name":"Aliados17","@id":"https:\/\/www.aliadospuebla.com\/#\/schema\/person\/5da7dd09320bd4f392b710017ed5f8ad"},"headline":"Gobierno de la Ciudad realiz\u00f3 con \u00e9xito jornadas de protecci\u00f3n animal en diferentes puntos","datePublished":"2025-02-22T04:25:35+00:00","mainEntityOfPage":{"@id":"https:\/\/www.aliadospuebla.com\/?p=102234"},"wordCount":241,"commentCount":0,"image":{"@id":"https:\/\/www.aliadospuebla.com\/?p=102234#primaryimage"},"thumbnailUrl":"https:\/\/www.aliadospuebla.com\/web2017\/wp-content\/uploads\/2025\/02\/620.jpg","keywords":["esterilizaciones","GOBIERNO DE LA CIUDAD","Iv\u00e1n Herrera","Jornadas de Protecci\u00f3n Animal","onsultas veterinarias","Pepe Chedraui Budib","tenencia responsable","vacunaci\u00f3n antirr\u00e1bica"],"articleSection":["Capital"],"inLanguage":"es","potentialAction":[{"@type":"CommentAction","name":"Comment","target":["https:\/\/www.aliadospuebla.com\/?p=102234#respond"]}]},{"@type":"WebPage","@id":"https:\/\/www.aliadospuebla.com\/?p=102234","url":"https:\/\/www.aliadospuebla.com\/?p=102234","name":"Gobierno de la Ciudad realiz\u00f3 con \u00e9xito jornadas de protecci\u00f3n animal en diferentes puntos - AliadosPuebla","isPartOf":{"@id":"https:\/\/www.aliadospuebla.com\/#website"},"primaryImageOfPage":{"@id":"https:\/\/www.aliadospuebla.com\/?p=102234#primaryimage"},"image":{"@id":"https:\/\/www.aliadospuebla.com\/?p=102234#primaryimage"},"thumbnailUrl":"https:\/\/www.aliadospuebla.com\/web2017\/wp-content\/uploads\/2025\/02\/620.jpg","datePublished":"2025-02-22T04:25:35+00:00","author":{"@id":"https:\/\/www.aliadospuebla.com\/#\/schema\/person\/5da7dd09320bd4f392b710017ed5f8ad"},"breadcrumb":{"@id":"https:\/\/www.aliadospuebla.com\/?p=102234#breadcrumb"},"inLanguage":"es","potentialAction":[{"@type":"ReadAction","target":["https:\/\/www.aliadospuebla.com\/?p=102234"]}]},{"@type":"ImageObject","inLanguage":"es","@id":"https:\/\/www.aliadospuebla.com\/?p=102234#primaryimage","url":"https:\/\/www.aliadospuebla.com\/web2017\/wp-content\/uploads\/2025\/02\/620.jpg","contentUrl":"https:\/\/www.aliadospuebla.com\/web2017\/wp-content\/uploads\/2025\/02\/620.jpg","width":600,"height":450},{"@type":"BreadcrumbList","@id":"https:\/\/www.aliadospuebla.com\/?p=102234#breadcrumb","itemListElement":[{"@type":"ListItem","position":1,"name":"Portada","item":"https:\/\/www.aliadospuebla.com\/"},{"@type":"ListItem","position":2,"name":"Gobierno de la Ciudad realiz\u00f3 con \u00e9xito jornadas de protecci\u00f3n animal en diferentes puntos"}]},{"@type":"WebSite","@id":"https:\/\/www.aliadospuebla.com\/#website","url":"https:\/\/www.aliadospuebla.com\/","name":"AliadosPuebla","description":"La informaci\u00f3n en tus manos","potentialAction":[{"@type":"SearchAction","target":{"@type":"EntryPoint","urlTemplate":"https:\/\/www.aliadospuebla.com\/?s={search_term_string}"},"query-input":{"@type":"PropertyValueSpecification","valueRequired":true,"valueName":"search_term_string"}}],"inLanguage":"es"},{"@type":"Person","@id":"https:\/\/www.aliadospuebla.com\/#\/schema\/person\/5da7dd09320bd4f392b710017ed5f8ad","name":"Aliados17","image":{"@type":"ImageObject","inLanguage":"es","@id":"https:\/\/www.aliadospuebla.com\/web2017\/wp-content\/uploads\/2025\/03\/cropped-para-perfil-8-anos-1-96x96.jpg","url":"https:\/\/www.aliadospuebla.com\/web2017\/wp-content\/uploads\/2025\/03\/cropped-para-perfil-8-anos-1-96x96.jpg","contentUrl":"https:\/\/www.aliadospuebla.com\/web2017\/wp-content\/uploads\/2025\/03\/cropped-para-perfil-8-anos-1-96x96.jpg","caption":"Aliados17"},"sameAs":["https:\/\/www.aliados17.com","https:\/\/www.facebook.com\/Aliados17Pue","https:\/\/x.com\/AliadosPuebla"],"url":"https:\/\/www.aliadospuebla.com\/?author=2"}]}},"views":8,"_links":{"self":[{"href":"https:\/\/www.aliadospuebla.com\/index.php?rest_route=\/wp\/v2\/posts\/102234","targetHints":{"allow":["GET"]}}],"collection":[{"href":"https:\/\/www.aliadospuebla.com\/index.php?rest_route=\/wp\/v2\/posts"}],"about":[{"href":"https:\/\/www.aliadospuebla.com\/index.php?rest_route=\/wp\/v2\/types\/post"}],"author":[{"embeddable":true,"href":"https:\/\/www.aliadospuebla.com\/index.php?rest_route=\/wp\/v2\/users\/2"}],"replies":[{"embeddable":true,"href":"https:\/\/www.aliadospuebla.com\/index.php?rest_route=%2Fwp%2Fv2%2Fcomments&post=102234"}],"version-history":[{"count":1,"href":"https:\/\/www.aliadospuebla.com\/index.php?rest_route=\/wp\/v2\/posts\/102234\/revisions"}],"predecessor-version":[{"id":102236,"href":"https:\/\/www.aliadospuebla.com\/index.php?rest_route=\/wp\/v2\/posts\/102234\/revisions\/102236"}],"wp:featuredmedia":[{"embeddable":true,"href":"https:\/\/www.aliadospuebla.com\/index.php?rest_route=\/wp\/v2\/media\/102235"}],"wp:attachment":[{"href":"https:\/\/www.aliadospuebla.com\/index.php?rest_route=%2Fwp%2Fv2%2Fmedia&parent=102234"}],"wp:term":[{"taxonomy":"category","embeddable":true,"href":"https:\/\/www.aliadospuebla.com\/index.php?rest_route=%2Fwp%2Fv2%2Fcategories&post=102234"},{"taxonomy":"post_tag","embeddable":true,"href":"https:\/\/www.aliadospuebla.com\/index.php?rest_route=%2Fwp%2Fv2%2Ftags&post=102234"}],"curies":[{"name":"wp","href":"https:\/\/api.w.org\/{rel}","templated":true}]}}