{"id":102184,"date":"2025-02-20T23:37:21","date_gmt":"2025-02-21T05:37:21","guid":{"rendered":"https:\/\/www.aliadospuebla.com\/?p=102184"},"modified":"2025-02-20T23:37:21","modified_gmt":"2025-02-21T05:37:21","slug":"miente-morena-con-la-reforma-al-poder-judicial-muere-el-estado-de-derecho-accion-nacional","status":"publish","type":"post","link":"https:\/\/www.aliadospuebla.com\/?p=102184","title":{"rendered":"MIENTE MORENA, CON LA REFORMA AL PODER JUDICIAL MUERE EL ESTADO DE DERECHO: ACCI\u00d3N NACIONAL"},"content":{"rendered":"<h4>El r\u00e9gimen dijo que la reforma judicial traer\u00eda justicia para todos, pero es un fraude.<\/h4>\n<p>\u2022 La reforma al poder judicial busca construir un suprapoder.<\/p>\n<p>Lo que Morena busca con la reforma al Poder Judicial es acabar con la divisi\u00f3n de poderes<\/p>\n<p>y erosionar el estado de derecho, sentenci\u00f3 Mario Riestra, Presidente del Partido Acci\u00f3n Nacional en Puebla.<\/p>\n<p>Acompa\u00f1ado de Roberto Gil Zuarth, ex Presidente del Senado y Genoveva Huerta,<\/p>\n<p>Secretaria General del PAN en Puebla, asegur\u00f3 que esta reforma es un retroceso que amenaza<\/p>\n<p>al pa\u00eds y que busca un sistema pol\u00edtico en donde una sola persona tome las decisiones de todos los mexicanos.<\/p>\n<p>\u201cLa reforma judicial no busca austeridad ni democracia, es una reforma que solo busca control<\/p>\n<p>y la construcci\u00f3n de un suprapoder por encima de las dem\u00e1s instituciones\u201d, dijo.<\/p>\n<h4>En este sentido, Roberto Gil Zuarth, enfatiz\u00f3 que el partido en el poder miente y prepara un fraude con las elecciones que se aproximan para elegir jueces y magistrados.<\/h4>\n<p>\u201cNos dijeron que la reforma judicial traer\u00eda justicia para todos, pero es un fraude. Lo que nos vendieron est\u00e1 lleno de mentiras y pone fin a un estado de derecho que le cost\u00f3 al pa\u00eds mucho tiempo construir\u201d, sentenci\u00f3.<\/p>\n<p>Gil Zuarth puntualiz\u00f3 que el fraude va en tres v\u00edas, ya que el voto no ser\u00e1 universal ni directo, no ser\u00e1 libre y los votos no ser\u00e1n contados por los ciudadanos.<\/p>\n<p>\u201cEsta elecci\u00f3n es la ante sala de lo que Morena busca para la elecci\u00f3n del 2027 y 2030, donde con arbitrariedades y mentiras, preparan un mega fraude electoral\u201d, acus\u00f3.<\/p>\n<p>Finalmente, Genoveva Huerta, Secretaria General del PAN en Puebla, denunci\u00f3 que el r\u00e9gimen no prioriza el bienestar de M\u00e9xico, lo que busca es perjudicar a las y los mexicanos.<\/p>\n<p>\u201cNo solo es quedarse con todo el poder judicial, si no quitarles el derecho a los mexicanos de poderse defender, es el reflejo del autoritarismo que estamos viviendo los mexicanos\u201d, advirti\u00f3.<\/p>\n","protected":false},"excerpt":{"rendered":"<p>El r\u00e9gimen dijo que la reforma judicial traer\u00eda justicia para todos, pero es un fraude. \u2022 La reforma al poder judicial busca construir un suprapoder. Lo que Morena busca con la reforma al Poder Judicial es acabar con la divisi\u00f3n de poderes y erosionar el estado de derecho, sentenci\u00f3 Mario Riestra, Presidente del Partido Acci\u00f3n Nacional en Puebla. Acompa\u00f1ado de Roberto Gil Zuarth, ex Presidente del Senado y Genoveva Huerta, Secretaria General del PAN en Puebla, asegur\u00f3 que esta reforma es un retroceso que amenaza al pa\u00eds y que busca un sistema pol\u00edtico en donde una sola persona tome las decisiones de todos los mexicanos. \u201cLa reforma judicial no busca austeridad ni democracia, es una reforma que solo busca control y la construcci\u00f3n de un&hellip;<\/p>\n<p class=\"excerpt-more\"><a class=\"blog-excerpt button\" href=\"https:\/\/www.aliadospuebla.com\/?p=102184\">Leer m\u00e1s&#8230;<\/a><\/p>\n","protected":false},"author":2,"featured_media":102185,"comment_status":"open","ping_status":"open","sticky":false,"template":"","format":"standard","meta":{"_monsterinsights_skip_tracking":false,"footnotes":""},"categories":[6],"tags":[27709,1024,5660,556,170,20895,23936,27708],"class_list":["post-102184","post","type-post","status-publish","format-standard","has-post-thumbnail","hentry","category-politica","tag-autoritarismo","tag-fraude","tag-genoveva-huerta","tag-justicia","tag-mario-riestra","tag-partido-accion-nacional","tag-reforma-judicial","tag-roberto-gil-zuarth"],"yoast_head":"<!-- This site is optimized with the Yoast SEO plugin v28.4 - https:\/\/yoast.com\/product\/yoast-seo-wordpress\/ -->\n<title>MIENTE MORENA, CON LA REFORMA AL PODER JUDICIAL MUERE EL ESTADO DE DERECHO: ACCI\u00d3N NACIONAL - AliadosPuebla<\/title>\n<meta name=\"robots\" content=\"index, follow, max-snippet:-1, max-image-preview:large, max-video-preview:-1\" \/>\n<link rel=\"canonical\" href=\"https:\/\/www.aliadospuebla.com\/?p=102184\" \/>\n<meta property=\"og:locale\" content=\"es_ES\" \/>\n<meta property=\"og:type\" content=\"article\" \/>\n<meta property=\"og:title\" content=\"MIENTE MORENA, CON LA REFORMA AL PODER JUDICIAL MUERE EL ESTADO DE DERECHO: ACCI\u00d3N NACIONAL - AliadosPuebla\" \/>\n<meta property=\"og:description\" content=\"El r\u00e9gimen dijo que la reforma judicial traer\u00eda justicia para todos, pero es un fraude. \u2022 La reforma al poder judicial busca construir un suprapoder. Lo que Morena busca con la reforma al Poder Judicial es acabar con la divisi\u00f3n de poderes y erosionar el estado de derecho, sentenci\u00f3 Mario Riestra, Presidente del Partido Acci\u00f3n Nacional en Puebla. Acompa\u00f1ado de Roberto Gil Zuarth, ex Presidente del Senado y Genoveva Huerta, Secretaria General del PAN en Puebla, asegur\u00f3 que esta reforma es un retroceso que amenaza al pa\u00eds y que busca un sistema pol\u00edtico en donde una sola persona tome las decisiones de todos los mexicanos. \u201cLa reforma judicial no busca austeridad ni democracia, es una reforma que solo busca control y la construcci\u00f3n de un&hellip;Leer m\u00e1s...\" \/>\n<meta property=\"og:url\" content=\"https:\/\/www.aliadospuebla.com\/?p=102184\" \/>\n<meta property=\"og:site_name\" content=\"AliadosPuebla\" \/>\n<meta property=\"article:author\" content=\"https:\/\/www.facebook.com\/Aliados17Pue\" \/>\n<meta property=\"article:published_time\" content=\"2025-02-21T05:37:21+00:00\" \/>\n<meta property=\"og:image\" content=\"https:\/\/www.aliadospuebla.com\/web2017\/wp-content\/uploads\/2025\/02\/610.jpg\" \/>\n\t<meta property=\"og:image:width\" content=\"600\" \/>\n\t<meta property=\"og:image:height\" content=\"450\" \/>\n\t<meta property=\"og:image:type\" content=\"image\/jpeg\" \/>\n<meta name=\"author\" content=\"Aliados17\" \/>\n<meta name=\"twitter:card\" content=\"summary_large_image\" \/>\n<meta name=\"twitter:creator\" content=\"@AliadosPuebla\" \/>\n<meta name=\"twitter:label1\" content=\"Escrito por\" \/>\n\t<meta name=\"twitter:data1\" content=\"Aliados17\" \/>\n\t<meta name=\"twitter:label2\" content=\"Tiempo de lectura\" \/>\n\t<meta name=\"twitter:data2\" content=\"2 minutos\" \/>\n<script type=\"application\/ld+json\" class=\"yoast-schema-graph\">{\"@context\":\"https:\\\/\\\/schema.org\",\"@graph\":[{\"@type\":\"Article\",\"@id\":\"https:\\\/\\\/www.aliadospuebla.com\\\/?p=102184#article\",\"isPartOf\":{\"@id\":\"https:\\\/\\\/www.aliadospuebla.com\\\/?p=102184\"},\"author\":{\"name\":\"Aliados17\",\"@id\":\"https:\\\/\\\/www.aliadospuebla.com\\\/#\\\/schema\\\/person\\\/5da7dd09320bd4f392b710017ed5f8ad\"},\"headline\":\"MIENTE MORENA, CON LA REFORMA AL PODER JUDICIAL MUERE EL ESTADO DE DERECHO: ACCI\u00d3N NACIONAL\",\"datePublished\":\"2025-02-21T05:37:21+00:00\",\"mainEntityOfPage\":{\"@id\":\"https:\\\/\\\/www.aliadospuebla.com\\\/?p=102184\"},\"wordCount\":351,\"commentCount\":0,\"image\":{\"@id\":\"https:\\\/\\\/www.aliadospuebla.com\\\/?p=102184#primaryimage\"},\"thumbnailUrl\":\"https:\\\/\\\/www.aliadospuebla.com\\\/web2017\\\/wp-content\\\/uploads\\\/2025\\\/02\\\/610.jpg\",\"keywords\":[\"autoritarismo\",\"FRAUDE\",\"GENOVEVA HUERTA\",\"JUSTICIA\",\"Mario Riestra\",\"Partido Acci\u00f3n Nacional\",\"Reforma Judicial\",\"Roberto Gil Zuarth\"],\"articleSection\":[\"Pol\u00edtica\"],\"inLanguage\":\"es\",\"potentialAction\":[{\"@type\":\"CommentAction\",\"name\":\"Comment\",\"target\":[\"https:\\\/\\\/www.aliadospuebla.com\\\/?p=102184#respond\"]}]},{\"@type\":\"WebPage\",\"@id\":\"https:\\\/\\\/www.aliadospuebla.com\\\/?p=102184\",\"url\":\"https:\\\/\\\/www.aliadospuebla.com\\\/?p=102184\",\"name\":\"MIENTE MORENA, CON LA REFORMA AL PODER JUDICIAL MUERE EL ESTADO DE DERECHO: ACCI\u00d3N NACIONAL - AliadosPuebla\",\"isPartOf\":{\"@id\":\"https:\\\/\\\/www.aliadospuebla.com\\\/#website\"},\"primaryImageOfPage\":{\"@id\":\"https:\\\/\\\/www.aliadospuebla.com\\\/?p=102184#primaryimage\"},\"image\":{\"@id\":\"https:\\\/\\\/www.aliadospuebla.com\\\/?p=102184#primaryimage\"},\"thumbnailUrl\":\"https:\\\/\\\/www.aliadospuebla.com\\\/web2017\\\/wp-content\\\/uploads\\\/2025\\\/02\\\/610.jpg\",\"datePublished\":\"2025-02-21T05:37:21+00:00\",\"author\":{\"@id\":\"https:\\\/\\\/www.aliadospuebla.com\\\/#\\\/schema\\\/person\\\/5da7dd09320bd4f392b710017ed5f8ad\"},\"breadcrumb\":{\"@id\":\"https:\\\/\\\/www.aliadospuebla.com\\\/?p=102184#breadcrumb\"},\"inLanguage\":\"es\",\"potentialAction\":[{\"@type\":\"ReadAction\",\"target\":[\"https:\\\/\\\/www.aliadospuebla.com\\\/?p=102184\"]}]},{\"@type\":\"ImageObject\",\"inLanguage\":\"es\",\"@id\":\"https:\\\/\\\/www.aliadospuebla.com\\\/?p=102184#primaryimage\",\"url\":\"https:\\\/\\\/www.aliadospuebla.com\\\/web2017\\\/wp-content\\\/uploads\\\/2025\\\/02\\\/610.jpg\",\"contentUrl\":\"https:\\\/\\\/www.aliadospuebla.com\\\/web2017\\\/wp-content\\\/uploads\\\/2025\\\/02\\\/610.jpg\",\"width\":600,\"height\":450},{\"@type\":\"BreadcrumbList\",\"@id\":\"https:\\\/\\\/www.aliadospuebla.com\\\/?p=102184#breadcrumb\",\"itemListElement\":[{\"@type\":\"ListItem\",\"position\":1,\"name\":\"Portada\",\"item\":\"https:\\\/\\\/www.aliadospuebla.com\\\/\"},{\"@type\":\"ListItem\",\"position\":2,\"name\":\"MIENTE MORENA, CON LA REFORMA AL PODER JUDICIAL MUERE EL ESTADO DE DERECHO: ACCI\u00d3N NACIONAL\"}]},{\"@type\":\"WebSite\",\"@id\":\"https:\\\/\\\/www.aliadospuebla.com\\\/#website\",\"url\":\"https:\\\/\\\/www.aliadospuebla.com\\\/\",\"name\":\"AliadosPuebla\",\"description\":\"La informaci\u00f3n en tus manos\",\"potentialAction\":[{\"@type\":\"SearchAction\",\"target\":{\"@type\":\"EntryPoint\",\"urlTemplate\":\"https:\\\/\\\/www.aliadospuebla.com\\\/?s={search_term_string}\"},\"query-input\":{\"@type\":\"PropertyValueSpecification\",\"valueRequired\":true,\"valueName\":\"search_term_string\"}}],\"inLanguage\":\"es\"},{\"@type\":\"Person\",\"@id\":\"https:\\\/\\\/www.aliadospuebla.com\\\/#\\\/schema\\\/person\\\/5da7dd09320bd4f392b710017ed5f8ad\",\"name\":\"Aliados17\",\"image\":{\"@type\":\"ImageObject\",\"inLanguage\":\"es\",\"@id\":\"https:\\\/\\\/www.aliadospuebla.com\\\/web2017\\\/wp-content\\\/uploads\\\/2025\\\/03\\\/cropped-para-perfil-8-anos-1-96x96.jpg\",\"url\":\"https:\\\/\\\/www.aliadospuebla.com\\\/web2017\\\/wp-content\\\/uploads\\\/2025\\\/03\\\/cropped-para-perfil-8-anos-1-96x96.jpg\",\"contentUrl\":\"https:\\\/\\\/www.aliadospuebla.com\\\/web2017\\\/wp-content\\\/uploads\\\/2025\\\/03\\\/cropped-para-perfil-8-anos-1-96x96.jpg\",\"caption\":\"Aliados17\"},\"sameAs\":[\"https:\\\/\\\/www.aliados17.com\",\"https:\\\/\\\/www.facebook.com\\\/Aliados17Pue\",\"https:\\\/\\\/x.com\\\/AliadosPuebla\"],\"url\":\"https:\\\/\\\/www.aliadospuebla.com\\\/?author=2\"}]}<\/script>\n<!-- \/ Yoast SEO plugin. -->","yoast_head_json":{"title":"MIENTE MORENA, CON LA REFORMA AL PODER JUDICIAL MUERE EL ESTADO DE DERECHO: ACCI\u00d3N NACIONAL - AliadosPuebla","robots":{"index":"index","follow":"follow","max-snippet":"max-snippet:-1","max-image-preview":"max-image-preview:large","max-video-preview":"max-video-preview:-1"},"canonical":"https:\/\/www.aliadospuebla.com\/?p=102184","og_locale":"es_ES","og_type":"article","og_title":"MIENTE MORENA, CON LA REFORMA AL PODER JUDICIAL MUERE EL ESTADO DE DERECHO: ACCI\u00d3N NACIONAL - AliadosPuebla","og_description":"El r\u00e9gimen dijo que la reforma judicial traer\u00eda justicia para todos, pero es un fraude. \u2022 La reforma al poder judicial busca construir un suprapoder. Lo que Morena busca con la reforma al Poder Judicial es acabar con la divisi\u00f3n de poderes y erosionar el estado de derecho, sentenci\u00f3 Mario Riestra, Presidente del Partido Acci\u00f3n Nacional en Puebla. Acompa\u00f1ado de Roberto Gil Zuarth, ex Presidente del Senado y Genoveva Huerta, Secretaria General del PAN en Puebla, asegur\u00f3 que esta reforma es un retroceso que amenaza al pa\u00eds y que busca un sistema pol\u00edtico en donde una sola persona tome las decisiones de todos los mexicanos. \u201cLa reforma judicial no busca austeridad ni democracia, es una reforma que solo busca control y la construcci\u00f3n de un&hellip;Leer m\u00e1s...","og_url":"https:\/\/www.aliadospuebla.com\/?p=102184","og_site_name":"AliadosPuebla","article_author":"https:\/\/www.facebook.com\/Aliados17Pue","article_published_time":"2025-02-21T05:37:21+00:00","og_image":[{"width":600,"height":450,"url":"https:\/\/www.aliadospuebla.com\/web2017\/wp-content\/uploads\/2025\/02\/610.jpg","type":"image\/jpeg"}],"author":"Aliados17","twitter_card":"summary_large_image","twitter_creator":"@AliadosPuebla","twitter_misc":{"Escrito por":"Aliados17","Tiempo de lectura":"2 minutos"},"schema":{"@context":"https:\/\/schema.org","@graph":[{"@type":"Article","@id":"https:\/\/www.aliadospuebla.com\/?p=102184#article","isPartOf":{"@id":"https:\/\/www.aliadospuebla.com\/?p=102184"},"author":{"name":"Aliados17","@id":"https:\/\/www.aliadospuebla.com\/#\/schema\/person\/5da7dd09320bd4f392b710017ed5f8ad"},"headline":"MIENTE MORENA, CON LA REFORMA AL PODER JUDICIAL MUERE EL ESTADO DE DERECHO: ACCI\u00d3N NACIONAL","datePublished":"2025-02-21T05:37:21+00:00","mainEntityOfPage":{"@id":"https:\/\/www.aliadospuebla.com\/?p=102184"},"wordCount":351,"commentCount":0,"image":{"@id":"https:\/\/www.aliadospuebla.com\/?p=102184#primaryimage"},"thumbnailUrl":"https:\/\/www.aliadospuebla.com\/web2017\/wp-content\/uploads\/2025\/02\/610.jpg","keywords":["autoritarismo","FRAUDE","GENOVEVA HUERTA","JUSTICIA","Mario Riestra","Partido Acci\u00f3n Nacional","Reforma Judicial","Roberto Gil Zuarth"],"articleSection":["Pol\u00edtica"],"inLanguage":"es","potentialAction":[{"@type":"CommentAction","name":"Comment","target":["https:\/\/www.aliadospuebla.com\/?p=102184#respond"]}]},{"@type":"WebPage","@id":"https:\/\/www.aliadospuebla.com\/?p=102184","url":"https:\/\/www.aliadospuebla.com\/?p=102184","name":"MIENTE MORENA, CON LA REFORMA AL PODER JUDICIAL MUERE EL ESTADO DE DERECHO: ACCI\u00d3N NACIONAL - AliadosPuebla","isPartOf":{"@id":"https:\/\/www.aliadospuebla.com\/#website"},"primaryImageOfPage":{"@id":"https:\/\/www.aliadospuebla.com\/?p=102184#primaryimage"},"image":{"@id":"https:\/\/www.aliadospuebla.com\/?p=102184#primaryimage"},"thumbnailUrl":"https:\/\/www.aliadospuebla.com\/web2017\/wp-content\/uploads\/2025\/02\/610.jpg","datePublished":"2025-02-21T05:37:21+00:00","author":{"@id":"https:\/\/www.aliadospuebla.com\/#\/schema\/person\/5da7dd09320bd4f392b710017ed5f8ad"},"breadcrumb":{"@id":"https:\/\/www.aliadospuebla.com\/?p=102184#breadcrumb"},"inLanguage":"es","potentialAction":[{"@type":"ReadAction","target":["https:\/\/www.aliadospuebla.com\/?p=102184"]}]},{"@type":"ImageObject","inLanguage":"es","@id":"https:\/\/www.aliadospuebla.com\/?p=102184#primaryimage","url":"https:\/\/www.aliadospuebla.com\/web2017\/wp-content\/uploads\/2025\/02\/610.jpg","contentUrl":"https:\/\/www.aliadospuebla.com\/web2017\/wp-content\/uploads\/2025\/02\/610.jpg","width":600,"height":450},{"@type":"BreadcrumbList","@id":"https:\/\/www.aliadospuebla.com\/?p=102184#breadcrumb","itemListElement":[{"@type":"ListItem","position":1,"name":"Portada","item":"https:\/\/www.aliadospuebla.com\/"},{"@type":"ListItem","position":2,"name":"MIENTE MORENA, CON LA REFORMA AL PODER JUDICIAL MUERE EL ESTADO DE DERECHO: ACCI\u00d3N NACIONAL"}]},{"@type":"WebSite","@id":"https:\/\/www.aliadospuebla.com\/#website","url":"https:\/\/www.aliadospuebla.com\/","name":"AliadosPuebla","description":"La informaci\u00f3n en tus manos","potentialAction":[{"@type":"SearchAction","target":{"@type":"EntryPoint","urlTemplate":"https:\/\/www.aliadospuebla.com\/?s={search_term_string}"},"query-input":{"@type":"PropertyValueSpecification","valueRequired":true,"valueName":"search_term_string"}}],"inLanguage":"es"},{"@type":"Person","@id":"https:\/\/www.aliadospuebla.com\/#\/schema\/person\/5da7dd09320bd4f392b710017ed5f8ad","name":"Aliados17","image":{"@type":"ImageObject","inLanguage":"es","@id":"https:\/\/www.aliadospuebla.com\/web2017\/wp-content\/uploads\/2025\/03\/cropped-para-perfil-8-anos-1-96x96.jpg","url":"https:\/\/www.aliadospuebla.com\/web2017\/wp-content\/uploads\/2025\/03\/cropped-para-perfil-8-anos-1-96x96.jpg","contentUrl":"https:\/\/www.aliadospuebla.com\/web2017\/wp-content\/uploads\/2025\/03\/cropped-para-perfil-8-anos-1-96x96.jpg","caption":"Aliados17"},"sameAs":["https:\/\/www.aliados17.com","https:\/\/www.facebook.com\/Aliados17Pue","https:\/\/x.com\/AliadosPuebla"],"url":"https:\/\/www.aliadospuebla.com\/?author=2"}]}},"views":15,"_links":{"self":[{"href":"https:\/\/www.aliadospuebla.com\/index.php?rest_route=\/wp\/v2\/posts\/102184","targetHints":{"allow":["GET"]}}],"collection":[{"href":"https:\/\/www.aliadospuebla.com\/index.php?rest_route=\/wp\/v2\/posts"}],"about":[{"href":"https:\/\/www.aliadospuebla.com\/index.php?rest_route=\/wp\/v2\/types\/post"}],"author":[{"embeddable":true,"href":"https:\/\/www.aliadospuebla.com\/index.php?rest_route=\/wp\/v2\/users\/2"}],"replies":[{"embeddable":true,"href":"https:\/\/www.aliadospuebla.com\/index.php?rest_route=%2Fwp%2Fv2%2Fcomments&post=102184"}],"version-history":[{"count":1,"href":"https:\/\/www.aliadospuebla.com\/index.php?rest_route=\/wp\/v2\/posts\/102184\/revisions"}],"predecessor-version":[{"id":102186,"href":"https:\/\/www.aliadospuebla.com\/index.php?rest_route=\/wp\/v2\/posts\/102184\/revisions\/102186"}],"wp:featuredmedia":[{"embeddable":true,"href":"https:\/\/www.aliadospuebla.com\/index.php?rest_route=\/wp\/v2\/media\/102185"}],"wp:attachment":[{"href":"https:\/\/www.aliadospuebla.com\/index.php?rest_route=%2Fwp%2Fv2%2Fmedia&parent=102184"}],"wp:term":[{"taxonomy":"category","embeddable":true,"href":"https:\/\/www.aliadospuebla.com\/index.php?rest_route=%2Fwp%2Fv2%2Fcategories&post=102184"},{"taxonomy":"post_tag","embeddable":true,"href":"https:\/\/www.aliadospuebla.com\/index.php?rest_route=%2Fwp%2Fv2%2Ftags&post=102184"}],"curies":[{"name":"wp","href":"https:\/\/api.w.org\/{rel}","templated":true}]}}