{"id":102117,"date":"2025-02-19T17:25:15","date_gmt":"2025-02-19T23:25:15","guid":{"rendered":"https:\/\/www.aliadospuebla.com\/?p=102117"},"modified":"2025-02-19T17:25:15","modified_gmt":"2025-02-19T23:25:15","slug":"con-exito-el-gobierno-de-la-ciudad-llevo-a-cabo-la-1ra-feria-de-empleo-en-la-capital","status":"publish","type":"post","link":"https:\/\/www.aliadospuebla.com\/?p=102117","title":{"rendered":"Con \u00e9xito, el Gobierno de la Ciudad llev\u00f3 a cabo la 1ra Feria de Empleo en la capital"},"content":{"rendered":"<h4>&#8211; \u201cLa funci\u00f3n del Ayuntamiento es ser facilitador entre las empresas y la gente que necesita un trabajo\u201d: Pepe Chedraui<\/h4>\n<p>M\u00e1s de 90 empresas ofertaron sus vacantes con todas las prestaciones de ley a las y los asistentes<\/p>\n<p>Como parte del compromiso del Gobierno de la Ciudad de promover el empleo formal<\/p>\n<p>y oportunidades de desarrollo personal para las y los poblanos, el presidente municipal,<\/p>\n<p>Pepe Chedraui Budib, inaugur\u00f3 la 1ra Feria de Empleo en la capital,<\/p>\n<p>misma que tuvo una amplia convocatoria.<\/p>\n<p>En alianza con la Secretar\u00eda de Desarrollo Econ\u00f3mico y Trabajo del Gobierno del Estado,<\/p>\n<p>m\u00e1s de 90 empresas establecidas ofertaron sus vacantes en este encuentro,<\/p>\n<p>con empleos formales que ofrecen prestaciones de ley y sueldos que oscilan entre los ocho mil y 70 mil pesos.<\/p>\n<p>En la inauguraci\u00f3n de esta convocatoria, el alcalde destac\u00f3 la importancia de brindar oportunidades<\/p>\n<p>de empleo a todos los sectores de la poblaci\u00f3n (j\u00f3venes, mujeres, personas con discapacidad y adultos mayores).<\/p>\n<h4>Afirm\u00f3 que esta es la funci\u00f3n del Ayuntamiento: ser facilitador entre las empresas y la gente que necesita un trabajo, y unir esfuerzos con las empresas.<\/h4>\n<p>\u201cGracias a estas grandes ferias, que son m\u00e1s de 90 empresas, gracias a los empresarios por sumarse, por ofertar estos lugares para que puedan trabajar. M\u00e1s de 2 mil oportunidades de trabajo. Se nos acerca diario la gente, \u2018le dejo mi curr\u00edculum, por favor denos chamba\u2019. Aqu\u00ed est\u00e1n a la vista y van a estar durante todo el d\u00eda\u201d, puntualiz\u00f3.<\/p>\n<p>En su mensaje, V\u00edctor Gabriel Chedraui, titular de la Secretar\u00eda de Econom\u00eda y Trabajo del Estado, reconoci\u00f3 al Gobierno de la Ciudad por la puesta en marcha de esta convocatoria laboral, toda vez que, -asegur\u00f3- algunos de los retos son reducir el trabajo informal, as\u00ed como generar empleo, sobre todo en sectores que caracterizan al municipio y al Estado.<\/p>\n<p>\u201cPara el Gobierno del Estado es estrat\u00e9gico generar sinergias con los ayuntamientos y as\u00ed llevar a cabo acciones conjuntas que favorezcan un mercado laboral pr\u00f3spero y con oportunidades para todos y todas\u201d, puntualiz\u00f3.<\/p>\n<p>El secretario de Econom\u00eda y Turismo, Jaime Oropeza Casas, destac\u00f3 que el mejor programa social es el empleo, pues es m\u00e1s que llevar un ingreso econ\u00f3mico: es generar seguridad, estabilidad, progreso y desarrollo para las familias. Por esta raz\u00f3n, subray\u00f3 que el Gobierno de la Ciudad promueve esta primera Feria como parte de una serie que se celebrar\u00e1n a lo largo del a\u00f1o.<\/p>\n<p>Esta Feria, resalt\u00f3, hace posible reunir en un solo lugar a decenas de empresas e instituciones que buscan a hombres y mujeres con talento y entusiasmo para impulsar su desarrollo personal y comunitario.<\/p>\n<p>Por \u00faltimo, agradeci\u00f3 al secretario V\u00edctor Gabriel Chedraui, titular de la Secretar\u00eda de Desarrollo Econ\u00f3mico y Trabajo del Gobierno del Estado; a Rodrigo Abdala Dartigues, delegado del Gobierno de M\u00e9xico; as\u00ed como a diputados, regidores, rectores universitarios, l\u00edderes de c\u00e1maras empresariales y directivos y gerentes de empresas de toda la entidad.<\/p>\n","protected":false},"excerpt":{"rendered":"<p>&#8211; \u201cLa funci\u00f3n del Ayuntamiento es ser facilitador entre las empresas y la gente que necesita un trabajo\u201d: Pepe Chedraui M\u00e1s de 90 empresas ofertaron sus vacantes con todas las prestaciones de ley a las y los asistentes Como parte del compromiso del Gobierno de la Ciudad de promover el empleo formal y oportunidades de desarrollo personal para las y los poblanos, el presidente municipal, Pepe Chedraui Budib, inaugur\u00f3 la 1ra Feria de Empleo en la capital, misma que tuvo una amplia convocatoria. En alianza con la Secretar\u00eda de Desarrollo Econ\u00f3mico y Trabajo del Gobierno del Estado, m\u00e1s de 90 empresas establecidas ofertaron sus vacantes en este encuentro, con empleos formales que ofrecen prestaciones de ley y sueldos que oscilan entre los ocho mil y&hellip;<\/p>\n<p class=\"excerpt-more\"><a class=\"blog-excerpt button\" href=\"https:\/\/www.aliadospuebla.com\/?p=102117\">Leer m\u00e1s&#8230;<\/a><\/p>\n","protected":false},"author":2,"featured_media":102118,"comment_status":"open","ping_status":"open","sticky":false,"template":"","format":"standard","meta":{"_monsterinsights_skip_tracking":false,"footnotes":""},"categories":[62],"tags":[27683,1284,10582,8694,839,24702,1297,23773],"class_list":["post-102117","post","type-post","status-publish","format-standard","has-post-thumbnail","hentry","category-capital","tag-1ra-feria-de-empleo","tag-empresas","tag-gobierno-de-la-ciudad","tag-jaime-oropeza-casas","tag-oportunidades","tag-pepe-chedraui-budib","tag-vacantes","tag-victor-gabriel-chedraui"],"yoast_head":"<!-- This site is optimized with the Yoast SEO plugin v28.3 - https:\/\/yoast.com\/product\/yoast-seo-wordpress\/ -->\n<title>Con \u00e9xito, el Gobierno de la Ciudad llev\u00f3 a cabo la 1ra Feria de Empleo en la capital - AliadosPuebla<\/title>\n<meta name=\"robots\" content=\"index, follow, max-snippet:-1, max-image-preview:large, max-video-preview:-1\" \/>\n<link rel=\"canonical\" href=\"https:\/\/www.aliadospuebla.com\/?p=102117\" \/>\n<meta property=\"og:locale\" content=\"es_ES\" \/>\n<meta property=\"og:type\" content=\"article\" \/>\n<meta property=\"og:title\" content=\"Con \u00e9xito, el Gobierno de la Ciudad llev\u00f3 a cabo la 1ra Feria de Empleo en la capital - AliadosPuebla\" \/>\n<meta property=\"og:description\" content=\"&#8211; \u201cLa funci\u00f3n del Ayuntamiento es ser facilitador entre las empresas y la gente que necesita un trabajo\u201d: Pepe Chedraui M\u00e1s de 90 empresas ofertaron sus vacantes con todas las prestaciones de ley a las y los asistentes Como parte del compromiso del Gobierno de la Ciudad de promover el empleo formal y oportunidades de desarrollo personal para las y los poblanos, el presidente municipal, Pepe Chedraui Budib, inaugur\u00f3 la 1ra Feria de Empleo en la capital, misma que tuvo una amplia convocatoria. En alianza con la Secretar\u00eda de Desarrollo Econ\u00f3mico y Trabajo del Gobierno del Estado, m\u00e1s de 90 empresas establecidas ofertaron sus vacantes en este encuentro, con empleos formales que ofrecen prestaciones de ley y sueldos que oscilan entre los ocho mil y&hellip;Leer m\u00e1s...\" \/>\n<meta property=\"og:url\" content=\"https:\/\/www.aliadospuebla.com\/?p=102117\" \/>\n<meta property=\"og:site_name\" content=\"AliadosPuebla\" \/>\n<meta property=\"article:author\" content=\"https:\/\/www.facebook.com\/Aliados17Pue\" \/>\n<meta property=\"article:published_time\" content=\"2025-02-19T23:25:15+00:00\" \/>\n<meta property=\"og:image\" content=\"https:\/\/www.aliadospuebla.com\/web2017\/wp-content\/uploads\/2025\/02\/599.jpg\" \/>\n\t<meta property=\"og:image:width\" content=\"600\" \/>\n\t<meta property=\"og:image:height\" content=\"450\" \/>\n\t<meta property=\"og:image:type\" content=\"image\/jpeg\" \/>\n<meta name=\"author\" content=\"Aliados17\" \/>\n<meta name=\"twitter:card\" content=\"summary_large_image\" \/>\n<meta name=\"twitter:creator\" content=\"@AliadosPuebla\" \/>\n<meta name=\"twitter:label1\" content=\"Escrito por\" \/>\n\t<meta name=\"twitter:data1\" content=\"Aliados17\" \/>\n\t<meta name=\"twitter:label2\" content=\"Tiempo de lectura\" \/>\n\t<meta name=\"twitter:data2\" content=\"3 minutos\" \/>\n<script type=\"application\/ld+json\" class=\"yoast-schema-graph\">{\"@context\":\"https:\\\/\\\/schema.org\",\"@graph\":[{\"@type\":\"Article\",\"@id\":\"https:\\\/\\\/www.aliadospuebla.com\\\/?p=102117#article\",\"isPartOf\":{\"@id\":\"https:\\\/\\\/www.aliadospuebla.com\\\/?p=102117\"},\"author\":{\"name\":\"Aliados17\",\"@id\":\"https:\\\/\\\/www.aliadospuebla.com\\\/#\\\/schema\\\/person\\\/5da7dd09320bd4f392b710017ed5f8ad\"},\"headline\":\"Con \u00e9xito, el Gobierno de la Ciudad llev\u00f3 a cabo la 1ra Feria de Empleo en la capital\",\"datePublished\":\"2025-02-19T23:25:15+00:00\",\"mainEntityOfPage\":{\"@id\":\"https:\\\/\\\/www.aliadospuebla.com\\\/?p=102117\"},\"wordCount\":529,\"commentCount\":0,\"image\":{\"@id\":\"https:\\\/\\\/www.aliadospuebla.com\\\/?p=102117#primaryimage\"},\"thumbnailUrl\":\"https:\\\/\\\/www.aliadospuebla.com\\\/web2017\\\/wp-content\\\/uploads\\\/2025\\\/02\\\/599.jpg\",\"keywords\":[\"1ra Feria de Empleo\",\"EMPRESAS\",\"GOBIERNO DE LA CIUDAD\",\"Jaime Oropeza Casas\",\"OPORTUNIDADES\",\"Pepe Chedraui Budib\",\"VACANTES\",\"V\u00edctor Gabriel Chedraui\"],\"articleSection\":[\"Capital\"],\"inLanguage\":\"es\",\"potentialAction\":[{\"@type\":\"CommentAction\",\"name\":\"Comment\",\"target\":[\"https:\\\/\\\/www.aliadospuebla.com\\\/?p=102117#respond\"]}]},{\"@type\":\"WebPage\",\"@id\":\"https:\\\/\\\/www.aliadospuebla.com\\\/?p=102117\",\"url\":\"https:\\\/\\\/www.aliadospuebla.com\\\/?p=102117\",\"name\":\"Con \u00e9xito, el Gobierno de la Ciudad llev\u00f3 a cabo la 1ra Feria de Empleo en la capital - AliadosPuebla\",\"isPartOf\":{\"@id\":\"https:\\\/\\\/www.aliadospuebla.com\\\/#website\"},\"primaryImageOfPage\":{\"@id\":\"https:\\\/\\\/www.aliadospuebla.com\\\/?p=102117#primaryimage\"},\"image\":{\"@id\":\"https:\\\/\\\/www.aliadospuebla.com\\\/?p=102117#primaryimage\"},\"thumbnailUrl\":\"https:\\\/\\\/www.aliadospuebla.com\\\/web2017\\\/wp-content\\\/uploads\\\/2025\\\/02\\\/599.jpg\",\"datePublished\":\"2025-02-19T23:25:15+00:00\",\"author\":{\"@id\":\"https:\\\/\\\/www.aliadospuebla.com\\\/#\\\/schema\\\/person\\\/5da7dd09320bd4f392b710017ed5f8ad\"},\"breadcrumb\":{\"@id\":\"https:\\\/\\\/www.aliadospuebla.com\\\/?p=102117#breadcrumb\"},\"inLanguage\":\"es\",\"potentialAction\":[{\"@type\":\"ReadAction\",\"target\":[\"https:\\\/\\\/www.aliadospuebla.com\\\/?p=102117\"]}]},{\"@type\":\"ImageObject\",\"inLanguage\":\"es\",\"@id\":\"https:\\\/\\\/www.aliadospuebla.com\\\/?p=102117#primaryimage\",\"url\":\"https:\\\/\\\/www.aliadospuebla.com\\\/web2017\\\/wp-content\\\/uploads\\\/2025\\\/02\\\/599.jpg\",\"contentUrl\":\"https:\\\/\\\/www.aliadospuebla.com\\\/web2017\\\/wp-content\\\/uploads\\\/2025\\\/02\\\/599.jpg\",\"width\":600,\"height\":450},{\"@type\":\"BreadcrumbList\",\"@id\":\"https:\\\/\\\/www.aliadospuebla.com\\\/?p=102117#breadcrumb\",\"itemListElement\":[{\"@type\":\"ListItem\",\"position\":1,\"name\":\"Portada\",\"item\":\"https:\\\/\\\/www.aliadospuebla.com\\\/\"},{\"@type\":\"ListItem\",\"position\":2,\"name\":\"Con \u00e9xito, el Gobierno de la Ciudad llev\u00f3 a cabo la 1ra Feria de Empleo en la capital\"}]},{\"@type\":\"WebSite\",\"@id\":\"https:\\\/\\\/www.aliadospuebla.com\\\/#website\",\"url\":\"https:\\\/\\\/www.aliadospuebla.com\\\/\",\"name\":\"AliadosPuebla\",\"description\":\"La informaci\u00f3n en tus manos\",\"potentialAction\":[{\"@type\":\"SearchAction\",\"target\":{\"@type\":\"EntryPoint\",\"urlTemplate\":\"https:\\\/\\\/www.aliadospuebla.com\\\/?s={search_term_string}\"},\"query-input\":{\"@type\":\"PropertyValueSpecification\",\"valueRequired\":true,\"valueName\":\"search_term_string\"}}],\"inLanguage\":\"es\"},{\"@type\":\"Person\",\"@id\":\"https:\\\/\\\/www.aliadospuebla.com\\\/#\\\/schema\\\/person\\\/5da7dd09320bd4f392b710017ed5f8ad\",\"name\":\"Aliados17\",\"image\":{\"@type\":\"ImageObject\",\"inLanguage\":\"es\",\"@id\":\"https:\\\/\\\/www.aliadospuebla.com\\\/web2017\\\/wp-content\\\/uploads\\\/2025\\\/03\\\/cropped-para-perfil-8-anos-1-96x96.jpg\",\"url\":\"https:\\\/\\\/www.aliadospuebla.com\\\/web2017\\\/wp-content\\\/uploads\\\/2025\\\/03\\\/cropped-para-perfil-8-anos-1-96x96.jpg\",\"contentUrl\":\"https:\\\/\\\/www.aliadospuebla.com\\\/web2017\\\/wp-content\\\/uploads\\\/2025\\\/03\\\/cropped-para-perfil-8-anos-1-96x96.jpg\",\"caption\":\"Aliados17\"},\"sameAs\":[\"https:\\\/\\\/www.aliados17.com\",\"https:\\\/\\\/www.facebook.com\\\/Aliados17Pue\",\"https:\\\/\\\/x.com\\\/AliadosPuebla\"],\"url\":\"https:\\\/\\\/www.aliadospuebla.com\\\/?author=2\"}]}<\/script>\n<!-- \/ Yoast SEO plugin. -->","yoast_head_json":{"title":"Con \u00e9xito, el Gobierno de la Ciudad llev\u00f3 a cabo la 1ra Feria de Empleo en la capital - AliadosPuebla","robots":{"index":"index","follow":"follow","max-snippet":"max-snippet:-1","max-image-preview":"max-image-preview:large","max-video-preview":"max-video-preview:-1"},"canonical":"https:\/\/www.aliadospuebla.com\/?p=102117","og_locale":"es_ES","og_type":"article","og_title":"Con \u00e9xito, el Gobierno de la Ciudad llev\u00f3 a cabo la 1ra Feria de Empleo en la capital - AliadosPuebla","og_description":"&#8211; \u201cLa funci\u00f3n del Ayuntamiento es ser facilitador entre las empresas y la gente que necesita un trabajo\u201d: Pepe Chedraui M\u00e1s de 90 empresas ofertaron sus vacantes con todas las prestaciones de ley a las y los asistentes Como parte del compromiso del Gobierno de la Ciudad de promover el empleo formal y oportunidades de desarrollo personal para las y los poblanos, el presidente municipal, Pepe Chedraui Budib, inaugur\u00f3 la 1ra Feria de Empleo en la capital, misma que tuvo una amplia convocatoria. En alianza con la Secretar\u00eda de Desarrollo Econ\u00f3mico y Trabajo del Gobierno del Estado, m\u00e1s de 90 empresas establecidas ofertaron sus vacantes en este encuentro, con empleos formales que ofrecen prestaciones de ley y sueldos que oscilan entre los ocho mil y&hellip;Leer m\u00e1s...","og_url":"https:\/\/www.aliadospuebla.com\/?p=102117","og_site_name":"AliadosPuebla","article_author":"https:\/\/www.facebook.com\/Aliados17Pue","article_published_time":"2025-02-19T23:25:15+00:00","og_image":[{"width":600,"height":450,"url":"https:\/\/www.aliadospuebla.com\/web2017\/wp-content\/uploads\/2025\/02\/599.jpg","type":"image\/jpeg"}],"author":"Aliados17","twitter_card":"summary_large_image","twitter_creator":"@AliadosPuebla","twitter_misc":{"Escrito por":"Aliados17","Tiempo de lectura":"3 minutos"},"schema":{"@context":"https:\/\/schema.org","@graph":[{"@type":"Article","@id":"https:\/\/www.aliadospuebla.com\/?p=102117#article","isPartOf":{"@id":"https:\/\/www.aliadospuebla.com\/?p=102117"},"author":{"name":"Aliados17","@id":"https:\/\/www.aliadospuebla.com\/#\/schema\/person\/5da7dd09320bd4f392b710017ed5f8ad"},"headline":"Con \u00e9xito, el Gobierno de la Ciudad llev\u00f3 a cabo la 1ra Feria de Empleo en la capital","datePublished":"2025-02-19T23:25:15+00:00","mainEntityOfPage":{"@id":"https:\/\/www.aliadospuebla.com\/?p=102117"},"wordCount":529,"commentCount":0,"image":{"@id":"https:\/\/www.aliadospuebla.com\/?p=102117#primaryimage"},"thumbnailUrl":"https:\/\/www.aliadospuebla.com\/web2017\/wp-content\/uploads\/2025\/02\/599.jpg","keywords":["1ra Feria de Empleo","EMPRESAS","GOBIERNO DE LA CIUDAD","Jaime Oropeza Casas","OPORTUNIDADES","Pepe Chedraui Budib","VACANTES","V\u00edctor Gabriel Chedraui"],"articleSection":["Capital"],"inLanguage":"es","potentialAction":[{"@type":"CommentAction","name":"Comment","target":["https:\/\/www.aliadospuebla.com\/?p=102117#respond"]}]},{"@type":"WebPage","@id":"https:\/\/www.aliadospuebla.com\/?p=102117","url":"https:\/\/www.aliadospuebla.com\/?p=102117","name":"Con \u00e9xito, el Gobierno de la Ciudad llev\u00f3 a cabo la 1ra Feria de Empleo en la capital - AliadosPuebla","isPartOf":{"@id":"https:\/\/www.aliadospuebla.com\/#website"},"primaryImageOfPage":{"@id":"https:\/\/www.aliadospuebla.com\/?p=102117#primaryimage"},"image":{"@id":"https:\/\/www.aliadospuebla.com\/?p=102117#primaryimage"},"thumbnailUrl":"https:\/\/www.aliadospuebla.com\/web2017\/wp-content\/uploads\/2025\/02\/599.jpg","datePublished":"2025-02-19T23:25:15+00:00","author":{"@id":"https:\/\/www.aliadospuebla.com\/#\/schema\/person\/5da7dd09320bd4f392b710017ed5f8ad"},"breadcrumb":{"@id":"https:\/\/www.aliadospuebla.com\/?p=102117#breadcrumb"},"inLanguage":"es","potentialAction":[{"@type":"ReadAction","target":["https:\/\/www.aliadospuebla.com\/?p=102117"]}]},{"@type":"ImageObject","inLanguage":"es","@id":"https:\/\/www.aliadospuebla.com\/?p=102117#primaryimage","url":"https:\/\/www.aliadospuebla.com\/web2017\/wp-content\/uploads\/2025\/02\/599.jpg","contentUrl":"https:\/\/www.aliadospuebla.com\/web2017\/wp-content\/uploads\/2025\/02\/599.jpg","width":600,"height":450},{"@type":"BreadcrumbList","@id":"https:\/\/www.aliadospuebla.com\/?p=102117#breadcrumb","itemListElement":[{"@type":"ListItem","position":1,"name":"Portada","item":"https:\/\/www.aliadospuebla.com\/"},{"@type":"ListItem","position":2,"name":"Con \u00e9xito, el Gobierno de la Ciudad llev\u00f3 a cabo la 1ra Feria de Empleo en la capital"}]},{"@type":"WebSite","@id":"https:\/\/www.aliadospuebla.com\/#website","url":"https:\/\/www.aliadospuebla.com\/","name":"AliadosPuebla","description":"La informaci\u00f3n en tus manos","potentialAction":[{"@type":"SearchAction","target":{"@type":"EntryPoint","urlTemplate":"https:\/\/www.aliadospuebla.com\/?s={search_term_string}"},"query-input":{"@type":"PropertyValueSpecification","valueRequired":true,"valueName":"search_term_string"}}],"inLanguage":"es"},{"@type":"Person","@id":"https:\/\/www.aliadospuebla.com\/#\/schema\/person\/5da7dd09320bd4f392b710017ed5f8ad","name":"Aliados17","image":{"@type":"ImageObject","inLanguage":"es","@id":"https:\/\/www.aliadospuebla.com\/web2017\/wp-content\/uploads\/2025\/03\/cropped-para-perfil-8-anos-1-96x96.jpg","url":"https:\/\/www.aliadospuebla.com\/web2017\/wp-content\/uploads\/2025\/03\/cropped-para-perfil-8-anos-1-96x96.jpg","contentUrl":"https:\/\/www.aliadospuebla.com\/web2017\/wp-content\/uploads\/2025\/03\/cropped-para-perfil-8-anos-1-96x96.jpg","caption":"Aliados17"},"sameAs":["https:\/\/www.aliados17.com","https:\/\/www.facebook.com\/Aliados17Pue","https:\/\/x.com\/AliadosPuebla"],"url":"https:\/\/www.aliadospuebla.com\/?author=2"}]}},"views":11,"_links":{"self":[{"href":"https:\/\/www.aliadospuebla.com\/index.php?rest_route=\/wp\/v2\/posts\/102117","targetHints":{"allow":["GET"]}}],"collection":[{"href":"https:\/\/www.aliadospuebla.com\/index.php?rest_route=\/wp\/v2\/posts"}],"about":[{"href":"https:\/\/www.aliadospuebla.com\/index.php?rest_route=\/wp\/v2\/types\/post"}],"author":[{"embeddable":true,"href":"https:\/\/www.aliadospuebla.com\/index.php?rest_route=\/wp\/v2\/users\/2"}],"replies":[{"embeddable":true,"href":"https:\/\/www.aliadospuebla.com\/index.php?rest_route=%2Fwp%2Fv2%2Fcomments&post=102117"}],"version-history":[{"count":1,"href":"https:\/\/www.aliadospuebla.com\/index.php?rest_route=\/wp\/v2\/posts\/102117\/revisions"}],"predecessor-version":[{"id":102119,"href":"https:\/\/www.aliadospuebla.com\/index.php?rest_route=\/wp\/v2\/posts\/102117\/revisions\/102119"}],"wp:featuredmedia":[{"embeddable":true,"href":"https:\/\/www.aliadospuebla.com\/index.php?rest_route=\/wp\/v2\/media\/102118"}],"wp:attachment":[{"href":"https:\/\/www.aliadospuebla.com\/index.php?rest_route=%2Fwp%2Fv2%2Fmedia&parent=102117"}],"wp:term":[{"taxonomy":"category","embeddable":true,"href":"https:\/\/www.aliadospuebla.com\/index.php?rest_route=%2Fwp%2Fv2%2Fcategories&post=102117"},{"taxonomy":"post_tag","embeddable":true,"href":"https:\/\/www.aliadospuebla.com\/index.php?rest_route=%2Fwp%2Fv2%2Ftags&post=102117"}],"curies":[{"name":"wp","href":"https:\/\/api.w.org\/{rel}","templated":true}]}}