{"id":102034,"date":"2025-02-18T18:30:39","date_gmt":"2025-02-19T00:30:39","guid":{"rendered":"https:\/\/www.aliadospuebla.com\/?p=102034"},"modified":"2025-02-18T18:30:39","modified_gmt":"2025-02-19T00:30:39","slug":"refuerza-gobierno-de-la-ciudad-estrategias-para-prevenir-incendios-forestales-en-puebla","status":"publish","type":"post","link":"https:\/\/www.aliadospuebla.com\/?p=102034","title":{"rendered":"Refuerza Gobierno de la Ciudad estrategias para prevenir incendios forestales en Puebla"},"content":{"rendered":"<h4>Pepe Chedraui Budib reafirma su compromiso con la protecci\u00f3n del medio ambiente y la seguridad de la poblaci\u00f3n_<\/h4>\n<p>Con el objetivo de reducir la incidencia<\/p>\n<p>de incendios forestales en el municipio,<\/p>\n<p>la Secretar\u00eda de Medio Ambiente de Puebla, encabezada por Iv\u00e1n Herrera, present\u00f3 una serie de estrategias preventivas<\/p>\n<p>que incluyen concientizaci\u00f3n ciudadana<\/p>\n<p>y coordinaci\u00f3n interinstitucional.<\/p>\n<p>&nbsp;<\/p>\n<p>Durante el evento realizado en el Parque Cerro Amalucan, el secretario Iv\u00e1n Herrera, destac\u00f3 la importancia de la prevenci\u00f3n como eje central para proteger los ecosistemas locales, salvaguardar la biodiversidad y garantizar la seguridad<\/p>\n<p>de las comunidades cercanas a zonas de riesgo.<\/p>\n<h4>\u201cTrabajamos de la mano con distintos sectores para evitar incendios forestales, promoviendo acciones responsables y fomentando una cultura de cuidado ambiental\u201d, afirm\u00f3.<\/h4>\n<p>Las acciones implementadas incluyen<\/p>\n<p>corta brechas, campa\u00f1as de sensibilizaci\u00f3n, brigadas de vigilancia y colaboraci\u00f3n con instancias estatales y federales para fortalecer la respuesta ante posibles siniestros.<\/p>\n<p>El Gobierno de la Ciudad que encabeza Pepe Chedraui Budib reafirma su compromiso<\/p>\n<p>con la protecci\u00f3n del medio ambiente y la seguridad de la poblaci\u00f3n, promoviendo una gesti\u00f3n sustentable de los recursos naturales.<\/p>\n<p>Acompa\u00f1aron a este evento el coronel Bernab\u00e9 L\u00f3pez Santos, coordinador general de Protecci\u00f3n Civil, as\u00ed como lideres ejidales y brigadistas.<\/p>\n","protected":false},"excerpt":{"rendered":"<p>Pepe Chedraui Budib reafirma su compromiso con la protecci\u00f3n del medio ambiente y la seguridad de la poblaci\u00f3n_ Con el objetivo de reducir la incidencia de incendios forestales en el municipio, la Secretar\u00eda de Medio Ambiente de Puebla, encabezada por Iv\u00e1n Herrera, present\u00f3 una serie de estrategias preventivas que incluyen concientizaci\u00f3n ciudadana y coordinaci\u00f3n interinstitucional. &nbsp; Durante el evento realizado en el Parque Cerro Amalucan, el secretario Iv\u00e1n Herrera, destac\u00f3 la importancia de la prevenci\u00f3n como eje central para proteger los ecosistemas locales, salvaguardar la biodiversidad y garantizar la seguridad de las comunidades cercanas a zonas de riesgo. \u201cTrabajamos de la mano con distintos sectores para evitar incendios forestales, promoviendo acciones responsables y fomentando una cultura de cuidado ambiental\u201d, afirm\u00f3. Las acciones implementadas incluyen corta&hellip;<\/p>\n<p class=\"excerpt-more\"><a class=\"blog-excerpt button\" href=\"https:\/\/www.aliadospuebla.com\/?p=102034\">Leer m\u00e1s&#8230;<\/a><\/p>\n","protected":false},"author":2,"featured_media":102035,"comment_status":"open","ping_status":"open","sticky":false,"template":"","format":"standard","meta":{"_monsterinsights_skip_tracking":false,"footnotes":""},"categories":[62],"tags":[2159,1395,27665,12950,584,20612,27664],"class_list":["post-102034","post","type-post","status-publish","format-standard","has-post-thumbnail","hentry","category-capital","tag-concientizacion","tag-estrategias","tag-gobierno-de-l-ciudad","tag-ivan-herrera","tag-medio-ambiente","tag-pepe-chedraui","tag-prevenir-incendios"],"yoast_head":"<!-- This site is optimized with the Yoast SEO plugin v28.4 - https:\/\/yoast.com\/product\/yoast-seo-wordpress\/ -->\n<title>Refuerza Gobierno de la Ciudad estrategias para prevenir incendios forestales en Puebla - AliadosPuebla<\/title>\n<meta name=\"robots\" content=\"index, follow, max-snippet:-1, max-image-preview:large, max-video-preview:-1\" \/>\n<link rel=\"canonical\" href=\"https:\/\/www.aliadospuebla.com\/?p=102034\" \/>\n<meta property=\"og:locale\" content=\"es_ES\" \/>\n<meta property=\"og:type\" content=\"article\" \/>\n<meta property=\"og:title\" content=\"Refuerza Gobierno de la Ciudad estrategias para prevenir incendios forestales en Puebla - AliadosPuebla\" \/>\n<meta property=\"og:description\" content=\"Pepe Chedraui Budib reafirma su compromiso con la protecci\u00f3n del medio ambiente y la seguridad de la poblaci\u00f3n_ Con el objetivo de reducir la incidencia de incendios forestales en el municipio, la Secretar\u00eda de Medio Ambiente de Puebla, encabezada por Iv\u00e1n Herrera, present\u00f3 una serie de estrategias preventivas que incluyen concientizaci\u00f3n ciudadana y coordinaci\u00f3n interinstitucional. &nbsp; Durante el evento realizado en el Parque Cerro Amalucan, el secretario Iv\u00e1n Herrera, destac\u00f3 la importancia de la prevenci\u00f3n como eje central para proteger los ecosistemas locales, salvaguardar la biodiversidad y garantizar la seguridad de las comunidades cercanas a zonas de riesgo. \u201cTrabajamos de la mano con distintos sectores para evitar incendios forestales, promoviendo acciones responsables y fomentando una cultura de cuidado ambiental\u201d, afirm\u00f3. Las acciones implementadas incluyen corta&hellip;Leer m\u00e1s...\" \/>\n<meta property=\"og:url\" content=\"https:\/\/www.aliadospuebla.com\/?p=102034\" \/>\n<meta property=\"og:site_name\" content=\"AliadosPuebla\" \/>\n<meta property=\"article:author\" content=\"https:\/\/www.facebook.com\/Aliados17Pue\" \/>\n<meta property=\"article:published_time\" content=\"2025-02-19T00:30:39+00:00\" \/>\n<meta property=\"og:image\" content=\"https:\/\/www.aliadospuebla.com\/web2017\/wp-content\/uploads\/2025\/02\/PSX_20250218_182550.jpg\" \/>\n\t<meta property=\"og:image:width\" content=\"600\" \/>\n\t<meta property=\"og:image:height\" content=\"450\" \/>\n\t<meta property=\"og:image:type\" content=\"image\/jpeg\" \/>\n<meta name=\"author\" content=\"Aliados17\" \/>\n<meta name=\"twitter:card\" content=\"summary_large_image\" \/>\n<meta name=\"twitter:creator\" content=\"@AliadosPuebla\" \/>\n<meta name=\"twitter:label1\" content=\"Escrito por\" \/>\n\t<meta name=\"twitter:data1\" content=\"Aliados17\" \/>\n\t<meta name=\"twitter:label2\" content=\"Tiempo de lectura\" \/>\n\t<meta name=\"twitter:data2\" content=\"2 minutos\" \/>\n<script type=\"application\/ld+json\" class=\"yoast-schema-graph\">{\"@context\":\"https:\\\/\\\/schema.org\",\"@graph\":[{\"@type\":\"Article\",\"@id\":\"https:\\\/\\\/www.aliadospuebla.com\\\/?p=102034#article\",\"isPartOf\":{\"@id\":\"https:\\\/\\\/www.aliadospuebla.com\\\/?p=102034\"},\"author\":{\"name\":\"Aliados17\",\"@id\":\"https:\\\/\\\/www.aliadospuebla.com\\\/#\\\/schema\\\/person\\\/5da7dd09320bd4f392b710017ed5f8ad\"},\"headline\":\"Refuerza Gobierno de la Ciudad estrategias para prevenir incendios forestales en Puebla\",\"datePublished\":\"2025-02-19T00:30:39+00:00\",\"mainEntityOfPage\":{\"@id\":\"https:\\\/\\\/www.aliadospuebla.com\\\/?p=102034\"},\"wordCount\":228,\"commentCount\":0,\"image\":{\"@id\":\"https:\\\/\\\/www.aliadospuebla.com\\\/?p=102034#primaryimage\"},\"thumbnailUrl\":\"https:\\\/\\\/www.aliadospuebla.com\\\/web2017\\\/wp-content\\\/uploads\\\/2025\\\/02\\\/PSX_20250218_182550.jpg\",\"keywords\":[\"CONCIENTIZACI\u00d3N\",\"ESTRATEGIAS\",\"Gobierno de l Ciudad\",\"Iv\u00e1n Herrera\",\"MEDIO AMBIENTE\",\"Pepe Chedraui\",\"Prevenir incendios\"],\"articleSection\":[\"Capital\"],\"inLanguage\":\"es\",\"potentialAction\":[{\"@type\":\"CommentAction\",\"name\":\"Comment\",\"target\":[\"https:\\\/\\\/www.aliadospuebla.com\\\/?p=102034#respond\"]}]},{\"@type\":\"WebPage\",\"@id\":\"https:\\\/\\\/www.aliadospuebla.com\\\/?p=102034\",\"url\":\"https:\\\/\\\/www.aliadospuebla.com\\\/?p=102034\",\"name\":\"Refuerza Gobierno de la Ciudad estrategias para prevenir incendios forestales en Puebla - AliadosPuebla\",\"isPartOf\":{\"@id\":\"https:\\\/\\\/www.aliadospuebla.com\\\/#website\"},\"primaryImageOfPage\":{\"@id\":\"https:\\\/\\\/www.aliadospuebla.com\\\/?p=102034#primaryimage\"},\"image\":{\"@id\":\"https:\\\/\\\/www.aliadospuebla.com\\\/?p=102034#primaryimage\"},\"thumbnailUrl\":\"https:\\\/\\\/www.aliadospuebla.com\\\/web2017\\\/wp-content\\\/uploads\\\/2025\\\/02\\\/PSX_20250218_182550.jpg\",\"datePublished\":\"2025-02-19T00:30:39+00:00\",\"author\":{\"@id\":\"https:\\\/\\\/www.aliadospuebla.com\\\/#\\\/schema\\\/person\\\/5da7dd09320bd4f392b710017ed5f8ad\"},\"breadcrumb\":{\"@id\":\"https:\\\/\\\/www.aliadospuebla.com\\\/?p=102034#breadcrumb\"},\"inLanguage\":\"es\",\"potentialAction\":[{\"@type\":\"ReadAction\",\"target\":[\"https:\\\/\\\/www.aliadospuebla.com\\\/?p=102034\"]}]},{\"@type\":\"ImageObject\",\"inLanguage\":\"es\",\"@id\":\"https:\\\/\\\/www.aliadospuebla.com\\\/?p=102034#primaryimage\",\"url\":\"https:\\\/\\\/www.aliadospuebla.com\\\/web2017\\\/wp-content\\\/uploads\\\/2025\\\/02\\\/PSX_20250218_182550.jpg\",\"contentUrl\":\"https:\\\/\\\/www.aliadospuebla.com\\\/web2017\\\/wp-content\\\/uploads\\\/2025\\\/02\\\/PSX_20250218_182550.jpg\",\"width\":600,\"height\":450},{\"@type\":\"BreadcrumbList\",\"@id\":\"https:\\\/\\\/www.aliadospuebla.com\\\/?p=102034#breadcrumb\",\"itemListElement\":[{\"@type\":\"ListItem\",\"position\":1,\"name\":\"Portada\",\"item\":\"https:\\\/\\\/www.aliadospuebla.com\\\/\"},{\"@type\":\"ListItem\",\"position\":2,\"name\":\"Refuerza Gobierno de la Ciudad estrategias para prevenir incendios forestales en Puebla\"}]},{\"@type\":\"WebSite\",\"@id\":\"https:\\\/\\\/www.aliadospuebla.com\\\/#website\",\"url\":\"https:\\\/\\\/www.aliadospuebla.com\\\/\",\"name\":\"AliadosPuebla\",\"description\":\"La informaci\u00f3n en tus manos\",\"potentialAction\":[{\"@type\":\"SearchAction\",\"target\":{\"@type\":\"EntryPoint\",\"urlTemplate\":\"https:\\\/\\\/www.aliadospuebla.com\\\/?s={search_term_string}\"},\"query-input\":{\"@type\":\"PropertyValueSpecification\",\"valueRequired\":true,\"valueName\":\"search_term_string\"}}],\"inLanguage\":\"es\"},{\"@type\":\"Person\",\"@id\":\"https:\\\/\\\/www.aliadospuebla.com\\\/#\\\/schema\\\/person\\\/5da7dd09320bd4f392b710017ed5f8ad\",\"name\":\"Aliados17\",\"image\":{\"@type\":\"ImageObject\",\"inLanguage\":\"es\",\"@id\":\"https:\\\/\\\/www.aliadospuebla.com\\\/web2017\\\/wp-content\\\/uploads\\\/2025\\\/03\\\/cropped-para-perfil-8-anos-1-96x96.jpg\",\"url\":\"https:\\\/\\\/www.aliadospuebla.com\\\/web2017\\\/wp-content\\\/uploads\\\/2025\\\/03\\\/cropped-para-perfil-8-anos-1-96x96.jpg\",\"contentUrl\":\"https:\\\/\\\/www.aliadospuebla.com\\\/web2017\\\/wp-content\\\/uploads\\\/2025\\\/03\\\/cropped-para-perfil-8-anos-1-96x96.jpg\",\"caption\":\"Aliados17\"},\"sameAs\":[\"https:\\\/\\\/www.aliados17.com\",\"https:\\\/\\\/www.facebook.com\\\/Aliados17Pue\",\"https:\\\/\\\/x.com\\\/AliadosPuebla\"],\"url\":\"https:\\\/\\\/www.aliadospuebla.com\\\/?author=2\"}]}<\/script>\n<!-- \/ Yoast SEO plugin. -->","yoast_head_json":{"title":"Refuerza Gobierno de la Ciudad estrategias para prevenir incendios forestales en Puebla - AliadosPuebla","robots":{"index":"index","follow":"follow","max-snippet":"max-snippet:-1","max-image-preview":"max-image-preview:large","max-video-preview":"max-video-preview:-1"},"canonical":"https:\/\/www.aliadospuebla.com\/?p=102034","og_locale":"es_ES","og_type":"article","og_title":"Refuerza Gobierno de la Ciudad estrategias para prevenir incendios forestales en Puebla - AliadosPuebla","og_description":"Pepe Chedraui Budib reafirma su compromiso con la protecci\u00f3n del medio ambiente y la seguridad de la poblaci\u00f3n_ Con el objetivo de reducir la incidencia de incendios forestales en el municipio, la Secretar\u00eda de Medio Ambiente de Puebla, encabezada por Iv\u00e1n Herrera, present\u00f3 una serie de estrategias preventivas que incluyen concientizaci\u00f3n ciudadana y coordinaci\u00f3n interinstitucional. &nbsp; Durante el evento realizado en el Parque Cerro Amalucan, el secretario Iv\u00e1n Herrera, destac\u00f3 la importancia de la prevenci\u00f3n como eje central para proteger los ecosistemas locales, salvaguardar la biodiversidad y garantizar la seguridad de las comunidades cercanas a zonas de riesgo. \u201cTrabajamos de la mano con distintos sectores para evitar incendios forestales, promoviendo acciones responsables y fomentando una cultura de cuidado ambiental\u201d, afirm\u00f3. Las acciones implementadas incluyen corta&hellip;Leer m\u00e1s...","og_url":"https:\/\/www.aliadospuebla.com\/?p=102034","og_site_name":"AliadosPuebla","article_author":"https:\/\/www.facebook.com\/Aliados17Pue","article_published_time":"2025-02-19T00:30:39+00:00","og_image":[{"width":600,"height":450,"url":"https:\/\/www.aliadospuebla.com\/web2017\/wp-content\/uploads\/2025\/02\/PSX_20250218_182550.jpg","type":"image\/jpeg"}],"author":"Aliados17","twitter_card":"summary_large_image","twitter_creator":"@AliadosPuebla","twitter_misc":{"Escrito por":"Aliados17","Tiempo de lectura":"2 minutos"},"schema":{"@context":"https:\/\/schema.org","@graph":[{"@type":"Article","@id":"https:\/\/www.aliadospuebla.com\/?p=102034#article","isPartOf":{"@id":"https:\/\/www.aliadospuebla.com\/?p=102034"},"author":{"name":"Aliados17","@id":"https:\/\/www.aliadospuebla.com\/#\/schema\/person\/5da7dd09320bd4f392b710017ed5f8ad"},"headline":"Refuerza Gobierno de la Ciudad estrategias para prevenir incendios forestales en Puebla","datePublished":"2025-02-19T00:30:39+00:00","mainEntityOfPage":{"@id":"https:\/\/www.aliadospuebla.com\/?p=102034"},"wordCount":228,"commentCount":0,"image":{"@id":"https:\/\/www.aliadospuebla.com\/?p=102034#primaryimage"},"thumbnailUrl":"https:\/\/www.aliadospuebla.com\/web2017\/wp-content\/uploads\/2025\/02\/PSX_20250218_182550.jpg","keywords":["CONCIENTIZACI\u00d3N","ESTRATEGIAS","Gobierno de l Ciudad","Iv\u00e1n Herrera","MEDIO AMBIENTE","Pepe Chedraui","Prevenir incendios"],"articleSection":["Capital"],"inLanguage":"es","potentialAction":[{"@type":"CommentAction","name":"Comment","target":["https:\/\/www.aliadospuebla.com\/?p=102034#respond"]}]},{"@type":"WebPage","@id":"https:\/\/www.aliadospuebla.com\/?p=102034","url":"https:\/\/www.aliadospuebla.com\/?p=102034","name":"Refuerza Gobierno de la Ciudad estrategias para prevenir incendios forestales en Puebla - AliadosPuebla","isPartOf":{"@id":"https:\/\/www.aliadospuebla.com\/#website"},"primaryImageOfPage":{"@id":"https:\/\/www.aliadospuebla.com\/?p=102034#primaryimage"},"image":{"@id":"https:\/\/www.aliadospuebla.com\/?p=102034#primaryimage"},"thumbnailUrl":"https:\/\/www.aliadospuebla.com\/web2017\/wp-content\/uploads\/2025\/02\/PSX_20250218_182550.jpg","datePublished":"2025-02-19T00:30:39+00:00","author":{"@id":"https:\/\/www.aliadospuebla.com\/#\/schema\/person\/5da7dd09320bd4f392b710017ed5f8ad"},"breadcrumb":{"@id":"https:\/\/www.aliadospuebla.com\/?p=102034#breadcrumb"},"inLanguage":"es","potentialAction":[{"@type":"ReadAction","target":["https:\/\/www.aliadospuebla.com\/?p=102034"]}]},{"@type":"ImageObject","inLanguage":"es","@id":"https:\/\/www.aliadospuebla.com\/?p=102034#primaryimage","url":"https:\/\/www.aliadospuebla.com\/web2017\/wp-content\/uploads\/2025\/02\/PSX_20250218_182550.jpg","contentUrl":"https:\/\/www.aliadospuebla.com\/web2017\/wp-content\/uploads\/2025\/02\/PSX_20250218_182550.jpg","width":600,"height":450},{"@type":"BreadcrumbList","@id":"https:\/\/www.aliadospuebla.com\/?p=102034#breadcrumb","itemListElement":[{"@type":"ListItem","position":1,"name":"Portada","item":"https:\/\/www.aliadospuebla.com\/"},{"@type":"ListItem","position":2,"name":"Refuerza Gobierno de la Ciudad estrategias para prevenir incendios forestales en Puebla"}]},{"@type":"WebSite","@id":"https:\/\/www.aliadospuebla.com\/#website","url":"https:\/\/www.aliadospuebla.com\/","name":"AliadosPuebla","description":"La informaci\u00f3n en tus manos","potentialAction":[{"@type":"SearchAction","target":{"@type":"EntryPoint","urlTemplate":"https:\/\/www.aliadospuebla.com\/?s={search_term_string}"},"query-input":{"@type":"PropertyValueSpecification","valueRequired":true,"valueName":"search_term_string"}}],"inLanguage":"es"},{"@type":"Person","@id":"https:\/\/www.aliadospuebla.com\/#\/schema\/person\/5da7dd09320bd4f392b710017ed5f8ad","name":"Aliados17","image":{"@type":"ImageObject","inLanguage":"es","@id":"https:\/\/www.aliadospuebla.com\/web2017\/wp-content\/uploads\/2025\/03\/cropped-para-perfil-8-anos-1-96x96.jpg","url":"https:\/\/www.aliadospuebla.com\/web2017\/wp-content\/uploads\/2025\/03\/cropped-para-perfil-8-anos-1-96x96.jpg","contentUrl":"https:\/\/www.aliadospuebla.com\/web2017\/wp-content\/uploads\/2025\/03\/cropped-para-perfil-8-anos-1-96x96.jpg","caption":"Aliados17"},"sameAs":["https:\/\/www.aliados17.com","https:\/\/www.facebook.com\/Aliados17Pue","https:\/\/x.com\/AliadosPuebla"],"url":"https:\/\/www.aliadospuebla.com\/?author=2"}]}},"views":8,"_links":{"self":[{"href":"https:\/\/www.aliadospuebla.com\/index.php?rest_route=\/wp\/v2\/posts\/102034","targetHints":{"allow":["GET"]}}],"collection":[{"href":"https:\/\/www.aliadospuebla.com\/index.php?rest_route=\/wp\/v2\/posts"}],"about":[{"href":"https:\/\/www.aliadospuebla.com\/index.php?rest_route=\/wp\/v2\/types\/post"}],"author":[{"embeddable":true,"href":"https:\/\/www.aliadospuebla.com\/index.php?rest_route=\/wp\/v2\/users\/2"}],"replies":[{"embeddable":true,"href":"https:\/\/www.aliadospuebla.com\/index.php?rest_route=%2Fwp%2Fv2%2Fcomments&post=102034"}],"version-history":[{"count":1,"href":"https:\/\/www.aliadospuebla.com\/index.php?rest_route=\/wp\/v2\/posts\/102034\/revisions"}],"predecessor-version":[{"id":102036,"href":"https:\/\/www.aliadospuebla.com\/index.php?rest_route=\/wp\/v2\/posts\/102034\/revisions\/102036"}],"wp:featuredmedia":[{"embeddable":true,"href":"https:\/\/www.aliadospuebla.com\/index.php?rest_route=\/wp\/v2\/media\/102035"}],"wp:attachment":[{"href":"https:\/\/www.aliadospuebla.com\/index.php?rest_route=%2Fwp%2Fv2%2Fmedia&parent=102034"}],"wp:term":[{"taxonomy":"category","embeddable":true,"href":"https:\/\/www.aliadospuebla.com\/index.php?rest_route=%2Fwp%2Fv2%2Fcategories&post=102034"},{"taxonomy":"post_tag","embeddable":true,"href":"https:\/\/www.aliadospuebla.com\/index.php?rest_route=%2Fwp%2Fv2%2Ftags&post=102034"}],"curies":[{"name":"wp","href":"https:\/\/api.w.org\/{rel}","templated":true}]}}