{"id":102016,"date":"2025-02-17T20:52:02","date_gmt":"2025-02-18T02:52:02","guid":{"rendered":"https:\/\/www.aliadospuebla.com\/?p=102016"},"modified":"2025-02-17T20:52:02","modified_gmt":"2025-02-18T02:52:02","slug":"exposicion-mexicanos-en-nueva-york-en-la-presidencia-municipal-de-san-pedro-cholula","status":"publish","type":"post","link":"https:\/\/www.aliadospuebla.com\/?p=102016","title":{"rendered":"Exposici\u00f3n \u00abMexicanos en Nueva York\u00bb en la presidencia municipal de San Pedro Cholula"},"content":{"rendered":"<h4>La colecci\u00f3n visual y escrita del periodista V\u00edctor estar\u00e1 expuesta en el patio de la presidencia<\/h4>\n<p>San Pedro Cholula, Pue.- El Gobierno Municipal de San Pedro Cholula, presidido por Tonantzin Fern\u00e1ndez,<\/p>\n<p>as\u00ed como el regidor Samuel Mata, los representantes de la Secretar\u00eda de Turismo, Cultura y Desarrollo Econ\u00f3mico,<\/p>\n<p>realizaron el corte de list\u00f3n de la exposici\u00f3n \u00abMexicanos en New York\u00bb.<\/p>\n<p>El autor de esta exposici\u00f3n, V\u00edctor Manuel Romero Silva, detall\u00f3 que la historia de los migrantes<\/p>\n<p>se remonta a 1914, cuando el primer mexicano, precisamente de Cholula, decidi\u00f3 migrar hacia el pa\u00eds vecino, de ah\u00ed la importancia de resaltar.<\/p>\n<p>Por su parte, la presidenta municipal detall\u00f3 que el fen\u00f3meno migrante es uno de los m\u00e1s importantes en la historia moderna de M\u00e9xico, aunado a la relevancia econ\u00f3mica que representan, por ello, afirm\u00f3 que su administraci\u00f3n, en coordinaci\u00f3n con los \u00f3rdenes estatal y federal, generar\u00e1n condiciones adecuadas para todos aquellos migrantes que pueden ser repatriados.<\/p>\n<p>Derivado de ello, reconoci\u00f3 a Manuel Romero por esta exposici\u00f3n, la cual se compone de recopilaciones gr\u00e1ficas y escritas sobre el impacto de la cultura mexicana en los Estados Unidos y estar\u00e1 expuesta en el patio de la Presidencia Municipal, del 17 al 20 de febrero, de las 09:00 a las 15:30 horas.<\/p>\n","protected":false},"excerpt":{"rendered":"<p>La colecci\u00f3n visual y escrita del periodista V\u00edctor estar\u00e1 expuesta en el patio de la presidencia San Pedro Cholula, Pue.- El Gobierno Municipal de San Pedro Cholula, presidido por Tonantzin Fern\u00e1ndez, as\u00ed como el regidor Samuel Mata, los representantes de la Secretar\u00eda de Turismo, Cultura y Desarrollo Econ\u00f3mico, realizaron el corte de list\u00f3n de la exposici\u00f3n \u00abMexicanos en New York\u00bb. El autor de esta exposici\u00f3n, V\u00edctor Manuel Romero Silva, detall\u00f3 que la historia de los migrantes se remonta a 1914, cuando el primer mexicano, precisamente de Cholula, decidi\u00f3 migrar hacia el pa\u00eds vecino, de ah\u00ed la importancia de resaltar. Por su parte, la presidenta municipal detall\u00f3 que el fen\u00f3meno migrante es uno de los m\u00e1s importantes en la historia moderna de M\u00e9xico, aunado a la&hellip;<\/p>\n<p class=\"excerpt-more\"><a class=\"blog-excerpt button\" href=\"https:\/\/www.aliadospuebla.com\/?p=102016\">Leer m\u00e1s&#8230;<\/a><\/p>\n","protected":false},"author":2,"featured_media":102017,"comment_status":"open","ping_status":"open","sticky":false,"template":"","format":"standard","meta":{"_monsterinsights_skip_tracking":false,"footnotes":""},"categories":[4],"tags":[100,27658,27657,387,7394],"class_list":["post-102016","post","type-post","status-publish","format-standard","has-post-thumbnail","hentry","category-municipios","tag-exposicion","tag-fenomeno-migrante","tag-mexicanos-en-nueva-york","tag-san-pedro-cholula","tag-tonantzin-fernandez"],"yoast_head":"<!-- This site is optimized with the Yoast SEO plugin v28.4 - https:\/\/yoast.com\/product\/yoast-seo-wordpress\/ -->\n<title>Exposici\u00f3n &quot;Mexicanos en Nueva York&quot; en la presidencia municipal de San Pedro Cholula - AliadosPuebla<\/title>\n<meta name=\"robots\" content=\"index, follow, max-snippet:-1, max-image-preview:large, max-video-preview:-1\" \/>\n<link rel=\"canonical\" href=\"https:\/\/www.aliadospuebla.com\/?p=102016\" \/>\n<meta property=\"og:locale\" content=\"es_ES\" \/>\n<meta property=\"og:type\" content=\"article\" \/>\n<meta property=\"og:title\" content=\"Exposici\u00f3n &quot;Mexicanos en Nueva York&quot; en la presidencia municipal de San Pedro Cholula - AliadosPuebla\" \/>\n<meta property=\"og:description\" content=\"La colecci\u00f3n visual y escrita del periodista V\u00edctor estar\u00e1 expuesta en el patio de la presidencia San Pedro Cholula, Pue.- El Gobierno Municipal de San Pedro Cholula, presidido por Tonantzin Fern\u00e1ndez, as\u00ed como el regidor Samuel Mata, los representantes de la Secretar\u00eda de Turismo, Cultura y Desarrollo Econ\u00f3mico, realizaron el corte de list\u00f3n de la exposici\u00f3n \u00abMexicanos en New York\u00bb. El autor de esta exposici\u00f3n, V\u00edctor Manuel Romero Silva, detall\u00f3 que la historia de los migrantes se remonta a 1914, cuando el primer mexicano, precisamente de Cholula, decidi\u00f3 migrar hacia el pa\u00eds vecino, de ah\u00ed la importancia de resaltar. Por su parte, la presidenta municipal detall\u00f3 que el fen\u00f3meno migrante es uno de los m\u00e1s importantes en la historia moderna de M\u00e9xico, aunado a la&hellip;Leer m\u00e1s...\" \/>\n<meta property=\"og:url\" content=\"https:\/\/www.aliadospuebla.com\/?p=102016\" \/>\n<meta property=\"og:site_name\" content=\"AliadosPuebla\" \/>\n<meta property=\"article:author\" content=\"https:\/\/www.facebook.com\/Aliados17Pue\" \/>\n<meta property=\"article:published_time\" content=\"2025-02-18T02:52:02+00:00\" \/>\n<meta property=\"og:image\" content=\"https:\/\/www.aliadospuebla.com\/web2017\/wp-content\/uploads\/2025\/02\/587.jpg\" \/>\n\t<meta property=\"og:image:width\" content=\"600\" \/>\n\t<meta property=\"og:image:height\" content=\"450\" \/>\n\t<meta property=\"og:image:type\" content=\"image\/jpeg\" \/>\n<meta name=\"author\" content=\"Aliados17\" \/>\n<meta name=\"twitter:card\" content=\"summary_large_image\" \/>\n<meta name=\"twitter:creator\" content=\"@AliadosPuebla\" \/>\n<meta name=\"twitter:label1\" content=\"Escrito por\" \/>\n\t<meta name=\"twitter:data1\" content=\"Aliados17\" \/>\n\t<meta name=\"twitter:label2\" content=\"Tiempo de lectura\" \/>\n\t<meta name=\"twitter:data2\" content=\"2 minutos\" \/>\n<script type=\"application\/ld+json\" class=\"yoast-schema-graph\">{\"@context\":\"https:\\\/\\\/schema.org\",\"@graph\":[{\"@type\":\"Article\",\"@id\":\"https:\\\/\\\/www.aliadospuebla.com\\\/?p=102016#article\",\"isPartOf\":{\"@id\":\"https:\\\/\\\/www.aliadospuebla.com\\\/?p=102016\"},\"author\":{\"name\":\"Aliados17\",\"@id\":\"https:\\\/\\\/www.aliadospuebla.com\\\/#\\\/schema\\\/person\\\/5da7dd09320bd4f392b710017ed5f8ad\"},\"headline\":\"Exposici\u00f3n \u00abMexicanos en Nueva York\u00bb en la presidencia municipal de San Pedro Cholula\",\"datePublished\":\"2025-02-18T02:52:02+00:00\",\"mainEntityOfPage\":{\"@id\":\"https:\\\/\\\/www.aliadospuebla.com\\\/?p=102016\"},\"wordCount\":236,\"commentCount\":0,\"image\":{\"@id\":\"https:\\\/\\\/www.aliadospuebla.com\\\/?p=102016#primaryimage\"},\"thumbnailUrl\":\"https:\\\/\\\/www.aliadospuebla.com\\\/web2017\\\/wp-content\\\/uploads\\\/2025\\\/02\\\/587.jpg\",\"keywords\":[\"exposici\u00f3n\",\"fen\u00f3meno migrante\",\"Mexicanos en Nueva York\",\"SAN PEDRO CHOLULA\",\"TONANTZIN FERN\u00c1NDEZ\"],\"articleSection\":[\"Municipios\"],\"inLanguage\":\"es\",\"potentialAction\":[{\"@type\":\"CommentAction\",\"name\":\"Comment\",\"target\":[\"https:\\\/\\\/www.aliadospuebla.com\\\/?p=102016#respond\"]}]},{\"@type\":\"WebPage\",\"@id\":\"https:\\\/\\\/www.aliadospuebla.com\\\/?p=102016\",\"url\":\"https:\\\/\\\/www.aliadospuebla.com\\\/?p=102016\",\"name\":\"Exposici\u00f3n \\\"Mexicanos en Nueva York\\\" en la presidencia municipal de San Pedro Cholula - AliadosPuebla\",\"isPartOf\":{\"@id\":\"https:\\\/\\\/www.aliadospuebla.com\\\/#website\"},\"primaryImageOfPage\":{\"@id\":\"https:\\\/\\\/www.aliadospuebla.com\\\/?p=102016#primaryimage\"},\"image\":{\"@id\":\"https:\\\/\\\/www.aliadospuebla.com\\\/?p=102016#primaryimage\"},\"thumbnailUrl\":\"https:\\\/\\\/www.aliadospuebla.com\\\/web2017\\\/wp-content\\\/uploads\\\/2025\\\/02\\\/587.jpg\",\"datePublished\":\"2025-02-18T02:52:02+00:00\",\"author\":{\"@id\":\"https:\\\/\\\/www.aliadospuebla.com\\\/#\\\/schema\\\/person\\\/5da7dd09320bd4f392b710017ed5f8ad\"},\"breadcrumb\":{\"@id\":\"https:\\\/\\\/www.aliadospuebla.com\\\/?p=102016#breadcrumb\"},\"inLanguage\":\"es\",\"potentialAction\":[{\"@type\":\"ReadAction\",\"target\":[\"https:\\\/\\\/www.aliadospuebla.com\\\/?p=102016\"]}]},{\"@type\":\"ImageObject\",\"inLanguage\":\"es\",\"@id\":\"https:\\\/\\\/www.aliadospuebla.com\\\/?p=102016#primaryimage\",\"url\":\"https:\\\/\\\/www.aliadospuebla.com\\\/web2017\\\/wp-content\\\/uploads\\\/2025\\\/02\\\/587.jpg\",\"contentUrl\":\"https:\\\/\\\/www.aliadospuebla.com\\\/web2017\\\/wp-content\\\/uploads\\\/2025\\\/02\\\/587.jpg\",\"width\":600,\"height\":450},{\"@type\":\"BreadcrumbList\",\"@id\":\"https:\\\/\\\/www.aliadospuebla.com\\\/?p=102016#breadcrumb\",\"itemListElement\":[{\"@type\":\"ListItem\",\"position\":1,\"name\":\"Portada\",\"item\":\"https:\\\/\\\/www.aliadospuebla.com\\\/\"},{\"@type\":\"ListItem\",\"position\":2,\"name\":\"Exposici\u00f3n \u00abMexicanos en Nueva York\u00bb en la presidencia municipal de San Pedro Cholula\"}]},{\"@type\":\"WebSite\",\"@id\":\"https:\\\/\\\/www.aliadospuebla.com\\\/#website\",\"url\":\"https:\\\/\\\/www.aliadospuebla.com\\\/\",\"name\":\"AliadosPuebla\",\"description\":\"La informaci\u00f3n en tus manos\",\"potentialAction\":[{\"@type\":\"SearchAction\",\"target\":{\"@type\":\"EntryPoint\",\"urlTemplate\":\"https:\\\/\\\/www.aliadospuebla.com\\\/?s={search_term_string}\"},\"query-input\":{\"@type\":\"PropertyValueSpecification\",\"valueRequired\":true,\"valueName\":\"search_term_string\"}}],\"inLanguage\":\"es\"},{\"@type\":\"Person\",\"@id\":\"https:\\\/\\\/www.aliadospuebla.com\\\/#\\\/schema\\\/person\\\/5da7dd09320bd4f392b710017ed5f8ad\",\"name\":\"Aliados17\",\"image\":{\"@type\":\"ImageObject\",\"inLanguage\":\"es\",\"@id\":\"https:\\\/\\\/www.aliadospuebla.com\\\/web2017\\\/wp-content\\\/uploads\\\/2025\\\/03\\\/cropped-para-perfil-8-anos-1-96x96.jpg\",\"url\":\"https:\\\/\\\/www.aliadospuebla.com\\\/web2017\\\/wp-content\\\/uploads\\\/2025\\\/03\\\/cropped-para-perfil-8-anos-1-96x96.jpg\",\"contentUrl\":\"https:\\\/\\\/www.aliadospuebla.com\\\/web2017\\\/wp-content\\\/uploads\\\/2025\\\/03\\\/cropped-para-perfil-8-anos-1-96x96.jpg\",\"caption\":\"Aliados17\"},\"sameAs\":[\"https:\\\/\\\/www.aliados17.com\",\"https:\\\/\\\/www.facebook.com\\\/Aliados17Pue\",\"https:\\\/\\\/x.com\\\/AliadosPuebla\"],\"url\":\"https:\\\/\\\/www.aliadospuebla.com\\\/?author=2\"}]}<\/script>\n<!-- \/ Yoast SEO plugin. -->","yoast_head_json":{"title":"Exposici\u00f3n \"Mexicanos en Nueva York\" en la presidencia municipal de San Pedro Cholula - AliadosPuebla","robots":{"index":"index","follow":"follow","max-snippet":"max-snippet:-1","max-image-preview":"max-image-preview:large","max-video-preview":"max-video-preview:-1"},"canonical":"https:\/\/www.aliadospuebla.com\/?p=102016","og_locale":"es_ES","og_type":"article","og_title":"Exposici\u00f3n \"Mexicanos en Nueva York\" en la presidencia municipal de San Pedro Cholula - AliadosPuebla","og_description":"La colecci\u00f3n visual y escrita del periodista V\u00edctor estar\u00e1 expuesta en el patio de la presidencia San Pedro Cholula, Pue.- El Gobierno Municipal de San Pedro Cholula, presidido por Tonantzin Fern\u00e1ndez, as\u00ed como el regidor Samuel Mata, los representantes de la Secretar\u00eda de Turismo, Cultura y Desarrollo Econ\u00f3mico, realizaron el corte de list\u00f3n de la exposici\u00f3n \u00abMexicanos en New York\u00bb. El autor de esta exposici\u00f3n, V\u00edctor Manuel Romero Silva, detall\u00f3 que la historia de los migrantes se remonta a 1914, cuando el primer mexicano, precisamente de Cholula, decidi\u00f3 migrar hacia el pa\u00eds vecino, de ah\u00ed la importancia de resaltar. Por su parte, la presidenta municipal detall\u00f3 que el fen\u00f3meno migrante es uno de los m\u00e1s importantes en la historia moderna de M\u00e9xico, aunado a la&hellip;Leer m\u00e1s...","og_url":"https:\/\/www.aliadospuebla.com\/?p=102016","og_site_name":"AliadosPuebla","article_author":"https:\/\/www.facebook.com\/Aliados17Pue","article_published_time":"2025-02-18T02:52:02+00:00","og_image":[{"width":600,"height":450,"url":"https:\/\/www.aliadospuebla.com\/web2017\/wp-content\/uploads\/2025\/02\/587.jpg","type":"image\/jpeg"}],"author":"Aliados17","twitter_card":"summary_large_image","twitter_creator":"@AliadosPuebla","twitter_misc":{"Escrito por":"Aliados17","Tiempo de lectura":"2 minutos"},"schema":{"@context":"https:\/\/schema.org","@graph":[{"@type":"Article","@id":"https:\/\/www.aliadospuebla.com\/?p=102016#article","isPartOf":{"@id":"https:\/\/www.aliadospuebla.com\/?p=102016"},"author":{"name":"Aliados17","@id":"https:\/\/www.aliadospuebla.com\/#\/schema\/person\/5da7dd09320bd4f392b710017ed5f8ad"},"headline":"Exposici\u00f3n \u00abMexicanos en Nueva York\u00bb en la presidencia municipal de San Pedro Cholula","datePublished":"2025-02-18T02:52:02+00:00","mainEntityOfPage":{"@id":"https:\/\/www.aliadospuebla.com\/?p=102016"},"wordCount":236,"commentCount":0,"image":{"@id":"https:\/\/www.aliadospuebla.com\/?p=102016#primaryimage"},"thumbnailUrl":"https:\/\/www.aliadospuebla.com\/web2017\/wp-content\/uploads\/2025\/02\/587.jpg","keywords":["exposici\u00f3n","fen\u00f3meno migrante","Mexicanos en Nueva York","SAN PEDRO CHOLULA","TONANTZIN FERN\u00c1NDEZ"],"articleSection":["Municipios"],"inLanguage":"es","potentialAction":[{"@type":"CommentAction","name":"Comment","target":["https:\/\/www.aliadospuebla.com\/?p=102016#respond"]}]},{"@type":"WebPage","@id":"https:\/\/www.aliadospuebla.com\/?p=102016","url":"https:\/\/www.aliadospuebla.com\/?p=102016","name":"Exposici\u00f3n \"Mexicanos en Nueva York\" en la presidencia municipal de San Pedro Cholula - AliadosPuebla","isPartOf":{"@id":"https:\/\/www.aliadospuebla.com\/#website"},"primaryImageOfPage":{"@id":"https:\/\/www.aliadospuebla.com\/?p=102016#primaryimage"},"image":{"@id":"https:\/\/www.aliadospuebla.com\/?p=102016#primaryimage"},"thumbnailUrl":"https:\/\/www.aliadospuebla.com\/web2017\/wp-content\/uploads\/2025\/02\/587.jpg","datePublished":"2025-02-18T02:52:02+00:00","author":{"@id":"https:\/\/www.aliadospuebla.com\/#\/schema\/person\/5da7dd09320bd4f392b710017ed5f8ad"},"breadcrumb":{"@id":"https:\/\/www.aliadospuebla.com\/?p=102016#breadcrumb"},"inLanguage":"es","potentialAction":[{"@type":"ReadAction","target":["https:\/\/www.aliadospuebla.com\/?p=102016"]}]},{"@type":"ImageObject","inLanguage":"es","@id":"https:\/\/www.aliadospuebla.com\/?p=102016#primaryimage","url":"https:\/\/www.aliadospuebla.com\/web2017\/wp-content\/uploads\/2025\/02\/587.jpg","contentUrl":"https:\/\/www.aliadospuebla.com\/web2017\/wp-content\/uploads\/2025\/02\/587.jpg","width":600,"height":450},{"@type":"BreadcrumbList","@id":"https:\/\/www.aliadospuebla.com\/?p=102016#breadcrumb","itemListElement":[{"@type":"ListItem","position":1,"name":"Portada","item":"https:\/\/www.aliadospuebla.com\/"},{"@type":"ListItem","position":2,"name":"Exposici\u00f3n \u00abMexicanos en Nueva York\u00bb en la presidencia municipal de San Pedro Cholula"}]},{"@type":"WebSite","@id":"https:\/\/www.aliadospuebla.com\/#website","url":"https:\/\/www.aliadospuebla.com\/","name":"AliadosPuebla","description":"La informaci\u00f3n en tus manos","potentialAction":[{"@type":"SearchAction","target":{"@type":"EntryPoint","urlTemplate":"https:\/\/www.aliadospuebla.com\/?s={search_term_string}"},"query-input":{"@type":"PropertyValueSpecification","valueRequired":true,"valueName":"search_term_string"}}],"inLanguage":"es"},{"@type":"Person","@id":"https:\/\/www.aliadospuebla.com\/#\/schema\/person\/5da7dd09320bd4f392b710017ed5f8ad","name":"Aliados17","image":{"@type":"ImageObject","inLanguage":"es","@id":"https:\/\/www.aliadospuebla.com\/web2017\/wp-content\/uploads\/2025\/03\/cropped-para-perfil-8-anos-1-96x96.jpg","url":"https:\/\/www.aliadospuebla.com\/web2017\/wp-content\/uploads\/2025\/03\/cropped-para-perfil-8-anos-1-96x96.jpg","contentUrl":"https:\/\/www.aliadospuebla.com\/web2017\/wp-content\/uploads\/2025\/03\/cropped-para-perfil-8-anos-1-96x96.jpg","caption":"Aliados17"},"sameAs":["https:\/\/www.aliados17.com","https:\/\/www.facebook.com\/Aliados17Pue","https:\/\/x.com\/AliadosPuebla"],"url":"https:\/\/www.aliadospuebla.com\/?author=2"}]}},"views":8,"_links":{"self":[{"href":"https:\/\/www.aliadospuebla.com\/index.php?rest_route=\/wp\/v2\/posts\/102016","targetHints":{"allow":["GET"]}}],"collection":[{"href":"https:\/\/www.aliadospuebla.com\/index.php?rest_route=\/wp\/v2\/posts"}],"about":[{"href":"https:\/\/www.aliadospuebla.com\/index.php?rest_route=\/wp\/v2\/types\/post"}],"author":[{"embeddable":true,"href":"https:\/\/www.aliadospuebla.com\/index.php?rest_route=\/wp\/v2\/users\/2"}],"replies":[{"embeddable":true,"href":"https:\/\/www.aliadospuebla.com\/index.php?rest_route=%2Fwp%2Fv2%2Fcomments&post=102016"}],"version-history":[{"count":1,"href":"https:\/\/www.aliadospuebla.com\/index.php?rest_route=\/wp\/v2\/posts\/102016\/revisions"}],"predecessor-version":[{"id":102018,"href":"https:\/\/www.aliadospuebla.com\/index.php?rest_route=\/wp\/v2\/posts\/102016\/revisions\/102018"}],"wp:featuredmedia":[{"embeddable":true,"href":"https:\/\/www.aliadospuebla.com\/index.php?rest_route=\/wp\/v2\/media\/102017"}],"wp:attachment":[{"href":"https:\/\/www.aliadospuebla.com\/index.php?rest_route=%2Fwp%2Fv2%2Fmedia&parent=102016"}],"wp:term":[{"taxonomy":"category","embeddable":true,"href":"https:\/\/www.aliadospuebla.com\/index.php?rest_route=%2Fwp%2Fv2%2Fcategories&post=102016"},{"taxonomy":"post_tag","embeddable":true,"href":"https:\/\/www.aliadospuebla.com\/index.php?rest_route=%2Fwp%2Fv2%2Ftags&post=102016"}],"curies":[{"name":"wp","href":"https:\/\/api.w.org\/{rel}","templated":true}]}}