{"id":101606,"date":"2025-02-06T20:07:07","date_gmt":"2025-02-07T02:07:07","guid":{"rendered":"https:\/\/www.aliadospuebla.com\/?p=101606"},"modified":"2025-02-06T20:07:07","modified_gmt":"2025-02-07T02:07:07","slug":"presentan-iniciativa-para-reconocer-y-sancionar-el-feminicidio-infantil-y-la-privacion-ilegal-de-la-libertad-de-ninas-y-adolescentes","status":"publish","type":"post","link":"https:\/\/www.aliadospuebla.com\/?p=101606","title":{"rendered":"PRESENTAN INICIATIVA PARA RECONOCER Y SANCIONAR EL FEMINICIDIO INFANTIL Y LA PRIVACI\u00d3N ILEGAL DE LA LIBERTAD DE NI\u00d1AS Y ADOLESCENTES"},"content":{"rendered":"<h4>Puebla, Pue. &#8211; En el Congreso del Estado de Puebla la Diputada Fedrha Suriano Corrales present\u00f3 la iniciativa en materia de Feminicidio Infantil y Privaci\u00f3n Ilegal de la Libertad, la cual busca reformar los art\u00edculos 299, 301 Bis y 338 Qu\u00e1ter del C\u00f3digo Penal del Estado Libre y Soberano de Puebla.<\/h4>\n<p>Esta iniciativa responde a la creciente preocupaci\u00f3n por la<br \/>\nviolencia feminicida que afecta a ni\u00f1as y adolescentes en el pa\u00eds y tiene como objetivo<br \/>\nfortalecer la legislaci\u00f3n para la protecci\u00f3n de este sector vulnerable.<\/p>\n<p><br class=\"yoast-text-mark\" \/>&gt;&gt;&gt;&gt;&gt;&gt;&gt;&gt;&gt;&gt;&gt;&gt;Durante la presentaci\u00f3n, se destac\u00f3 que en M\u00e9xico, seg\u00fan datos de la Red por los Derechos<br \/>\nde la Infancia (REDIM), cada cuatro d\u00edas una ni\u00f1a o adolescente es v\u00edctima de feminicidio.<\/p>\n<p><br class=\"yoast-text-mark\" \/>&gt;&gt;&gt;&gt;&gt;&gt;&gt;&gt;&gt;&gt;&gt;&gt;As\u00ed mismo, la Comisi\u00f3n Econ\u00f3mica para Am\u00e9rica Latina y el Caribe (CEPAL) se\u00f1ala que<br \/>\nel feminicidio infantil es el asesinato de ni\u00f1as y adolescentes menores de edad con<br \/>\nmotivaciones mis\u00f3ginas o de odio hacia lo femenino, un delito que ha ido en aumento de<br \/>\nmanera alarmante.<\/p>\n<h4>\nLa iniciativa propone tres reformas clave para fortalecer la protecci\u00f3n de las ni\u00f1as y<br \/>\nadolescentes:<\/h4>\n<p><br class=\"yoast-text-mark\" \/>&gt;&gt;&gt;&gt;&gt;&gt;&gt;&gt;&gt;&gt;&gt;&gt;\u2022 Incrementar las penas de uno a tres a\u00f1os de prisi\u00f3n para quienes priven ilegalmente<br \/>\nde la libertad a ni\u00f1as o mujeres adolescentes.<br \/>\n\u2022 Perseguir de oficio el delito de privaci\u00f3n de la libertad con fines de agresi\u00f3n sexual,<br \/>\neliminando el requisito de querella de la parte afectada.<br \/>\n\u2022 Aumentar la pena de feminicidio a un m\u00ednimo de 50 y un m\u00e1ximo de 70 a\u00f1os de<br \/>\nprisi\u00f3n cuando la v\u00edctima sea una ni\u00f1a o mujer adolescente.<\/p>\n<p>Casos recientes en Puebla y en otras entidades del pa\u00eds han visibilizado la urgencia de<br \/>\natender esta problem\u00e1tica desde el marco legal.<\/p>\n<h4>Se resalt\u00f3 el caso de G\u00e9nesis, una ni\u00f1a de 10 a\u00f1os que fue reportada como desaparecida y cuyo feminicida result\u00f3 ser un vecino cercano.<\/h4>\n<p>Este y otros hechos demuestran la necesidad de fortalecer las sanciones y<br \/>\ngarantizar mayor protecci\u00f3n a ni\u00f1as y adolescentes.<\/p>\n<p>Con esta iniciativa, el Congreso del Estado busca generar un marco legal m\u00e1s estricto<\/p>\n<p>y efectivo para la prevenci\u00f3n y castigo del feminicidio infantil y la privaci\u00f3n ilegal<\/p>\n<p>de la libertad de menores de edad, en un esfuerzo por erradicar la violencia de g\u00e9nero<\/p>\n<p>desde la ni\u00f1ez.<\/p>\n","protected":false},"excerpt":{"rendered":"<p>Puebla, Pue. &#8211; En el Congreso del Estado de Puebla la Diputada Fedrha Suriano Corrales present\u00f3 la iniciativa en materia de Feminicidio Infantil y Privaci\u00f3n Ilegal de la Libertad, la cual busca reformar los art\u00edculos 299, 301 Bis y 338 Qu\u00e1ter del C\u00f3digo Penal del Estado Libre y Soberano de Puebla. Esta iniciativa responde a la creciente preocupaci\u00f3n por la violencia feminicida que afecta a ni\u00f1as y adolescentes en el pa\u00eds y tiene como objetivo fortalecer la legislaci\u00f3n para la protecci\u00f3n de este sector vulnerable. &gt;&gt;&gt;&gt;&gt;&gt;&gt;&gt;&gt;&gt;&gt;&gt;Durante la presentaci\u00f3n, se destac\u00f3 que en M\u00e9xico, seg\u00fan datos de la Red por los Derechos de la Infancia (REDIM), cada cuatro d\u00edas una ni\u00f1a o adolescente es v\u00edctima de feminicidio. &gt;&gt;&gt;&gt;&gt;&gt;&gt;&gt;&gt;&gt;&gt;&gt;As\u00ed mismo, la Comisi\u00f3n Econ\u00f3mica para Am\u00e9rica Latina y&hellip;<\/p>\n<p class=\"excerpt-more\"><a class=\"blog-excerpt button\" href=\"https:\/\/www.aliadospuebla.com\/?p=101606\">Leer m\u00e1s&#8230;<\/a><\/p>\n","protected":false},"author":2,"featured_media":101607,"comment_status":"open","ping_status":"open","sticky":false,"template":"","format":"standard","meta":{"_monsterinsights_skip_tracking":false,"footnotes":""},"categories":[6],"tags":[27442,27441,27444,259,27443],"class_list":["post-101606","post","type-post","status-publish","format-standard","has-post-thumbnail","hentry","category-politica","tag-codigo-penal","tag-fedrha-suriano-corrales","tag-feminicidio-infantil","tag-iniciativa","tag-redim"],"yoast_head":"<!-- This site is optimized with the Yoast SEO plugin v28.4 - https:\/\/yoast.com\/product\/yoast-seo-wordpress\/ -->\n<title>PRESENTAN INICIATIVA PARA RECONOCER Y SANCIONAR EL FEMINICIDIO INFANTIL Y LA PRIVACI\u00d3N ILEGAL DE LA LIBERTAD DE NI\u00d1AS Y ADOLESCENTES - AliadosPuebla<\/title>\n<meta name=\"robots\" content=\"index, follow, max-snippet:-1, max-image-preview:large, max-video-preview:-1\" \/>\n<link rel=\"canonical\" href=\"https:\/\/www.aliadospuebla.com\/?p=101606\" \/>\n<meta property=\"og:locale\" content=\"es_ES\" \/>\n<meta property=\"og:type\" content=\"article\" \/>\n<meta property=\"og:title\" content=\"PRESENTAN INICIATIVA PARA RECONOCER Y SANCIONAR EL FEMINICIDIO INFANTIL Y LA PRIVACI\u00d3N ILEGAL DE LA LIBERTAD DE NI\u00d1AS Y ADOLESCENTES - AliadosPuebla\" \/>\n<meta property=\"og:description\" content=\"Puebla, Pue. &#8211; En el Congreso del Estado de Puebla la Diputada Fedrha Suriano Corrales present\u00f3 la iniciativa en materia de Feminicidio Infantil y Privaci\u00f3n Ilegal de la Libertad, la cual busca reformar los art\u00edculos 299, 301 Bis y 338 Qu\u00e1ter del C\u00f3digo Penal del Estado Libre y Soberano de Puebla. Esta iniciativa responde a la creciente preocupaci\u00f3n por la violencia feminicida que afecta a ni\u00f1as y adolescentes en el pa\u00eds y tiene como objetivo fortalecer la legislaci\u00f3n para la protecci\u00f3n de este sector vulnerable. &gt;&gt;&gt;&gt;&gt;&gt;&gt;&gt;&gt;&gt;&gt;&gt;Durante la presentaci\u00f3n, se destac\u00f3 que en M\u00e9xico, seg\u00fan datos de la Red por los Derechos de la Infancia (REDIM), cada cuatro d\u00edas una ni\u00f1a o adolescente es v\u00edctima de feminicidio. &gt;&gt;&gt;&gt;&gt;&gt;&gt;&gt;&gt;&gt;&gt;&gt;As\u00ed mismo, la Comisi\u00f3n Econ\u00f3mica para Am\u00e9rica Latina y&hellip;Leer m\u00e1s...\" \/>\n<meta property=\"og:url\" content=\"https:\/\/www.aliadospuebla.com\/?p=101606\" \/>\n<meta property=\"og:site_name\" content=\"AliadosPuebla\" \/>\n<meta property=\"article:author\" content=\"https:\/\/www.facebook.com\/Aliados17Pue\" \/>\n<meta property=\"article:published_time\" content=\"2025-02-07T02:07:07+00:00\" \/>\n<meta property=\"og:image\" content=\"https:\/\/www.aliadospuebla.com\/web2017\/wp-content\/uploads\/2025\/02\/470.jpg\" \/>\n\t<meta property=\"og:image:width\" content=\"600\" \/>\n\t<meta property=\"og:image:height\" content=\"450\" \/>\n\t<meta property=\"og:image:type\" content=\"image\/jpeg\" \/>\n<meta name=\"author\" content=\"Aliados17\" \/>\n<meta name=\"twitter:card\" content=\"summary_large_image\" \/>\n<meta name=\"twitter:creator\" content=\"@AliadosPuebla\" \/>\n<meta name=\"twitter:label1\" content=\"Escrito por\" \/>\n\t<meta name=\"twitter:data1\" content=\"Aliados17\" \/>\n\t<meta name=\"twitter:label2\" content=\"Tiempo de lectura\" \/>\n\t<meta name=\"twitter:data2\" content=\"2 minutos\" \/>\n<script type=\"application\/ld+json\" class=\"yoast-schema-graph\">{\"@context\":\"https:\\\/\\\/schema.org\",\"@graph\":[{\"@type\":\"Article\",\"@id\":\"https:\\\/\\\/www.aliadospuebla.com\\\/?p=101606#article\",\"isPartOf\":{\"@id\":\"https:\\\/\\\/www.aliadospuebla.com\\\/?p=101606\"},\"author\":{\"name\":\"Aliados17\",\"@id\":\"https:\\\/\\\/www.aliadospuebla.com\\\/#\\\/schema\\\/person\\\/5da7dd09320bd4f392b710017ed5f8ad\"},\"headline\":\"PRESENTAN INICIATIVA PARA RECONOCER Y SANCIONAR EL FEMINICIDIO INFANTIL Y LA PRIVACI\u00d3N ILEGAL DE LA LIBERTAD DE NI\u00d1AS Y ADOLESCENTES\",\"datePublished\":\"2025-02-07T02:07:07+00:00\",\"mainEntityOfPage\":{\"@id\":\"https:\\\/\\\/www.aliadospuebla.com\\\/?p=101606\"},\"wordCount\":460,\"commentCount\":0,\"image\":{\"@id\":\"https:\\\/\\\/www.aliadospuebla.com\\\/?p=101606#primaryimage\"},\"thumbnailUrl\":\"https:\\\/\\\/www.aliadospuebla.com\\\/web2017\\\/wp-content\\\/uploads\\\/2025\\\/02\\\/470.jpg\",\"keywords\":[\"C\u00f3digo Penal\",\"Fedrha Suriano Corrales\",\"FEMINICIDIO INFANTIL\",\"iniciativa\",\"REDIM\"],\"articleSection\":[\"Pol\u00edtica\"],\"inLanguage\":\"es\",\"potentialAction\":[{\"@type\":\"CommentAction\",\"name\":\"Comment\",\"target\":[\"https:\\\/\\\/www.aliadospuebla.com\\\/?p=101606#respond\"]}]},{\"@type\":\"WebPage\",\"@id\":\"https:\\\/\\\/www.aliadospuebla.com\\\/?p=101606\",\"url\":\"https:\\\/\\\/www.aliadospuebla.com\\\/?p=101606\",\"name\":\"PRESENTAN INICIATIVA PARA RECONOCER Y SANCIONAR EL FEMINICIDIO INFANTIL Y LA PRIVACI\u00d3N ILEGAL DE LA LIBERTAD DE NI\u00d1AS Y ADOLESCENTES - AliadosPuebla\",\"isPartOf\":{\"@id\":\"https:\\\/\\\/www.aliadospuebla.com\\\/#website\"},\"primaryImageOfPage\":{\"@id\":\"https:\\\/\\\/www.aliadospuebla.com\\\/?p=101606#primaryimage\"},\"image\":{\"@id\":\"https:\\\/\\\/www.aliadospuebla.com\\\/?p=101606#primaryimage\"},\"thumbnailUrl\":\"https:\\\/\\\/www.aliadospuebla.com\\\/web2017\\\/wp-content\\\/uploads\\\/2025\\\/02\\\/470.jpg\",\"datePublished\":\"2025-02-07T02:07:07+00:00\",\"author\":{\"@id\":\"https:\\\/\\\/www.aliadospuebla.com\\\/#\\\/schema\\\/person\\\/5da7dd09320bd4f392b710017ed5f8ad\"},\"breadcrumb\":{\"@id\":\"https:\\\/\\\/www.aliadospuebla.com\\\/?p=101606#breadcrumb\"},\"inLanguage\":\"es\",\"potentialAction\":[{\"@type\":\"ReadAction\",\"target\":[\"https:\\\/\\\/www.aliadospuebla.com\\\/?p=101606\"]}]},{\"@type\":\"ImageObject\",\"inLanguage\":\"es\",\"@id\":\"https:\\\/\\\/www.aliadospuebla.com\\\/?p=101606#primaryimage\",\"url\":\"https:\\\/\\\/www.aliadospuebla.com\\\/web2017\\\/wp-content\\\/uploads\\\/2025\\\/02\\\/470.jpg\",\"contentUrl\":\"https:\\\/\\\/www.aliadospuebla.com\\\/web2017\\\/wp-content\\\/uploads\\\/2025\\\/02\\\/470.jpg\",\"width\":600,\"height\":450},{\"@type\":\"BreadcrumbList\",\"@id\":\"https:\\\/\\\/www.aliadospuebla.com\\\/?p=101606#breadcrumb\",\"itemListElement\":[{\"@type\":\"ListItem\",\"position\":1,\"name\":\"Portada\",\"item\":\"https:\\\/\\\/www.aliadospuebla.com\\\/\"},{\"@type\":\"ListItem\",\"position\":2,\"name\":\"PRESENTAN INICIATIVA PARA RECONOCER Y SANCIONAR EL FEMINICIDIO INFANTIL Y LA PRIVACI\u00d3N ILEGAL DE LA LIBERTAD DE NI\u00d1AS Y ADOLESCENTES\"}]},{\"@type\":\"WebSite\",\"@id\":\"https:\\\/\\\/www.aliadospuebla.com\\\/#website\",\"url\":\"https:\\\/\\\/www.aliadospuebla.com\\\/\",\"name\":\"AliadosPuebla\",\"description\":\"La informaci\u00f3n en tus manos\",\"potentialAction\":[{\"@type\":\"SearchAction\",\"target\":{\"@type\":\"EntryPoint\",\"urlTemplate\":\"https:\\\/\\\/www.aliadospuebla.com\\\/?s={search_term_string}\"},\"query-input\":{\"@type\":\"PropertyValueSpecification\",\"valueRequired\":true,\"valueName\":\"search_term_string\"}}],\"inLanguage\":\"es\"},{\"@type\":\"Person\",\"@id\":\"https:\\\/\\\/www.aliadospuebla.com\\\/#\\\/schema\\\/person\\\/5da7dd09320bd4f392b710017ed5f8ad\",\"name\":\"Aliados17\",\"image\":{\"@type\":\"ImageObject\",\"inLanguage\":\"es\",\"@id\":\"https:\\\/\\\/www.aliadospuebla.com\\\/web2017\\\/wp-content\\\/uploads\\\/2025\\\/03\\\/cropped-para-perfil-8-anos-1-96x96.jpg\",\"url\":\"https:\\\/\\\/www.aliadospuebla.com\\\/web2017\\\/wp-content\\\/uploads\\\/2025\\\/03\\\/cropped-para-perfil-8-anos-1-96x96.jpg\",\"contentUrl\":\"https:\\\/\\\/www.aliadospuebla.com\\\/web2017\\\/wp-content\\\/uploads\\\/2025\\\/03\\\/cropped-para-perfil-8-anos-1-96x96.jpg\",\"caption\":\"Aliados17\"},\"sameAs\":[\"https:\\\/\\\/www.aliados17.com\",\"https:\\\/\\\/www.facebook.com\\\/Aliados17Pue\",\"https:\\\/\\\/x.com\\\/AliadosPuebla\"],\"url\":\"https:\\\/\\\/www.aliadospuebla.com\\\/?author=2\"}]}<\/script>\n<!-- \/ Yoast SEO plugin. -->","yoast_head_json":{"title":"PRESENTAN INICIATIVA PARA RECONOCER Y SANCIONAR EL FEMINICIDIO INFANTIL Y LA PRIVACI\u00d3N ILEGAL DE LA LIBERTAD DE NI\u00d1AS Y ADOLESCENTES - AliadosPuebla","robots":{"index":"index","follow":"follow","max-snippet":"max-snippet:-1","max-image-preview":"max-image-preview:large","max-video-preview":"max-video-preview:-1"},"canonical":"https:\/\/www.aliadospuebla.com\/?p=101606","og_locale":"es_ES","og_type":"article","og_title":"PRESENTAN INICIATIVA PARA RECONOCER Y SANCIONAR EL FEMINICIDIO INFANTIL Y LA PRIVACI\u00d3N ILEGAL DE LA LIBERTAD DE NI\u00d1AS Y ADOLESCENTES - AliadosPuebla","og_description":"Puebla, Pue. &#8211; En el Congreso del Estado de Puebla la Diputada Fedrha Suriano Corrales present\u00f3 la iniciativa en materia de Feminicidio Infantil y Privaci\u00f3n Ilegal de la Libertad, la cual busca reformar los art\u00edculos 299, 301 Bis y 338 Qu\u00e1ter del C\u00f3digo Penal del Estado Libre y Soberano de Puebla. Esta iniciativa responde a la creciente preocupaci\u00f3n por la violencia feminicida que afecta a ni\u00f1as y adolescentes en el pa\u00eds y tiene como objetivo fortalecer la legislaci\u00f3n para la protecci\u00f3n de este sector vulnerable. &gt;&gt;&gt;&gt;&gt;&gt;&gt;&gt;&gt;&gt;&gt;&gt;Durante la presentaci\u00f3n, se destac\u00f3 que en M\u00e9xico, seg\u00fan datos de la Red por los Derechos de la Infancia (REDIM), cada cuatro d\u00edas una ni\u00f1a o adolescente es v\u00edctima de feminicidio. &gt;&gt;&gt;&gt;&gt;&gt;&gt;&gt;&gt;&gt;&gt;&gt;As\u00ed mismo, la Comisi\u00f3n Econ\u00f3mica para Am\u00e9rica Latina y&hellip;Leer m\u00e1s...","og_url":"https:\/\/www.aliadospuebla.com\/?p=101606","og_site_name":"AliadosPuebla","article_author":"https:\/\/www.facebook.com\/Aliados17Pue","article_published_time":"2025-02-07T02:07:07+00:00","og_image":[{"width":600,"height":450,"url":"https:\/\/www.aliadospuebla.com\/web2017\/wp-content\/uploads\/2025\/02\/470.jpg","type":"image\/jpeg"}],"author":"Aliados17","twitter_card":"summary_large_image","twitter_creator":"@AliadosPuebla","twitter_misc":{"Escrito por":"Aliados17","Tiempo de lectura":"2 minutos"},"schema":{"@context":"https:\/\/schema.org","@graph":[{"@type":"Article","@id":"https:\/\/www.aliadospuebla.com\/?p=101606#article","isPartOf":{"@id":"https:\/\/www.aliadospuebla.com\/?p=101606"},"author":{"name":"Aliados17","@id":"https:\/\/www.aliadospuebla.com\/#\/schema\/person\/5da7dd09320bd4f392b710017ed5f8ad"},"headline":"PRESENTAN INICIATIVA PARA RECONOCER Y SANCIONAR EL FEMINICIDIO INFANTIL Y LA PRIVACI\u00d3N ILEGAL DE LA LIBERTAD DE NI\u00d1AS Y ADOLESCENTES","datePublished":"2025-02-07T02:07:07+00:00","mainEntityOfPage":{"@id":"https:\/\/www.aliadospuebla.com\/?p=101606"},"wordCount":460,"commentCount":0,"image":{"@id":"https:\/\/www.aliadospuebla.com\/?p=101606#primaryimage"},"thumbnailUrl":"https:\/\/www.aliadospuebla.com\/web2017\/wp-content\/uploads\/2025\/02\/470.jpg","keywords":["C\u00f3digo Penal","Fedrha Suriano Corrales","FEMINICIDIO INFANTIL","iniciativa","REDIM"],"articleSection":["Pol\u00edtica"],"inLanguage":"es","potentialAction":[{"@type":"CommentAction","name":"Comment","target":["https:\/\/www.aliadospuebla.com\/?p=101606#respond"]}]},{"@type":"WebPage","@id":"https:\/\/www.aliadospuebla.com\/?p=101606","url":"https:\/\/www.aliadospuebla.com\/?p=101606","name":"PRESENTAN INICIATIVA PARA RECONOCER Y SANCIONAR EL FEMINICIDIO INFANTIL Y LA PRIVACI\u00d3N ILEGAL DE LA LIBERTAD DE NI\u00d1AS Y ADOLESCENTES - AliadosPuebla","isPartOf":{"@id":"https:\/\/www.aliadospuebla.com\/#website"},"primaryImageOfPage":{"@id":"https:\/\/www.aliadospuebla.com\/?p=101606#primaryimage"},"image":{"@id":"https:\/\/www.aliadospuebla.com\/?p=101606#primaryimage"},"thumbnailUrl":"https:\/\/www.aliadospuebla.com\/web2017\/wp-content\/uploads\/2025\/02\/470.jpg","datePublished":"2025-02-07T02:07:07+00:00","author":{"@id":"https:\/\/www.aliadospuebla.com\/#\/schema\/person\/5da7dd09320bd4f392b710017ed5f8ad"},"breadcrumb":{"@id":"https:\/\/www.aliadospuebla.com\/?p=101606#breadcrumb"},"inLanguage":"es","potentialAction":[{"@type":"ReadAction","target":["https:\/\/www.aliadospuebla.com\/?p=101606"]}]},{"@type":"ImageObject","inLanguage":"es","@id":"https:\/\/www.aliadospuebla.com\/?p=101606#primaryimage","url":"https:\/\/www.aliadospuebla.com\/web2017\/wp-content\/uploads\/2025\/02\/470.jpg","contentUrl":"https:\/\/www.aliadospuebla.com\/web2017\/wp-content\/uploads\/2025\/02\/470.jpg","width":600,"height":450},{"@type":"BreadcrumbList","@id":"https:\/\/www.aliadospuebla.com\/?p=101606#breadcrumb","itemListElement":[{"@type":"ListItem","position":1,"name":"Portada","item":"https:\/\/www.aliadospuebla.com\/"},{"@type":"ListItem","position":2,"name":"PRESENTAN INICIATIVA PARA RECONOCER Y SANCIONAR EL FEMINICIDIO INFANTIL Y LA PRIVACI\u00d3N ILEGAL DE LA LIBERTAD DE NI\u00d1AS Y ADOLESCENTES"}]},{"@type":"WebSite","@id":"https:\/\/www.aliadospuebla.com\/#website","url":"https:\/\/www.aliadospuebla.com\/","name":"AliadosPuebla","description":"La informaci\u00f3n en tus manos","potentialAction":[{"@type":"SearchAction","target":{"@type":"EntryPoint","urlTemplate":"https:\/\/www.aliadospuebla.com\/?s={search_term_string}"},"query-input":{"@type":"PropertyValueSpecification","valueRequired":true,"valueName":"search_term_string"}}],"inLanguage":"es"},{"@type":"Person","@id":"https:\/\/www.aliadospuebla.com\/#\/schema\/person\/5da7dd09320bd4f392b710017ed5f8ad","name":"Aliados17","image":{"@type":"ImageObject","inLanguage":"es","@id":"https:\/\/www.aliadospuebla.com\/web2017\/wp-content\/uploads\/2025\/03\/cropped-para-perfil-8-anos-1-96x96.jpg","url":"https:\/\/www.aliadospuebla.com\/web2017\/wp-content\/uploads\/2025\/03\/cropped-para-perfil-8-anos-1-96x96.jpg","contentUrl":"https:\/\/www.aliadospuebla.com\/web2017\/wp-content\/uploads\/2025\/03\/cropped-para-perfil-8-anos-1-96x96.jpg","caption":"Aliados17"},"sameAs":["https:\/\/www.aliados17.com","https:\/\/www.facebook.com\/Aliados17Pue","https:\/\/x.com\/AliadosPuebla"],"url":"https:\/\/www.aliadospuebla.com\/?author=2"}]}},"views":6,"_links":{"self":[{"href":"https:\/\/www.aliadospuebla.com\/index.php?rest_route=\/wp\/v2\/posts\/101606","targetHints":{"allow":["GET"]}}],"collection":[{"href":"https:\/\/www.aliadospuebla.com\/index.php?rest_route=\/wp\/v2\/posts"}],"about":[{"href":"https:\/\/www.aliadospuebla.com\/index.php?rest_route=\/wp\/v2\/types\/post"}],"author":[{"embeddable":true,"href":"https:\/\/www.aliadospuebla.com\/index.php?rest_route=\/wp\/v2\/users\/2"}],"replies":[{"embeddable":true,"href":"https:\/\/www.aliadospuebla.com\/index.php?rest_route=%2Fwp%2Fv2%2Fcomments&post=101606"}],"version-history":[{"count":1,"href":"https:\/\/www.aliadospuebla.com\/index.php?rest_route=\/wp\/v2\/posts\/101606\/revisions"}],"predecessor-version":[{"id":101608,"href":"https:\/\/www.aliadospuebla.com\/index.php?rest_route=\/wp\/v2\/posts\/101606\/revisions\/101608"}],"wp:featuredmedia":[{"embeddable":true,"href":"https:\/\/www.aliadospuebla.com\/index.php?rest_route=\/wp\/v2\/media\/101607"}],"wp:attachment":[{"href":"https:\/\/www.aliadospuebla.com\/index.php?rest_route=%2Fwp%2Fv2%2Fmedia&parent=101606"}],"wp:term":[{"taxonomy":"category","embeddable":true,"href":"https:\/\/www.aliadospuebla.com\/index.php?rest_route=%2Fwp%2Fv2%2Fcategories&post=101606"},{"taxonomy":"post_tag","embeddable":true,"href":"https:\/\/www.aliadospuebla.com\/index.php?rest_route=%2Fwp%2Fv2%2Ftags&post=101606"}],"curies":[{"name":"wp","href":"https:\/\/api.w.org\/{rel}","templated":true}]}}