{"id":101596,"date":"2025-02-06T19:15:05","date_gmt":"2025-02-07T01:15:05","guid":{"rendered":"https:\/\/www.aliadospuebla.com\/?p=101596"},"modified":"2025-02-06T19:15:05","modified_gmt":"2025-02-07T01:15:05","slug":"hay-trabajo-conjunto-y-colaboracion-entre-instituciones-y-senado-para-avanzar-en-la-aprobacion-de-la-ley-del-infonavit-ignacio-mier","status":"publish","type":"post","link":"https:\/\/www.aliadospuebla.com\/?p=101596","title":{"rendered":"Hay trabajo conjunto y colaboraci\u00f3n entre instituciones y Senado para avanzar en la aprobaci\u00f3n de la Ley del Infonavit: Ignacio Mier"},"content":{"rendered":"<h4>Ignacio Mier Velazco, vicecoordinador de Morena en el Senado de la Rep\u00fablica, inform\u00f3 que el pr\u00f3ximo martes se reunir\u00e1 la Comisi\u00f3n de Vivienda para analizar y dictaminar las reformas a la Ley del Infonavit, y que al d\u00eda siguiente pueda ser discutida por el pleno en la sesi\u00f3n ordinaria.<\/h4>\n<p>\u201cEl d\u00eda martes debe de sesionar (la Comisi\u00f3n de Vivienda), nosotros esperamos conforme<\/p>\n<p>a las modificaciones que hicimos al reglamento que hacia la tarde del propio martes<\/p>\n<p>se le d\u00e9 primera lectura y el d\u00eda mi\u00e9rcoles tendremos Ley del Infonavit\u201d, afirm\u00f3.<\/p>\n<p>El senador por Puebla coment\u00f3 que tiene que hacerse una revisi\u00f3n y un procesamiento<\/p>\n<p>a la minuta que viene de C\u00e1mara de Diputados, que ya contempla algo que es fundamental,<\/p>\n<p>es la regulaci\u00f3n de algo que ya existe.<\/p>\n<p>\u201cSe est\u00e1 regularizando, se est\u00e1 regulando, se est\u00e1 reglamentando y legalizando algo<\/p>\n<p>que en la pr\u00e1ctica existe y que permitir\u00eda a trabajadores ampliar la gama de posibilidades<\/p>\n<p>para contratar sus cr\u00e9ditos con base en su n\u00f3mina\u201d.<\/p>\n<p>Puso como ejemplo que las instituciones bancarias donde los trabajadores al servicio del Estado<\/p>\n<p>tienen su n\u00f3mina, otorgan en sus aplicaciones alg\u00fan tipo de cr\u00e9dito, y al momento<\/p>\n<p>de que el empleado acepta recibirlo, el banco le retienen la parte proporcional de ese pr\u00e9stamo,<\/p>\n<p>con pleno consentimiento del usuario.<\/p>\n<p>\u201cY existen otras instituciones, sobre todo para el sector de los trabajadores que est\u00e1n en el sector privado que no est\u00e1 regularizado, ese es el prop\u00f3sito, pero qu\u00e9 bueno que lo est\u00e1 revisando la Secretar\u00eda de Hacienda, la Consejer\u00eda Jur\u00eddica, para ver las repercusiones y tambi\u00e9n que lo platiquen con la Asociaci\u00f3n de Bancos de M\u00e9xico\u201d, detall\u00f3.<\/p>\n","protected":false},"excerpt":{"rendered":"<p>Ignacio Mier Velazco, vicecoordinador de Morena en el Senado de la Rep\u00fablica, inform\u00f3 que el pr\u00f3ximo martes se reunir\u00e1 la Comisi\u00f3n de Vivienda para analizar y dictaminar las reformas a la Ley del Infonavit, y que al d\u00eda siguiente pueda ser discutida por el pleno en la sesi\u00f3n ordinaria. \u201cEl d\u00eda martes debe de sesionar (la Comisi\u00f3n de Vivienda), nosotros esperamos conforme a las modificaciones que hicimos al reglamento que hacia la tarde del propio martes se le d\u00e9 primera lectura y el d\u00eda mi\u00e9rcoles tendremos Ley del Infonavit\u201d, afirm\u00f3. El senador por Puebla coment\u00f3 que tiene que hacerse una revisi\u00f3n y un procesamiento a la minuta que viene de C\u00e1mara de Diputados, que ya contempla algo que es fundamental, es la regulaci\u00f3n de algo&hellip;<\/p>\n<p class=\"excerpt-more\"><a class=\"blog-excerpt button\" href=\"https:\/\/www.aliadospuebla.com\/?p=101596\">Leer m\u00e1s&#8230;<\/a><\/p>\n","protected":false},"author":2,"featured_media":101597,"comment_status":"open","ping_status":"open","sticky":false,"template":"","format":"standard","meta":{"_monsterinsights_skip_tracking":false,"footnotes":""},"categories":[6],"tags":[7829,3009,27438,1869],"class_list":["post-101596","post","type-post","status-publish","format-standard","has-post-thumbnail","hentry","category-politica","tag-camara-de-diputados","tag-colaboracion","tag-ley-del-infonavit","tag-trabajo-conjunto"],"yoast_head":"<!-- This site is optimized with the Yoast SEO plugin v28.4 - https:\/\/yoast.com\/product\/yoast-seo-wordpress\/ -->\n<title>Hay trabajo conjunto y colaboraci\u00f3n entre instituciones y Senado para avanzar en la aprobaci\u00f3n de la Ley del Infonavit: Ignacio Mier - AliadosPuebla<\/title>\n<meta name=\"robots\" content=\"index, follow, max-snippet:-1, max-image-preview:large, max-video-preview:-1\" \/>\n<link rel=\"canonical\" href=\"https:\/\/www.aliadospuebla.com\/?p=101596\" \/>\n<meta property=\"og:locale\" content=\"es_ES\" \/>\n<meta property=\"og:type\" content=\"article\" \/>\n<meta property=\"og:title\" content=\"Hay trabajo conjunto y colaboraci\u00f3n entre instituciones y Senado para avanzar en la aprobaci\u00f3n de la Ley del Infonavit: Ignacio Mier - AliadosPuebla\" \/>\n<meta property=\"og:description\" content=\"Ignacio Mier Velazco, vicecoordinador de Morena en el Senado de la Rep\u00fablica, inform\u00f3 que el pr\u00f3ximo martes se reunir\u00e1 la Comisi\u00f3n de Vivienda para analizar y dictaminar las reformas a la Ley del Infonavit, y que al d\u00eda siguiente pueda ser discutida por el pleno en la sesi\u00f3n ordinaria. \u201cEl d\u00eda martes debe de sesionar (la Comisi\u00f3n de Vivienda), nosotros esperamos conforme a las modificaciones que hicimos al reglamento que hacia la tarde del propio martes se le d\u00e9 primera lectura y el d\u00eda mi\u00e9rcoles tendremos Ley del Infonavit\u201d, afirm\u00f3. El senador por Puebla coment\u00f3 que tiene que hacerse una revisi\u00f3n y un procesamiento a la minuta que viene de C\u00e1mara de Diputados, que ya contempla algo que es fundamental, es la regulaci\u00f3n de algo&hellip;Leer m\u00e1s...\" \/>\n<meta property=\"og:url\" content=\"https:\/\/www.aliadospuebla.com\/?p=101596\" \/>\n<meta property=\"og:site_name\" content=\"AliadosPuebla\" \/>\n<meta property=\"article:author\" content=\"https:\/\/www.facebook.com\/Aliados17Pue\" \/>\n<meta property=\"article:published_time\" content=\"2025-02-07T01:15:05+00:00\" \/>\n<meta property=\"og:image\" content=\"https:\/\/www.aliadospuebla.com\/web2017\/wp-content\/uploads\/2025\/02\/467.jpg\" \/>\n\t<meta property=\"og:image:width\" content=\"600\" \/>\n\t<meta property=\"og:image:height\" content=\"450\" \/>\n\t<meta property=\"og:image:type\" content=\"image\/jpeg\" \/>\n<meta name=\"author\" content=\"Aliados17\" \/>\n<meta name=\"twitter:card\" content=\"summary_large_image\" \/>\n<meta name=\"twitter:creator\" content=\"@AliadosPuebla\" \/>\n<meta name=\"twitter:label1\" content=\"Escrito por\" \/>\n\t<meta name=\"twitter:data1\" content=\"Aliados17\" \/>\n\t<meta name=\"twitter:label2\" content=\"Tiempo de lectura\" \/>\n\t<meta name=\"twitter:data2\" content=\"2 minutos\" \/>\n<script type=\"application\/ld+json\" class=\"yoast-schema-graph\">{\"@context\":\"https:\\\/\\\/schema.org\",\"@graph\":[{\"@type\":\"Article\",\"@id\":\"https:\\\/\\\/www.aliadospuebla.com\\\/?p=101596#article\",\"isPartOf\":{\"@id\":\"https:\\\/\\\/www.aliadospuebla.com\\\/?p=101596\"},\"author\":{\"name\":\"Aliados17\",\"@id\":\"https:\\\/\\\/www.aliadospuebla.com\\\/#\\\/schema\\\/person\\\/5da7dd09320bd4f392b710017ed5f8ad\"},\"headline\":\"Hay trabajo conjunto y colaboraci\u00f3n entre instituciones y Senado para avanzar en la aprobaci\u00f3n de la Ley del Infonavit: Ignacio Mier\",\"datePublished\":\"2025-02-07T01:15:05+00:00\",\"mainEntityOfPage\":{\"@id\":\"https:\\\/\\\/www.aliadospuebla.com\\\/?p=101596\"},\"wordCount\":321,\"commentCount\":0,\"image\":{\"@id\":\"https:\\\/\\\/www.aliadospuebla.com\\\/?p=101596#primaryimage\"},\"thumbnailUrl\":\"https:\\\/\\\/www.aliadospuebla.com\\\/web2017\\\/wp-content\\\/uploads\\\/2025\\\/02\\\/467.jpg\",\"keywords\":[\"C\u00c1MARA DE DIPUTADOS\",\"COLABORACI\u00d3N\",\"Ley del Infonavit\",\"TRABAJO CONJUNTO\"],\"articleSection\":[\"Pol\u00edtica\"],\"inLanguage\":\"es\",\"potentialAction\":[{\"@type\":\"CommentAction\",\"name\":\"Comment\",\"target\":[\"https:\\\/\\\/www.aliadospuebla.com\\\/?p=101596#respond\"]}]},{\"@type\":\"WebPage\",\"@id\":\"https:\\\/\\\/www.aliadospuebla.com\\\/?p=101596\",\"url\":\"https:\\\/\\\/www.aliadospuebla.com\\\/?p=101596\",\"name\":\"Hay trabajo conjunto y colaboraci\u00f3n entre instituciones y Senado para avanzar en la aprobaci\u00f3n de la Ley del Infonavit: Ignacio Mier - AliadosPuebla\",\"isPartOf\":{\"@id\":\"https:\\\/\\\/www.aliadospuebla.com\\\/#website\"},\"primaryImageOfPage\":{\"@id\":\"https:\\\/\\\/www.aliadospuebla.com\\\/?p=101596#primaryimage\"},\"image\":{\"@id\":\"https:\\\/\\\/www.aliadospuebla.com\\\/?p=101596#primaryimage\"},\"thumbnailUrl\":\"https:\\\/\\\/www.aliadospuebla.com\\\/web2017\\\/wp-content\\\/uploads\\\/2025\\\/02\\\/467.jpg\",\"datePublished\":\"2025-02-07T01:15:05+00:00\",\"author\":{\"@id\":\"https:\\\/\\\/www.aliadospuebla.com\\\/#\\\/schema\\\/person\\\/5da7dd09320bd4f392b710017ed5f8ad\"},\"breadcrumb\":{\"@id\":\"https:\\\/\\\/www.aliadospuebla.com\\\/?p=101596#breadcrumb\"},\"inLanguage\":\"es\",\"potentialAction\":[{\"@type\":\"ReadAction\",\"target\":[\"https:\\\/\\\/www.aliadospuebla.com\\\/?p=101596\"]}]},{\"@type\":\"ImageObject\",\"inLanguage\":\"es\",\"@id\":\"https:\\\/\\\/www.aliadospuebla.com\\\/?p=101596#primaryimage\",\"url\":\"https:\\\/\\\/www.aliadospuebla.com\\\/web2017\\\/wp-content\\\/uploads\\\/2025\\\/02\\\/467.jpg\",\"contentUrl\":\"https:\\\/\\\/www.aliadospuebla.com\\\/web2017\\\/wp-content\\\/uploads\\\/2025\\\/02\\\/467.jpg\",\"width\":600,\"height\":450},{\"@type\":\"BreadcrumbList\",\"@id\":\"https:\\\/\\\/www.aliadospuebla.com\\\/?p=101596#breadcrumb\",\"itemListElement\":[{\"@type\":\"ListItem\",\"position\":1,\"name\":\"Portada\",\"item\":\"https:\\\/\\\/www.aliadospuebla.com\\\/\"},{\"@type\":\"ListItem\",\"position\":2,\"name\":\"Hay trabajo conjunto y colaboraci\u00f3n entre instituciones y Senado para avanzar en la aprobaci\u00f3n de la Ley del Infonavit: Ignacio Mier\"}]},{\"@type\":\"WebSite\",\"@id\":\"https:\\\/\\\/www.aliadospuebla.com\\\/#website\",\"url\":\"https:\\\/\\\/www.aliadospuebla.com\\\/\",\"name\":\"AliadosPuebla\",\"description\":\"La informaci\u00f3n en tus manos\",\"potentialAction\":[{\"@type\":\"SearchAction\",\"target\":{\"@type\":\"EntryPoint\",\"urlTemplate\":\"https:\\\/\\\/www.aliadospuebla.com\\\/?s={search_term_string}\"},\"query-input\":{\"@type\":\"PropertyValueSpecification\",\"valueRequired\":true,\"valueName\":\"search_term_string\"}}],\"inLanguage\":\"es\"},{\"@type\":\"Person\",\"@id\":\"https:\\\/\\\/www.aliadospuebla.com\\\/#\\\/schema\\\/person\\\/5da7dd09320bd4f392b710017ed5f8ad\",\"name\":\"Aliados17\",\"image\":{\"@type\":\"ImageObject\",\"inLanguage\":\"es\",\"@id\":\"https:\\\/\\\/www.aliadospuebla.com\\\/web2017\\\/wp-content\\\/uploads\\\/2025\\\/03\\\/cropped-para-perfil-8-anos-1-96x96.jpg\",\"url\":\"https:\\\/\\\/www.aliadospuebla.com\\\/web2017\\\/wp-content\\\/uploads\\\/2025\\\/03\\\/cropped-para-perfil-8-anos-1-96x96.jpg\",\"contentUrl\":\"https:\\\/\\\/www.aliadospuebla.com\\\/web2017\\\/wp-content\\\/uploads\\\/2025\\\/03\\\/cropped-para-perfil-8-anos-1-96x96.jpg\",\"caption\":\"Aliados17\"},\"sameAs\":[\"https:\\\/\\\/www.aliados17.com\",\"https:\\\/\\\/www.facebook.com\\\/Aliados17Pue\",\"https:\\\/\\\/x.com\\\/AliadosPuebla\"],\"url\":\"https:\\\/\\\/www.aliadospuebla.com\\\/?author=2\"}]}<\/script>\n<!-- \/ Yoast SEO plugin. -->","yoast_head_json":{"title":"Hay trabajo conjunto y colaboraci\u00f3n entre instituciones y Senado para avanzar en la aprobaci\u00f3n de la Ley del Infonavit: Ignacio Mier - AliadosPuebla","robots":{"index":"index","follow":"follow","max-snippet":"max-snippet:-1","max-image-preview":"max-image-preview:large","max-video-preview":"max-video-preview:-1"},"canonical":"https:\/\/www.aliadospuebla.com\/?p=101596","og_locale":"es_ES","og_type":"article","og_title":"Hay trabajo conjunto y colaboraci\u00f3n entre instituciones y Senado para avanzar en la aprobaci\u00f3n de la Ley del Infonavit: Ignacio Mier - AliadosPuebla","og_description":"Ignacio Mier Velazco, vicecoordinador de Morena en el Senado de la Rep\u00fablica, inform\u00f3 que el pr\u00f3ximo martes se reunir\u00e1 la Comisi\u00f3n de Vivienda para analizar y dictaminar las reformas a la Ley del Infonavit, y que al d\u00eda siguiente pueda ser discutida por el pleno en la sesi\u00f3n ordinaria. \u201cEl d\u00eda martes debe de sesionar (la Comisi\u00f3n de Vivienda), nosotros esperamos conforme a las modificaciones que hicimos al reglamento que hacia la tarde del propio martes se le d\u00e9 primera lectura y el d\u00eda mi\u00e9rcoles tendremos Ley del Infonavit\u201d, afirm\u00f3. El senador por Puebla coment\u00f3 que tiene que hacerse una revisi\u00f3n y un procesamiento a la minuta que viene de C\u00e1mara de Diputados, que ya contempla algo que es fundamental, es la regulaci\u00f3n de algo&hellip;Leer m\u00e1s...","og_url":"https:\/\/www.aliadospuebla.com\/?p=101596","og_site_name":"AliadosPuebla","article_author":"https:\/\/www.facebook.com\/Aliados17Pue","article_published_time":"2025-02-07T01:15:05+00:00","og_image":[{"width":600,"height":450,"url":"https:\/\/www.aliadospuebla.com\/web2017\/wp-content\/uploads\/2025\/02\/467.jpg","type":"image\/jpeg"}],"author":"Aliados17","twitter_card":"summary_large_image","twitter_creator":"@AliadosPuebla","twitter_misc":{"Escrito por":"Aliados17","Tiempo de lectura":"2 minutos"},"schema":{"@context":"https:\/\/schema.org","@graph":[{"@type":"Article","@id":"https:\/\/www.aliadospuebla.com\/?p=101596#article","isPartOf":{"@id":"https:\/\/www.aliadospuebla.com\/?p=101596"},"author":{"name":"Aliados17","@id":"https:\/\/www.aliadospuebla.com\/#\/schema\/person\/5da7dd09320bd4f392b710017ed5f8ad"},"headline":"Hay trabajo conjunto y colaboraci\u00f3n entre instituciones y Senado para avanzar en la aprobaci\u00f3n de la Ley del Infonavit: Ignacio Mier","datePublished":"2025-02-07T01:15:05+00:00","mainEntityOfPage":{"@id":"https:\/\/www.aliadospuebla.com\/?p=101596"},"wordCount":321,"commentCount":0,"image":{"@id":"https:\/\/www.aliadospuebla.com\/?p=101596#primaryimage"},"thumbnailUrl":"https:\/\/www.aliadospuebla.com\/web2017\/wp-content\/uploads\/2025\/02\/467.jpg","keywords":["C\u00c1MARA DE DIPUTADOS","COLABORACI\u00d3N","Ley del Infonavit","TRABAJO CONJUNTO"],"articleSection":["Pol\u00edtica"],"inLanguage":"es","potentialAction":[{"@type":"CommentAction","name":"Comment","target":["https:\/\/www.aliadospuebla.com\/?p=101596#respond"]}]},{"@type":"WebPage","@id":"https:\/\/www.aliadospuebla.com\/?p=101596","url":"https:\/\/www.aliadospuebla.com\/?p=101596","name":"Hay trabajo conjunto y colaboraci\u00f3n entre instituciones y Senado para avanzar en la aprobaci\u00f3n de la Ley del Infonavit: Ignacio Mier - AliadosPuebla","isPartOf":{"@id":"https:\/\/www.aliadospuebla.com\/#website"},"primaryImageOfPage":{"@id":"https:\/\/www.aliadospuebla.com\/?p=101596#primaryimage"},"image":{"@id":"https:\/\/www.aliadospuebla.com\/?p=101596#primaryimage"},"thumbnailUrl":"https:\/\/www.aliadospuebla.com\/web2017\/wp-content\/uploads\/2025\/02\/467.jpg","datePublished":"2025-02-07T01:15:05+00:00","author":{"@id":"https:\/\/www.aliadospuebla.com\/#\/schema\/person\/5da7dd09320bd4f392b710017ed5f8ad"},"breadcrumb":{"@id":"https:\/\/www.aliadospuebla.com\/?p=101596#breadcrumb"},"inLanguage":"es","potentialAction":[{"@type":"ReadAction","target":["https:\/\/www.aliadospuebla.com\/?p=101596"]}]},{"@type":"ImageObject","inLanguage":"es","@id":"https:\/\/www.aliadospuebla.com\/?p=101596#primaryimage","url":"https:\/\/www.aliadospuebla.com\/web2017\/wp-content\/uploads\/2025\/02\/467.jpg","contentUrl":"https:\/\/www.aliadospuebla.com\/web2017\/wp-content\/uploads\/2025\/02\/467.jpg","width":600,"height":450},{"@type":"BreadcrumbList","@id":"https:\/\/www.aliadospuebla.com\/?p=101596#breadcrumb","itemListElement":[{"@type":"ListItem","position":1,"name":"Portada","item":"https:\/\/www.aliadospuebla.com\/"},{"@type":"ListItem","position":2,"name":"Hay trabajo conjunto y colaboraci\u00f3n entre instituciones y Senado para avanzar en la aprobaci\u00f3n de la Ley del Infonavit: Ignacio Mier"}]},{"@type":"WebSite","@id":"https:\/\/www.aliadospuebla.com\/#website","url":"https:\/\/www.aliadospuebla.com\/","name":"AliadosPuebla","description":"La informaci\u00f3n en tus manos","potentialAction":[{"@type":"SearchAction","target":{"@type":"EntryPoint","urlTemplate":"https:\/\/www.aliadospuebla.com\/?s={search_term_string}"},"query-input":{"@type":"PropertyValueSpecification","valueRequired":true,"valueName":"search_term_string"}}],"inLanguage":"es"},{"@type":"Person","@id":"https:\/\/www.aliadospuebla.com\/#\/schema\/person\/5da7dd09320bd4f392b710017ed5f8ad","name":"Aliados17","image":{"@type":"ImageObject","inLanguage":"es","@id":"https:\/\/www.aliadospuebla.com\/web2017\/wp-content\/uploads\/2025\/03\/cropped-para-perfil-8-anos-1-96x96.jpg","url":"https:\/\/www.aliadospuebla.com\/web2017\/wp-content\/uploads\/2025\/03\/cropped-para-perfil-8-anos-1-96x96.jpg","contentUrl":"https:\/\/www.aliadospuebla.com\/web2017\/wp-content\/uploads\/2025\/03\/cropped-para-perfil-8-anos-1-96x96.jpg","caption":"Aliados17"},"sameAs":["https:\/\/www.aliados17.com","https:\/\/www.facebook.com\/Aliados17Pue","https:\/\/x.com\/AliadosPuebla"],"url":"https:\/\/www.aliadospuebla.com\/?author=2"}]}},"views":11,"_links":{"self":[{"href":"https:\/\/www.aliadospuebla.com\/index.php?rest_route=\/wp\/v2\/posts\/101596","targetHints":{"allow":["GET"]}}],"collection":[{"href":"https:\/\/www.aliadospuebla.com\/index.php?rest_route=\/wp\/v2\/posts"}],"about":[{"href":"https:\/\/www.aliadospuebla.com\/index.php?rest_route=\/wp\/v2\/types\/post"}],"author":[{"embeddable":true,"href":"https:\/\/www.aliadospuebla.com\/index.php?rest_route=\/wp\/v2\/users\/2"}],"replies":[{"embeddable":true,"href":"https:\/\/www.aliadospuebla.com\/index.php?rest_route=%2Fwp%2Fv2%2Fcomments&post=101596"}],"version-history":[{"count":1,"href":"https:\/\/www.aliadospuebla.com\/index.php?rest_route=\/wp\/v2\/posts\/101596\/revisions"}],"predecessor-version":[{"id":101598,"href":"https:\/\/www.aliadospuebla.com\/index.php?rest_route=\/wp\/v2\/posts\/101596\/revisions\/101598"}],"wp:featuredmedia":[{"embeddable":true,"href":"https:\/\/www.aliadospuebla.com\/index.php?rest_route=\/wp\/v2\/media\/101597"}],"wp:attachment":[{"href":"https:\/\/www.aliadospuebla.com\/index.php?rest_route=%2Fwp%2Fv2%2Fmedia&parent=101596"}],"wp:term":[{"taxonomy":"category","embeddable":true,"href":"https:\/\/www.aliadospuebla.com\/index.php?rest_route=%2Fwp%2Fv2%2Fcategories&post=101596"},{"taxonomy":"post_tag","embeddable":true,"href":"https:\/\/www.aliadospuebla.com\/index.php?rest_route=%2Fwp%2Fv2%2Ftags&post=101596"}],"curies":[{"name":"wp","href":"https:\/\/api.w.org\/{rel}","templated":true}]}}